{"id":108417,"date":"2024-03-04T18:00:24","date_gmt":"2024-03-04T18:00:24","guid":{"rendered":"https:\/\/quehacerpolitico.mx\/?p=108417"},"modified":"2024-03-04T18:00:26","modified_gmt":"2024-03-04T18:00:26","slug":"un-total-de-60-bienes-arqueologicos-precolombinos-pertenecientes-a-una-importante-coleccion-privada-suiza-fueron-entregados-a-mexico","status":"publish","type":"post","link":"https:\/\/quehacerpolitico.mx\/?p=108417","title":{"rendered":"Un total de\u00a060 bienes arqueol\u00f3gicos\u00a0precolombinos pertenecientes a una importante\u00a0colecci\u00f3n privada suiza fueron entregados a M\u00e9xico"},"content":{"rendered":"\n<p>Por Redacci\u00f3n QP<\/p>\n\n\n\n<p>La colecci\u00f3n de bienes precolombinos incluye piezas procedentes de Bolivia, Colombia, Costa Rica, Ecuador, Honduras, M\u00e9xico y Per\u00fa<\/p>\n\n\n\n<p>Un total de\u00a0<strong>60 bienes arqueol\u00f3gicos<\/strong>\u00a0<strong>precolombinos<\/strong> pertenecientes a una importante\u00a0<strong>colecci\u00f3n privada suiza<\/strong> fueron entregados en febrero a varios pa\u00edses latinoamericanos de los que proced\u00edan, inform\u00f3 este lunes el\u00a0<strong>Ministerio de Cultura<\/strong>\u00a0helv\u00e9tico\u00a0en un comunicado.<\/p>\n\n\n\n<p>La autoridad suiza supervis\u00f3 la restituci\u00f3n de los bienes precolombinos, que se realiz\u00f3 seg\u00fan el deseo expl\u00edcito del propietario de devolver los distintos objetos a los pa\u00edses de d\u00f3nde ven\u00edan, para que sean exhibidos u objeto de investigaciones.<\/p>\n\n\n\n<p>La colecci\u00f3n incluye piezas procedentes de\u00a0<strong>Bolivia, Colombia, Costa Rica, Ecuador, Honduras, M\u00e9xico y Per\u00fa<\/strong>, las cuales hab\u00edan estado en manos de una misma familia que las hab\u00eda coleccionado por m\u00e1s de seis d\u00e9cadas.<\/p>\n\n\n\n<p>Entre las piezas devueltas destacan 13 tunjos, figuras antropomorfas o zoomorfas t\u00edpicas de Colombia que se usaban como ofrendas para marcar ciertos eventos o pedir ayuda divina durante el periodo precolombino.<\/p>\n\n\n\n<p>El comunicado oficial tambi\u00e9n resalta la restituci\u00f3n a M\u00e9xico de una escultura de terracota de alrededor de mil 500 a\u00f1os de antig\u00fcedad, propia de la cultura Tumbas de Tiro y que se distingue por su alta calidad art\u00edstica.<\/p>\n\n\n\n<p>Otros objetos notables de la colecci\u00f3n devuelta son una estatuilla de piedra volc\u00e1nica de la cultura de los pueblos ind\u00edgenas huetares de Costa Rica y un jarr\u00f3n de la cultura Nazca de Per\u00fa que data de hace m\u00e1s de mil 500 a\u00f1os.<\/p>\n\n\n\n<p>Con informaci\u00f3n de EFE<\/p>\n","protected":false},"excerpt":{"rendered":"<p>Por Redacci\u00f3n QP La colecci\u00f3n de bienes precolombinos incluye piezas procedentes de Bolivia, Colombia, Costa&#8230;<\/p>\n","protected":false},"author":2,"featured_media":108418,"comment_status":"open","ping_status":"open","sticky":false,"template":"","format":"standard","meta":{"_monsterinsights_skip_tracking":false,"_monsterinsights_sitenote_active":false,"_monsterinsights_sitenote_note":"","_monsterinsights_sitenote_category":0,"footnotes":""},"categories":[58],"tags":[],"class_list":["post-108417","post","type-post","status-publish","format-standard","has-post-thumbnail","hentry","category-cultura"],"yoast_head":"<!-- This site is optimized with the Yoast SEO plugin v27.3 - https:\/\/yoast.com\/product\/yoast-seo-wordpress\/ -->\n<title>Un total de\u00a060 bienes arqueol\u00f3gicos\u00a0precolombinos pertenecientes a una importante\u00a0colecci\u00f3n privada suiza fueron entregados a M\u00e9xico -<\/title>\n<meta name=\"robots\" content=\"index, follow, max-snippet:-1, max-image-preview:large, max-video-preview:-1\" \/>\n<link rel=\"canonical\" href=\"https:\/\/quehacerpolitico.mx\/?p=108417\" \/>\n<meta property=\"og:locale\" content=\"es_MX\" \/>\n<meta property=\"og:type\" content=\"article\" \/>\n<meta property=\"og:title\" content=\"Un total de\u00a060 bienes arqueol\u00f3gicos\u00a0precolombinos pertenecientes a una importante\u00a0colecci\u00f3n privada suiza fueron entregados a M\u00e9xico -\" \/>\n<meta property=\"og:description\" content=\"Por Redacci\u00f3n QP La colecci\u00f3n de bienes precolombinos incluye piezas procedentes de Bolivia, Colombia, Costa...\" \/>\n<meta property=\"og:url\" content=\"https:\/\/quehacerpolitico.mx\/?p=108417\" \/>\n<meta property=\"article:published_time\" content=\"2024-03-04T18:00:24+00:00\" \/>\n<meta property=\"article:modified_time\" content=\"2024-03-04T18:00:26+00:00\" \/>\n<meta property=\"og:image\" content=\"https:\/\/quehacerpolitico.mx\/wp-content\/uploads\/2024\/03\/IMG_4035.jpeg\" \/>\n\t<meta property=\"og:image:width\" content=\"712\" \/>\n\t<meta property=\"og:image:height\" content=\"431\" \/>\n\t<meta property=\"og:image:type\" content=\"image\/jpeg\" \/>\n<meta name=\"author\" content=\"Redacci\u00f3n QP\" \/>\n<meta name=\"twitter:card\" content=\"summary_large_image\" \/>\n<meta name=\"twitter:label1\" content=\"Escrito por\" \/>\n\t<meta name=\"twitter:data1\" content=\"Redacci\u00f3n QP\" \/>\n\t<meta name=\"twitter:label2\" content=\"Tiempo de lectura\" \/>\n\t<meta name=\"twitter:data2\" content=\"1 minuto\" \/>\n<script type=\"application\/ld+json\" class=\"yoast-schema-graph\">{\"@context\":\"https:\\\/\\\/schema.org\",\"@graph\":[{\"@type\":\"Article\",\"@id\":\"https:\\\/\\\/quehacerpolitico.mx\\\/?p=108417#article\",\"isPartOf\":{\"@id\":\"https:\\\/\\\/quehacerpolitico.mx\\\/?p=108417\"},\"author\":{\"name\":\"Redacci\u00f3n QP\",\"@id\":\"https:\\\/\\\/quehacerpolitico.mx\\\/#\\\/schema\\\/person\\\/496d8ad2d1d3f8036101dca7ee39e585\"},\"headline\":\"Un total de\u00a060 bienes arqueol\u00f3gicos\u00a0precolombinos pertenecientes a una importante\u00a0colecci\u00f3n privada suiza fueron entregados a M\u00e9xico\",\"datePublished\":\"2024-03-04T18:00:24+00:00\",\"dateModified\":\"2024-03-04T18:00:26+00:00\",\"mainEntityOfPage\":{\"@id\":\"https:\\\/\\\/quehacerpolitico.mx\\\/?p=108417\"},\"wordCount\":295,\"commentCount\":0,\"image\":{\"@id\":\"https:\\\/\\\/quehacerpolitico.mx\\\/?p=108417#primaryimage\"},\"thumbnailUrl\":\"https:\\\/\\\/quehacerpolitico.mx\\\/wp-content\\\/uploads\\\/2024\\\/03\\\/IMG_4035.jpeg\",\"articleSection\":[\"Cultura y Entretenimiento\"],\"inLanguage\":\"es\",\"potentialAction\":[{\"@type\":\"CommentAction\",\"name\":\"Comment\",\"target\":[\"https:\\\/\\\/quehacerpolitico.mx\\\/?p=108417#respond\"]}]},{\"@type\":\"WebPage\",\"@id\":\"https:\\\/\\\/quehacerpolitico.mx\\\/?p=108417\",\"url\":\"https:\\\/\\\/quehacerpolitico.mx\\\/?p=108417\",\"name\":\"Un total de\u00a060 bienes arqueol\u00f3gicos\u00a0precolombinos pertenecientes a una importante\u00a0colecci\u00f3n privada suiza fueron entregados a M\u00e9xico -\",\"isPartOf\":{\"@id\":\"https:\\\/\\\/quehacerpolitico.mx\\\/#website\"},\"primaryImageOfPage\":{\"@id\":\"https:\\\/\\\/quehacerpolitico.mx\\\/?p=108417#primaryimage\"},\"image\":{\"@id\":\"https:\\\/\\\/quehacerpolitico.mx\\\/?p=108417#primaryimage\"},\"thumbnailUrl\":\"https:\\\/\\\/quehacerpolitico.mx\\\/wp-content\\\/uploads\\\/2024\\\/03\\\/IMG_4035.jpeg\",\"datePublished\":\"2024-03-04T18:00:24+00:00\",\"dateModified\":\"2024-03-04T18:00:26+00:00\",\"author\":{\"@id\":\"https:\\\/\\\/quehacerpolitico.mx\\\/#\\\/schema\\\/person\\\/496d8ad2d1d3f8036101dca7ee39e585\"},\"breadcrumb\":{\"@id\":\"https:\\\/\\\/quehacerpolitico.mx\\\/?p=108417#breadcrumb\"},\"inLanguage\":\"es\",\"potentialAction\":[{\"@type\":\"ReadAction\",\"target\":[\"https:\\\/\\\/quehacerpolitico.mx\\\/?p=108417\"]}]},{\"@type\":\"ImageObject\",\"inLanguage\":\"es\",\"@id\":\"https:\\\/\\\/quehacerpolitico.mx\\\/?p=108417#primaryimage\",\"url\":\"https:\\\/\\\/quehacerpolitico.mx\\\/wp-content\\\/uploads\\\/2024\\\/03\\\/IMG_4035.jpeg\",\"contentUrl\":\"https:\\\/\\\/quehacerpolitico.mx\\\/wp-content\\\/uploads\\\/2024\\\/03\\\/IMG_4035.jpeg\",\"width\":712,\"height\":431},{\"@type\":\"BreadcrumbList\",\"@id\":\"https:\\\/\\\/quehacerpolitico.mx\\\/?p=108417#breadcrumb\",\"itemListElement\":[{\"@type\":\"ListItem\",\"position\":1,\"name\":\"Inicio\",\"item\":\"https:\\\/\\\/quehacerpolitico.mx\\\/\"},{\"@type\":\"ListItem\",\"position\":2,\"name\":\"Un total de\u00a060 bienes arqueol\u00f3gicos\u00a0precolombinos pertenecientes a una importante\u00a0colecci\u00f3n privada suiza fueron entregados a M\u00e9xico\"}]},{\"@type\":\"WebSite\",\"@id\":\"https:\\\/\\\/quehacerpolitico.mx\\\/#website\",\"url\":\"https:\\\/\\\/quehacerpolitico.mx\\\/\",\"name\":\"\",\"description\":\"\",\"potentialAction\":[{\"@type\":\"SearchAction\",\"target\":{\"@type\":\"EntryPoint\",\"urlTemplate\":\"https:\\\/\\\/quehacerpolitico.mx\\\/?s={search_term_string}\"},\"query-input\":{\"@type\":\"PropertyValueSpecification\",\"valueRequired\":true,\"valueName\":\"search_term_string\"}}],\"inLanguage\":\"es\"},{\"@type\":\"Person\",\"@id\":\"https:\\\/\\\/quehacerpolitico.mx\\\/#\\\/schema\\\/person\\\/496d8ad2d1d3f8036101dca7ee39e585\",\"name\":\"Redacci\u00f3n QP\",\"image\":{\"@type\":\"ImageObject\",\"inLanguage\":\"es\",\"@id\":\"https:\\\/\\\/secure.gravatar.com\\\/avatar\\\/c7164ed6fdec453195284ad24a5ae5b6e1eed2b848477fa2a4787ba9adf39a41?s=96&d=mm&r=g\",\"url\":\"https:\\\/\\\/secure.gravatar.com\\\/avatar\\\/c7164ed6fdec453195284ad24a5ae5b6e1eed2b848477fa2a4787ba9adf39a41?s=96&d=mm&r=g\",\"contentUrl\":\"https:\\\/\\\/secure.gravatar.com\\\/avatar\\\/c7164ed6fdec453195284ad24a5ae5b6e1eed2b848477fa2a4787ba9adf39a41?s=96&d=mm&r=g\",\"caption\":\"Redacci\u00f3n QP\"},\"url\":\"https:\\\/\\\/quehacerpolitico.mx\\\/?author=2\"}]}<\/script>\n<!-- \/ Yoast SEO plugin. -->","yoast_head_json":{"title":"Un total de\u00a060 bienes arqueol\u00f3gicos\u00a0precolombinos pertenecientes a una importante\u00a0colecci\u00f3n privada suiza fueron entregados a M\u00e9xico -","robots":{"index":"index","follow":"follow","max-snippet":"max-snippet:-1","max-image-preview":"max-image-preview:large","max-video-preview":"max-video-preview:-1"},"canonical":"https:\/\/quehacerpolitico.mx\/?p=108417","og_locale":"es_MX","og_type":"article","og_title":"Un total de\u00a060 bienes arqueol\u00f3gicos\u00a0precolombinos pertenecientes a una importante\u00a0colecci\u00f3n privada suiza fueron entregados a M\u00e9xico -","og_description":"Por Redacci\u00f3n QP La colecci\u00f3n de bienes precolombinos incluye piezas procedentes de Bolivia, Colombia, Costa...","og_url":"https:\/\/quehacerpolitico.mx\/?p=108417","article_published_time":"2024-03-04T18:00:24+00:00","article_modified_time":"2024-03-04T18:00:26+00:00","og_image":[{"width":712,"height":431,"url":"https:\/\/quehacerpolitico.mx\/wp-content\/uploads\/2024\/03\/IMG_4035.jpeg","type":"image\/jpeg"}],"author":"Redacci\u00f3n QP","twitter_card":"summary_large_image","twitter_misc":{"Escrito por":"Redacci\u00f3n QP","Tiempo de lectura":"1 minuto"},"schema":{"@context":"https:\/\/schema.org","@graph":[{"@type":"Article","@id":"https:\/\/quehacerpolitico.mx\/?p=108417#article","isPartOf":{"@id":"https:\/\/quehacerpolitico.mx\/?p=108417"},"author":{"name":"Redacci\u00f3n QP","@id":"https:\/\/quehacerpolitico.mx\/#\/schema\/person\/496d8ad2d1d3f8036101dca7ee39e585"},"headline":"Un total de\u00a060 bienes arqueol\u00f3gicos\u00a0precolombinos pertenecientes a una importante\u00a0colecci\u00f3n privada suiza fueron entregados a M\u00e9xico","datePublished":"2024-03-04T18:00:24+00:00","dateModified":"2024-03-04T18:00:26+00:00","mainEntityOfPage":{"@id":"https:\/\/quehacerpolitico.mx\/?p=108417"},"wordCount":295,"commentCount":0,"image":{"@id":"https:\/\/quehacerpolitico.mx\/?p=108417#primaryimage"},"thumbnailUrl":"https:\/\/quehacerpolitico.mx\/wp-content\/uploads\/2024\/03\/IMG_4035.jpeg","articleSection":["Cultura y Entretenimiento"],"inLanguage":"es","potentialAction":[{"@type":"CommentAction","name":"Comment","target":["https:\/\/quehacerpolitico.mx\/?p=108417#respond"]}]},{"@type":"WebPage","@id":"https:\/\/quehacerpolitico.mx\/?p=108417","url":"https:\/\/quehacerpolitico.mx\/?p=108417","name":"Un total de\u00a060 bienes arqueol\u00f3gicos\u00a0precolombinos pertenecientes a una importante\u00a0colecci\u00f3n privada suiza fueron entregados a M\u00e9xico -","isPartOf":{"@id":"https:\/\/quehacerpolitico.mx\/#website"},"primaryImageOfPage":{"@id":"https:\/\/quehacerpolitico.mx\/?p=108417#primaryimage"},"image":{"@id":"https:\/\/quehacerpolitico.mx\/?p=108417#primaryimage"},"thumbnailUrl":"https:\/\/quehacerpolitico.mx\/wp-content\/uploads\/2024\/03\/IMG_4035.jpeg","datePublished":"2024-03-04T18:00:24+00:00","dateModified":"2024-03-04T18:00:26+00:00","author":{"@id":"https:\/\/quehacerpolitico.mx\/#\/schema\/person\/496d8ad2d1d3f8036101dca7ee39e585"},"breadcrumb":{"@id":"https:\/\/quehacerpolitico.mx\/?p=108417#breadcrumb"},"inLanguage":"es","potentialAction":[{"@type":"ReadAction","target":["https:\/\/quehacerpolitico.mx\/?p=108417"]}]},{"@type":"ImageObject","inLanguage":"es","@id":"https:\/\/quehacerpolitico.mx\/?p=108417#primaryimage","url":"https:\/\/quehacerpolitico.mx\/wp-content\/uploads\/2024\/03\/IMG_4035.jpeg","contentUrl":"https:\/\/quehacerpolitico.mx\/wp-content\/uploads\/2024\/03\/IMG_4035.jpeg","width":712,"height":431},{"@type":"BreadcrumbList","@id":"https:\/\/quehacerpolitico.mx\/?p=108417#breadcrumb","itemListElement":[{"@type":"ListItem","position":1,"name":"Inicio","item":"https:\/\/quehacerpolitico.mx\/"},{"@type":"ListItem","position":2,"name":"Un total de\u00a060 bienes arqueol\u00f3gicos\u00a0precolombinos pertenecientes a una importante\u00a0colecci\u00f3n privada suiza fueron entregados a M\u00e9xico"}]},{"@type":"WebSite","@id":"https:\/\/quehacerpolitico.mx\/#website","url":"https:\/\/quehacerpolitico.mx\/","name":"","description":"","potentialAction":[{"@type":"SearchAction","target":{"@type":"EntryPoint","urlTemplate":"https:\/\/quehacerpolitico.mx\/?s={search_term_string}"},"query-input":{"@type":"PropertyValueSpecification","valueRequired":true,"valueName":"search_term_string"}}],"inLanguage":"es"},{"@type":"Person","@id":"https:\/\/quehacerpolitico.mx\/#\/schema\/person\/496d8ad2d1d3f8036101dca7ee39e585","name":"Redacci\u00f3n QP","image":{"@type":"ImageObject","inLanguage":"es","@id":"https:\/\/secure.gravatar.com\/avatar\/c7164ed6fdec453195284ad24a5ae5b6e1eed2b848477fa2a4787ba9adf39a41?s=96&d=mm&r=g","url":"https:\/\/secure.gravatar.com\/avatar\/c7164ed6fdec453195284ad24a5ae5b6e1eed2b848477fa2a4787ba9adf39a41?s=96&d=mm&r=g","contentUrl":"https:\/\/secure.gravatar.com\/avatar\/c7164ed6fdec453195284ad24a5ae5b6e1eed2b848477fa2a4787ba9adf39a41?s=96&d=mm&r=g","caption":"Redacci\u00f3n QP"},"url":"https:\/\/quehacerpolitico.mx\/?author=2"}]}},"featured_image_urls":{"full":["https:\/\/quehacerpolitico.mx\/wp-content\/uploads\/2024\/03\/IMG_4035.jpeg",712,431,false],"thumbnail":["https:\/\/quehacerpolitico.mx\/wp-content\/uploads\/2024\/03\/IMG_4035-150x150.jpeg",150,150,true],"medium":["https:\/\/quehacerpolitico.mx\/wp-content\/uploads\/2024\/03\/IMG_4035-300x182.jpeg",300,182,true],"medium_large":["https:\/\/quehacerpolitico.mx\/wp-content\/uploads\/2024\/03\/IMG_4035.jpeg",640,387,false],"large":["https:\/\/quehacerpolitico.mx\/wp-content\/uploads\/2024\/03\/IMG_4035.jpeg",640,387,false],"1536x1536":["https:\/\/quehacerpolitico.mx\/wp-content\/uploads\/2024\/03\/IMG_4035.jpeg",712,431,false],"2048x2048":["https:\/\/quehacerpolitico.mx\/wp-content\/uploads\/2024\/03\/IMG_4035.jpeg",712,431,false],"covernews-featured":["https:\/\/quehacerpolitico.mx\/wp-content\/uploads\/2024\/03\/IMG_4035.jpeg",712,431,false],"covernews-medium":["https:\/\/quehacerpolitico.mx\/wp-content\/uploads\/2024\/03\/IMG_4035.jpeg",540,327,false]},"author_info":{"display_name":"Redacci\u00f3n QP","author_link":"https:\/\/quehacerpolitico.mx\/?author=2"},"category_info":"<a href=\"https:\/\/quehacerpolitico.mx\/?cat=58\" rel=\"category\">Cultura y Entretenimiento<\/a>","tag_info":"Cultura y Entretenimiento","comment_count":"0","_links":{"self":[{"href":"https:\/\/quehacerpolitico.mx\/index.php?rest_route=\/wp\/v2\/posts\/108417","targetHints":{"allow":["GET"]}}],"collection":[{"href":"https:\/\/quehacerpolitico.mx\/index.php?rest_route=\/wp\/v2\/posts"}],"about":[{"href":"https:\/\/quehacerpolitico.mx\/index.php?rest_route=\/wp\/v2\/types\/post"}],"author":[{"embeddable":true,"href":"https:\/\/quehacerpolitico.mx\/index.php?rest_route=\/wp\/v2\/users\/2"}],"replies":[{"embeddable":true,"href":"https:\/\/quehacerpolitico.mx\/index.php?rest_route=%2Fwp%2Fv2%2Fcomments&post=108417"}],"version-history":[{"count":1,"href":"https:\/\/quehacerpolitico.mx\/index.php?rest_route=\/wp\/v2\/posts\/108417\/revisions"}],"predecessor-version":[{"id":108419,"href":"https:\/\/quehacerpolitico.mx\/index.php?rest_route=\/wp\/v2\/posts\/108417\/revisions\/108419"}],"wp:featuredmedia":[{"embeddable":true,"href":"https:\/\/quehacerpolitico.mx\/index.php?rest_route=\/wp\/v2\/media\/108418"}],"wp:attachment":[{"href":"https:\/\/quehacerpolitico.mx\/index.php?rest_route=%2Fwp%2Fv2%2Fmedia&parent=108417"}],"wp:term":[{"taxonomy":"category","embeddable":true,"href":"https:\/\/quehacerpolitico.mx\/index.php?rest_route=%2Fwp%2Fv2%2Fcategories&post=108417"},{"taxonomy":"post_tag","embeddable":true,"href":"https:\/\/quehacerpolitico.mx\/index.php?rest_route=%2Fwp%2Fv2%2Ftags&post=108417"}],"curies":[{"name":"wp","href":"https:\/\/api.w.org\/{rel}","templated":true}]}}