{"id":108405,"date":"2024-03-04T17:04:52","date_gmt":"2024-03-04T17:04:52","guid":{"rendered":"https:\/\/quehacerpolitico.mx\/?p=108405"},"modified":"2024-03-04T17:04:55","modified_gmt":"2024-03-04T17:04:55","slug":"lopez-obrador-destaco-que-es-positivo-que-se-exhiban-las-irregularidades-de-los-jueces-como-el-caso-del-juez-que-libero-a-agresor-sexual-de-una-menor-de-cuatro-anos-en-el-edomex","status":"publish","type":"post","link":"https:\/\/quehacerpolitico.mx\/?p=108405","title":{"rendered":"L\u00f3pez Obrador destac\u00f3 que es positivo que se exhiban las irregularidades de los jueces, como el caso del juez que liber\u00f3 a agresor sexual de una menor de cuatro a\u00f1os en el Edomex"},"content":{"rendered":"\n<p>Por Redacci\u00f3n QP<\/p>\n\n\n\n<p>L\u00f3pez Obrador asever\u00f3 que los ministros de la Corte ahora \u201cresultaron internacionalistas\u201d por el tema de la prisi\u00f3n preventiva oficiosa<\/p>\n\n\n\n<p>El presidente de M\u00e9xico,\u00a0<strong>Andres Manuel \u00a0L\u00f3pez Obrador<\/strong>, arremeti\u00f3 este lunes contra los\u00a0<strong>ministros<\/strong>\u00a0de la\u00a0<strong>Suprema Corte de Justicia de la Naci\u00f3n<\/strong>\u00a0(<strong>SCJN<\/strong>) por \u201cquerer quitar\u201d la\u00a0<strong>prisi\u00f3n preventiva<\/strong>\u00a0oficiosa.<\/p>\n\n\n\n<p>En la conferencia matutina de Palacio Nacional, L\u00f3pez Obrador asever\u00f3 que los ministros de la Corte ahora \u201cresultaron internacionalistas\u201d y los acus\u00f3 de querer tirar \u201ca la basura\u201d la Constituci\u00f3n mexicana con tal de hacer caso a los convenios internacionales suscritos.<\/p>\n\n\n\n<figure class=\"wp-block-embed is-type-rich is-provider-twitter wp-block-embed-twitter\"><div class=\"wp-block-embed__wrapper\">\n<blockquote class=\"twitter-tweet\" data-width=\"550\" data-dnt=\"true\"><p lang=\"es\" dir=\"ltr\">AMLO (<a href=\"https:\/\/twitter.com\/lopezobrador_?ref_src=twsrc%5Etfw\">@lopezobrador_<\/a>) destac\u00f3 que es positivo que se exhiban las irregularidades de los jueces, como el caso del juez que liber\u00f3 a agresor sexual de una menor de cuatro a\u00f1os en <a href=\"https:\/\/twitter.com\/hashtag\/Edomex?src=hash&amp;ref_src=twsrc%5Etfw\">#Edomex<\/a>. <a href=\"https:\/\/t.co\/A3pB5Dv3rf\">pic.twitter.com\/A3pB5Dv3rf<\/a><\/p>&mdash; Ruido en la Red (@RuidoEnLaRed) <a href=\"https:\/\/twitter.com\/RuidoEnLaRed\/status\/1764669650397229428?ref_src=twsrc%5Etfw\">March 4, 2024<\/a><\/blockquote><script async src=\"https:\/\/platform.twitter.com\/widgets.js\" charset=\"utf-8\"><\/script>\n<\/div><\/figure>\n\n\n\n<p>Ahora quieren quitar la prisi\u00f3n preventiva, de repente resultaron internacionalistas los ministros y dicen \u2018es que aunque est\u00e1 en la Constituci\u00f3n nuestra en las resoluciones de la Comisi\u00f3n Interamericana de los Derechos humanos de la OEA dicen que no debe de existir la prisi\u00f3n preventiva\u2019, y como M\u00e9xico tiene establecidos convenios internacionales, la Constituci\u00f3n nuestra a la basura. Es una de las cosas que est\u00e1n ahorita resolviendo\u201d, dijo.<\/p>\n\n\n\n<p>El mandatario mexicano detall\u00f3 que tambi\u00e9n en la Suprema Corte se han visto \u201ccuestiones grav\u00edsimas\u201d, como el hecho de que dos ministros hayan declarado inconstitucional la reforma el\u00e9ctrica realizada en el actual sexenio.<\/p>\n\n\n\n<p>\u201cDos ministros cancelan la ley el\u00e9ctrica aprobada por la C\u00e1mara de Diputados, los senadores, enviada por el Poder Ejecutivo. S\u00ed es importante seguir tratando este asunto porque es como un ambiente, es una pr\u00e1ctica que se arraig\u00f3, y esto tiene que llevar a una reforma profunda, que incluso tome en cuenta planes de estudio de las escuelas de derecho\u201d, indic\u00f3.<\/p>\n\n\n\n<p>En abril de 2023, la\u00a0<strong>Corte Interamericana de Derechos Humanos<\/strong>\u00a0(CIDH) conden\u00f3 al Gobierno de M\u00e9xico por el uso de la\u00a0<strong>prisi\u00f3n preventiva oficiosa<\/strong>\u00a0y le orden\u00f3 adecuar su\u00a0<strong>ordenamiento jur\u00eddico<\/strong>\u00a0para hacerlo compatible con la\u00a0<strong>Convenci\u00f3n Americana<\/strong>.<\/p>\n\n\n\n<p>Mediante la\u00a0sentencia por el\u00a0<em>Caso Garc\u00eda Rodr\u00edguez y otro vs M\u00e9xico<\/em>\u00a0la CIDH sostiene que M\u00e9xico deber\u00e1 adecuar a est\u00e1ndares internacionales su ordenamiento jur\u00eddico interno sobre la prisi\u00f3n preventiva oficiosa y el arraigo.<\/p>\n\n\n\n<p>Derivado del an\u00e1lisis del caso la Corte Interamericana encontr\u00f3 al Estado de M\u00e9xico responsable por la violaci\u00f3n de diversos derechos de dos hombres a quienes las autoridades judiciales enviaron a prisi\u00f3n preventiva oficiosa por 17 a\u00f1os y que adem\u00e1s sufrieron torturas en el periodo que estuvieron detenidos.<\/p>\n\n\n\n<p>Se confirmaron violaciones a los derechos a la integridad personal, la libertad personal, las garant\u00edas judiciales, la igualdad ante la ley, la protecci\u00f3n judicial, a ser o\u00eddo, a la presunci\u00f3n de inocencia y al principio de plazo razonable.<\/p>\n\n\n\n<p>El caso se refiere a las violaciones al debido proceso y a la libertad personal en contra de&nbsp;<strong>Daniel Garc\u00eda Rodr\u00edguez<\/strong>&nbsp;y<strong>&nbsp;Reyes Alp\u00edzar Ort\u00edz<\/strong>, quienes fueron acusados de haber&nbsp;<strong>asesinado<\/strong>&nbsp;en 2001 a la<strong>&nbsp;regidora de Atizap\u00e1n<\/strong>, Mar\u00eda de los \u00c1ngeles Tam\u00e9s.<\/p>\n\n\n\n<p>Garc\u00eda y Alp\u00edzar permanecieron en&nbsp;<strong>prisi\u00f3n preventiva<\/strong>&nbsp;por 17 a\u00f1os, el tiempo m\u00e1s largo que alguien en M\u00e9xico ha estado en la c\u00e1rcel sin sentencia, hasta 2019, cuando quedaron bajo arresto domiciliario con el uso de brazaletes electr\u00f3nicos. En 2022 fueron condenados a 35 a\u00f1os de c\u00e1rcel, sentencia que est\u00e1 en apelaci\u00f3n.<\/p>\n","protected":false},"excerpt":{"rendered":"<p>Por Redacci\u00f3n QP L\u00f3pez Obrador asever\u00f3 que los ministros de la Corte ahora \u201cresultaron internacionalistas\u201d&#8230;<\/p>\n","protected":false},"author":2,"featured_media":108406,"comment_status":"open","ping_status":"open","sticky":false,"template":"","format":"standard","meta":{"_monsterinsights_skip_tracking":false,"_monsterinsights_sitenote_active":false,"_monsterinsights_sitenote_note":"","_monsterinsights_sitenote_category":0,"footnotes":""},"categories":[2],"tags":[],"class_list":["post-108405","post","type-post","status-publish","format-standard","has-post-thumbnail","hentry","category-noticias"],"yoast_head":"<!-- This site is optimized with the Yoast SEO plugin v27.3 - https:\/\/yoast.com\/product\/yoast-seo-wordpress\/ -->\n<title>L\u00f3pez Obrador destac\u00f3 que es positivo que se exhiban las irregularidades de los jueces, como el caso del juez que liber\u00f3 a agresor sexual de una menor de cuatro a\u00f1os en el Edomex -<\/title>\n<meta name=\"robots\" content=\"index, follow, max-snippet:-1, max-image-preview:large, max-video-preview:-1\" \/>\n<link rel=\"canonical\" href=\"https:\/\/quehacerpolitico.mx\/?p=108405\" \/>\n<meta property=\"og:locale\" content=\"es_MX\" \/>\n<meta property=\"og:type\" content=\"article\" \/>\n<meta property=\"og:title\" content=\"L\u00f3pez Obrador destac\u00f3 que es positivo que se exhiban las irregularidades de los jueces, como el caso del juez que liber\u00f3 a agresor sexual de una menor de cuatro a\u00f1os en el Edomex -\" \/>\n<meta property=\"og:description\" content=\"Por Redacci\u00f3n QP L\u00f3pez Obrador asever\u00f3 que los ministros de la Corte ahora \u201cresultaron internacionalistas\u201d...\" \/>\n<meta property=\"og:url\" content=\"https:\/\/quehacerpolitico.mx\/?p=108405\" \/>\n<meta property=\"article:published_time\" content=\"2024-03-04T17:04:52+00:00\" \/>\n<meta property=\"article:modified_time\" content=\"2024-03-04T17:04:55+00:00\" \/>\n<meta property=\"og:image\" content=\"https:\/\/quehacerpolitico.mx\/wp-content\/uploads\/2024\/03\/IMG_4029-1.jpeg\" \/>\n\t<meta property=\"og:image:width\" content=\"1284\" \/>\n\t<meta property=\"og:image:height\" content=\"702\" \/>\n\t<meta property=\"og:image:type\" content=\"image\/jpeg\" \/>\n<meta name=\"author\" content=\"Redacci\u00f3n QP\" \/>\n<meta name=\"twitter:card\" content=\"summary_large_image\" \/>\n<meta name=\"twitter:label1\" content=\"Escrito por\" \/>\n\t<meta name=\"twitter:data1\" content=\"Redacci\u00f3n QP\" \/>\n\t<meta name=\"twitter:label2\" content=\"Tiempo de lectura\" \/>\n\t<meta name=\"twitter:data2\" content=\"3 minutos\" \/>\n<script type=\"application\/ld+json\" class=\"yoast-schema-graph\">{\"@context\":\"https:\\\/\\\/schema.org\",\"@graph\":[{\"@type\":\"Article\",\"@id\":\"https:\\\/\\\/quehacerpolitico.mx\\\/?p=108405#article\",\"isPartOf\":{\"@id\":\"https:\\\/\\\/quehacerpolitico.mx\\\/?p=108405\"},\"author\":{\"name\":\"Redacci\u00f3n QP\",\"@id\":\"https:\\\/\\\/quehacerpolitico.mx\\\/#\\\/schema\\\/person\\\/496d8ad2d1d3f8036101dca7ee39e585\"},\"headline\":\"L\u00f3pez Obrador destac\u00f3 que es positivo que se exhiban las irregularidades de los jueces, como el caso del juez que liber\u00f3 a agresor sexual de una menor de cuatro a\u00f1os en el Edomex\",\"datePublished\":\"2024-03-04T17:04:52+00:00\",\"dateModified\":\"2024-03-04T17:04:55+00:00\",\"mainEntityOfPage\":{\"@id\":\"https:\\\/\\\/quehacerpolitico.mx\\\/?p=108405\"},\"wordCount\":616,\"commentCount\":0,\"image\":{\"@id\":\"https:\\\/\\\/quehacerpolitico.mx\\\/?p=108405#primaryimage\"},\"thumbnailUrl\":\"https:\\\/\\\/quehacerpolitico.mx\\\/wp-content\\\/uploads\\\/2024\\\/03\\\/IMG_4029-1.jpeg\",\"articleSection\":[\"Noticias\"],\"inLanguage\":\"es\",\"potentialAction\":[{\"@type\":\"CommentAction\",\"name\":\"Comment\",\"target\":[\"https:\\\/\\\/quehacerpolitico.mx\\\/?p=108405#respond\"]}]},{\"@type\":\"WebPage\",\"@id\":\"https:\\\/\\\/quehacerpolitico.mx\\\/?p=108405\",\"url\":\"https:\\\/\\\/quehacerpolitico.mx\\\/?p=108405\",\"name\":\"L\u00f3pez Obrador destac\u00f3 que es positivo que se exhiban las irregularidades de los jueces, como el caso del juez que liber\u00f3 a agresor sexual de una menor de cuatro a\u00f1os en el Edomex -\",\"isPartOf\":{\"@id\":\"https:\\\/\\\/quehacerpolitico.mx\\\/#website\"},\"primaryImageOfPage\":{\"@id\":\"https:\\\/\\\/quehacerpolitico.mx\\\/?p=108405#primaryimage\"},\"image\":{\"@id\":\"https:\\\/\\\/quehacerpolitico.mx\\\/?p=108405#primaryimage\"},\"thumbnailUrl\":\"https:\\\/\\\/quehacerpolitico.mx\\\/wp-content\\\/uploads\\\/2024\\\/03\\\/IMG_4029-1.jpeg\",\"datePublished\":\"2024-03-04T17:04:52+00:00\",\"dateModified\":\"2024-03-04T17:04:55+00:00\",\"author\":{\"@id\":\"https:\\\/\\\/quehacerpolitico.mx\\\/#\\\/schema\\\/person\\\/496d8ad2d1d3f8036101dca7ee39e585\"},\"breadcrumb\":{\"@id\":\"https:\\\/\\\/quehacerpolitico.mx\\\/?p=108405#breadcrumb\"},\"inLanguage\":\"es\",\"potentialAction\":[{\"@type\":\"ReadAction\",\"target\":[\"https:\\\/\\\/quehacerpolitico.mx\\\/?p=108405\"]}]},{\"@type\":\"ImageObject\",\"inLanguage\":\"es\",\"@id\":\"https:\\\/\\\/quehacerpolitico.mx\\\/?p=108405#primaryimage\",\"url\":\"https:\\\/\\\/quehacerpolitico.mx\\\/wp-content\\\/uploads\\\/2024\\\/03\\\/IMG_4029-1.jpeg\",\"contentUrl\":\"https:\\\/\\\/quehacerpolitico.mx\\\/wp-content\\\/uploads\\\/2024\\\/03\\\/IMG_4029-1.jpeg\",\"width\":1284,\"height\":702},{\"@type\":\"BreadcrumbList\",\"@id\":\"https:\\\/\\\/quehacerpolitico.mx\\\/?p=108405#breadcrumb\",\"itemListElement\":[{\"@type\":\"ListItem\",\"position\":1,\"name\":\"Inicio\",\"item\":\"https:\\\/\\\/quehacerpolitico.mx\\\/\"},{\"@type\":\"ListItem\",\"position\":2,\"name\":\"L\u00f3pez Obrador destac\u00f3 que es positivo que se exhiban las irregularidades de los jueces, como el caso del juez que liber\u00f3 a agresor sexual de una menor de cuatro a\u00f1os en el Edomex\"}]},{\"@type\":\"WebSite\",\"@id\":\"https:\\\/\\\/quehacerpolitico.mx\\\/#website\",\"url\":\"https:\\\/\\\/quehacerpolitico.mx\\\/\",\"name\":\"\",\"description\":\"\",\"potentialAction\":[{\"@type\":\"SearchAction\",\"target\":{\"@type\":\"EntryPoint\",\"urlTemplate\":\"https:\\\/\\\/quehacerpolitico.mx\\\/?s={search_term_string}\"},\"query-input\":{\"@type\":\"PropertyValueSpecification\",\"valueRequired\":true,\"valueName\":\"search_term_string\"}}],\"inLanguage\":\"es\"},{\"@type\":\"Person\",\"@id\":\"https:\\\/\\\/quehacerpolitico.mx\\\/#\\\/schema\\\/person\\\/496d8ad2d1d3f8036101dca7ee39e585\",\"name\":\"Redacci\u00f3n QP\",\"image\":{\"@type\":\"ImageObject\",\"inLanguage\":\"es\",\"@id\":\"https:\\\/\\\/secure.gravatar.com\\\/avatar\\\/c7164ed6fdec453195284ad24a5ae5b6e1eed2b848477fa2a4787ba9adf39a41?s=96&d=mm&r=g\",\"url\":\"https:\\\/\\\/secure.gravatar.com\\\/avatar\\\/c7164ed6fdec453195284ad24a5ae5b6e1eed2b848477fa2a4787ba9adf39a41?s=96&d=mm&r=g\",\"contentUrl\":\"https:\\\/\\\/secure.gravatar.com\\\/avatar\\\/c7164ed6fdec453195284ad24a5ae5b6e1eed2b848477fa2a4787ba9adf39a41?s=96&d=mm&r=g\",\"caption\":\"Redacci\u00f3n QP\"},\"url\":\"https:\\\/\\\/quehacerpolitico.mx\\\/?author=2\"}]}<\/script>\n<!-- \/ Yoast SEO plugin. -->","yoast_head_json":{"title":"L\u00f3pez Obrador destac\u00f3 que es positivo que se exhiban las irregularidades de los jueces, como el caso del juez que liber\u00f3 a agresor sexual de una menor de cuatro a\u00f1os en el Edomex -","robots":{"index":"index","follow":"follow","max-snippet":"max-snippet:-1","max-image-preview":"max-image-preview:large","max-video-preview":"max-video-preview:-1"},"canonical":"https:\/\/quehacerpolitico.mx\/?p=108405","og_locale":"es_MX","og_type":"article","og_title":"L\u00f3pez Obrador destac\u00f3 que es positivo que se exhiban las irregularidades de los jueces, como el caso del juez que liber\u00f3 a agresor sexual de una menor de cuatro a\u00f1os en el Edomex -","og_description":"Por Redacci\u00f3n QP L\u00f3pez Obrador asever\u00f3 que los ministros de la Corte ahora \u201cresultaron internacionalistas\u201d...","og_url":"https:\/\/quehacerpolitico.mx\/?p=108405","article_published_time":"2024-03-04T17:04:52+00:00","article_modified_time":"2024-03-04T17:04:55+00:00","og_image":[{"width":1284,"height":702,"url":"https:\/\/quehacerpolitico.mx\/wp-content\/uploads\/2024\/03\/IMG_4029-1.jpeg","type":"image\/jpeg"}],"author":"Redacci\u00f3n QP","twitter_card":"summary_large_image","twitter_misc":{"Escrito por":"Redacci\u00f3n QP","Tiempo de lectura":"3 minutos"},"schema":{"@context":"https:\/\/schema.org","@graph":[{"@type":"Article","@id":"https:\/\/quehacerpolitico.mx\/?p=108405#article","isPartOf":{"@id":"https:\/\/quehacerpolitico.mx\/?p=108405"},"author":{"name":"Redacci\u00f3n QP","@id":"https:\/\/quehacerpolitico.mx\/#\/schema\/person\/496d8ad2d1d3f8036101dca7ee39e585"},"headline":"L\u00f3pez Obrador destac\u00f3 que es positivo que se exhiban las irregularidades de los jueces, como el caso del juez que liber\u00f3 a agresor sexual de una menor de cuatro a\u00f1os en el Edomex","datePublished":"2024-03-04T17:04:52+00:00","dateModified":"2024-03-04T17:04:55+00:00","mainEntityOfPage":{"@id":"https:\/\/quehacerpolitico.mx\/?p=108405"},"wordCount":616,"commentCount":0,"image":{"@id":"https:\/\/quehacerpolitico.mx\/?p=108405#primaryimage"},"thumbnailUrl":"https:\/\/quehacerpolitico.mx\/wp-content\/uploads\/2024\/03\/IMG_4029-1.jpeg","articleSection":["Noticias"],"inLanguage":"es","potentialAction":[{"@type":"CommentAction","name":"Comment","target":["https:\/\/quehacerpolitico.mx\/?p=108405#respond"]}]},{"@type":"WebPage","@id":"https:\/\/quehacerpolitico.mx\/?p=108405","url":"https:\/\/quehacerpolitico.mx\/?p=108405","name":"L\u00f3pez Obrador destac\u00f3 que es positivo que se exhiban las irregularidades de los jueces, como el caso del juez que liber\u00f3 a agresor sexual de una menor de cuatro a\u00f1os en el Edomex -","isPartOf":{"@id":"https:\/\/quehacerpolitico.mx\/#website"},"primaryImageOfPage":{"@id":"https:\/\/quehacerpolitico.mx\/?p=108405#primaryimage"},"image":{"@id":"https:\/\/quehacerpolitico.mx\/?p=108405#primaryimage"},"thumbnailUrl":"https:\/\/quehacerpolitico.mx\/wp-content\/uploads\/2024\/03\/IMG_4029-1.jpeg","datePublished":"2024-03-04T17:04:52+00:00","dateModified":"2024-03-04T17:04:55+00:00","author":{"@id":"https:\/\/quehacerpolitico.mx\/#\/schema\/person\/496d8ad2d1d3f8036101dca7ee39e585"},"breadcrumb":{"@id":"https:\/\/quehacerpolitico.mx\/?p=108405#breadcrumb"},"inLanguage":"es","potentialAction":[{"@type":"ReadAction","target":["https:\/\/quehacerpolitico.mx\/?p=108405"]}]},{"@type":"ImageObject","inLanguage":"es","@id":"https:\/\/quehacerpolitico.mx\/?p=108405#primaryimage","url":"https:\/\/quehacerpolitico.mx\/wp-content\/uploads\/2024\/03\/IMG_4029-1.jpeg","contentUrl":"https:\/\/quehacerpolitico.mx\/wp-content\/uploads\/2024\/03\/IMG_4029-1.jpeg","width":1284,"height":702},{"@type":"BreadcrumbList","@id":"https:\/\/quehacerpolitico.mx\/?p=108405#breadcrumb","itemListElement":[{"@type":"ListItem","position":1,"name":"Inicio","item":"https:\/\/quehacerpolitico.mx\/"},{"@type":"ListItem","position":2,"name":"L\u00f3pez Obrador destac\u00f3 que es positivo que se exhiban las irregularidades de los jueces, como el caso del juez que liber\u00f3 a agresor sexual de una menor de cuatro a\u00f1os en el Edomex"}]},{"@type":"WebSite","@id":"https:\/\/quehacerpolitico.mx\/#website","url":"https:\/\/quehacerpolitico.mx\/","name":"","description":"","potentialAction":[{"@type":"SearchAction","target":{"@type":"EntryPoint","urlTemplate":"https:\/\/quehacerpolitico.mx\/?s={search_term_string}"},"query-input":{"@type":"PropertyValueSpecification","valueRequired":true,"valueName":"search_term_string"}}],"inLanguage":"es"},{"@type":"Person","@id":"https:\/\/quehacerpolitico.mx\/#\/schema\/person\/496d8ad2d1d3f8036101dca7ee39e585","name":"Redacci\u00f3n QP","image":{"@type":"ImageObject","inLanguage":"es","@id":"https:\/\/secure.gravatar.com\/avatar\/c7164ed6fdec453195284ad24a5ae5b6e1eed2b848477fa2a4787ba9adf39a41?s=96&d=mm&r=g","url":"https:\/\/secure.gravatar.com\/avatar\/c7164ed6fdec453195284ad24a5ae5b6e1eed2b848477fa2a4787ba9adf39a41?s=96&d=mm&r=g","contentUrl":"https:\/\/secure.gravatar.com\/avatar\/c7164ed6fdec453195284ad24a5ae5b6e1eed2b848477fa2a4787ba9adf39a41?s=96&d=mm&r=g","caption":"Redacci\u00f3n QP"},"url":"https:\/\/quehacerpolitico.mx\/?author=2"}]}},"featured_image_urls":{"full":["https:\/\/quehacerpolitico.mx\/wp-content\/uploads\/2024\/03\/IMG_4029-1.jpeg",1284,702,false],"thumbnail":["https:\/\/quehacerpolitico.mx\/wp-content\/uploads\/2024\/03\/IMG_4029-1-150x150.jpeg",150,150,true],"medium":["https:\/\/quehacerpolitico.mx\/wp-content\/uploads\/2024\/03\/IMG_4029-1-300x164.jpeg",300,164,true],"medium_large":["https:\/\/quehacerpolitico.mx\/wp-content\/uploads\/2024\/03\/IMG_4029-1-768x420.jpeg",640,350,true],"large":["https:\/\/quehacerpolitico.mx\/wp-content\/uploads\/2024\/03\/IMG_4029-1-1024x560.jpeg",640,350,true],"1536x1536":["https:\/\/quehacerpolitico.mx\/wp-content\/uploads\/2024\/03\/IMG_4029-1.jpeg",1284,702,false],"2048x2048":["https:\/\/quehacerpolitico.mx\/wp-content\/uploads\/2024\/03\/IMG_4029-1.jpeg",1284,702,false],"covernews-featured":["https:\/\/quehacerpolitico.mx\/wp-content\/uploads\/2024\/03\/IMG_4029-1.jpeg",1024,560,false],"covernews-medium":["https:\/\/quehacerpolitico.mx\/wp-content\/uploads\/2024\/03\/IMG_4029-1.jpeg",540,295,false]},"author_info":{"display_name":"Redacci\u00f3n QP","author_link":"https:\/\/quehacerpolitico.mx\/?author=2"},"category_info":"<a href=\"https:\/\/quehacerpolitico.mx\/?cat=2\" rel=\"category\">Noticias<\/a>","tag_info":"Noticias","comment_count":"0","_links":{"self":[{"href":"https:\/\/quehacerpolitico.mx\/index.php?rest_route=\/wp\/v2\/posts\/108405","targetHints":{"allow":["GET"]}}],"collection":[{"href":"https:\/\/quehacerpolitico.mx\/index.php?rest_route=\/wp\/v2\/posts"}],"about":[{"href":"https:\/\/quehacerpolitico.mx\/index.php?rest_route=\/wp\/v2\/types\/post"}],"author":[{"embeddable":true,"href":"https:\/\/quehacerpolitico.mx\/index.php?rest_route=\/wp\/v2\/users\/2"}],"replies":[{"embeddable":true,"href":"https:\/\/quehacerpolitico.mx\/index.php?rest_route=%2Fwp%2Fv2%2Fcomments&post=108405"}],"version-history":[{"count":1,"href":"https:\/\/quehacerpolitico.mx\/index.php?rest_route=\/wp\/v2\/posts\/108405\/revisions"}],"predecessor-version":[{"id":108407,"href":"https:\/\/quehacerpolitico.mx\/index.php?rest_route=\/wp\/v2\/posts\/108405\/revisions\/108407"}],"wp:featuredmedia":[{"embeddable":true,"href":"https:\/\/quehacerpolitico.mx\/index.php?rest_route=\/wp\/v2\/media\/108406"}],"wp:attachment":[{"href":"https:\/\/quehacerpolitico.mx\/index.php?rest_route=%2Fwp%2Fv2%2Fmedia&parent=108405"}],"wp:term":[{"taxonomy":"category","embeddable":true,"href":"https:\/\/quehacerpolitico.mx\/index.php?rest_route=%2Fwp%2Fv2%2Fcategories&post=108405"},{"taxonomy":"post_tag","embeddable":true,"href":"https:\/\/quehacerpolitico.mx\/index.php?rest_route=%2Fwp%2Fv2%2Ftags&post=108405"}],"curies":[{"name":"wp","href":"https:\/\/api.w.org\/{rel}","templated":true}]}}