{"id":108373,"date":"2024-03-01T23:35:20","date_gmt":"2024-03-01T23:35:20","guid":{"rendered":"https:\/\/quehacerpolitico.mx\/?p=108373"},"modified":"2024-03-01T23:35:21","modified_gmt":"2024-03-01T23:35:21","slug":"madre-buscadora-pide-tregua-de-paz-a-organizaciones-criminales","status":"publish","type":"post","link":"https:\/\/quehacerpolitico.mx\/?p=108373","title":{"rendered":"Madre buscadora pide tregua de paz a organizaciones criminales"},"content":{"rendered":"\n<p>Por Redacci\u00f3n QP<\/p>\n\n\n\n<p>La presidenta y fundadora de Madres Buscadoras, Ceci Flores, hizo un llamado a los c\u00e1rteles a detener las desapariciones forzadas<\/p>\n\n\n\n<p><strong>Ceci Flores, presidenta y fundadora del colectivo de Madres Buscadoras<\/strong>&nbsp;de Sonora y de M\u00e9xico, puso una lona e hizo p\u00fablico un video en&nbsp;donde se dirige a los c\u00e1rteles exigiendo paz y que se detengan las desapariciones forzadas en M\u00e9xico.<\/p>\n\n\n\n<p>La manta fue colocada por la defensora de Derechos Humanos en el Palacio de Miner\u00eda, esto tras la&nbsp;presentaci\u00f3n de su libro&nbsp;&#8220;<em>Madre buscadora: Cr\u00f3nica de la desesperaci\u00f3n&#8221;&nbsp;<\/em>en ella se puede leer lo siguiente:<\/p>\n\n\n\n<p><em>&#8220;Los grupos criminales ocupan mantas para mandar mensajes, yo las ocupaba para cubrir a mis hijos del fr\u00edo. Pido tregua entre c\u00e1rteles, no necesitamos m\u00e1s muertos, todos merecemos ver crecer a nuestros hijos y celebrar sus cumplea\u00f1os con pasteles y no busc\u00e1ndolos entre la tierra. \u00a1PACTEN LA PAZ! Atentamente, madre buscadora&#8221;.<\/em><\/p>\n\n\n\n<p><strong>En la publicaci\u00f3n explica el objetivo del comunicado de su manta y pide, nuevamente, que exista un pacto de paz entre los grupos\u00a0criminales del pa\u00eds.<\/strong><\/p>\n\n\n\n<p><em>&#8220;Pido a dios todos los d\u00edas que seamos la \u00faltima generaci\u00f3n de madres buscadoras. Que jam\u00e1s una familia vuelva a estar incompleta. Ruego a los c\u00e1rteles un pacto de paz para que no haya m\u00e1s muertes ni desaparecidos y nos dejen buscar, s\u00f3lo queremos despedir a nuestros ni\u00f1os&#8221;<\/em>, comparti\u00f3 esta ma\u00f1ana la buscadora en su cuenta de twitter.<\/p>\n\n\n\n<figure class=\"wp-block-embed is-type-rich is-provider-twitter wp-block-embed-twitter\"><div class=\"wp-block-embed__wrapper\">\n<blockquote class=\"twitter-tweet\" data-width=\"550\" data-dnt=\"true\"><p lang=\"es\" dir=\"ltr\">Pido a dios todos los d\u00edas que seamos la \u00faltima generaci\u00f3n de madres buscadoras. Que jam\u00e1s una familia vuelva a estar incompleta. <br><br>Ruego a los carteles un pacto de paz para que no haya m\u00e1s muertes ni desaparecidos y nos dejen buscar, s\u00f3lo queremos despedir a nuestros ni\u00f1os. <a href=\"https:\/\/t.co\/Iae0th6mQM\">pic.twitter.com\/Iae0th6mQM<\/a><\/p>&mdash; Ceci Flores 6623415616 (@CeciPatriciaF) <a href=\"https:\/\/twitter.com\/CeciPatriciaF\/status\/1763556013720953116?ref_src=twsrc%5Etfw\">March 1, 2024<\/a><\/blockquote><script async src=\"https:\/\/platform.twitter.com\/widgets.js\" charset=\"utf-8\"><\/script>\n<\/div><\/figure>\n\n\n\n<p>Mientras que, en el video, Ceci Flores hizo un llamado a las organizaciones criminales de M\u00e9xico y&nbsp;les explic\u00f3 el sentir de las madres de personas desaparecidas.<\/p>\n\n\n\n<p><em>&#8220;A los c\u00e1rteles les estamos pidiendo que haya una tregua de paz en el mundo, para que ya no haya ning\u00fan desaparecido y las madres ya no tengamos que estar sufriendo esta angustia y no tengamos que estar en el peligro constante en la b\u00fasqueda por los desaparecidos&#8221;.<\/em><\/p>\n\n\n\n<p><em>&#8220;Que no haya madres que estemos muriendo lentamente y que no haya madres que mueran de dolor en la ausencia de sus hijos&#8221;,<\/em>\u00a0expres\u00f3 la madre buscadora a trav\u00e9s de un video publicado en sus redes sociales.<\/p>\n\n\n\n<p>Con informaci\u00f3n de SUN<\/p>\n","protected":false},"excerpt":{"rendered":"<p>Por Redacci\u00f3n QP La presidenta y fundadora de Madres Buscadoras, Ceci Flores, hizo un llamado&#8230;<\/p>\n","protected":false},"author":2,"featured_media":108374,"comment_status":"open","ping_status":"open","sticky":false,"template":"","format":"standard","meta":{"_monsterinsights_skip_tracking":false,"_monsterinsights_sitenote_active":false,"_monsterinsights_sitenote_note":"","_monsterinsights_sitenote_category":0,"footnotes":""},"categories":[2],"tags":[],"class_list":["post-108373","post","type-post","status-publish","format-standard","has-post-thumbnail","hentry","category-noticias"],"yoast_head":"<!-- This site is optimized with the Yoast SEO plugin v27.3 - https:\/\/yoast.com\/product\/yoast-seo-wordpress\/ -->\n<title>Madre buscadora pide tregua de paz a organizaciones criminales -<\/title>\n<meta name=\"robots\" content=\"index, follow, max-snippet:-1, max-image-preview:large, max-video-preview:-1\" \/>\n<link rel=\"canonical\" href=\"https:\/\/quehacerpolitico.mx\/?p=108373\" \/>\n<meta property=\"og:locale\" content=\"es_MX\" \/>\n<meta property=\"og:type\" content=\"article\" \/>\n<meta property=\"og:title\" content=\"Madre buscadora pide tregua de paz a organizaciones criminales -\" \/>\n<meta property=\"og:description\" content=\"Por Redacci\u00f3n QP La presidenta y fundadora de Madres Buscadoras, Ceci Flores, hizo un llamado...\" \/>\n<meta property=\"og:url\" content=\"https:\/\/quehacerpolitico.mx\/?p=108373\" \/>\n<meta property=\"article:published_time\" content=\"2024-03-01T23:35:20+00:00\" \/>\n<meta property=\"article:modified_time\" content=\"2024-03-01T23:35:21+00:00\" \/>\n<meta property=\"og:image\" content=\"https:\/\/quehacerpolitico.mx\/wp-content\/uploads\/2024\/03\/IMG_4011.jpeg\" \/>\n\t<meta property=\"og:image:width\" content=\"1284\" \/>\n\t<meta property=\"og:image:height\" content=\"704\" \/>\n\t<meta property=\"og:image:type\" content=\"image\/jpeg\" \/>\n<meta name=\"author\" content=\"Redacci\u00f3n QP\" \/>\n<meta name=\"twitter:card\" content=\"summary_large_image\" \/>\n<meta name=\"twitter:label1\" content=\"Escrito por\" \/>\n\t<meta name=\"twitter:data1\" content=\"Redacci\u00f3n QP\" \/>\n\t<meta name=\"twitter:label2\" content=\"Tiempo de lectura\" \/>\n\t<meta name=\"twitter:data2\" content=\"2 minutos\" \/>\n<script type=\"application\/ld+json\" class=\"yoast-schema-graph\">{\"@context\":\"https:\\\/\\\/schema.org\",\"@graph\":[{\"@type\":\"Article\",\"@id\":\"https:\\\/\\\/quehacerpolitico.mx\\\/?p=108373#article\",\"isPartOf\":{\"@id\":\"https:\\\/\\\/quehacerpolitico.mx\\\/?p=108373\"},\"author\":{\"name\":\"Redacci\u00f3n QP\",\"@id\":\"https:\\\/\\\/quehacerpolitico.mx\\\/#\\\/schema\\\/person\\\/496d8ad2d1d3f8036101dca7ee39e585\"},\"headline\":\"Madre buscadora pide tregua de paz a organizaciones criminales\",\"datePublished\":\"2024-03-01T23:35:20+00:00\",\"dateModified\":\"2024-03-01T23:35:21+00:00\",\"mainEntityOfPage\":{\"@id\":\"https:\\\/\\\/quehacerpolitico.mx\\\/?p=108373\"},\"wordCount\":407,\"commentCount\":0,\"image\":{\"@id\":\"https:\\\/\\\/quehacerpolitico.mx\\\/?p=108373#primaryimage\"},\"thumbnailUrl\":\"https:\\\/\\\/quehacerpolitico.mx\\\/wp-content\\\/uploads\\\/2024\\\/03\\\/IMG_4011.jpeg\",\"articleSection\":[\"Noticias\"],\"inLanguage\":\"es\",\"potentialAction\":[{\"@type\":\"CommentAction\",\"name\":\"Comment\",\"target\":[\"https:\\\/\\\/quehacerpolitico.mx\\\/?p=108373#respond\"]}]},{\"@type\":\"WebPage\",\"@id\":\"https:\\\/\\\/quehacerpolitico.mx\\\/?p=108373\",\"url\":\"https:\\\/\\\/quehacerpolitico.mx\\\/?p=108373\",\"name\":\"Madre buscadora pide tregua de paz a organizaciones criminales -\",\"isPartOf\":{\"@id\":\"https:\\\/\\\/quehacerpolitico.mx\\\/#website\"},\"primaryImageOfPage\":{\"@id\":\"https:\\\/\\\/quehacerpolitico.mx\\\/?p=108373#primaryimage\"},\"image\":{\"@id\":\"https:\\\/\\\/quehacerpolitico.mx\\\/?p=108373#primaryimage\"},\"thumbnailUrl\":\"https:\\\/\\\/quehacerpolitico.mx\\\/wp-content\\\/uploads\\\/2024\\\/03\\\/IMG_4011.jpeg\",\"datePublished\":\"2024-03-01T23:35:20+00:00\",\"dateModified\":\"2024-03-01T23:35:21+00:00\",\"author\":{\"@id\":\"https:\\\/\\\/quehacerpolitico.mx\\\/#\\\/schema\\\/person\\\/496d8ad2d1d3f8036101dca7ee39e585\"},\"breadcrumb\":{\"@id\":\"https:\\\/\\\/quehacerpolitico.mx\\\/?p=108373#breadcrumb\"},\"inLanguage\":\"es\",\"potentialAction\":[{\"@type\":\"ReadAction\",\"target\":[\"https:\\\/\\\/quehacerpolitico.mx\\\/?p=108373\"]}]},{\"@type\":\"ImageObject\",\"inLanguage\":\"es\",\"@id\":\"https:\\\/\\\/quehacerpolitico.mx\\\/?p=108373#primaryimage\",\"url\":\"https:\\\/\\\/quehacerpolitico.mx\\\/wp-content\\\/uploads\\\/2024\\\/03\\\/IMG_4011.jpeg\",\"contentUrl\":\"https:\\\/\\\/quehacerpolitico.mx\\\/wp-content\\\/uploads\\\/2024\\\/03\\\/IMG_4011.jpeg\",\"width\":1284,\"height\":704},{\"@type\":\"BreadcrumbList\",\"@id\":\"https:\\\/\\\/quehacerpolitico.mx\\\/?p=108373#breadcrumb\",\"itemListElement\":[{\"@type\":\"ListItem\",\"position\":1,\"name\":\"Inicio\",\"item\":\"https:\\\/\\\/quehacerpolitico.mx\\\/\"},{\"@type\":\"ListItem\",\"position\":2,\"name\":\"Madre buscadora pide tregua de paz a organizaciones criminales\"}]},{\"@type\":\"WebSite\",\"@id\":\"https:\\\/\\\/quehacerpolitico.mx\\\/#website\",\"url\":\"https:\\\/\\\/quehacerpolitico.mx\\\/\",\"name\":\"\",\"description\":\"\",\"potentialAction\":[{\"@type\":\"SearchAction\",\"target\":{\"@type\":\"EntryPoint\",\"urlTemplate\":\"https:\\\/\\\/quehacerpolitico.mx\\\/?s={search_term_string}\"},\"query-input\":{\"@type\":\"PropertyValueSpecification\",\"valueRequired\":true,\"valueName\":\"search_term_string\"}}],\"inLanguage\":\"es\"},{\"@type\":\"Person\",\"@id\":\"https:\\\/\\\/quehacerpolitico.mx\\\/#\\\/schema\\\/person\\\/496d8ad2d1d3f8036101dca7ee39e585\",\"name\":\"Redacci\u00f3n QP\",\"image\":{\"@type\":\"ImageObject\",\"inLanguage\":\"es\",\"@id\":\"https:\\\/\\\/secure.gravatar.com\\\/avatar\\\/c7164ed6fdec453195284ad24a5ae5b6e1eed2b848477fa2a4787ba9adf39a41?s=96&d=mm&r=g\",\"url\":\"https:\\\/\\\/secure.gravatar.com\\\/avatar\\\/c7164ed6fdec453195284ad24a5ae5b6e1eed2b848477fa2a4787ba9adf39a41?s=96&d=mm&r=g\",\"contentUrl\":\"https:\\\/\\\/secure.gravatar.com\\\/avatar\\\/c7164ed6fdec453195284ad24a5ae5b6e1eed2b848477fa2a4787ba9adf39a41?s=96&d=mm&r=g\",\"caption\":\"Redacci\u00f3n QP\"},\"url\":\"https:\\\/\\\/quehacerpolitico.mx\\\/?author=2\"}]}<\/script>\n<!-- \/ Yoast SEO plugin. -->","yoast_head_json":{"title":"Madre buscadora pide tregua de paz a organizaciones criminales -","robots":{"index":"index","follow":"follow","max-snippet":"max-snippet:-1","max-image-preview":"max-image-preview:large","max-video-preview":"max-video-preview:-1"},"canonical":"https:\/\/quehacerpolitico.mx\/?p=108373","og_locale":"es_MX","og_type":"article","og_title":"Madre buscadora pide tregua de paz a organizaciones criminales -","og_description":"Por Redacci\u00f3n QP La presidenta y fundadora de Madres Buscadoras, Ceci Flores, hizo un llamado...","og_url":"https:\/\/quehacerpolitico.mx\/?p=108373","article_published_time":"2024-03-01T23:35:20+00:00","article_modified_time":"2024-03-01T23:35:21+00:00","og_image":[{"width":1284,"height":704,"url":"https:\/\/quehacerpolitico.mx\/wp-content\/uploads\/2024\/03\/IMG_4011.jpeg","type":"image\/jpeg"}],"author":"Redacci\u00f3n QP","twitter_card":"summary_large_image","twitter_misc":{"Escrito por":"Redacci\u00f3n QP","Tiempo de lectura":"2 minutos"},"schema":{"@context":"https:\/\/schema.org","@graph":[{"@type":"Article","@id":"https:\/\/quehacerpolitico.mx\/?p=108373#article","isPartOf":{"@id":"https:\/\/quehacerpolitico.mx\/?p=108373"},"author":{"name":"Redacci\u00f3n QP","@id":"https:\/\/quehacerpolitico.mx\/#\/schema\/person\/496d8ad2d1d3f8036101dca7ee39e585"},"headline":"Madre buscadora pide tregua de paz a organizaciones criminales","datePublished":"2024-03-01T23:35:20+00:00","dateModified":"2024-03-01T23:35:21+00:00","mainEntityOfPage":{"@id":"https:\/\/quehacerpolitico.mx\/?p=108373"},"wordCount":407,"commentCount":0,"image":{"@id":"https:\/\/quehacerpolitico.mx\/?p=108373#primaryimage"},"thumbnailUrl":"https:\/\/quehacerpolitico.mx\/wp-content\/uploads\/2024\/03\/IMG_4011.jpeg","articleSection":["Noticias"],"inLanguage":"es","potentialAction":[{"@type":"CommentAction","name":"Comment","target":["https:\/\/quehacerpolitico.mx\/?p=108373#respond"]}]},{"@type":"WebPage","@id":"https:\/\/quehacerpolitico.mx\/?p=108373","url":"https:\/\/quehacerpolitico.mx\/?p=108373","name":"Madre buscadora pide tregua de paz a organizaciones criminales -","isPartOf":{"@id":"https:\/\/quehacerpolitico.mx\/#website"},"primaryImageOfPage":{"@id":"https:\/\/quehacerpolitico.mx\/?p=108373#primaryimage"},"image":{"@id":"https:\/\/quehacerpolitico.mx\/?p=108373#primaryimage"},"thumbnailUrl":"https:\/\/quehacerpolitico.mx\/wp-content\/uploads\/2024\/03\/IMG_4011.jpeg","datePublished":"2024-03-01T23:35:20+00:00","dateModified":"2024-03-01T23:35:21+00:00","author":{"@id":"https:\/\/quehacerpolitico.mx\/#\/schema\/person\/496d8ad2d1d3f8036101dca7ee39e585"},"breadcrumb":{"@id":"https:\/\/quehacerpolitico.mx\/?p=108373#breadcrumb"},"inLanguage":"es","potentialAction":[{"@type":"ReadAction","target":["https:\/\/quehacerpolitico.mx\/?p=108373"]}]},{"@type":"ImageObject","inLanguage":"es","@id":"https:\/\/quehacerpolitico.mx\/?p=108373#primaryimage","url":"https:\/\/quehacerpolitico.mx\/wp-content\/uploads\/2024\/03\/IMG_4011.jpeg","contentUrl":"https:\/\/quehacerpolitico.mx\/wp-content\/uploads\/2024\/03\/IMG_4011.jpeg","width":1284,"height":704},{"@type":"BreadcrumbList","@id":"https:\/\/quehacerpolitico.mx\/?p=108373#breadcrumb","itemListElement":[{"@type":"ListItem","position":1,"name":"Inicio","item":"https:\/\/quehacerpolitico.mx\/"},{"@type":"ListItem","position":2,"name":"Madre buscadora pide tregua de paz a organizaciones criminales"}]},{"@type":"WebSite","@id":"https:\/\/quehacerpolitico.mx\/#website","url":"https:\/\/quehacerpolitico.mx\/","name":"","description":"","potentialAction":[{"@type":"SearchAction","target":{"@type":"EntryPoint","urlTemplate":"https:\/\/quehacerpolitico.mx\/?s={search_term_string}"},"query-input":{"@type":"PropertyValueSpecification","valueRequired":true,"valueName":"search_term_string"}}],"inLanguage":"es"},{"@type":"Person","@id":"https:\/\/quehacerpolitico.mx\/#\/schema\/person\/496d8ad2d1d3f8036101dca7ee39e585","name":"Redacci\u00f3n QP","image":{"@type":"ImageObject","inLanguage":"es","@id":"https:\/\/secure.gravatar.com\/avatar\/c7164ed6fdec453195284ad24a5ae5b6e1eed2b848477fa2a4787ba9adf39a41?s=96&d=mm&r=g","url":"https:\/\/secure.gravatar.com\/avatar\/c7164ed6fdec453195284ad24a5ae5b6e1eed2b848477fa2a4787ba9adf39a41?s=96&d=mm&r=g","contentUrl":"https:\/\/secure.gravatar.com\/avatar\/c7164ed6fdec453195284ad24a5ae5b6e1eed2b848477fa2a4787ba9adf39a41?s=96&d=mm&r=g","caption":"Redacci\u00f3n QP"},"url":"https:\/\/quehacerpolitico.mx\/?author=2"}]}},"featured_image_urls":{"full":["https:\/\/quehacerpolitico.mx\/wp-content\/uploads\/2024\/03\/IMG_4011.jpeg",1284,704,false],"thumbnail":["https:\/\/quehacerpolitico.mx\/wp-content\/uploads\/2024\/03\/IMG_4011-150x150.jpeg",150,150,true],"medium":["https:\/\/quehacerpolitico.mx\/wp-content\/uploads\/2024\/03\/IMG_4011-300x164.jpeg",300,164,true],"medium_large":["https:\/\/quehacerpolitico.mx\/wp-content\/uploads\/2024\/03\/IMG_4011-768x421.jpeg",640,351,true],"large":["https:\/\/quehacerpolitico.mx\/wp-content\/uploads\/2024\/03\/IMG_4011-1024x561.jpeg",640,351,true],"1536x1536":["https:\/\/quehacerpolitico.mx\/wp-content\/uploads\/2024\/03\/IMG_4011.jpeg",1284,704,false],"2048x2048":["https:\/\/quehacerpolitico.mx\/wp-content\/uploads\/2024\/03\/IMG_4011.jpeg",1284,704,false],"covernews-featured":["https:\/\/quehacerpolitico.mx\/wp-content\/uploads\/2024\/03\/IMG_4011.jpeg",1024,561,false],"covernews-medium":["https:\/\/quehacerpolitico.mx\/wp-content\/uploads\/2024\/03\/IMG_4011.jpeg",540,296,false]},"author_info":{"display_name":"Redacci\u00f3n QP","author_link":"https:\/\/quehacerpolitico.mx\/?author=2"},"category_info":"<a href=\"https:\/\/quehacerpolitico.mx\/?cat=2\" rel=\"category\">Noticias<\/a>","tag_info":"Noticias","comment_count":"0","_links":{"self":[{"href":"https:\/\/quehacerpolitico.mx\/index.php?rest_route=\/wp\/v2\/posts\/108373","targetHints":{"allow":["GET"]}}],"collection":[{"href":"https:\/\/quehacerpolitico.mx\/index.php?rest_route=\/wp\/v2\/posts"}],"about":[{"href":"https:\/\/quehacerpolitico.mx\/index.php?rest_route=\/wp\/v2\/types\/post"}],"author":[{"embeddable":true,"href":"https:\/\/quehacerpolitico.mx\/index.php?rest_route=\/wp\/v2\/users\/2"}],"replies":[{"embeddable":true,"href":"https:\/\/quehacerpolitico.mx\/index.php?rest_route=%2Fwp%2Fv2%2Fcomments&post=108373"}],"version-history":[{"count":1,"href":"https:\/\/quehacerpolitico.mx\/index.php?rest_route=\/wp\/v2\/posts\/108373\/revisions"}],"predecessor-version":[{"id":108375,"href":"https:\/\/quehacerpolitico.mx\/index.php?rest_route=\/wp\/v2\/posts\/108373\/revisions\/108375"}],"wp:featuredmedia":[{"embeddable":true,"href":"https:\/\/quehacerpolitico.mx\/index.php?rest_route=\/wp\/v2\/media\/108374"}],"wp:attachment":[{"href":"https:\/\/quehacerpolitico.mx\/index.php?rest_route=%2Fwp%2Fv2%2Fmedia&parent=108373"}],"wp:term":[{"taxonomy":"category","embeddable":true,"href":"https:\/\/quehacerpolitico.mx\/index.php?rest_route=%2Fwp%2Fv2%2Fcategories&post=108373"},{"taxonomy":"post_tag","embeddable":true,"href":"https:\/\/quehacerpolitico.mx\/index.php?rest_route=%2Fwp%2Fv2%2Ftags&post=108373"}],"curies":[{"name":"wp","href":"https:\/\/api.w.org\/{rel}","templated":true}]}}