{"id":108351,"date":"2024-03-01T00:02:53","date_gmt":"2024-03-01T00:02:53","guid":{"rendered":"https:\/\/quehacerpolitico.mx\/?p=108351"},"modified":"2024-03-01T00:02:56","modified_gmt":"2024-03-01T00:02:56","slug":"arrancan-ias-campanas-en-la-cdmx-con-el-aval-del-iecm","status":"publish","type":"post","link":"https:\/\/quehacerpolitico.mx\/?p=108351","title":{"rendered":"Arrancan Ias campa\u00f1as en la CDMX con el aval del IECM"},"content":{"rendered":"\n<p>Por Redacci\u00f3n QP<\/p>\n\n\n\n<p>Los consejeros electorales capitalinos piden que los candidatos se manejen abiertos al di\u00e1logo, con respeto y tolerancia a las opiniones diferentes.<\/p>\n\n\n\n<p>El\u00a0Instituto Electoral de la Ciudad de M\u00e9xico (<strong>IECM<\/strong>) aval\u00f3 el registro de las candidaturas que competir\u00e1n por la\u00a0<strong>Jefatura de Gobierno de la Ciudad de M\u00e9xico<\/strong>\u00a0en las elecciones que se celebrar\u00e1n el pr\u00f3ximo\u00a0<strong>2 de junio del 2024<\/strong>.<\/p>\n\n\n\n<p>De esta forma,\u00a0<strong>Clara Brugada<\/strong>, candidata de la coalici\u00f3n &#8220;<strong>Sigamos Haciendo Historia en la Ciudad de M\u00e9xico<\/strong>&#8220;, conformada por\u00a0<strong>Morena-PT-PVEM<\/strong>;\u00a0<strong>Santiago Taboada<\/strong>, candidato de la coalici\u00f3n &#8220;<strong>Va X la CDMX<\/strong>&#8220;, integrada por el\u00a0<strong>PAN-PRI-PRD<\/strong>; y\u00a0<strong>Salom\u00f3n Chertorivski<\/strong>, candidato de\u00a0Movimiento Ciudadano (<strong>MC<\/strong>), tendr\u00e1n todas las libertades para arrancar sus actividades de campa\u00f1as electorales este viernes 1 de marzo del presente a\u00f1o, las cuales tendr\u00e1n una duraci\u00f3n de 90 d\u00edas.\u00a0<\/p>\n\n\n\n<p>Entre algunos de los requisitos que deb\u00edan cumplir tanto Brugada, como Taboada y Chertorivski es que no se encuentren en &#8220;los supuestos de la 3 de 3&#8221; y que no est\u00e9n &#8220;inhabilitados para ejercer cargos p\u00fablicos&#8221;.&nbsp;<\/p>\n\n\n\n<p>Al respecto,&nbsp;<strong>Sonia P\u00e9rez<\/strong>, consejera del IECM, coment\u00f3 lo siguiente durante la discusi\u00f3n del pleno: &nbsp;<\/p>\n\n\n\n<p>&#8220;Una vez revisada y analizada la informaci\u00f3n de las solicitudes de registro a la candidatura de Jefatura de Gobierno (&#8230;) tenemos la certeza de que\u00a0<strong>las personas postuladas como candidatas a dicho cargo cumplen con todos los requisitos constitucionales y legales establecidos al efecto<\/strong>. Entre ellos, no encontrarse en los supuestos de la 3 de 3 y no estar inhabilitados para ejercer cargos p\u00fablicos, por lo que en los proyectos que est\u00e1n a nuestra consideraci\u00f3n se propone declarar procedente su registro&#8221;, apunt\u00f3.<\/p>\n\n\n\n<figure class=\"wp-block-embed is-type-rich is-provider-twitter wp-block-embed-twitter\"><div class=\"wp-block-embed__wrapper\">\n<blockquote class=\"twitter-tweet\" data-width=\"550\" data-dnt=\"true\"><p lang=\"es\" dir=\"ltr\">\u00a1Ma\u00f1ana inician las campa\u00f1as para la Jefatura de Gobierno! <br>Hoy el <a href=\"https:\/\/twitter.com\/iecm?ref_src=twsrc%5Etfw\">@iecm<\/a> aprob\u00f3 el registro de:<br> Salom\u00f3n Chertorivski ( Movimiento Ciudadano) <br>Santiago Taboada ( Coalici\u00f3n \u201cVA X LA CDMX\u201d<br>Y  Clara Marina Brugada (Coalici\u00f3n \u201cSigamos Haciendo Historia en la Ciudad de M\u00e9xico\u201d <a href=\"https:\/\/t.co\/q3624WK6ns\">pic.twitter.com\/q3624WK6ns<\/a><\/p>&mdash; Sonia P\u00e9rez P\u00e9rez (@soniaperezmx) <a href=\"https:\/\/twitter.com\/soniaperezmx\/status\/1763259888233337316?ref_src=twsrc%5Etfw\">February 29, 2024<\/a><\/blockquote><script async src=\"https:\/\/platform.twitter.com\/widgets.js\" charset=\"utf-8\"><\/script>\n<\/div><\/figure>\n\n\n\n<h2 class=\"wp-block-heading\">IECM refrenda su compromiso por llevar a cabo un proceso imparcial&nbsp;<\/h2>\n\n\n\n<p>Por otro lado, la consejera Sonia P\u00e9rez, quien fue la \u00fanica consejera que particip\u00f3 durante la sesi\u00f3n del IECM, pidi\u00f3 que los candidatos y la candidata mantengan un nivel de respeto durante el proceso electoral.<\/p>\n\n\n\n<p>Asimismo, la consejera refrend\u00f3 el compromiso del IECM para llevar a cabo un proceso imparcial, por lo que se\u00f1al\u00f3 que los partidos pol\u00edticos y los mismos candidatos y candidata a que est\u00e9n &#8220;abiertos al debate, a la confrontaci\u00f3n de ideas y al respeto y tolerancia de las opiniones diferentes&#8221;.\u00a0<\/p>\n","protected":false},"excerpt":{"rendered":"<p>Por Redacci\u00f3n QP Los consejeros electorales capitalinos piden que los candidatos se manejen abiertos al&#8230;<\/p>\n","protected":false},"author":2,"featured_media":108352,"comment_status":"open","ping_status":"open","sticky":false,"template":"","format":"standard","meta":{"_monsterinsights_skip_tracking":false,"_monsterinsights_sitenote_active":false,"_monsterinsights_sitenote_note":"","_monsterinsights_sitenote_category":0,"footnotes":""},"categories":[55],"tags":[],"class_list":["post-108351","post","type-post","status-publish","format-standard","has-post-thumbnail","hentry","category-cdmx"],"yoast_head":"<!-- This site is optimized with the Yoast SEO plugin v27.3 - https:\/\/yoast.com\/product\/yoast-seo-wordpress\/ -->\n<title>Arrancan Ias campa\u00f1as en la CDMX con el aval del IECM -<\/title>\n<meta name=\"robots\" content=\"index, follow, max-snippet:-1, max-image-preview:large, max-video-preview:-1\" \/>\n<link rel=\"canonical\" href=\"https:\/\/quehacerpolitico.mx\/?p=108351\" \/>\n<meta property=\"og:locale\" content=\"es_MX\" \/>\n<meta property=\"og:type\" content=\"article\" \/>\n<meta property=\"og:title\" content=\"Arrancan Ias campa\u00f1as en la CDMX con el aval del IECM -\" \/>\n<meta property=\"og:description\" content=\"Por Redacci\u00f3n QP Los consejeros electorales capitalinos piden que los candidatos se manejen abiertos al...\" \/>\n<meta property=\"og:url\" content=\"https:\/\/quehacerpolitico.mx\/?p=108351\" \/>\n<meta property=\"article:published_time\" content=\"2024-03-01T00:02:53+00:00\" \/>\n<meta property=\"article:modified_time\" content=\"2024-03-01T00:02:56+00:00\" \/>\n<meta property=\"og:image\" content=\"https:\/\/quehacerpolitico.mx\/wp-content\/uploads\/2024\/02\/IMG_3996.jpeg\" \/>\n\t<meta property=\"og:image:width\" content=\"698\" \/>\n\t<meta property=\"og:image:height\" content=\"439\" \/>\n\t<meta property=\"og:image:type\" content=\"image\/jpeg\" \/>\n<meta name=\"author\" content=\"Redacci\u00f3n QP\" \/>\n<meta name=\"twitter:card\" content=\"summary_large_image\" \/>\n<meta name=\"twitter:label1\" content=\"Escrito por\" \/>\n\t<meta name=\"twitter:data1\" content=\"Redacci\u00f3n QP\" \/>\n\t<meta name=\"twitter:label2\" content=\"Tiempo de lectura\" \/>\n\t<meta name=\"twitter:data2\" content=\"2 minutos\" \/>\n<script type=\"application\/ld+json\" class=\"yoast-schema-graph\">{\"@context\":\"https:\\\/\\\/schema.org\",\"@graph\":[{\"@type\":\"Article\",\"@id\":\"https:\\\/\\\/quehacerpolitico.mx\\\/?p=108351#article\",\"isPartOf\":{\"@id\":\"https:\\\/\\\/quehacerpolitico.mx\\\/?p=108351\"},\"author\":{\"name\":\"Redacci\u00f3n QP\",\"@id\":\"https:\\\/\\\/quehacerpolitico.mx\\\/#\\\/schema\\\/person\\\/496d8ad2d1d3f8036101dca7ee39e585\"},\"headline\":\"Arrancan Ias campa\u00f1as en la CDMX con el aval del IECM\",\"datePublished\":\"2024-03-01T00:02:53+00:00\",\"dateModified\":\"2024-03-01T00:02:56+00:00\",\"mainEntityOfPage\":{\"@id\":\"https:\\\/\\\/quehacerpolitico.mx\\\/?p=108351\"},\"wordCount\":411,\"commentCount\":0,\"image\":{\"@id\":\"https:\\\/\\\/quehacerpolitico.mx\\\/?p=108351#primaryimage\"},\"thumbnailUrl\":\"https:\\\/\\\/quehacerpolitico.mx\\\/wp-content\\\/uploads\\\/2024\\\/02\\\/IMG_3996.jpeg\",\"articleSection\":[\"CDMX\"],\"inLanguage\":\"es\",\"potentialAction\":[{\"@type\":\"CommentAction\",\"name\":\"Comment\",\"target\":[\"https:\\\/\\\/quehacerpolitico.mx\\\/?p=108351#respond\"]}]},{\"@type\":\"WebPage\",\"@id\":\"https:\\\/\\\/quehacerpolitico.mx\\\/?p=108351\",\"url\":\"https:\\\/\\\/quehacerpolitico.mx\\\/?p=108351\",\"name\":\"Arrancan Ias campa\u00f1as en la CDMX con el aval del IECM -\",\"isPartOf\":{\"@id\":\"https:\\\/\\\/quehacerpolitico.mx\\\/#website\"},\"primaryImageOfPage\":{\"@id\":\"https:\\\/\\\/quehacerpolitico.mx\\\/?p=108351#primaryimage\"},\"image\":{\"@id\":\"https:\\\/\\\/quehacerpolitico.mx\\\/?p=108351#primaryimage\"},\"thumbnailUrl\":\"https:\\\/\\\/quehacerpolitico.mx\\\/wp-content\\\/uploads\\\/2024\\\/02\\\/IMG_3996.jpeg\",\"datePublished\":\"2024-03-01T00:02:53+00:00\",\"dateModified\":\"2024-03-01T00:02:56+00:00\",\"author\":{\"@id\":\"https:\\\/\\\/quehacerpolitico.mx\\\/#\\\/schema\\\/person\\\/496d8ad2d1d3f8036101dca7ee39e585\"},\"breadcrumb\":{\"@id\":\"https:\\\/\\\/quehacerpolitico.mx\\\/?p=108351#breadcrumb\"},\"inLanguage\":\"es\",\"potentialAction\":[{\"@type\":\"ReadAction\",\"target\":[\"https:\\\/\\\/quehacerpolitico.mx\\\/?p=108351\"]}]},{\"@type\":\"ImageObject\",\"inLanguage\":\"es\",\"@id\":\"https:\\\/\\\/quehacerpolitico.mx\\\/?p=108351#primaryimage\",\"url\":\"https:\\\/\\\/quehacerpolitico.mx\\\/wp-content\\\/uploads\\\/2024\\\/02\\\/IMG_3996.jpeg\",\"contentUrl\":\"https:\\\/\\\/quehacerpolitico.mx\\\/wp-content\\\/uploads\\\/2024\\\/02\\\/IMG_3996.jpeg\",\"width\":698,\"height\":439},{\"@type\":\"BreadcrumbList\",\"@id\":\"https:\\\/\\\/quehacerpolitico.mx\\\/?p=108351#breadcrumb\",\"itemListElement\":[{\"@type\":\"ListItem\",\"position\":1,\"name\":\"Inicio\",\"item\":\"https:\\\/\\\/quehacerpolitico.mx\\\/\"},{\"@type\":\"ListItem\",\"position\":2,\"name\":\"Arrancan Ias campa\u00f1as en la CDMX con el aval del IECM\"}]},{\"@type\":\"WebSite\",\"@id\":\"https:\\\/\\\/quehacerpolitico.mx\\\/#website\",\"url\":\"https:\\\/\\\/quehacerpolitico.mx\\\/\",\"name\":\"\",\"description\":\"\",\"potentialAction\":[{\"@type\":\"SearchAction\",\"target\":{\"@type\":\"EntryPoint\",\"urlTemplate\":\"https:\\\/\\\/quehacerpolitico.mx\\\/?s={search_term_string}\"},\"query-input\":{\"@type\":\"PropertyValueSpecification\",\"valueRequired\":true,\"valueName\":\"search_term_string\"}}],\"inLanguage\":\"es\"},{\"@type\":\"Person\",\"@id\":\"https:\\\/\\\/quehacerpolitico.mx\\\/#\\\/schema\\\/person\\\/496d8ad2d1d3f8036101dca7ee39e585\",\"name\":\"Redacci\u00f3n QP\",\"image\":{\"@type\":\"ImageObject\",\"inLanguage\":\"es\",\"@id\":\"https:\\\/\\\/secure.gravatar.com\\\/avatar\\\/c7164ed6fdec453195284ad24a5ae5b6e1eed2b848477fa2a4787ba9adf39a41?s=96&d=mm&r=g\",\"url\":\"https:\\\/\\\/secure.gravatar.com\\\/avatar\\\/c7164ed6fdec453195284ad24a5ae5b6e1eed2b848477fa2a4787ba9adf39a41?s=96&d=mm&r=g\",\"contentUrl\":\"https:\\\/\\\/secure.gravatar.com\\\/avatar\\\/c7164ed6fdec453195284ad24a5ae5b6e1eed2b848477fa2a4787ba9adf39a41?s=96&d=mm&r=g\",\"caption\":\"Redacci\u00f3n QP\"},\"url\":\"https:\\\/\\\/quehacerpolitico.mx\\\/?author=2\"}]}<\/script>\n<!-- \/ Yoast SEO plugin. -->","yoast_head_json":{"title":"Arrancan Ias campa\u00f1as en la CDMX con el aval del IECM -","robots":{"index":"index","follow":"follow","max-snippet":"max-snippet:-1","max-image-preview":"max-image-preview:large","max-video-preview":"max-video-preview:-1"},"canonical":"https:\/\/quehacerpolitico.mx\/?p=108351","og_locale":"es_MX","og_type":"article","og_title":"Arrancan Ias campa\u00f1as en la CDMX con el aval del IECM -","og_description":"Por Redacci\u00f3n QP Los consejeros electorales capitalinos piden que los candidatos se manejen abiertos al...","og_url":"https:\/\/quehacerpolitico.mx\/?p=108351","article_published_time":"2024-03-01T00:02:53+00:00","article_modified_time":"2024-03-01T00:02:56+00:00","og_image":[{"width":698,"height":439,"url":"https:\/\/quehacerpolitico.mx\/wp-content\/uploads\/2024\/02\/IMG_3996.jpeg","type":"image\/jpeg"}],"author":"Redacci\u00f3n QP","twitter_card":"summary_large_image","twitter_misc":{"Escrito por":"Redacci\u00f3n QP","Tiempo de lectura":"2 minutos"},"schema":{"@context":"https:\/\/schema.org","@graph":[{"@type":"Article","@id":"https:\/\/quehacerpolitico.mx\/?p=108351#article","isPartOf":{"@id":"https:\/\/quehacerpolitico.mx\/?p=108351"},"author":{"name":"Redacci\u00f3n QP","@id":"https:\/\/quehacerpolitico.mx\/#\/schema\/person\/496d8ad2d1d3f8036101dca7ee39e585"},"headline":"Arrancan Ias campa\u00f1as en la CDMX con el aval del IECM","datePublished":"2024-03-01T00:02:53+00:00","dateModified":"2024-03-01T00:02:56+00:00","mainEntityOfPage":{"@id":"https:\/\/quehacerpolitico.mx\/?p=108351"},"wordCount":411,"commentCount":0,"image":{"@id":"https:\/\/quehacerpolitico.mx\/?p=108351#primaryimage"},"thumbnailUrl":"https:\/\/quehacerpolitico.mx\/wp-content\/uploads\/2024\/02\/IMG_3996.jpeg","articleSection":["CDMX"],"inLanguage":"es","potentialAction":[{"@type":"CommentAction","name":"Comment","target":["https:\/\/quehacerpolitico.mx\/?p=108351#respond"]}]},{"@type":"WebPage","@id":"https:\/\/quehacerpolitico.mx\/?p=108351","url":"https:\/\/quehacerpolitico.mx\/?p=108351","name":"Arrancan Ias campa\u00f1as en la CDMX con el aval del IECM -","isPartOf":{"@id":"https:\/\/quehacerpolitico.mx\/#website"},"primaryImageOfPage":{"@id":"https:\/\/quehacerpolitico.mx\/?p=108351#primaryimage"},"image":{"@id":"https:\/\/quehacerpolitico.mx\/?p=108351#primaryimage"},"thumbnailUrl":"https:\/\/quehacerpolitico.mx\/wp-content\/uploads\/2024\/02\/IMG_3996.jpeg","datePublished":"2024-03-01T00:02:53+00:00","dateModified":"2024-03-01T00:02:56+00:00","author":{"@id":"https:\/\/quehacerpolitico.mx\/#\/schema\/person\/496d8ad2d1d3f8036101dca7ee39e585"},"breadcrumb":{"@id":"https:\/\/quehacerpolitico.mx\/?p=108351#breadcrumb"},"inLanguage":"es","potentialAction":[{"@type":"ReadAction","target":["https:\/\/quehacerpolitico.mx\/?p=108351"]}]},{"@type":"ImageObject","inLanguage":"es","@id":"https:\/\/quehacerpolitico.mx\/?p=108351#primaryimage","url":"https:\/\/quehacerpolitico.mx\/wp-content\/uploads\/2024\/02\/IMG_3996.jpeg","contentUrl":"https:\/\/quehacerpolitico.mx\/wp-content\/uploads\/2024\/02\/IMG_3996.jpeg","width":698,"height":439},{"@type":"BreadcrumbList","@id":"https:\/\/quehacerpolitico.mx\/?p=108351#breadcrumb","itemListElement":[{"@type":"ListItem","position":1,"name":"Inicio","item":"https:\/\/quehacerpolitico.mx\/"},{"@type":"ListItem","position":2,"name":"Arrancan Ias campa\u00f1as en la CDMX con el aval del IECM"}]},{"@type":"WebSite","@id":"https:\/\/quehacerpolitico.mx\/#website","url":"https:\/\/quehacerpolitico.mx\/","name":"","description":"","potentialAction":[{"@type":"SearchAction","target":{"@type":"EntryPoint","urlTemplate":"https:\/\/quehacerpolitico.mx\/?s={search_term_string}"},"query-input":{"@type":"PropertyValueSpecification","valueRequired":true,"valueName":"search_term_string"}}],"inLanguage":"es"},{"@type":"Person","@id":"https:\/\/quehacerpolitico.mx\/#\/schema\/person\/496d8ad2d1d3f8036101dca7ee39e585","name":"Redacci\u00f3n QP","image":{"@type":"ImageObject","inLanguage":"es","@id":"https:\/\/secure.gravatar.com\/avatar\/c7164ed6fdec453195284ad24a5ae5b6e1eed2b848477fa2a4787ba9adf39a41?s=96&d=mm&r=g","url":"https:\/\/secure.gravatar.com\/avatar\/c7164ed6fdec453195284ad24a5ae5b6e1eed2b848477fa2a4787ba9adf39a41?s=96&d=mm&r=g","contentUrl":"https:\/\/secure.gravatar.com\/avatar\/c7164ed6fdec453195284ad24a5ae5b6e1eed2b848477fa2a4787ba9adf39a41?s=96&d=mm&r=g","caption":"Redacci\u00f3n QP"},"url":"https:\/\/quehacerpolitico.mx\/?author=2"}]}},"featured_image_urls":{"full":["https:\/\/quehacerpolitico.mx\/wp-content\/uploads\/2024\/02\/IMG_3996.jpeg",698,439,false],"thumbnail":["https:\/\/quehacerpolitico.mx\/wp-content\/uploads\/2024\/02\/IMG_3996-150x150.jpeg",150,150,true],"medium":["https:\/\/quehacerpolitico.mx\/wp-content\/uploads\/2024\/02\/IMG_3996-300x189.jpeg",300,189,true],"medium_large":["https:\/\/quehacerpolitico.mx\/wp-content\/uploads\/2024\/02\/IMG_3996.jpeg",640,403,false],"large":["https:\/\/quehacerpolitico.mx\/wp-content\/uploads\/2024\/02\/IMG_3996.jpeg",640,403,false],"1536x1536":["https:\/\/quehacerpolitico.mx\/wp-content\/uploads\/2024\/02\/IMG_3996.jpeg",698,439,false],"2048x2048":["https:\/\/quehacerpolitico.mx\/wp-content\/uploads\/2024\/02\/IMG_3996.jpeg",698,439,false],"covernews-featured":["https:\/\/quehacerpolitico.mx\/wp-content\/uploads\/2024\/02\/IMG_3996.jpeg",698,439,false],"covernews-medium":["https:\/\/quehacerpolitico.mx\/wp-content\/uploads\/2024\/02\/IMG_3996.jpeg",540,340,false]},"author_info":{"display_name":"Redacci\u00f3n QP","author_link":"https:\/\/quehacerpolitico.mx\/?author=2"},"category_info":"<a href=\"https:\/\/quehacerpolitico.mx\/?cat=55\" rel=\"category\">CDMX<\/a>","tag_info":"CDMX","comment_count":"0","_links":{"self":[{"href":"https:\/\/quehacerpolitico.mx\/index.php?rest_route=\/wp\/v2\/posts\/108351","targetHints":{"allow":["GET"]}}],"collection":[{"href":"https:\/\/quehacerpolitico.mx\/index.php?rest_route=\/wp\/v2\/posts"}],"about":[{"href":"https:\/\/quehacerpolitico.mx\/index.php?rest_route=\/wp\/v2\/types\/post"}],"author":[{"embeddable":true,"href":"https:\/\/quehacerpolitico.mx\/index.php?rest_route=\/wp\/v2\/users\/2"}],"replies":[{"embeddable":true,"href":"https:\/\/quehacerpolitico.mx\/index.php?rest_route=%2Fwp%2Fv2%2Fcomments&post=108351"}],"version-history":[{"count":1,"href":"https:\/\/quehacerpolitico.mx\/index.php?rest_route=\/wp\/v2\/posts\/108351\/revisions"}],"predecessor-version":[{"id":108353,"href":"https:\/\/quehacerpolitico.mx\/index.php?rest_route=\/wp\/v2\/posts\/108351\/revisions\/108353"}],"wp:featuredmedia":[{"embeddable":true,"href":"https:\/\/quehacerpolitico.mx\/index.php?rest_route=\/wp\/v2\/media\/108352"}],"wp:attachment":[{"href":"https:\/\/quehacerpolitico.mx\/index.php?rest_route=%2Fwp%2Fv2%2Fmedia&parent=108351"}],"wp:term":[{"taxonomy":"category","embeddable":true,"href":"https:\/\/quehacerpolitico.mx\/index.php?rest_route=%2Fwp%2Fv2%2Fcategories&post=108351"},{"taxonomy":"post_tag","embeddable":true,"href":"https:\/\/quehacerpolitico.mx\/index.php?rest_route=%2Fwp%2Fv2%2Ftags&post=108351"}],"curies":[{"name":"wp","href":"https:\/\/api.w.org\/{rel}","templated":true}]}}