{"id":108348,"date":"2024-02-29T18:06:34","date_gmt":"2024-02-29T18:06:34","guid":{"rendered":"https:\/\/quehacerpolitico.mx\/?p=108348"},"modified":"2024-02-29T18:06:37","modified_gmt":"2024-02-29T18:06:37","slug":"los-estrenos-de-series-y-peliculas-en-marzo-2024-por-prime-video","status":"publish","type":"post","link":"https:\/\/quehacerpolitico.mx\/?p=108348","title":{"rendered":"Los estrenos de series y pel\u00edculas en marzo 2024 por Prime Video"},"content":{"rendered":"\n<p>Por Redacci\u00f3n QP<\/p>\n\n\n\n<p>Revisa los t\u00edtulos que ser\u00e1n parte del cat\u00e1logo de la plataforma de streaming de Amazon a partir de ciertas fechas de marzo<\/p>\n\n\n\n<p>Un nuevo mes en t\u00e9rminos de entretenimiento significa encontrar nueva esperanza y renovaci\u00f3n en los t\u00edtutlos perteneciente a los cat\u00e1logos de streaming.&nbsp;<strong>Amazon&nbsp;Prime Video<\/strong>&nbsp;no se ha quedado atr\u00e1s, ya que se ha convertido en un competidor serio de los principales servicios de reproducci\u00f3n de series y pel\u00edculas en l\u00ednea.<\/p>\n\n\n\n<p><strong>En este mes entrante las promesas de pel\u00edculas y series tienen varias historias interesantes que podr\u00e1n ser tus nuevas favoritas. En el rubro de pel\u00edculas destacan la \u00faltima pel\u00edcula de la aclamada directora Sof\u00eda coppola y la incorporaci\u00f3n de Mean Girls, un cl\u00e1sico que fue readaptado hace poco en una versi\u00f3n musical.<\/strong><\/p>\n\n\n\n<h2 class=\"wp-block-heading\">Estos son los estrenos para marzo de 2024&nbsp;<\/h2>\n\n\n\n<h3 class=\"wp-block-heading\">Series<\/h3>\n\n\n\n<ul class=\"wp-block-list\">\n<li>Tesla (06\/03\/2024)&nbsp;<\/li>\n\n\n\n<li>LoL M\u00e9xico, temporada 6 (08\/03\/2024)&nbsp;<\/li>\n\n\n\n<li>Invencible temporada 2 parte 2 (14\/03\/2024)<\/li>\n\n\n\n<li>Tales of the Walking Dead (20\/03\/2024)<\/li>\n<\/ul>\n\n\n\n<h3 class=\"wp-block-heading\">LoL M\u00e9xico<\/h3>\n\n\n\n<p>La temporada 6 del reality de comedia que dirige\u00a0<strong>Eugenio Derbez\u00a0<\/strong>contar\u00e1 con\u00a0<strong>Juan Bertheau, Mario Aguilar, Isaac Salame, Mar\u00eda Chac\u00f3n, Alex Flores, Juan Berth, El Macaco, Grecia Castillo, Ricardo Polanco, Lapizito y Chingu Amiga.<\/strong><\/p>\n\n\n\n<figure class=\"wp-block-embed is-type-video is-provider-youtube wp-block-embed-youtube wp-embed-aspect-16-9 wp-has-aspect-ratio\"><div class=\"wp-block-embed__wrapper\">\n<iframe loading=\"lazy\" title=\"Tr\u00e1iler oficial - LOL 6ta temporada.\" width=\"640\" height=\"360\" src=\"https:\/\/www.youtube.com\/embed\/3o-Gq1PWS0c?feature=oembed\" frameborder=\"0\" allow=\"accelerometer; autoplay; clipboard-write; encrypted-media; gyroscope; picture-in-picture; web-share\" referrerpolicy=\"strict-origin-when-cross-origin\" allowfullscreen><\/iframe>\n<\/div><\/figure>\n\n\n\n<h2 class=\"wp-block-heading\">Pel\u00edculas<\/h2>\n\n\n\n<ul class=\"wp-block-list\">\n<li>Jaque Mate (01\/03\/2024)<\/li>\n\n\n\n<li>Priscilla (01\/03\/2024)<\/li>\n\n\n\n<li>Tesla (06\/03\/2024)<\/li>\n\n\n\n<li>Chicas pesadas (06\/03\/2024)<\/li>\n\n\n\n<li>Ricky Stanicky (07\/03\/2024)<\/li>\n\n\n\n<li>El duro (21\/03\/2024)<\/li>\n\n\n\n<li>Un hipster en la Espa\u00f1a vac\u00eda (27\/03\/2024)<\/li>\n\n\n\n<li>Saw X (28\/03\/2024)<\/li>\n<\/ul>\n\n\n\n<h3 class=\"wp-block-heading\">El Duro<\/h3>\n\n\n\n<p>Es la readaptaci\u00f3n de una pel\u00edcula que es un cl\u00e1sico de los 80. En esta versi\u00f3n, un ex luchador de la\u00a0<strong>UFC\u00a0<\/strong>llamado\u00a0<strong>Dalton\u00a0<\/strong>(<strong>Jake Gyllenhaal<\/strong>) acepta un trabajo en una taberna de\u00a0<strong>Florida\u00a0<\/strong>para sacar a borrachos problem\u00e1ticos. Sin embargo, la situaci\u00f3n se comienza a complicar cuando buscan entrometerse en el espacio.<\/p>\n\n\n\n<h3 class=\"wp-block-heading\">Datos de la pel\u00edcula<\/h3>\n\n\n\n<ul class=\"wp-block-list\">\n<li><strong>Direcci\u00f3n<\/strong>: Doug Liman<\/li>\n\n\n\n<li><strong>Duraci\u00f3n<\/strong>: 1 hora y 54 minutos<\/li>\n\n\n\n<li><strong>Reparto principal<\/strong>: Jake Gyllenhaal, Conor McGregor y Daniela Melchior&nbsp;<\/li>\n<\/ul>\n\n\n\n<figure class=\"wp-block-embed is-type-video is-provider-youtube wp-block-embed-youtube wp-embed-aspect-16-9 wp-has-aspect-ratio\"><div class=\"wp-block-embed__wrapper\">\n<iframe loading=\"lazy\" title=\"El Duro - Tr\u00e1iler Oficial | Prime Video\" width=\"640\" height=\"360\" src=\"https:\/\/www.youtube.com\/embed\/Onb2wuvgYGc?feature=oembed\" frameborder=\"0\" allow=\"accelerometer; autoplay; clipboard-write; encrypted-media; gyroscope; picture-in-picture; web-share\" referrerpolicy=\"strict-origin-when-cross-origin\" allowfullscreen><\/iframe>\n<\/div><\/figure>\n","protected":false},"excerpt":{"rendered":"<p>Por Redacci\u00f3n QP Revisa los t\u00edtulos que ser\u00e1n parte del cat\u00e1logo de la plataforma de&#8230;<\/p>\n","protected":false},"author":2,"featured_media":108349,"comment_status":"open","ping_status":"open","sticky":false,"template":"","format":"standard","meta":{"_monsterinsights_skip_tracking":false,"_monsterinsights_sitenote_active":false,"_monsterinsights_sitenote_note":"","_monsterinsights_sitenote_category":0,"footnotes":""},"categories":[58],"tags":[],"class_list":["post-108348","post","type-post","status-publish","format-standard","has-post-thumbnail","hentry","category-cultura"],"yoast_head":"<!-- This site is optimized with the Yoast SEO plugin v27.3 - https:\/\/yoast.com\/product\/yoast-seo-wordpress\/ -->\n<title>Los estrenos de series y pel\u00edculas en marzo 2024 por Prime Video -<\/title>\n<meta name=\"robots\" content=\"index, follow, max-snippet:-1, max-image-preview:large, max-video-preview:-1\" \/>\n<link rel=\"canonical\" href=\"https:\/\/quehacerpolitico.mx\/?p=108348\" \/>\n<meta property=\"og:locale\" content=\"es_MX\" \/>\n<meta property=\"og:type\" content=\"article\" \/>\n<meta property=\"og:title\" content=\"Los estrenos de series y pel\u00edculas en marzo 2024 por Prime Video -\" \/>\n<meta property=\"og:description\" content=\"Por Redacci\u00f3n QP Revisa los t\u00edtulos que ser\u00e1n parte del cat\u00e1logo de la plataforma de...\" \/>\n<meta property=\"og:url\" content=\"https:\/\/quehacerpolitico.mx\/?p=108348\" \/>\n<meta property=\"article:published_time\" content=\"2024-02-29T18:06:34+00:00\" \/>\n<meta property=\"article:modified_time\" content=\"2024-02-29T18:06:37+00:00\" \/>\n<meta property=\"og:image\" content=\"https:\/\/quehacerpolitico.mx\/wp-content\/uploads\/2024\/02\/IMG_3994.jpeg\" \/>\n\t<meta property=\"og:image:width\" content=\"739\" \/>\n\t<meta property=\"og:image:height\" content=\"415\" \/>\n\t<meta property=\"og:image:type\" content=\"image\/jpeg\" \/>\n<meta name=\"author\" content=\"Redacci\u00f3n QP\" \/>\n<meta name=\"twitter:card\" content=\"summary_large_image\" \/>\n<meta name=\"twitter:label1\" content=\"Escrito por\" \/>\n\t<meta name=\"twitter:data1\" content=\"Redacci\u00f3n QP\" \/>\n\t<meta name=\"twitter:label2\" content=\"Tiempo de lectura\" \/>\n\t<meta name=\"twitter:data2\" content=\"2 minutos\" \/>\n<script type=\"application\/ld+json\" class=\"yoast-schema-graph\">{\"@context\":\"https:\\\/\\\/schema.org\",\"@graph\":[{\"@type\":\"Article\",\"@id\":\"https:\\\/\\\/quehacerpolitico.mx\\\/?p=108348#article\",\"isPartOf\":{\"@id\":\"https:\\\/\\\/quehacerpolitico.mx\\\/?p=108348\"},\"author\":{\"name\":\"Redacci\u00f3n QP\",\"@id\":\"https:\\\/\\\/quehacerpolitico.mx\\\/#\\\/schema\\\/person\\\/496d8ad2d1d3f8036101dca7ee39e585\"},\"headline\":\"Los estrenos de series y pel\u00edculas en marzo 2024 por Prime Video\",\"datePublished\":\"2024-02-29T18:06:34+00:00\",\"dateModified\":\"2024-02-29T18:06:37+00:00\",\"mainEntityOfPage\":{\"@id\":\"https:\\\/\\\/quehacerpolitico.mx\\\/?p=108348\"},\"wordCount\":351,\"commentCount\":0,\"image\":{\"@id\":\"https:\\\/\\\/quehacerpolitico.mx\\\/?p=108348#primaryimage\"},\"thumbnailUrl\":\"https:\\\/\\\/quehacerpolitico.mx\\\/wp-content\\\/uploads\\\/2024\\\/02\\\/IMG_3994.jpeg\",\"articleSection\":[\"Cultura y Entretenimiento\"],\"inLanguage\":\"es\",\"potentialAction\":[{\"@type\":\"CommentAction\",\"name\":\"Comment\",\"target\":[\"https:\\\/\\\/quehacerpolitico.mx\\\/?p=108348#respond\"]}]},{\"@type\":\"WebPage\",\"@id\":\"https:\\\/\\\/quehacerpolitico.mx\\\/?p=108348\",\"url\":\"https:\\\/\\\/quehacerpolitico.mx\\\/?p=108348\",\"name\":\"Los estrenos de series y pel\u00edculas en marzo 2024 por Prime Video -\",\"isPartOf\":{\"@id\":\"https:\\\/\\\/quehacerpolitico.mx\\\/#website\"},\"primaryImageOfPage\":{\"@id\":\"https:\\\/\\\/quehacerpolitico.mx\\\/?p=108348#primaryimage\"},\"image\":{\"@id\":\"https:\\\/\\\/quehacerpolitico.mx\\\/?p=108348#primaryimage\"},\"thumbnailUrl\":\"https:\\\/\\\/quehacerpolitico.mx\\\/wp-content\\\/uploads\\\/2024\\\/02\\\/IMG_3994.jpeg\",\"datePublished\":\"2024-02-29T18:06:34+00:00\",\"dateModified\":\"2024-02-29T18:06:37+00:00\",\"author\":{\"@id\":\"https:\\\/\\\/quehacerpolitico.mx\\\/#\\\/schema\\\/person\\\/496d8ad2d1d3f8036101dca7ee39e585\"},\"breadcrumb\":{\"@id\":\"https:\\\/\\\/quehacerpolitico.mx\\\/?p=108348#breadcrumb\"},\"inLanguage\":\"es\",\"potentialAction\":[{\"@type\":\"ReadAction\",\"target\":[\"https:\\\/\\\/quehacerpolitico.mx\\\/?p=108348\"]}]},{\"@type\":\"ImageObject\",\"inLanguage\":\"es\",\"@id\":\"https:\\\/\\\/quehacerpolitico.mx\\\/?p=108348#primaryimage\",\"url\":\"https:\\\/\\\/quehacerpolitico.mx\\\/wp-content\\\/uploads\\\/2024\\\/02\\\/IMG_3994.jpeg\",\"contentUrl\":\"https:\\\/\\\/quehacerpolitico.mx\\\/wp-content\\\/uploads\\\/2024\\\/02\\\/IMG_3994.jpeg\",\"width\":739,\"height\":415},{\"@type\":\"BreadcrumbList\",\"@id\":\"https:\\\/\\\/quehacerpolitico.mx\\\/?p=108348#breadcrumb\",\"itemListElement\":[{\"@type\":\"ListItem\",\"position\":1,\"name\":\"Inicio\",\"item\":\"https:\\\/\\\/quehacerpolitico.mx\\\/\"},{\"@type\":\"ListItem\",\"position\":2,\"name\":\"Los estrenos de series y pel\u00edculas en marzo 2024 por Prime Video\"}]},{\"@type\":\"WebSite\",\"@id\":\"https:\\\/\\\/quehacerpolitico.mx\\\/#website\",\"url\":\"https:\\\/\\\/quehacerpolitico.mx\\\/\",\"name\":\"\",\"description\":\"\",\"potentialAction\":[{\"@type\":\"SearchAction\",\"target\":{\"@type\":\"EntryPoint\",\"urlTemplate\":\"https:\\\/\\\/quehacerpolitico.mx\\\/?s={search_term_string}\"},\"query-input\":{\"@type\":\"PropertyValueSpecification\",\"valueRequired\":true,\"valueName\":\"search_term_string\"}}],\"inLanguage\":\"es\"},{\"@type\":\"Person\",\"@id\":\"https:\\\/\\\/quehacerpolitico.mx\\\/#\\\/schema\\\/person\\\/496d8ad2d1d3f8036101dca7ee39e585\",\"name\":\"Redacci\u00f3n QP\",\"image\":{\"@type\":\"ImageObject\",\"inLanguage\":\"es\",\"@id\":\"https:\\\/\\\/secure.gravatar.com\\\/avatar\\\/c7164ed6fdec453195284ad24a5ae5b6e1eed2b848477fa2a4787ba9adf39a41?s=96&d=mm&r=g\",\"url\":\"https:\\\/\\\/secure.gravatar.com\\\/avatar\\\/c7164ed6fdec453195284ad24a5ae5b6e1eed2b848477fa2a4787ba9adf39a41?s=96&d=mm&r=g\",\"contentUrl\":\"https:\\\/\\\/secure.gravatar.com\\\/avatar\\\/c7164ed6fdec453195284ad24a5ae5b6e1eed2b848477fa2a4787ba9adf39a41?s=96&d=mm&r=g\",\"caption\":\"Redacci\u00f3n QP\"},\"url\":\"https:\\\/\\\/quehacerpolitico.mx\\\/?author=2\"}]}<\/script>\n<!-- \/ Yoast SEO plugin. -->","yoast_head_json":{"title":"Los estrenos de series y pel\u00edculas en marzo 2024 por Prime Video -","robots":{"index":"index","follow":"follow","max-snippet":"max-snippet:-1","max-image-preview":"max-image-preview:large","max-video-preview":"max-video-preview:-1"},"canonical":"https:\/\/quehacerpolitico.mx\/?p=108348","og_locale":"es_MX","og_type":"article","og_title":"Los estrenos de series y pel\u00edculas en marzo 2024 por Prime Video -","og_description":"Por Redacci\u00f3n QP Revisa los t\u00edtulos que ser\u00e1n parte del cat\u00e1logo de la plataforma de...","og_url":"https:\/\/quehacerpolitico.mx\/?p=108348","article_published_time":"2024-02-29T18:06:34+00:00","article_modified_time":"2024-02-29T18:06:37+00:00","og_image":[{"width":739,"height":415,"url":"https:\/\/quehacerpolitico.mx\/wp-content\/uploads\/2024\/02\/IMG_3994.jpeg","type":"image\/jpeg"}],"author":"Redacci\u00f3n QP","twitter_card":"summary_large_image","twitter_misc":{"Escrito por":"Redacci\u00f3n QP","Tiempo de lectura":"2 minutos"},"schema":{"@context":"https:\/\/schema.org","@graph":[{"@type":"Article","@id":"https:\/\/quehacerpolitico.mx\/?p=108348#article","isPartOf":{"@id":"https:\/\/quehacerpolitico.mx\/?p=108348"},"author":{"name":"Redacci\u00f3n QP","@id":"https:\/\/quehacerpolitico.mx\/#\/schema\/person\/496d8ad2d1d3f8036101dca7ee39e585"},"headline":"Los estrenos de series y pel\u00edculas en marzo 2024 por Prime Video","datePublished":"2024-02-29T18:06:34+00:00","dateModified":"2024-02-29T18:06:37+00:00","mainEntityOfPage":{"@id":"https:\/\/quehacerpolitico.mx\/?p=108348"},"wordCount":351,"commentCount":0,"image":{"@id":"https:\/\/quehacerpolitico.mx\/?p=108348#primaryimage"},"thumbnailUrl":"https:\/\/quehacerpolitico.mx\/wp-content\/uploads\/2024\/02\/IMG_3994.jpeg","articleSection":["Cultura y Entretenimiento"],"inLanguage":"es","potentialAction":[{"@type":"CommentAction","name":"Comment","target":["https:\/\/quehacerpolitico.mx\/?p=108348#respond"]}]},{"@type":"WebPage","@id":"https:\/\/quehacerpolitico.mx\/?p=108348","url":"https:\/\/quehacerpolitico.mx\/?p=108348","name":"Los estrenos de series y pel\u00edculas en marzo 2024 por Prime Video -","isPartOf":{"@id":"https:\/\/quehacerpolitico.mx\/#website"},"primaryImageOfPage":{"@id":"https:\/\/quehacerpolitico.mx\/?p=108348#primaryimage"},"image":{"@id":"https:\/\/quehacerpolitico.mx\/?p=108348#primaryimage"},"thumbnailUrl":"https:\/\/quehacerpolitico.mx\/wp-content\/uploads\/2024\/02\/IMG_3994.jpeg","datePublished":"2024-02-29T18:06:34+00:00","dateModified":"2024-02-29T18:06:37+00:00","author":{"@id":"https:\/\/quehacerpolitico.mx\/#\/schema\/person\/496d8ad2d1d3f8036101dca7ee39e585"},"breadcrumb":{"@id":"https:\/\/quehacerpolitico.mx\/?p=108348#breadcrumb"},"inLanguage":"es","potentialAction":[{"@type":"ReadAction","target":["https:\/\/quehacerpolitico.mx\/?p=108348"]}]},{"@type":"ImageObject","inLanguage":"es","@id":"https:\/\/quehacerpolitico.mx\/?p=108348#primaryimage","url":"https:\/\/quehacerpolitico.mx\/wp-content\/uploads\/2024\/02\/IMG_3994.jpeg","contentUrl":"https:\/\/quehacerpolitico.mx\/wp-content\/uploads\/2024\/02\/IMG_3994.jpeg","width":739,"height":415},{"@type":"BreadcrumbList","@id":"https:\/\/quehacerpolitico.mx\/?p=108348#breadcrumb","itemListElement":[{"@type":"ListItem","position":1,"name":"Inicio","item":"https:\/\/quehacerpolitico.mx\/"},{"@type":"ListItem","position":2,"name":"Los estrenos de series y pel\u00edculas en marzo 2024 por Prime Video"}]},{"@type":"WebSite","@id":"https:\/\/quehacerpolitico.mx\/#website","url":"https:\/\/quehacerpolitico.mx\/","name":"","description":"","potentialAction":[{"@type":"SearchAction","target":{"@type":"EntryPoint","urlTemplate":"https:\/\/quehacerpolitico.mx\/?s={search_term_string}"},"query-input":{"@type":"PropertyValueSpecification","valueRequired":true,"valueName":"search_term_string"}}],"inLanguage":"es"},{"@type":"Person","@id":"https:\/\/quehacerpolitico.mx\/#\/schema\/person\/496d8ad2d1d3f8036101dca7ee39e585","name":"Redacci\u00f3n QP","image":{"@type":"ImageObject","inLanguage":"es","@id":"https:\/\/secure.gravatar.com\/avatar\/c7164ed6fdec453195284ad24a5ae5b6e1eed2b848477fa2a4787ba9adf39a41?s=96&d=mm&r=g","url":"https:\/\/secure.gravatar.com\/avatar\/c7164ed6fdec453195284ad24a5ae5b6e1eed2b848477fa2a4787ba9adf39a41?s=96&d=mm&r=g","contentUrl":"https:\/\/secure.gravatar.com\/avatar\/c7164ed6fdec453195284ad24a5ae5b6e1eed2b848477fa2a4787ba9adf39a41?s=96&d=mm&r=g","caption":"Redacci\u00f3n QP"},"url":"https:\/\/quehacerpolitico.mx\/?author=2"}]}},"featured_image_urls":{"full":["https:\/\/quehacerpolitico.mx\/wp-content\/uploads\/2024\/02\/IMG_3994.jpeg",739,415,false],"thumbnail":["https:\/\/quehacerpolitico.mx\/wp-content\/uploads\/2024\/02\/IMG_3994-150x150.jpeg",150,150,true],"medium":["https:\/\/quehacerpolitico.mx\/wp-content\/uploads\/2024\/02\/IMG_3994-300x168.jpeg",300,168,true],"medium_large":["https:\/\/quehacerpolitico.mx\/wp-content\/uploads\/2024\/02\/IMG_3994.jpeg",640,359,false],"large":["https:\/\/quehacerpolitico.mx\/wp-content\/uploads\/2024\/02\/IMG_3994.jpeg",640,359,false],"1536x1536":["https:\/\/quehacerpolitico.mx\/wp-content\/uploads\/2024\/02\/IMG_3994.jpeg",739,415,false],"2048x2048":["https:\/\/quehacerpolitico.mx\/wp-content\/uploads\/2024\/02\/IMG_3994.jpeg",739,415,false],"covernews-featured":["https:\/\/quehacerpolitico.mx\/wp-content\/uploads\/2024\/02\/IMG_3994.jpeg",739,415,false],"covernews-medium":["https:\/\/quehacerpolitico.mx\/wp-content\/uploads\/2024\/02\/IMG_3994.jpeg",540,303,false]},"author_info":{"display_name":"Redacci\u00f3n QP","author_link":"https:\/\/quehacerpolitico.mx\/?author=2"},"category_info":"<a href=\"https:\/\/quehacerpolitico.mx\/?cat=58\" rel=\"category\">Cultura y Entretenimiento<\/a>","tag_info":"Cultura y Entretenimiento","comment_count":"0","_links":{"self":[{"href":"https:\/\/quehacerpolitico.mx\/index.php?rest_route=\/wp\/v2\/posts\/108348","targetHints":{"allow":["GET"]}}],"collection":[{"href":"https:\/\/quehacerpolitico.mx\/index.php?rest_route=\/wp\/v2\/posts"}],"about":[{"href":"https:\/\/quehacerpolitico.mx\/index.php?rest_route=\/wp\/v2\/types\/post"}],"author":[{"embeddable":true,"href":"https:\/\/quehacerpolitico.mx\/index.php?rest_route=\/wp\/v2\/users\/2"}],"replies":[{"embeddable":true,"href":"https:\/\/quehacerpolitico.mx\/index.php?rest_route=%2Fwp%2Fv2%2Fcomments&post=108348"}],"version-history":[{"count":1,"href":"https:\/\/quehacerpolitico.mx\/index.php?rest_route=\/wp\/v2\/posts\/108348\/revisions"}],"predecessor-version":[{"id":108350,"href":"https:\/\/quehacerpolitico.mx\/index.php?rest_route=\/wp\/v2\/posts\/108348\/revisions\/108350"}],"wp:featuredmedia":[{"embeddable":true,"href":"https:\/\/quehacerpolitico.mx\/index.php?rest_route=\/wp\/v2\/media\/108349"}],"wp:attachment":[{"href":"https:\/\/quehacerpolitico.mx\/index.php?rest_route=%2Fwp%2Fv2%2Fmedia&parent=108348"}],"wp:term":[{"taxonomy":"category","embeddable":true,"href":"https:\/\/quehacerpolitico.mx\/index.php?rest_route=%2Fwp%2Fv2%2Fcategories&post=108348"},{"taxonomy":"post_tag","embeddable":true,"href":"https:\/\/quehacerpolitico.mx\/index.php?rest_route=%2Fwp%2Fv2%2Ftags&post=108348"}],"curies":[{"name":"wp","href":"https:\/\/api.w.org\/{rel}","templated":true}]}}