{"id":108332,"date":"2024-02-29T16:59:53","date_gmt":"2024-02-29T16:59:53","guid":{"rendered":"https:\/\/quehacerpolitico.mx\/?p=108332"},"modified":"2024-02-29T16:59:59","modified_gmt":"2024-02-29T16:59:59","slug":"el-presidente-lopez-obrador-volvio-a-senalar-que-el-exministro-arturo-zaldivar-influia-en-jueces-a-peticion-suya-solo-en-casos-especiales","status":"publish","type":"post","link":"https:\/\/quehacerpolitico.mx\/?p=108332","title":{"rendered":"El presidente L\u00f3pez Obrador volvi\u00f3 a se\u00f1alar que el exministro Arturo Zald\u00edvar influ\u00eda en jueces a petici\u00f3n suya solo en casos especiales"},"content":{"rendered":"\n<p>Por Redacci\u00f3n QP<\/p>\n\n\n\n<p>El presidente\u00a0<strong>Andres Manuel L\u00f3pez Obrador<\/strong>\u00a0asegur\u00f3 que solo utilizaba la ayuda del exministro presidente de la\u00a0<strong>Suprema Corte de Justicia de la Naci\u00f3n<\/strong>\u00a0(<strong>SCJN<\/strong>),\u00a0<strong>Arturo Zald\u00edvar<\/strong>, para que\u00a0<strong>influyera<\/strong>\u00a0en\u00a0<strong>jueces<\/strong>\u00a0solamente para \u201c<strong>casos muy especiales<\/strong>de Estado\u201d.<\/p>\n\n\n\n<p>En la conferencia matutina realizada en Canc\u00fan, Quintana Roo, L\u00f3pez Obrador aclar\u00f3 sus\u00a0dichos del pasado 21 de febrero, donde apunt\u00f3 que ped\u00eda la ayuda de\u00a0<strong>Zald\u00edvar Lelo de Larrea<\/strong> para hablar con\u00a0<strong>jueces<\/strong>\u00a0a petici\u00f3n del Gobierno para que no se liberaran a presuntos\u00a0<strong>delincuentes<\/strong>.<\/p>\n\n\n\n<p>\u201cAntes cuando hab\u00eda un poco de orden y una visi\u00f3n de Estado porque era un asunto ,muy grave. como cuando se dej\u00f3 en libertad a (Rafael) Caro Quintero, un s\u00e1bado, \u00bfc\u00f3mo queda el pa\u00eds? \u00bfc\u00f3mo queda el Estado mexicano? \u00bfC\u00f3mo queda el presidente?\u201d, indic\u00f3.<\/p>\n\n\n\n<p>Cuando suced\u00eda eso y estaba el ministro Zald\u00edvar, le ten\u00eda confianza para decir \u2018oiga\u2019, pero no es que le iba a plantear \u2018ay\u00fadennos, porque est\u00e1n queriendo meter a la c\u00e1rcel a este corrupto, no lo metan\u2019, nunca, era para casos muy especiales de Estado, Le dec\u00eda \u2018hable con el juez p\u00eddale que revise el caso, nos va a meter en alg\u00fan problema&#8217;\u201d, agreg\u00f3.<\/p>\n\n\n\n<p>\u201cLlega la nueva presidenta (Norma Pi\u00f1a) y dice (que jueces) \u2018son aut\u00f3nomos, claro que hay autonom\u00eda en los juzgados, pero hay una raz\u00f3n de Estado siempre, y de Naci\u00f3n, y desde luego que por encima est\u00e1 la libertad y la justicia. \u2018Es que no hiciste bien el tr\u00e1mite, no hiciste bien el domicilio\u2019 y para fuera\u201d, puntualiz\u00f3.<\/p>\n\n\n\n<p>El mandatario mexicano se lanz\u00f3 contra periodistas cr\u00edticos por hacer un \u201cesc\u00e1ndalo\u201d y una \u201cexageraci\u00f3n\u201d de esta declaraci\u00f3n realizada el pasado 21 de febrero.<\/p>\n\n\n\n<p>El mandatario mexicano reclam\u00f3 que los jueces en nuestro pa\u00eds aplican la ley \u201craras veces\u201d y como ejemplo puso el caso del juzgador que liber\u00f3 a un\u00a0presunto agresor sexual de una\u00a0<strong>menor de edad<\/strong>\u00a0en el\u00a0<strong>Estado de M\u00e9xico<\/strong>.<\/p>\n\n\n\n<p>\u201cTodos esos jueces, magistrados y ministros, s\u00ed acaso, raras veces, aplican la ley, se quedan en l a aplicaci\u00f3n del derecho, pero en ning\u00fan caso puede ser que haya por ah\u00ed algo, toman en cuenta la justicia y lo acabamos de ver con este juez con lo de la ni\u00f1a\u201d, subray\u00f3.<\/p>\n\n\n\n<p>\u201cEsa es la mentalidad: no fue a la hora que dice la investigaci\u00f3n, eso lo vivimos todos los d\u00edas, y cuando dije de que hab\u00eda asuntos de Estado, por ejemplo dejar en libertad a un narcotraficante famoso y nos mandan la orden, en dos horas lo dejan libre. Un\u00a0<em>sabadazo\u201d<\/em>, dijo.<\/p>\n","protected":false},"excerpt":{"rendered":"<p>Por Redacci\u00f3n QP El presidente\u00a0Andres Manuel L\u00f3pez Obrador\u00a0asegur\u00f3 que solo utilizaba la ayuda del exministro&#8230;<\/p>\n","protected":false},"author":2,"featured_media":108333,"comment_status":"open","ping_status":"open","sticky":false,"template":"","format":"standard","meta":{"_monsterinsights_skip_tracking":false,"_monsterinsights_sitenote_active":false,"_monsterinsights_sitenote_note":"","_monsterinsights_sitenote_category":0,"footnotes":""},"categories":[2],"tags":[],"class_list":["post-108332","post","type-post","status-publish","format-standard","has-post-thumbnail","hentry","category-noticias"],"yoast_head":"<!-- This site is optimized with the Yoast SEO plugin v27.3 - https:\/\/yoast.com\/product\/yoast-seo-wordpress\/ -->\n<title>El presidente L\u00f3pez Obrador volvi\u00f3 a se\u00f1alar que el exministro Arturo Zald\u00edvar influ\u00eda en jueces a petici\u00f3n suya solo en casos especiales -<\/title>\n<meta name=\"robots\" content=\"index, follow, max-snippet:-1, max-image-preview:large, max-video-preview:-1\" \/>\n<link rel=\"canonical\" href=\"https:\/\/quehacerpolitico.mx\/?p=108332\" \/>\n<meta property=\"og:locale\" content=\"es_MX\" \/>\n<meta property=\"og:type\" content=\"article\" \/>\n<meta property=\"og:title\" content=\"El presidente L\u00f3pez Obrador volvi\u00f3 a se\u00f1alar que el exministro Arturo Zald\u00edvar influ\u00eda en jueces a petici\u00f3n suya solo en casos especiales -\" \/>\n<meta property=\"og:description\" content=\"Por Redacci\u00f3n QP El presidente\u00a0Andres Manuel L\u00f3pez Obrador\u00a0asegur\u00f3 que solo utilizaba la ayuda del exministro...\" \/>\n<meta property=\"og:url\" content=\"https:\/\/quehacerpolitico.mx\/?p=108332\" \/>\n<meta property=\"article:published_time\" content=\"2024-02-29T16:59:53+00:00\" \/>\n<meta property=\"article:modified_time\" content=\"2024-02-29T16:59:59+00:00\" \/>\n<meta property=\"og:image\" content=\"https:\/\/quehacerpolitico.mx\/wp-content\/uploads\/2024\/02\/IMG_3988.jpeg\" \/>\n\t<meta property=\"og:image:width\" content=\"678\" \/>\n\t<meta property=\"og:image:height\" content=\"452\" \/>\n\t<meta property=\"og:image:type\" content=\"image\/jpeg\" \/>\n<meta name=\"author\" content=\"Redacci\u00f3n QP\" \/>\n<meta name=\"twitter:card\" content=\"summary_large_image\" \/>\n<meta name=\"twitter:label1\" content=\"Escrito por\" \/>\n\t<meta name=\"twitter:data1\" content=\"Redacci\u00f3n QP\" \/>\n\t<meta name=\"twitter:label2\" content=\"Tiempo de lectura\" \/>\n\t<meta name=\"twitter:data2\" content=\"2 minutos\" \/>\n<script type=\"application\/ld+json\" class=\"yoast-schema-graph\">{\"@context\":\"https:\\\/\\\/schema.org\",\"@graph\":[{\"@type\":\"Article\",\"@id\":\"https:\\\/\\\/quehacerpolitico.mx\\\/?p=108332#article\",\"isPartOf\":{\"@id\":\"https:\\\/\\\/quehacerpolitico.mx\\\/?p=108332\"},\"author\":{\"name\":\"Redacci\u00f3n QP\",\"@id\":\"https:\\\/\\\/quehacerpolitico.mx\\\/#\\\/schema\\\/person\\\/496d8ad2d1d3f8036101dca7ee39e585\"},\"headline\":\"El presidente L\u00f3pez Obrador volvi\u00f3 a se\u00f1alar que el exministro Arturo Zald\u00edvar influ\u00eda en jueces a petici\u00f3n suya solo en casos especiales\",\"datePublished\":\"2024-02-29T16:59:53+00:00\",\"dateModified\":\"2024-02-29T16:59:59+00:00\",\"mainEntityOfPage\":{\"@id\":\"https:\\\/\\\/quehacerpolitico.mx\\\/?p=108332\"},\"wordCount\":485,\"commentCount\":0,\"image\":{\"@id\":\"https:\\\/\\\/quehacerpolitico.mx\\\/?p=108332#primaryimage\"},\"thumbnailUrl\":\"https:\\\/\\\/quehacerpolitico.mx\\\/wp-content\\\/uploads\\\/2024\\\/02\\\/IMG_3988.jpeg\",\"articleSection\":[\"Noticias\"],\"inLanguage\":\"es\",\"potentialAction\":[{\"@type\":\"CommentAction\",\"name\":\"Comment\",\"target\":[\"https:\\\/\\\/quehacerpolitico.mx\\\/?p=108332#respond\"]}]},{\"@type\":\"WebPage\",\"@id\":\"https:\\\/\\\/quehacerpolitico.mx\\\/?p=108332\",\"url\":\"https:\\\/\\\/quehacerpolitico.mx\\\/?p=108332\",\"name\":\"El presidente L\u00f3pez Obrador volvi\u00f3 a se\u00f1alar que el exministro Arturo Zald\u00edvar influ\u00eda en jueces a petici\u00f3n suya solo en casos especiales -\",\"isPartOf\":{\"@id\":\"https:\\\/\\\/quehacerpolitico.mx\\\/#website\"},\"primaryImageOfPage\":{\"@id\":\"https:\\\/\\\/quehacerpolitico.mx\\\/?p=108332#primaryimage\"},\"image\":{\"@id\":\"https:\\\/\\\/quehacerpolitico.mx\\\/?p=108332#primaryimage\"},\"thumbnailUrl\":\"https:\\\/\\\/quehacerpolitico.mx\\\/wp-content\\\/uploads\\\/2024\\\/02\\\/IMG_3988.jpeg\",\"datePublished\":\"2024-02-29T16:59:53+00:00\",\"dateModified\":\"2024-02-29T16:59:59+00:00\",\"author\":{\"@id\":\"https:\\\/\\\/quehacerpolitico.mx\\\/#\\\/schema\\\/person\\\/496d8ad2d1d3f8036101dca7ee39e585\"},\"breadcrumb\":{\"@id\":\"https:\\\/\\\/quehacerpolitico.mx\\\/?p=108332#breadcrumb\"},\"inLanguage\":\"es\",\"potentialAction\":[{\"@type\":\"ReadAction\",\"target\":[\"https:\\\/\\\/quehacerpolitico.mx\\\/?p=108332\"]}]},{\"@type\":\"ImageObject\",\"inLanguage\":\"es\",\"@id\":\"https:\\\/\\\/quehacerpolitico.mx\\\/?p=108332#primaryimage\",\"url\":\"https:\\\/\\\/quehacerpolitico.mx\\\/wp-content\\\/uploads\\\/2024\\\/02\\\/IMG_3988.jpeg\",\"contentUrl\":\"https:\\\/\\\/quehacerpolitico.mx\\\/wp-content\\\/uploads\\\/2024\\\/02\\\/IMG_3988.jpeg\",\"width\":678,\"height\":452},{\"@type\":\"BreadcrumbList\",\"@id\":\"https:\\\/\\\/quehacerpolitico.mx\\\/?p=108332#breadcrumb\",\"itemListElement\":[{\"@type\":\"ListItem\",\"position\":1,\"name\":\"Inicio\",\"item\":\"https:\\\/\\\/quehacerpolitico.mx\\\/\"},{\"@type\":\"ListItem\",\"position\":2,\"name\":\"El presidente L\u00f3pez Obrador volvi\u00f3 a se\u00f1alar que el exministro Arturo Zald\u00edvar influ\u00eda en jueces a petici\u00f3n suya solo en casos especiales\"}]},{\"@type\":\"WebSite\",\"@id\":\"https:\\\/\\\/quehacerpolitico.mx\\\/#website\",\"url\":\"https:\\\/\\\/quehacerpolitico.mx\\\/\",\"name\":\"\",\"description\":\"\",\"potentialAction\":[{\"@type\":\"SearchAction\",\"target\":{\"@type\":\"EntryPoint\",\"urlTemplate\":\"https:\\\/\\\/quehacerpolitico.mx\\\/?s={search_term_string}\"},\"query-input\":{\"@type\":\"PropertyValueSpecification\",\"valueRequired\":true,\"valueName\":\"search_term_string\"}}],\"inLanguage\":\"es\"},{\"@type\":\"Person\",\"@id\":\"https:\\\/\\\/quehacerpolitico.mx\\\/#\\\/schema\\\/person\\\/496d8ad2d1d3f8036101dca7ee39e585\",\"name\":\"Redacci\u00f3n QP\",\"image\":{\"@type\":\"ImageObject\",\"inLanguage\":\"es\",\"@id\":\"https:\\\/\\\/secure.gravatar.com\\\/avatar\\\/c7164ed6fdec453195284ad24a5ae5b6e1eed2b848477fa2a4787ba9adf39a41?s=96&d=mm&r=g\",\"url\":\"https:\\\/\\\/secure.gravatar.com\\\/avatar\\\/c7164ed6fdec453195284ad24a5ae5b6e1eed2b848477fa2a4787ba9adf39a41?s=96&d=mm&r=g\",\"contentUrl\":\"https:\\\/\\\/secure.gravatar.com\\\/avatar\\\/c7164ed6fdec453195284ad24a5ae5b6e1eed2b848477fa2a4787ba9adf39a41?s=96&d=mm&r=g\",\"caption\":\"Redacci\u00f3n QP\"},\"url\":\"https:\\\/\\\/quehacerpolitico.mx\\\/?author=2\"}]}<\/script>\n<!-- \/ Yoast SEO plugin. -->","yoast_head_json":{"title":"El presidente L\u00f3pez Obrador volvi\u00f3 a se\u00f1alar que el exministro Arturo Zald\u00edvar influ\u00eda en jueces a petici\u00f3n suya solo en casos especiales -","robots":{"index":"index","follow":"follow","max-snippet":"max-snippet:-1","max-image-preview":"max-image-preview:large","max-video-preview":"max-video-preview:-1"},"canonical":"https:\/\/quehacerpolitico.mx\/?p=108332","og_locale":"es_MX","og_type":"article","og_title":"El presidente L\u00f3pez Obrador volvi\u00f3 a se\u00f1alar que el exministro Arturo Zald\u00edvar influ\u00eda en jueces a petici\u00f3n suya solo en casos especiales -","og_description":"Por Redacci\u00f3n QP El presidente\u00a0Andres Manuel L\u00f3pez Obrador\u00a0asegur\u00f3 que solo utilizaba la ayuda del exministro...","og_url":"https:\/\/quehacerpolitico.mx\/?p=108332","article_published_time":"2024-02-29T16:59:53+00:00","article_modified_time":"2024-02-29T16:59:59+00:00","og_image":[{"width":678,"height":452,"url":"https:\/\/quehacerpolitico.mx\/wp-content\/uploads\/2024\/02\/IMG_3988.jpeg","type":"image\/jpeg"}],"author":"Redacci\u00f3n QP","twitter_card":"summary_large_image","twitter_misc":{"Escrito por":"Redacci\u00f3n QP","Tiempo de lectura":"2 minutos"},"schema":{"@context":"https:\/\/schema.org","@graph":[{"@type":"Article","@id":"https:\/\/quehacerpolitico.mx\/?p=108332#article","isPartOf":{"@id":"https:\/\/quehacerpolitico.mx\/?p=108332"},"author":{"name":"Redacci\u00f3n QP","@id":"https:\/\/quehacerpolitico.mx\/#\/schema\/person\/496d8ad2d1d3f8036101dca7ee39e585"},"headline":"El presidente L\u00f3pez Obrador volvi\u00f3 a se\u00f1alar que el exministro Arturo Zald\u00edvar influ\u00eda en jueces a petici\u00f3n suya solo en casos especiales","datePublished":"2024-02-29T16:59:53+00:00","dateModified":"2024-02-29T16:59:59+00:00","mainEntityOfPage":{"@id":"https:\/\/quehacerpolitico.mx\/?p=108332"},"wordCount":485,"commentCount":0,"image":{"@id":"https:\/\/quehacerpolitico.mx\/?p=108332#primaryimage"},"thumbnailUrl":"https:\/\/quehacerpolitico.mx\/wp-content\/uploads\/2024\/02\/IMG_3988.jpeg","articleSection":["Noticias"],"inLanguage":"es","potentialAction":[{"@type":"CommentAction","name":"Comment","target":["https:\/\/quehacerpolitico.mx\/?p=108332#respond"]}]},{"@type":"WebPage","@id":"https:\/\/quehacerpolitico.mx\/?p=108332","url":"https:\/\/quehacerpolitico.mx\/?p=108332","name":"El presidente L\u00f3pez Obrador volvi\u00f3 a se\u00f1alar que el exministro Arturo Zald\u00edvar influ\u00eda en jueces a petici\u00f3n suya solo en casos especiales -","isPartOf":{"@id":"https:\/\/quehacerpolitico.mx\/#website"},"primaryImageOfPage":{"@id":"https:\/\/quehacerpolitico.mx\/?p=108332#primaryimage"},"image":{"@id":"https:\/\/quehacerpolitico.mx\/?p=108332#primaryimage"},"thumbnailUrl":"https:\/\/quehacerpolitico.mx\/wp-content\/uploads\/2024\/02\/IMG_3988.jpeg","datePublished":"2024-02-29T16:59:53+00:00","dateModified":"2024-02-29T16:59:59+00:00","author":{"@id":"https:\/\/quehacerpolitico.mx\/#\/schema\/person\/496d8ad2d1d3f8036101dca7ee39e585"},"breadcrumb":{"@id":"https:\/\/quehacerpolitico.mx\/?p=108332#breadcrumb"},"inLanguage":"es","potentialAction":[{"@type":"ReadAction","target":["https:\/\/quehacerpolitico.mx\/?p=108332"]}]},{"@type":"ImageObject","inLanguage":"es","@id":"https:\/\/quehacerpolitico.mx\/?p=108332#primaryimage","url":"https:\/\/quehacerpolitico.mx\/wp-content\/uploads\/2024\/02\/IMG_3988.jpeg","contentUrl":"https:\/\/quehacerpolitico.mx\/wp-content\/uploads\/2024\/02\/IMG_3988.jpeg","width":678,"height":452},{"@type":"BreadcrumbList","@id":"https:\/\/quehacerpolitico.mx\/?p=108332#breadcrumb","itemListElement":[{"@type":"ListItem","position":1,"name":"Inicio","item":"https:\/\/quehacerpolitico.mx\/"},{"@type":"ListItem","position":2,"name":"El presidente L\u00f3pez Obrador volvi\u00f3 a se\u00f1alar que el exministro Arturo Zald\u00edvar influ\u00eda en jueces a petici\u00f3n suya solo en casos especiales"}]},{"@type":"WebSite","@id":"https:\/\/quehacerpolitico.mx\/#website","url":"https:\/\/quehacerpolitico.mx\/","name":"","description":"","potentialAction":[{"@type":"SearchAction","target":{"@type":"EntryPoint","urlTemplate":"https:\/\/quehacerpolitico.mx\/?s={search_term_string}"},"query-input":{"@type":"PropertyValueSpecification","valueRequired":true,"valueName":"search_term_string"}}],"inLanguage":"es"},{"@type":"Person","@id":"https:\/\/quehacerpolitico.mx\/#\/schema\/person\/496d8ad2d1d3f8036101dca7ee39e585","name":"Redacci\u00f3n QP","image":{"@type":"ImageObject","inLanguage":"es","@id":"https:\/\/secure.gravatar.com\/avatar\/c7164ed6fdec453195284ad24a5ae5b6e1eed2b848477fa2a4787ba9adf39a41?s=96&d=mm&r=g","url":"https:\/\/secure.gravatar.com\/avatar\/c7164ed6fdec453195284ad24a5ae5b6e1eed2b848477fa2a4787ba9adf39a41?s=96&d=mm&r=g","contentUrl":"https:\/\/secure.gravatar.com\/avatar\/c7164ed6fdec453195284ad24a5ae5b6e1eed2b848477fa2a4787ba9adf39a41?s=96&d=mm&r=g","caption":"Redacci\u00f3n QP"},"url":"https:\/\/quehacerpolitico.mx\/?author=2"}]}},"featured_image_urls":{"full":["https:\/\/quehacerpolitico.mx\/wp-content\/uploads\/2024\/02\/IMG_3988.jpeg",678,452,false],"thumbnail":["https:\/\/quehacerpolitico.mx\/wp-content\/uploads\/2024\/02\/IMG_3988-150x150.jpeg",150,150,true],"medium":["https:\/\/quehacerpolitico.mx\/wp-content\/uploads\/2024\/02\/IMG_3988-300x200.jpeg",300,200,true],"medium_large":["https:\/\/quehacerpolitico.mx\/wp-content\/uploads\/2024\/02\/IMG_3988.jpeg",640,427,false],"large":["https:\/\/quehacerpolitico.mx\/wp-content\/uploads\/2024\/02\/IMG_3988.jpeg",640,427,false],"1536x1536":["https:\/\/quehacerpolitico.mx\/wp-content\/uploads\/2024\/02\/IMG_3988.jpeg",678,452,false],"2048x2048":["https:\/\/quehacerpolitico.mx\/wp-content\/uploads\/2024\/02\/IMG_3988.jpeg",678,452,false],"covernews-featured":["https:\/\/quehacerpolitico.mx\/wp-content\/uploads\/2024\/02\/IMG_3988.jpeg",678,452,false],"covernews-medium":["https:\/\/quehacerpolitico.mx\/wp-content\/uploads\/2024\/02\/IMG_3988.jpeg",510,340,false]},"author_info":{"display_name":"Redacci\u00f3n QP","author_link":"https:\/\/quehacerpolitico.mx\/?author=2"},"category_info":"<a href=\"https:\/\/quehacerpolitico.mx\/?cat=2\" rel=\"category\">Noticias<\/a>","tag_info":"Noticias","comment_count":"0","_links":{"self":[{"href":"https:\/\/quehacerpolitico.mx\/index.php?rest_route=\/wp\/v2\/posts\/108332","targetHints":{"allow":["GET"]}}],"collection":[{"href":"https:\/\/quehacerpolitico.mx\/index.php?rest_route=\/wp\/v2\/posts"}],"about":[{"href":"https:\/\/quehacerpolitico.mx\/index.php?rest_route=\/wp\/v2\/types\/post"}],"author":[{"embeddable":true,"href":"https:\/\/quehacerpolitico.mx\/index.php?rest_route=\/wp\/v2\/users\/2"}],"replies":[{"embeddable":true,"href":"https:\/\/quehacerpolitico.mx\/index.php?rest_route=%2Fwp%2Fv2%2Fcomments&post=108332"}],"version-history":[{"count":1,"href":"https:\/\/quehacerpolitico.mx\/index.php?rest_route=\/wp\/v2\/posts\/108332\/revisions"}],"predecessor-version":[{"id":108334,"href":"https:\/\/quehacerpolitico.mx\/index.php?rest_route=\/wp\/v2\/posts\/108332\/revisions\/108334"}],"wp:featuredmedia":[{"embeddable":true,"href":"https:\/\/quehacerpolitico.mx\/index.php?rest_route=\/wp\/v2\/media\/108333"}],"wp:attachment":[{"href":"https:\/\/quehacerpolitico.mx\/index.php?rest_route=%2Fwp%2Fv2%2Fmedia&parent=108332"}],"wp:term":[{"taxonomy":"category","embeddable":true,"href":"https:\/\/quehacerpolitico.mx\/index.php?rest_route=%2Fwp%2Fv2%2Fcategories&post=108332"},{"taxonomy":"post_tag","embeddable":true,"href":"https:\/\/quehacerpolitico.mx\/index.php?rest_route=%2Fwp%2Fv2%2Ftags&post=108332"}],"curies":[{"name":"wp","href":"https:\/\/api.w.org\/{rel}","templated":true}]}}