{"id":108319,"date":"2024-02-29T14:25:25","date_gmt":"2024-02-29T14:25:25","guid":{"rendered":"https:\/\/quehacerpolitico.mx\/?p=108319"},"modified":"2024-02-29T14:25:27","modified_gmt":"2024-02-29T14:25:27","slug":"internacionales-carolina-alonso-romei-el-presidente-ruso-vladimir-putin-advirtio-hoy-a-la-otan-que-las-consecuencias-del-despliegue-de-tropas-aliadas-en-ucrania-ser","status":"publish","type":"post","link":"https:\/\/quehacerpolitico.mx\/?p=108319","title":{"rendered":"Internacionales\/\/\/Carolina Alonso Romei\/\/\/El presidente ruso,\u00a0Vlad\u00edmir Putin, advirti\u00f3 hoy a la\u00a0OTAN que las\u00a0consecuencias\u00a0del\u00a0despliegue de tropas aliadas en\u00a0Ucrania ser\u00edan \u201ctr\u00e1gicas\u201c"},"content":{"rendered":"\n<p>Por Carolina Alonso Romei<\/p>\n\n\n\n<p>Internacionalista <\/p>\n\n\n\n<p>El presidente ruso, Vlad\u00edmir Putin, record\u00f3 a la OTAN que Rusia \u201d tiene armas que pueden alcanzar objetivos en sus territorios\u201d<\/p>\n\n\n\n<p>El presidente ruso,\u00a0<strong>Vlad\u00edmir Putin<\/strong>, advirti\u00f3 hoy a la\u00a0OTAN que las\u00a0<strong>consecuencias<\/strong>\u00a0del\u00a0despliegue de tropas aliadas en\u00a0<strong>Ucrania<\/strong> ser\u00edan \u201c<strong>tr\u00e1gicas<\/strong>\u201c, al tiempo que tach\u00f3 de \u201cdisparate\u201d las acusaciones de que Mosc\u00fa se plantee atacar Europa.<\/p>\n\n\n\n<p>Han empezado a hablar sobre la posibilidad de enviar a Ucrania contingentes militares de la OTAN, pero recordamos la suerte de aquellos que en su momento enviaron tropas al territorio de nuestro pa\u00eds, pero ahora las consecuencias para los posibles intervencionistas ser\u00e1n mucho m\u00e1s tr\u00e1gicas\u201d, dijo Putin durante el discurso sobre el estado de la naci\u00f3n ante ambas c\u00e1maras del Parlamento ruso.<\/p>\n\n\n\n<p>Putin subray\u00f3 que las potencias occidentales deben entender que\u00a0<strong>Rusia<\/strong>\u00a0\u201ctambi\u00e9n tiene armas que pueden alcanzar objetivos en sus territorios\u201d.<\/p>\n\n\n\n<figure class=\"wp-block-embed is-type-video is-provider-youtube wp-block-embed-youtube wp-embed-aspect-16-9 wp-has-aspect-ratio\"><div class=\"wp-block-embed__wrapper\">\n<iframe loading=\"lazy\" title=\"Putin amenaza con una guerra nuclear si la OTAN env\u00eda tropas a Ucrania I GUERRA I La Vanguardia\" width=\"640\" height=\"360\" src=\"https:\/\/www.youtube.com\/embed\/2HZxkKatM30?feature=oembed\" frameborder=\"0\" allow=\"accelerometer; autoplay; clipboard-write; encrypted-media; gyroscope; picture-in-picture; web-share\" referrerpolicy=\"strict-origin-when-cross-origin\" allowfullscreen><\/iframe>\n<\/div><\/figure>\n\n\n\n<p>A su vez, acus\u00f3 a Occidente de olvidar lo que es la guerra y de provocar \u201clos conflictos en Ucrania, Oriente Medio y otras regiones del mundo\u201d.<\/p>\n\n\n\n<p>\u201cY siguen mintiendo. Ahora, sin ning\u00fan pudor, aseguran que Rusia supuestamente se propone atacar Europa. Pero nosotros sabemos bien que se trata de simples disparates\u201d, afirm\u00f3.<\/p>\n\n\n\n<p>Asegur\u00f3 que&nbsp;<strong>Occidente<\/strong>&nbsp;intenta que la Federaci\u00f3n Rusa cometa el mismo error que la Uni\u00f3n Sovi\u00e9tica de verse involucrada en una carrera armamentista, a la que la URSS dedic\u00f3 el 13 por ciento del Producto Interior Bruto, cuando Mosc\u00fa asignar\u00e1 a defensa un 6 % en 2024.<\/p>\n\n\n\n<p>Al respecto, subray\u00f3 que ese \u201ctruco\u201d no prosperar\u00e1, ya que Mosc\u00fa se propone desarrollar el complejo t\u00e9cnico-militar con el fin de reforzar el potencial industrial, tecnol\u00f3gico y cient\u00edfico del pa\u00eds.<\/p>\n\n\n\n<p>Putin tambi\u00e9n calific\u00f3 de \u201cinfundadas\u201d las acusaciones de Estados Unidos de que Rusia se disponga a desplegar armamento nuclear en el cosmos.<\/p>\n\n\n\n<p>Aunque, a rengl\u00f3n seguido, destac\u00f3 que las fuerzas estrat\u00e9gicas nucleares rusas se encuentran \u201cen plena disposici\u00f3n de combate\u201d.<\/p>\n\n\n\n<p>\u201cSin una Rusia soberana y fuerte, no ser\u00e1 posible un orden mundial s\u00f3lido\u201d, afirm\u00f3.<\/p>\n\n\n\n<p>Con informaci\u00f3n de EFE<\/p>\n","protected":false},"excerpt":{"rendered":"<p>Por Carolina Alonso Romei Internacionalista El presidente ruso, Vlad\u00edmir Putin, record\u00f3 a la OTAN que&#8230;<\/p>\n","protected":false},"author":2,"featured_media":108320,"comment_status":"open","ping_status":"open","sticky":false,"template":"","format":"standard","meta":{"_monsterinsights_skip_tracking":false,"_monsterinsights_sitenote_active":false,"_monsterinsights_sitenote_note":"","_monsterinsights_sitenote_category":0,"footnotes":""},"categories":[1],"tags":[],"class_list":["post-108319","post","type-post","status-publish","format-standard","has-post-thumbnail","hentry","category-sin-categoria"],"yoast_head":"<!-- This site is optimized with the Yoast SEO plugin v27.3 - https:\/\/yoast.com\/product\/yoast-seo-wordpress\/ -->\n<title>Internacionales\/\/\/Carolina Alonso Romei\/\/\/El presidente ruso,\u00a0Vlad\u00edmir Putin, advirti\u00f3 hoy a la\u00a0OTAN que las\u00a0consecuencias\u00a0del\u00a0despliegue de tropas aliadas en\u00a0Ucrania ser\u00edan \u201ctr\u00e1gicas\u201c -<\/title>\n<meta name=\"robots\" content=\"index, follow, max-snippet:-1, max-image-preview:large, max-video-preview:-1\" \/>\n<link rel=\"canonical\" href=\"https:\/\/quehacerpolitico.mx\/?p=108319\" \/>\n<meta property=\"og:locale\" content=\"es_MX\" \/>\n<meta property=\"og:type\" content=\"article\" \/>\n<meta property=\"og:title\" content=\"Internacionales\/\/\/Carolina Alonso Romei\/\/\/El presidente ruso,\u00a0Vlad\u00edmir Putin, advirti\u00f3 hoy a la\u00a0OTAN que las\u00a0consecuencias\u00a0del\u00a0despliegue de tropas aliadas en\u00a0Ucrania ser\u00edan \u201ctr\u00e1gicas\u201c -\" \/>\n<meta property=\"og:description\" content=\"Por Carolina Alonso Romei Internacionalista El presidente ruso, Vlad\u00edmir Putin, record\u00f3 a la OTAN que...\" \/>\n<meta property=\"og:url\" content=\"https:\/\/quehacerpolitico.mx\/?p=108319\" \/>\n<meta property=\"article:published_time\" content=\"2024-02-29T14:25:25+00:00\" \/>\n<meta property=\"article:modified_time\" content=\"2024-02-29T14:25:27+00:00\" \/>\n<meta property=\"og:image\" content=\"https:\/\/quehacerpolitico.mx\/wp-content\/uploads\/2024\/02\/IMG_3982.jpeg\" \/>\n\t<meta property=\"og:image:width\" content=\"640\" \/>\n\t<meta property=\"og:image:height\" content=\"480\" \/>\n\t<meta property=\"og:image:type\" content=\"image\/jpeg\" \/>\n<meta name=\"author\" content=\"Redacci\u00f3n QP\" \/>\n<meta name=\"twitter:card\" content=\"summary_large_image\" \/>\n<meta name=\"twitter:label1\" content=\"Escrito por\" \/>\n\t<meta name=\"twitter:data1\" content=\"Redacci\u00f3n QP\" \/>\n\t<meta name=\"twitter:label2\" content=\"Tiempo de lectura\" \/>\n\t<meta name=\"twitter:data2\" content=\"2 minutos\" \/>\n<script type=\"application\/ld+json\" class=\"yoast-schema-graph\">{\"@context\":\"https:\\\/\\\/schema.org\",\"@graph\":[{\"@type\":\"Article\",\"@id\":\"https:\\\/\\\/quehacerpolitico.mx\\\/?p=108319#article\",\"isPartOf\":{\"@id\":\"https:\\\/\\\/quehacerpolitico.mx\\\/?p=108319\"},\"author\":{\"name\":\"Redacci\u00f3n QP\",\"@id\":\"https:\\\/\\\/quehacerpolitico.mx\\\/#\\\/schema\\\/person\\\/496d8ad2d1d3f8036101dca7ee39e585\"},\"headline\":\"Internacionales\\\/\\\/\\\/Carolina Alonso Romei\\\/\\\/\\\/El presidente ruso,\u00a0Vlad\u00edmir Putin, advirti\u00f3 hoy a la\u00a0OTAN que las\u00a0consecuencias\u00a0del\u00a0despliegue de tropas aliadas en\u00a0Ucrania ser\u00edan \u201ctr\u00e1gicas\u201c\",\"datePublished\":\"2024-02-29T14:25:25+00:00\",\"dateModified\":\"2024-02-29T14:25:27+00:00\",\"mainEntityOfPage\":{\"@id\":\"https:\\\/\\\/quehacerpolitico.mx\\\/?p=108319\"},\"wordCount\":392,\"commentCount\":0,\"image\":{\"@id\":\"https:\\\/\\\/quehacerpolitico.mx\\\/?p=108319#primaryimage\"},\"thumbnailUrl\":\"https:\\\/\\\/quehacerpolitico.mx\\\/wp-content\\\/uploads\\\/2024\\\/02\\\/IMG_3982.jpeg\",\"articleSection\":[\"Internacionales\"],\"inLanguage\":\"es\",\"potentialAction\":[{\"@type\":\"CommentAction\",\"name\":\"Comment\",\"target\":[\"https:\\\/\\\/quehacerpolitico.mx\\\/?p=108319#respond\"]}]},{\"@type\":\"WebPage\",\"@id\":\"https:\\\/\\\/quehacerpolitico.mx\\\/?p=108319\",\"url\":\"https:\\\/\\\/quehacerpolitico.mx\\\/?p=108319\",\"name\":\"Internacionales\\\/\\\/\\\/Carolina Alonso Romei\\\/\\\/\\\/El presidente ruso,\u00a0Vlad\u00edmir Putin, advirti\u00f3 hoy a la\u00a0OTAN que las\u00a0consecuencias\u00a0del\u00a0despliegue de tropas aliadas en\u00a0Ucrania ser\u00edan \u201ctr\u00e1gicas\u201c -\",\"isPartOf\":{\"@id\":\"https:\\\/\\\/quehacerpolitico.mx\\\/#website\"},\"primaryImageOfPage\":{\"@id\":\"https:\\\/\\\/quehacerpolitico.mx\\\/?p=108319#primaryimage\"},\"image\":{\"@id\":\"https:\\\/\\\/quehacerpolitico.mx\\\/?p=108319#primaryimage\"},\"thumbnailUrl\":\"https:\\\/\\\/quehacerpolitico.mx\\\/wp-content\\\/uploads\\\/2024\\\/02\\\/IMG_3982.jpeg\",\"datePublished\":\"2024-02-29T14:25:25+00:00\",\"dateModified\":\"2024-02-29T14:25:27+00:00\",\"author\":{\"@id\":\"https:\\\/\\\/quehacerpolitico.mx\\\/#\\\/schema\\\/person\\\/496d8ad2d1d3f8036101dca7ee39e585\"},\"breadcrumb\":{\"@id\":\"https:\\\/\\\/quehacerpolitico.mx\\\/?p=108319#breadcrumb\"},\"inLanguage\":\"es\",\"potentialAction\":[{\"@type\":\"ReadAction\",\"target\":[\"https:\\\/\\\/quehacerpolitico.mx\\\/?p=108319\"]}]},{\"@type\":\"ImageObject\",\"inLanguage\":\"es\",\"@id\":\"https:\\\/\\\/quehacerpolitico.mx\\\/?p=108319#primaryimage\",\"url\":\"https:\\\/\\\/quehacerpolitico.mx\\\/wp-content\\\/uploads\\\/2024\\\/02\\\/IMG_3982.jpeg\",\"contentUrl\":\"https:\\\/\\\/quehacerpolitico.mx\\\/wp-content\\\/uploads\\\/2024\\\/02\\\/IMG_3982.jpeg\",\"width\":640,\"height\":480},{\"@type\":\"BreadcrumbList\",\"@id\":\"https:\\\/\\\/quehacerpolitico.mx\\\/?p=108319#breadcrumb\",\"itemListElement\":[{\"@type\":\"ListItem\",\"position\":1,\"name\":\"Inicio\",\"item\":\"https:\\\/\\\/quehacerpolitico.mx\\\/\"},{\"@type\":\"ListItem\",\"position\":2,\"name\":\"Internacionales\\\/\\\/\\\/Carolina Alonso Romei\\\/\\\/\\\/El presidente ruso,\u00a0Vlad\u00edmir Putin, advirti\u00f3 hoy a la\u00a0OTAN que las\u00a0consecuencias\u00a0del\u00a0despliegue de tropas aliadas en\u00a0Ucrania ser\u00edan \u201ctr\u00e1gicas\u201c\"}]},{\"@type\":\"WebSite\",\"@id\":\"https:\\\/\\\/quehacerpolitico.mx\\\/#website\",\"url\":\"https:\\\/\\\/quehacerpolitico.mx\\\/\",\"name\":\"\",\"description\":\"\",\"potentialAction\":[{\"@type\":\"SearchAction\",\"target\":{\"@type\":\"EntryPoint\",\"urlTemplate\":\"https:\\\/\\\/quehacerpolitico.mx\\\/?s={search_term_string}\"},\"query-input\":{\"@type\":\"PropertyValueSpecification\",\"valueRequired\":true,\"valueName\":\"search_term_string\"}}],\"inLanguage\":\"es\"},{\"@type\":\"Person\",\"@id\":\"https:\\\/\\\/quehacerpolitico.mx\\\/#\\\/schema\\\/person\\\/496d8ad2d1d3f8036101dca7ee39e585\",\"name\":\"Redacci\u00f3n QP\",\"image\":{\"@type\":\"ImageObject\",\"inLanguage\":\"es\",\"@id\":\"https:\\\/\\\/secure.gravatar.com\\\/avatar\\\/c7164ed6fdec453195284ad24a5ae5b6e1eed2b848477fa2a4787ba9adf39a41?s=96&d=mm&r=g\",\"url\":\"https:\\\/\\\/secure.gravatar.com\\\/avatar\\\/c7164ed6fdec453195284ad24a5ae5b6e1eed2b848477fa2a4787ba9adf39a41?s=96&d=mm&r=g\",\"contentUrl\":\"https:\\\/\\\/secure.gravatar.com\\\/avatar\\\/c7164ed6fdec453195284ad24a5ae5b6e1eed2b848477fa2a4787ba9adf39a41?s=96&d=mm&r=g\",\"caption\":\"Redacci\u00f3n QP\"},\"url\":\"https:\\\/\\\/quehacerpolitico.mx\\\/?author=2\"}]}<\/script>\n<!-- \/ Yoast SEO plugin. -->","yoast_head_json":{"title":"Internacionales\/\/\/Carolina Alonso Romei\/\/\/El presidente ruso,\u00a0Vlad\u00edmir Putin, advirti\u00f3 hoy a la\u00a0OTAN que las\u00a0consecuencias\u00a0del\u00a0despliegue de tropas aliadas en\u00a0Ucrania ser\u00edan \u201ctr\u00e1gicas\u201c -","robots":{"index":"index","follow":"follow","max-snippet":"max-snippet:-1","max-image-preview":"max-image-preview:large","max-video-preview":"max-video-preview:-1"},"canonical":"https:\/\/quehacerpolitico.mx\/?p=108319","og_locale":"es_MX","og_type":"article","og_title":"Internacionales\/\/\/Carolina Alonso Romei\/\/\/El presidente ruso,\u00a0Vlad\u00edmir Putin, advirti\u00f3 hoy a la\u00a0OTAN que las\u00a0consecuencias\u00a0del\u00a0despliegue de tropas aliadas en\u00a0Ucrania ser\u00edan \u201ctr\u00e1gicas\u201c -","og_description":"Por Carolina Alonso Romei Internacionalista El presidente ruso, Vlad\u00edmir Putin, record\u00f3 a la OTAN que...","og_url":"https:\/\/quehacerpolitico.mx\/?p=108319","article_published_time":"2024-02-29T14:25:25+00:00","article_modified_time":"2024-02-29T14:25:27+00:00","og_image":[{"width":640,"height":480,"url":"https:\/\/quehacerpolitico.mx\/wp-content\/uploads\/2024\/02\/IMG_3982.jpeg","type":"image\/jpeg"}],"author":"Redacci\u00f3n QP","twitter_card":"summary_large_image","twitter_misc":{"Escrito por":"Redacci\u00f3n QP","Tiempo de lectura":"2 minutos"},"schema":{"@context":"https:\/\/schema.org","@graph":[{"@type":"Article","@id":"https:\/\/quehacerpolitico.mx\/?p=108319#article","isPartOf":{"@id":"https:\/\/quehacerpolitico.mx\/?p=108319"},"author":{"name":"Redacci\u00f3n QP","@id":"https:\/\/quehacerpolitico.mx\/#\/schema\/person\/496d8ad2d1d3f8036101dca7ee39e585"},"headline":"Internacionales\/\/\/Carolina Alonso Romei\/\/\/El presidente ruso,\u00a0Vlad\u00edmir Putin, advirti\u00f3 hoy a la\u00a0OTAN que las\u00a0consecuencias\u00a0del\u00a0despliegue de tropas aliadas en\u00a0Ucrania ser\u00edan \u201ctr\u00e1gicas\u201c","datePublished":"2024-02-29T14:25:25+00:00","dateModified":"2024-02-29T14:25:27+00:00","mainEntityOfPage":{"@id":"https:\/\/quehacerpolitico.mx\/?p=108319"},"wordCount":392,"commentCount":0,"image":{"@id":"https:\/\/quehacerpolitico.mx\/?p=108319#primaryimage"},"thumbnailUrl":"https:\/\/quehacerpolitico.mx\/wp-content\/uploads\/2024\/02\/IMG_3982.jpeg","articleSection":["Internacionales"],"inLanguage":"es","potentialAction":[{"@type":"CommentAction","name":"Comment","target":["https:\/\/quehacerpolitico.mx\/?p=108319#respond"]}]},{"@type":"WebPage","@id":"https:\/\/quehacerpolitico.mx\/?p=108319","url":"https:\/\/quehacerpolitico.mx\/?p=108319","name":"Internacionales\/\/\/Carolina Alonso Romei\/\/\/El presidente ruso,\u00a0Vlad\u00edmir Putin, advirti\u00f3 hoy a la\u00a0OTAN que las\u00a0consecuencias\u00a0del\u00a0despliegue de tropas aliadas en\u00a0Ucrania ser\u00edan \u201ctr\u00e1gicas\u201c -","isPartOf":{"@id":"https:\/\/quehacerpolitico.mx\/#website"},"primaryImageOfPage":{"@id":"https:\/\/quehacerpolitico.mx\/?p=108319#primaryimage"},"image":{"@id":"https:\/\/quehacerpolitico.mx\/?p=108319#primaryimage"},"thumbnailUrl":"https:\/\/quehacerpolitico.mx\/wp-content\/uploads\/2024\/02\/IMG_3982.jpeg","datePublished":"2024-02-29T14:25:25+00:00","dateModified":"2024-02-29T14:25:27+00:00","author":{"@id":"https:\/\/quehacerpolitico.mx\/#\/schema\/person\/496d8ad2d1d3f8036101dca7ee39e585"},"breadcrumb":{"@id":"https:\/\/quehacerpolitico.mx\/?p=108319#breadcrumb"},"inLanguage":"es","potentialAction":[{"@type":"ReadAction","target":["https:\/\/quehacerpolitico.mx\/?p=108319"]}]},{"@type":"ImageObject","inLanguage":"es","@id":"https:\/\/quehacerpolitico.mx\/?p=108319#primaryimage","url":"https:\/\/quehacerpolitico.mx\/wp-content\/uploads\/2024\/02\/IMG_3982.jpeg","contentUrl":"https:\/\/quehacerpolitico.mx\/wp-content\/uploads\/2024\/02\/IMG_3982.jpeg","width":640,"height":480},{"@type":"BreadcrumbList","@id":"https:\/\/quehacerpolitico.mx\/?p=108319#breadcrumb","itemListElement":[{"@type":"ListItem","position":1,"name":"Inicio","item":"https:\/\/quehacerpolitico.mx\/"},{"@type":"ListItem","position":2,"name":"Internacionales\/\/\/Carolina Alonso Romei\/\/\/El presidente ruso,\u00a0Vlad\u00edmir Putin, advirti\u00f3 hoy a la\u00a0OTAN que las\u00a0consecuencias\u00a0del\u00a0despliegue de tropas aliadas en\u00a0Ucrania ser\u00edan \u201ctr\u00e1gicas\u201c"}]},{"@type":"WebSite","@id":"https:\/\/quehacerpolitico.mx\/#website","url":"https:\/\/quehacerpolitico.mx\/","name":"","description":"","potentialAction":[{"@type":"SearchAction","target":{"@type":"EntryPoint","urlTemplate":"https:\/\/quehacerpolitico.mx\/?s={search_term_string}"},"query-input":{"@type":"PropertyValueSpecification","valueRequired":true,"valueName":"search_term_string"}}],"inLanguage":"es"},{"@type":"Person","@id":"https:\/\/quehacerpolitico.mx\/#\/schema\/person\/496d8ad2d1d3f8036101dca7ee39e585","name":"Redacci\u00f3n QP","image":{"@type":"ImageObject","inLanguage":"es","@id":"https:\/\/secure.gravatar.com\/avatar\/c7164ed6fdec453195284ad24a5ae5b6e1eed2b848477fa2a4787ba9adf39a41?s=96&d=mm&r=g","url":"https:\/\/secure.gravatar.com\/avatar\/c7164ed6fdec453195284ad24a5ae5b6e1eed2b848477fa2a4787ba9adf39a41?s=96&d=mm&r=g","contentUrl":"https:\/\/secure.gravatar.com\/avatar\/c7164ed6fdec453195284ad24a5ae5b6e1eed2b848477fa2a4787ba9adf39a41?s=96&d=mm&r=g","caption":"Redacci\u00f3n QP"},"url":"https:\/\/quehacerpolitico.mx\/?author=2"}]}},"featured_image_urls":{"full":["https:\/\/quehacerpolitico.mx\/wp-content\/uploads\/2024\/02\/IMG_3982.jpeg",640,480,false],"thumbnail":["https:\/\/quehacerpolitico.mx\/wp-content\/uploads\/2024\/02\/IMG_3982-150x150.jpeg",150,150,true],"medium":["https:\/\/quehacerpolitico.mx\/wp-content\/uploads\/2024\/02\/IMG_3982-300x225.jpeg",300,225,true],"medium_large":["https:\/\/quehacerpolitico.mx\/wp-content\/uploads\/2024\/02\/IMG_3982.jpeg",640,480,false],"large":["https:\/\/quehacerpolitico.mx\/wp-content\/uploads\/2024\/02\/IMG_3982.jpeg",640,480,false],"1536x1536":["https:\/\/quehacerpolitico.mx\/wp-content\/uploads\/2024\/02\/IMG_3982.jpeg",640,480,false],"2048x2048":["https:\/\/quehacerpolitico.mx\/wp-content\/uploads\/2024\/02\/IMG_3982.jpeg",640,480,false],"covernews-featured":["https:\/\/quehacerpolitico.mx\/wp-content\/uploads\/2024\/02\/IMG_3982.jpeg",640,480,false],"covernews-medium":["https:\/\/quehacerpolitico.mx\/wp-content\/uploads\/2024\/02\/IMG_3982.jpeg",453,340,false]},"author_info":{"display_name":"Redacci\u00f3n QP","author_link":"https:\/\/quehacerpolitico.mx\/?author=2"},"category_info":"<a href=\"https:\/\/quehacerpolitico.mx\/?cat=1\" rel=\"category\">Internacionales<\/a>","tag_info":"Internacionales","comment_count":"0","_links":{"self":[{"href":"https:\/\/quehacerpolitico.mx\/index.php?rest_route=\/wp\/v2\/posts\/108319","targetHints":{"allow":["GET"]}}],"collection":[{"href":"https:\/\/quehacerpolitico.mx\/index.php?rest_route=\/wp\/v2\/posts"}],"about":[{"href":"https:\/\/quehacerpolitico.mx\/index.php?rest_route=\/wp\/v2\/types\/post"}],"author":[{"embeddable":true,"href":"https:\/\/quehacerpolitico.mx\/index.php?rest_route=\/wp\/v2\/users\/2"}],"replies":[{"embeddable":true,"href":"https:\/\/quehacerpolitico.mx\/index.php?rest_route=%2Fwp%2Fv2%2Fcomments&post=108319"}],"version-history":[{"count":1,"href":"https:\/\/quehacerpolitico.mx\/index.php?rest_route=\/wp\/v2\/posts\/108319\/revisions"}],"predecessor-version":[{"id":108321,"href":"https:\/\/quehacerpolitico.mx\/index.php?rest_route=\/wp\/v2\/posts\/108319\/revisions\/108321"}],"wp:featuredmedia":[{"embeddable":true,"href":"https:\/\/quehacerpolitico.mx\/index.php?rest_route=\/wp\/v2\/media\/108320"}],"wp:attachment":[{"href":"https:\/\/quehacerpolitico.mx\/index.php?rest_route=%2Fwp%2Fv2%2Fmedia&parent=108319"}],"wp:term":[{"taxonomy":"category","embeddable":true,"href":"https:\/\/quehacerpolitico.mx\/index.php?rest_route=%2Fwp%2Fv2%2Fcategories&post=108319"},{"taxonomy":"post_tag","embeddable":true,"href":"https:\/\/quehacerpolitico.mx\/index.php?rest_route=%2Fwp%2Fv2%2Ftags&post=108319"}],"curies":[{"name":"wp","href":"https:\/\/api.w.org\/{rel}","templated":true}]}}