{"id":108307,"date":"2024-02-26T19:52:29","date_gmt":"2024-02-26T19:52:29","guid":{"rendered":"https:\/\/quehacerpolitico.mx\/?p=108307"},"modified":"2024-02-26T19:52:30","modified_gmt":"2024-02-26T19:52:30","slug":"lopez-obrador-acusa-a-youtube-de-estar-tomado-por-conservadores-me-cepillo","status":"publish","type":"post","link":"https:\/\/quehacerpolitico.mx\/?p=108307","title":{"rendered":"L\u00f3pez Obrador acusa a YouTube de estar tomado por conservadores, &#8220;me cepill\u00f3&#8221;"},"content":{"rendered":"\n<p>Por Redacci\u00f3n QP<\/p>\n\n\n\n<p>El Presidente habl\u00f3 en la ma\u00f1anera luego de que la plataforma borr\u00f3 su ma\u00f1anera del 22 de febrero por difundir el tel\u00e9fono de la corresponsal de The New York Times en M\u00e9xico<\/p>\n\n\n\n<p>Este lunes, el Presidente de M\u00e9xico,\u00a0Andres Manuel Lopez Obrador acus\u00f3 a YouTube de estar tomado por un grupo de &#8220;conservadores&#8221; despu\u00e9s de que la plataforma borr\u00f3 su ma\u00f1anera del 22 de febrero por difundir el tel\u00e9fono de la corresponsal de\u00a0<em>The New York Times<\/em>\u00a0en M\u00e9xico, Natalie Kitroeff.<\/p>\n\n\n\n<p>&#8220;YouTube me cepill\u00f3 (quit\u00f3 su video), a varios. Tengo informaci\u00f3n, a lo mejor no lo saben los due\u00f1os de YouTube, pero\u00a0<mark><strong>aprovecho para pedirles que investiguen porque parece que la empresa aqu\u00ed, como suced\u00eda con Twitter, estaba tomada por conservadores vinculados a un partido conservador&#8221;<\/strong><\/mark>, dijo en su rueda de prensa matutina.<\/p>\n\n\n\n<figure class=\"wp-block-embed is-type-rich is-provider-twitter wp-block-embed-twitter\"><div class=\"wp-block-embed__wrapper\">\n<blockquote class=\"twitter-tweet\" data-width=\"550\" data-dnt=\"true\"><p lang=\"es\" dir=\"ltr\">AMLO (<a href=\"https:\/\/twitter.com\/lopezobrador_?ref_src=twsrc%5Etfw\">@lopezobrador_<\/a>) se lanza contra YouTube y acus\u00f3 a la plataforma de censura luego de que bajaron la ma\u00f1anera donde filtra el n\u00famero de la periodista del The New York Times. <a href=\"https:\/\/t.co\/B42AUd4ojF\">pic.twitter.com\/B42AUd4ojF<\/a><\/p>&mdash; Ruido en la Red (@RuidoEnLaRed) <a href=\"https:\/\/twitter.com\/RuidoEnLaRed\/status\/1762136709930566071?ref_src=twsrc%5Etfw\">February 26, 2024<\/a><\/blockquote><script async src=\"https:\/\/platform.twitter.com\/widgets.js\" charset=\"utf-8\"><\/script>\n<\/div><\/figure>\n\n\n\n<p>El Mandatario se refiri\u00f3 a la pol\u00e9mica que surgi\u00f3 el pasado jueves, cuando \u00e9l exhibi\u00f3 una carta de Kitroeff con su tel\u00e9fono y un cuestionario sobre una investigaci\u00f3n de Estados Unidos, cerrada ahora, de supuestos sobornos del C\u00e1rtel de Sinaloa y del C\u00e1rtel de los Zetas que recibi\u00f3 la campa\u00f1a de L\u00f3pez Obrador en 2018.<\/p>\n\n\n\n<p>YouTube elimin\u00f3 el video al argumentar que la difusi\u00f3n del tel\u00e9fono de la periodista podr\u00eda calificar como acoso, pero&nbsp;<mark><strong>el Presidente calific\u00f3 los hechos como &#8220;censura&#8221;<\/strong><\/mark>&nbsp;y acus\u00f3 al gigante tecnol\u00f3gico de tener una &#8220;actitud prepotente y autoritaria&#8221;.<\/p>\n\n\n\n<p>Apunt\u00f3 que la libertad &#8220;es sublime&#8221; y que no los &#8220;consultaron cuando se aprobaron esas normas&#8221;.<\/p>\n\n\n\n<p>&#8220;No es un asunto solo t\u00e9cnico, es un asunto pol\u00edtico, porque ni modo que esta norma se le aplique a nuestros adversarios, si me mientan la madre (me insultan), si se meten con mi familia, si me calumnian un d\u00eda s\u00ed y el otro tambi\u00e9n&#8221;, enfatiz\u00f3.<\/p>\n\n\n\n<figure class=\"wp-block-embed is-type-rich is-provider-twitter wp-block-embed-twitter\"><div class=\"wp-block-embed__wrapper\">\n<blockquote class=\"twitter-tweet\" data-width=\"550\" data-dnt=\"true\"><p lang=\"es\" dir=\"ltr\">Oootra vez AMLO (<a href=\"https:\/\/twitter.com\/lopezobrador_?ref_src=twsrc%5Etfw\">@lopezobrador_<\/a>) se hace la &quot;vistima&quot; \ud83e\udd26\u200d\u2640\ufe0f<br><br>Dijo que lo calumnian y se meten con su familia, por lo que cuestion\u00f3 que por qu\u00e9 no afect\u00f3 las normas de YouTube el reportaje donde lo acusan por presuntos nexos con el narco. <a href=\"https:\/\/t.co\/IaPkMMCPhx\">pic.twitter.com\/IaPkMMCPhx<\/a><\/p>&mdash; Ruido en la Red (@RuidoEnLaRed) <a href=\"https:\/\/twitter.com\/RuidoEnLaRed\/status\/1762139695461396915?ref_src=twsrc%5Etfw\">February 26, 2024<\/a><\/blockquote><script async src=\"https:\/\/platform.twitter.com\/widgets.js\" charset=\"utf-8\"><\/script>\n<\/div><\/figure>\n\n\n\n<p>&#8220;\u00bfPor qu\u00e9 no afect\u00f3 las normas de la comunidad el periodista (Tim Golden de&nbsp;<em>ProPublica<\/em>) que hizo el reportaje donde yo recib\u00eda dinero del narcotr\u00e1fico?&#8221;, cuestion\u00f3.<\/p>\n\n\n\n<p>L\u00f3pez Obrador critic\u00f3 que a\u00a0The New York Times no lo han tocado &#8220;ni con el p\u00e9talo de una rosa&#8221; tras sus investigaciones.<\/p>\n\n\n\n<p><mark><strong>&#8220;Ah\u00ed tienen a (Julian) Assange (fundador de WikiLeaks) injustamente detenido \u00bfY d\u00f3nde est\u00e1 la libertad de expresi\u00f3n?<\/strong><\/mark>&nbsp;Por eso digo que la Estatua de la Libertad se ha convertido en un s\u00edmbolo vac\u00edo. Al principio pens\u00e9 que la regresaran a Francia, pero mejor que nos la manden ac\u00e1&#8221;, manifest\u00f3.<\/p>\n\n\n\n<p>L\u00f3pez Obrador tambi\u00e9n revel\u00f3 que un miembro de la oficina de la Presidencia convers\u00f3 con YouTube para volver a colocar el video, pero refiri\u00f3 que&nbsp;<strong>\u00e9l se neg\u00f3 porque la condici\u00f3n era retirar el n\u00famero telef\u00f3nico mostrado.<\/strong><\/p>\n\n\n\n<p>&#8220;Cuando yo me enter\u00e9 le dije respetuosamente: &#8216;no, no, porque voy a volver a poner la carta que le enviaron a Jes\u00fas (Ram\u00edrez, vocero de presidencia), para que vean el tono, el modito'&#8221;, precis\u00f3.<\/p>\n\n\n\n<p>El Presidente mexicano volvi\u00f3 a leer la carta que envi\u00f3 Kitroeff a la Presidencia, aunque ahora sin el n\u00famero, e&nbsp;<mark><strong>insisti\u00f3 en que el tel\u00e9fono de la comunicadora es &#8220;institucional&#8221; y &#8220;p\u00fablico&#8221;.<\/strong><\/mark><\/p>\n","protected":false},"excerpt":{"rendered":"<p>Por Redacci\u00f3n QP El Presidente habl\u00f3 en la ma\u00f1anera luego de que la plataforma borr\u00f3&#8230;<\/p>\n","protected":false},"author":2,"featured_media":108308,"comment_status":"open","ping_status":"open","sticky":false,"template":"","format":"standard","meta":{"_monsterinsights_skip_tracking":false,"_monsterinsights_sitenote_active":false,"_monsterinsights_sitenote_note":"","_monsterinsights_sitenote_category":0,"footnotes":""},"categories":[2],"tags":[],"class_list":["post-108307","post","type-post","status-publish","format-standard","has-post-thumbnail","hentry","category-noticias"],"yoast_head":"<!-- This site is optimized with the Yoast SEO plugin v27.3 - https:\/\/yoast.com\/product\/yoast-seo-wordpress\/ -->\n<title>L\u00f3pez Obrador acusa a YouTube de estar tomado por conservadores, &quot;me cepill\u00f3&quot; -<\/title>\n<meta name=\"robots\" content=\"index, follow, max-snippet:-1, max-image-preview:large, max-video-preview:-1\" \/>\n<link rel=\"canonical\" href=\"https:\/\/quehacerpolitico.mx\/?p=108307\" \/>\n<meta property=\"og:locale\" content=\"es_MX\" \/>\n<meta property=\"og:type\" content=\"article\" \/>\n<meta property=\"og:title\" content=\"L\u00f3pez Obrador acusa a YouTube de estar tomado por conservadores, &quot;me cepill\u00f3&quot; -\" \/>\n<meta property=\"og:description\" content=\"Por Redacci\u00f3n QP El Presidente habl\u00f3 en la ma\u00f1anera luego de que la plataforma borr\u00f3...\" \/>\n<meta property=\"og:url\" content=\"https:\/\/quehacerpolitico.mx\/?p=108307\" \/>\n<meta property=\"article:published_time\" content=\"2024-02-26T19:52:29+00:00\" \/>\n<meta property=\"article:modified_time\" content=\"2024-02-26T19:52:30+00:00\" \/>\n<meta property=\"og:image\" content=\"https:\/\/quehacerpolitico.mx\/wp-content\/uploads\/2024\/02\/IMG_3952.jpeg\" \/>\n\t<meta property=\"og:image:width\" content=\"1284\" \/>\n\t<meta property=\"og:image:height\" content=\"697\" \/>\n\t<meta property=\"og:image:type\" content=\"image\/jpeg\" \/>\n<meta name=\"author\" content=\"Redacci\u00f3n QP\" \/>\n<meta name=\"twitter:card\" content=\"summary_large_image\" \/>\n<meta name=\"twitter:label1\" content=\"Escrito por\" \/>\n\t<meta name=\"twitter:data1\" content=\"Redacci\u00f3n QP\" \/>\n\t<meta name=\"twitter:label2\" content=\"Tiempo de lectura\" \/>\n\t<meta name=\"twitter:data2\" content=\"3 minutos\" \/>\n<script type=\"application\/ld+json\" class=\"yoast-schema-graph\">{\"@context\":\"https:\\\/\\\/schema.org\",\"@graph\":[{\"@type\":\"Article\",\"@id\":\"https:\\\/\\\/quehacerpolitico.mx\\\/?p=108307#article\",\"isPartOf\":{\"@id\":\"https:\\\/\\\/quehacerpolitico.mx\\\/?p=108307\"},\"author\":{\"name\":\"Redacci\u00f3n QP\",\"@id\":\"https:\\\/\\\/quehacerpolitico.mx\\\/#\\\/schema\\\/person\\\/496d8ad2d1d3f8036101dca7ee39e585\"},\"headline\":\"L\u00f3pez Obrador acusa a YouTube de estar tomado por conservadores, &#8220;me cepill\u00f3&#8221;\",\"datePublished\":\"2024-02-26T19:52:29+00:00\",\"dateModified\":\"2024-02-26T19:52:30+00:00\",\"mainEntityOfPage\":{\"@id\":\"https:\\\/\\\/quehacerpolitico.mx\\\/?p=108307\"},\"wordCount\":576,\"commentCount\":0,\"image\":{\"@id\":\"https:\\\/\\\/quehacerpolitico.mx\\\/?p=108307#primaryimage\"},\"thumbnailUrl\":\"https:\\\/\\\/quehacerpolitico.mx\\\/wp-content\\\/uploads\\\/2024\\\/02\\\/IMG_3952.jpeg\",\"articleSection\":[\"Noticias\"],\"inLanguage\":\"es\",\"potentialAction\":[{\"@type\":\"CommentAction\",\"name\":\"Comment\",\"target\":[\"https:\\\/\\\/quehacerpolitico.mx\\\/?p=108307#respond\"]}]},{\"@type\":\"WebPage\",\"@id\":\"https:\\\/\\\/quehacerpolitico.mx\\\/?p=108307\",\"url\":\"https:\\\/\\\/quehacerpolitico.mx\\\/?p=108307\",\"name\":\"L\u00f3pez Obrador acusa a YouTube de estar tomado por conservadores, \\\"me cepill\u00f3\\\" -\",\"isPartOf\":{\"@id\":\"https:\\\/\\\/quehacerpolitico.mx\\\/#website\"},\"primaryImageOfPage\":{\"@id\":\"https:\\\/\\\/quehacerpolitico.mx\\\/?p=108307#primaryimage\"},\"image\":{\"@id\":\"https:\\\/\\\/quehacerpolitico.mx\\\/?p=108307#primaryimage\"},\"thumbnailUrl\":\"https:\\\/\\\/quehacerpolitico.mx\\\/wp-content\\\/uploads\\\/2024\\\/02\\\/IMG_3952.jpeg\",\"datePublished\":\"2024-02-26T19:52:29+00:00\",\"dateModified\":\"2024-02-26T19:52:30+00:00\",\"author\":{\"@id\":\"https:\\\/\\\/quehacerpolitico.mx\\\/#\\\/schema\\\/person\\\/496d8ad2d1d3f8036101dca7ee39e585\"},\"breadcrumb\":{\"@id\":\"https:\\\/\\\/quehacerpolitico.mx\\\/?p=108307#breadcrumb\"},\"inLanguage\":\"es\",\"potentialAction\":[{\"@type\":\"ReadAction\",\"target\":[\"https:\\\/\\\/quehacerpolitico.mx\\\/?p=108307\"]}]},{\"@type\":\"ImageObject\",\"inLanguage\":\"es\",\"@id\":\"https:\\\/\\\/quehacerpolitico.mx\\\/?p=108307#primaryimage\",\"url\":\"https:\\\/\\\/quehacerpolitico.mx\\\/wp-content\\\/uploads\\\/2024\\\/02\\\/IMG_3952.jpeg\",\"contentUrl\":\"https:\\\/\\\/quehacerpolitico.mx\\\/wp-content\\\/uploads\\\/2024\\\/02\\\/IMG_3952.jpeg\",\"width\":1284,\"height\":697},{\"@type\":\"BreadcrumbList\",\"@id\":\"https:\\\/\\\/quehacerpolitico.mx\\\/?p=108307#breadcrumb\",\"itemListElement\":[{\"@type\":\"ListItem\",\"position\":1,\"name\":\"Inicio\",\"item\":\"https:\\\/\\\/quehacerpolitico.mx\\\/\"},{\"@type\":\"ListItem\",\"position\":2,\"name\":\"L\u00f3pez Obrador acusa a YouTube de estar tomado por conservadores, &#8220;me cepill\u00f3&#8221;\"}]},{\"@type\":\"WebSite\",\"@id\":\"https:\\\/\\\/quehacerpolitico.mx\\\/#website\",\"url\":\"https:\\\/\\\/quehacerpolitico.mx\\\/\",\"name\":\"\",\"description\":\"\",\"potentialAction\":[{\"@type\":\"SearchAction\",\"target\":{\"@type\":\"EntryPoint\",\"urlTemplate\":\"https:\\\/\\\/quehacerpolitico.mx\\\/?s={search_term_string}\"},\"query-input\":{\"@type\":\"PropertyValueSpecification\",\"valueRequired\":true,\"valueName\":\"search_term_string\"}}],\"inLanguage\":\"es\"},{\"@type\":\"Person\",\"@id\":\"https:\\\/\\\/quehacerpolitico.mx\\\/#\\\/schema\\\/person\\\/496d8ad2d1d3f8036101dca7ee39e585\",\"name\":\"Redacci\u00f3n QP\",\"image\":{\"@type\":\"ImageObject\",\"inLanguage\":\"es\",\"@id\":\"https:\\\/\\\/secure.gravatar.com\\\/avatar\\\/c7164ed6fdec453195284ad24a5ae5b6e1eed2b848477fa2a4787ba9adf39a41?s=96&d=mm&r=g\",\"url\":\"https:\\\/\\\/secure.gravatar.com\\\/avatar\\\/c7164ed6fdec453195284ad24a5ae5b6e1eed2b848477fa2a4787ba9adf39a41?s=96&d=mm&r=g\",\"contentUrl\":\"https:\\\/\\\/secure.gravatar.com\\\/avatar\\\/c7164ed6fdec453195284ad24a5ae5b6e1eed2b848477fa2a4787ba9adf39a41?s=96&d=mm&r=g\",\"caption\":\"Redacci\u00f3n QP\"},\"url\":\"https:\\\/\\\/quehacerpolitico.mx\\\/?author=2\"}]}<\/script>\n<!-- \/ Yoast SEO plugin. -->","yoast_head_json":{"title":"L\u00f3pez Obrador acusa a YouTube de estar tomado por conservadores, \"me cepill\u00f3\" -","robots":{"index":"index","follow":"follow","max-snippet":"max-snippet:-1","max-image-preview":"max-image-preview:large","max-video-preview":"max-video-preview:-1"},"canonical":"https:\/\/quehacerpolitico.mx\/?p=108307","og_locale":"es_MX","og_type":"article","og_title":"L\u00f3pez Obrador acusa a YouTube de estar tomado por conservadores, \"me cepill\u00f3\" -","og_description":"Por Redacci\u00f3n QP El Presidente habl\u00f3 en la ma\u00f1anera luego de que la plataforma borr\u00f3...","og_url":"https:\/\/quehacerpolitico.mx\/?p=108307","article_published_time":"2024-02-26T19:52:29+00:00","article_modified_time":"2024-02-26T19:52:30+00:00","og_image":[{"width":1284,"height":697,"url":"https:\/\/quehacerpolitico.mx\/wp-content\/uploads\/2024\/02\/IMG_3952.jpeg","type":"image\/jpeg"}],"author":"Redacci\u00f3n QP","twitter_card":"summary_large_image","twitter_misc":{"Escrito por":"Redacci\u00f3n QP","Tiempo de lectura":"3 minutos"},"schema":{"@context":"https:\/\/schema.org","@graph":[{"@type":"Article","@id":"https:\/\/quehacerpolitico.mx\/?p=108307#article","isPartOf":{"@id":"https:\/\/quehacerpolitico.mx\/?p=108307"},"author":{"name":"Redacci\u00f3n QP","@id":"https:\/\/quehacerpolitico.mx\/#\/schema\/person\/496d8ad2d1d3f8036101dca7ee39e585"},"headline":"L\u00f3pez Obrador acusa a YouTube de estar tomado por conservadores, &#8220;me cepill\u00f3&#8221;","datePublished":"2024-02-26T19:52:29+00:00","dateModified":"2024-02-26T19:52:30+00:00","mainEntityOfPage":{"@id":"https:\/\/quehacerpolitico.mx\/?p=108307"},"wordCount":576,"commentCount":0,"image":{"@id":"https:\/\/quehacerpolitico.mx\/?p=108307#primaryimage"},"thumbnailUrl":"https:\/\/quehacerpolitico.mx\/wp-content\/uploads\/2024\/02\/IMG_3952.jpeg","articleSection":["Noticias"],"inLanguage":"es","potentialAction":[{"@type":"CommentAction","name":"Comment","target":["https:\/\/quehacerpolitico.mx\/?p=108307#respond"]}]},{"@type":"WebPage","@id":"https:\/\/quehacerpolitico.mx\/?p=108307","url":"https:\/\/quehacerpolitico.mx\/?p=108307","name":"L\u00f3pez Obrador acusa a YouTube de estar tomado por conservadores, \"me cepill\u00f3\" -","isPartOf":{"@id":"https:\/\/quehacerpolitico.mx\/#website"},"primaryImageOfPage":{"@id":"https:\/\/quehacerpolitico.mx\/?p=108307#primaryimage"},"image":{"@id":"https:\/\/quehacerpolitico.mx\/?p=108307#primaryimage"},"thumbnailUrl":"https:\/\/quehacerpolitico.mx\/wp-content\/uploads\/2024\/02\/IMG_3952.jpeg","datePublished":"2024-02-26T19:52:29+00:00","dateModified":"2024-02-26T19:52:30+00:00","author":{"@id":"https:\/\/quehacerpolitico.mx\/#\/schema\/person\/496d8ad2d1d3f8036101dca7ee39e585"},"breadcrumb":{"@id":"https:\/\/quehacerpolitico.mx\/?p=108307#breadcrumb"},"inLanguage":"es","potentialAction":[{"@type":"ReadAction","target":["https:\/\/quehacerpolitico.mx\/?p=108307"]}]},{"@type":"ImageObject","inLanguage":"es","@id":"https:\/\/quehacerpolitico.mx\/?p=108307#primaryimage","url":"https:\/\/quehacerpolitico.mx\/wp-content\/uploads\/2024\/02\/IMG_3952.jpeg","contentUrl":"https:\/\/quehacerpolitico.mx\/wp-content\/uploads\/2024\/02\/IMG_3952.jpeg","width":1284,"height":697},{"@type":"BreadcrumbList","@id":"https:\/\/quehacerpolitico.mx\/?p=108307#breadcrumb","itemListElement":[{"@type":"ListItem","position":1,"name":"Inicio","item":"https:\/\/quehacerpolitico.mx\/"},{"@type":"ListItem","position":2,"name":"L\u00f3pez Obrador acusa a YouTube de estar tomado por conservadores, &#8220;me cepill\u00f3&#8221;"}]},{"@type":"WebSite","@id":"https:\/\/quehacerpolitico.mx\/#website","url":"https:\/\/quehacerpolitico.mx\/","name":"","description":"","potentialAction":[{"@type":"SearchAction","target":{"@type":"EntryPoint","urlTemplate":"https:\/\/quehacerpolitico.mx\/?s={search_term_string}"},"query-input":{"@type":"PropertyValueSpecification","valueRequired":true,"valueName":"search_term_string"}}],"inLanguage":"es"},{"@type":"Person","@id":"https:\/\/quehacerpolitico.mx\/#\/schema\/person\/496d8ad2d1d3f8036101dca7ee39e585","name":"Redacci\u00f3n QP","image":{"@type":"ImageObject","inLanguage":"es","@id":"https:\/\/secure.gravatar.com\/avatar\/c7164ed6fdec453195284ad24a5ae5b6e1eed2b848477fa2a4787ba9adf39a41?s=96&d=mm&r=g","url":"https:\/\/secure.gravatar.com\/avatar\/c7164ed6fdec453195284ad24a5ae5b6e1eed2b848477fa2a4787ba9adf39a41?s=96&d=mm&r=g","contentUrl":"https:\/\/secure.gravatar.com\/avatar\/c7164ed6fdec453195284ad24a5ae5b6e1eed2b848477fa2a4787ba9adf39a41?s=96&d=mm&r=g","caption":"Redacci\u00f3n QP"},"url":"https:\/\/quehacerpolitico.mx\/?author=2"}]}},"featured_image_urls":{"full":["https:\/\/quehacerpolitico.mx\/wp-content\/uploads\/2024\/02\/IMG_3952.jpeg",1284,697,false],"thumbnail":["https:\/\/quehacerpolitico.mx\/wp-content\/uploads\/2024\/02\/IMG_3952-150x150.jpeg",150,150,true],"medium":["https:\/\/quehacerpolitico.mx\/wp-content\/uploads\/2024\/02\/IMG_3952-300x163.jpeg",300,163,true],"medium_large":["https:\/\/quehacerpolitico.mx\/wp-content\/uploads\/2024\/02\/IMG_3952-768x417.jpeg",640,348,true],"large":["https:\/\/quehacerpolitico.mx\/wp-content\/uploads\/2024\/02\/IMG_3952-1024x556.jpeg",640,348,true],"1536x1536":["https:\/\/quehacerpolitico.mx\/wp-content\/uploads\/2024\/02\/IMG_3952.jpeg",1284,697,false],"2048x2048":["https:\/\/quehacerpolitico.mx\/wp-content\/uploads\/2024\/02\/IMG_3952.jpeg",1284,697,false],"covernews-featured":["https:\/\/quehacerpolitico.mx\/wp-content\/uploads\/2024\/02\/IMG_3952.jpeg",1024,556,false],"covernews-medium":["https:\/\/quehacerpolitico.mx\/wp-content\/uploads\/2024\/02\/IMG_3952.jpeg",540,293,false]},"author_info":{"display_name":"Redacci\u00f3n QP","author_link":"https:\/\/quehacerpolitico.mx\/?author=2"},"category_info":"<a href=\"https:\/\/quehacerpolitico.mx\/?cat=2\" rel=\"category\">Noticias<\/a>","tag_info":"Noticias","comment_count":"0","_links":{"self":[{"href":"https:\/\/quehacerpolitico.mx\/index.php?rest_route=\/wp\/v2\/posts\/108307","targetHints":{"allow":["GET"]}}],"collection":[{"href":"https:\/\/quehacerpolitico.mx\/index.php?rest_route=\/wp\/v2\/posts"}],"about":[{"href":"https:\/\/quehacerpolitico.mx\/index.php?rest_route=\/wp\/v2\/types\/post"}],"author":[{"embeddable":true,"href":"https:\/\/quehacerpolitico.mx\/index.php?rest_route=\/wp\/v2\/users\/2"}],"replies":[{"embeddable":true,"href":"https:\/\/quehacerpolitico.mx\/index.php?rest_route=%2Fwp%2Fv2%2Fcomments&post=108307"}],"version-history":[{"count":1,"href":"https:\/\/quehacerpolitico.mx\/index.php?rest_route=\/wp\/v2\/posts\/108307\/revisions"}],"predecessor-version":[{"id":108309,"href":"https:\/\/quehacerpolitico.mx\/index.php?rest_route=\/wp\/v2\/posts\/108307\/revisions\/108309"}],"wp:featuredmedia":[{"embeddable":true,"href":"https:\/\/quehacerpolitico.mx\/index.php?rest_route=\/wp\/v2\/media\/108308"}],"wp:attachment":[{"href":"https:\/\/quehacerpolitico.mx\/index.php?rest_route=%2Fwp%2Fv2%2Fmedia&parent=108307"}],"wp:term":[{"taxonomy":"category","embeddable":true,"href":"https:\/\/quehacerpolitico.mx\/index.php?rest_route=%2Fwp%2Fv2%2Fcategories&post=108307"},{"taxonomy":"post_tag","embeddable":true,"href":"https:\/\/quehacerpolitico.mx\/index.php?rest_route=%2Fwp%2Fv2%2Ftags&post=108307"}],"curies":[{"name":"wp","href":"https:\/\/api.w.org\/{rel}","templated":true}]}}