{"id":10830,"date":"2018-12-04T02:54:01","date_gmt":"2018-12-04T02:54:01","guid":{"rendered":"http:\/\/quehacerpolitico.mx\/internacionales-carolina-alonso-romei-comandante-reunio-a-el-chapo-el-azul-y-colombianos-y-mexico-fue-invadido-con-aviones-de-coca\/"},"modified":"2018-12-04T02:54:01","modified_gmt":"2018-12-04T02:54:01","slug":"internacionales-carolina-alonso-romei-comandante-reunio-a-el-chapo-el-azul-y-colombianos-y-mexico-fue-invadido-con-aviones-de-coca","status":"publish","type":"post","link":"https:\/\/quehacerpolitico.mx\/?p=10830","title":{"rendered":"Internacionales\/\/\/Carolina Alonso Romei\/\/\/Comandante reuni\u00f3 a \u201cEl Chapo\u201d, \u201cEl Azul\u201d y colombianos, y M\u00e9xico fue invadido con aviones de coca"},"content":{"rendered":"<h1>Comandante reuni\u00f3 a \u201cEl Chapo\u201d, \u201cEl Azul\u201d y colombianos, y M\u00e9xico fue invadido con aviones de coca<\/h1>\n<p>Por Carolina Alonso Romei<\/p>\n<p>Internacionalista<\/p>\n<p>El <strong>narcotraficante colombiano<\/strong> Juan Carlos Ram\u00edrez, alias \u201c<strong>Chupeta<\/strong>\u201c, afirm\u00f3 hoy como <strong>testigo<\/strong> del Gobierno de Estados Unidos contra Joaqu\u00edn <strong>\u201cEl Chapo\u201d Guzm\u00e1n<\/strong> que, seg\u00fan le dijo uno de los l\u00edderes del C\u00e1rtel de <strong>Sinaloa<\/strong>, durante los a\u00f1os 90 llegaban tantos <strong>aviones<\/strong> con <strong>coca<\/strong> que parec\u00eda que Colombia \u201c<strong>invad\u00eda\u201d M\u00e9xico<\/strong>.<\/p>\n<p>El ex l\u00edder del c\u00e1rtel del Norte del Valle, que suministr\u00f3 droga al c\u00e1rtel de Sinaloa entre 1990 y 1996, record\u00f3 en el tribunal de Nueva York este lunes que una vez visit\u00f3 en prisi\u00f3n acompa\u00f1ado por un comandante de la polic\u00eda al mexicano Juan Esparragoza, \u201cEl Azul\u201d, a quien se refiri\u00f3 como \u201cun padrino\u201d para los narcotraficantes.<\/p>\n<p>Seg\u00fan Ram\u00edrez, en la reuni\u00f3n particip\u00f3 \u201cEl Chapo\u201d y lo que buscaban era la autorizaci\u00f3n de Esparragoza para cambiar la ruta de env\u00edo de la droga desde aviones a barcos camaroneros, a trav\u00e9s del Pac\u00edfico.<\/p>\n<p>En la celda, que \u201cEl Azul\u201d compart\u00eda con otros miembros del c\u00e1rtel recluidos en la misma c\u00e1rcel, hab\u00eda bebida, marihuana y todo tipo de comida.<\/p>\n<blockquote>\n<p>\u201cEl Azul me dijo a modo de chiste: \u2018mi compadre Calderoni (Guillermo Gonz\u00e1lez, polic\u00eda judicial federal) me dijo que est\u00e1n llegando tantos aviones con coca de Colombia que los gabachos (Gobierno de EU) dicen que parece que est\u00e1n invadiendo M\u00e9xico\u2019, de tantos que estaban llegando en la madrugada\u201d, record\u00f3 Ram\u00edrez.<\/p>\n<p>El testigo fue entrevistado hoy por la fiscal\u00eda en la continuaci\u00f3n del juicio por narcotr\u00e1fico contra \u201cEl Chapo\u201d en la corte federal en Brooklyn.<\/p>\n<blockquote>\n<p>\u201cChupeta\u201d relat\u00f3 que su relaci\u00f3n comercial con Joaqu\u00edn \u201cEl Chapo\u201d Guzm\u00e1n comenz\u00f3 en la d\u00e9cada de 1990 y que le vend\u00eda su coca\u00edna \u201cde la mejor calidad\u201d, que luego el acusado presuntamente tra\u00eda a EU.<\/p>\n<p>Parte de esa coca\u00edna se la entregaba a la gente de Ram\u00edrez en Los \u00c1ngeles y a sus representantes en Nueva York.<\/p>\n<p>El colombiano asegur\u00f3 que \u201cEl Azul\u201d le dijo que hab\u00eda mucha presi\u00f3n del Gobierno estadounidense sobre el mexicano en ese momento, tambi\u00e9n por los pagos que seg\u00fan Guzm\u00e1n Loera hac\u00eda a la polic\u00eda para poder recibir los cargamentos de droga, que le supl\u00edan varios c\u00e1rteles de Colombia.<\/p>\n<p>Con Informaci\u00f3n de EFE<\/p>\n<\/blockquote>\n<\/blockquote>\n","protected":false},"excerpt":{"rendered":"<p>Comandante reuni\u00f3 a \u201cEl Chapo\u201d, \u201cEl Azul\u201d y colombianos, y M\u00e9xico fue invadido con aviones de coca<br \/>\nPor Carolina Alonso Romei<br \/>\nInternacionalista<\/p>\n","protected":false},"author":2,"featured_media":10829,"comment_status":"open","ping_status":"open","sticky":false,"template":"","format":"standard","meta":{"_monsterinsights_skip_tracking":false,"_monsterinsights_sitenote_active":false,"_monsterinsights_sitenote_note":"","_monsterinsights_sitenote_category":0,"footnotes":""},"categories":[1],"tags":[],"class_list":["post-10830","post","type-post","status-publish","format-standard","has-post-thumbnail","hentry","category-sin-categoria"],"yoast_head":"<!-- This site is optimized with the Yoast SEO plugin v27.3 - https:\/\/yoast.com\/product\/yoast-seo-wordpress\/ -->\n<title>Internacionales\/\/\/Carolina Alonso Romei\/\/\/Comandante reuni\u00f3 a \u201cEl Chapo\u201d, \u201cEl Azul\u201d y colombianos, y M\u00e9xico fue invadido con aviones de coca -<\/title>\n<meta name=\"robots\" content=\"index, follow, max-snippet:-1, max-image-preview:large, max-video-preview:-1\" \/>\n<link rel=\"canonical\" href=\"https:\/\/quehacerpolitico.mx\/?p=10830\" \/>\n<meta property=\"og:locale\" content=\"es_MX\" \/>\n<meta property=\"og:type\" content=\"article\" \/>\n<meta property=\"og:title\" content=\"Internacionales\/\/\/Carolina Alonso Romei\/\/\/Comandante reuni\u00f3 a \u201cEl Chapo\u201d, \u201cEl Azul\u201d y colombianos, y M\u00e9xico fue invadido con aviones de coca -\" \/>\n<meta property=\"og:description\" content=\"Comandante reuni\u00f3 a \u201cEl Chapo\u201d, \u201cEl Azul\u201d y colombianos, y M\u00e9xico fue invadido con aviones de coca Por Carolina Alonso Romei Internacionalista\" \/>\n<meta property=\"og:url\" content=\"https:\/\/quehacerpolitico.mx\/?p=10830\" \/>\n<meta property=\"article:published_time\" content=\"2018-12-04T02:54:01+00:00\" \/>\n<meta name=\"author\" content=\"Redacci\u00f3n QP\" \/>\n<meta name=\"twitter:card\" content=\"summary_large_image\" \/>\n<meta name=\"twitter:label1\" content=\"Escrito por\" \/>\n\t<meta name=\"twitter:data1\" content=\"Redacci\u00f3n QP\" \/>\n\t<meta name=\"twitter:label2\" content=\"Tiempo de lectura\" \/>\n\t<meta name=\"twitter:data2\" content=\"2 minutos\" \/>\n<script type=\"application\/ld+json\" class=\"yoast-schema-graph\">{\"@context\":\"https:\\\/\\\/schema.org\",\"@graph\":[{\"@type\":\"Article\",\"@id\":\"https:\\\/\\\/quehacerpolitico.mx\\\/?p=10830#article\",\"isPartOf\":{\"@id\":\"https:\\\/\\\/quehacerpolitico.mx\\\/?p=10830\"},\"author\":{\"name\":\"Redacci\u00f3n QP\",\"@id\":\"https:\\\/\\\/quehacerpolitico.mx\\\/#\\\/schema\\\/person\\\/496d8ad2d1d3f8036101dca7ee39e585\"},\"headline\":\"Internacionales\\\/\\\/\\\/Carolina Alonso Romei\\\/\\\/\\\/Comandante reuni\u00f3 a \u201cEl Chapo\u201d, \u201cEl Azul\u201d y colombianos, y M\u00e9xico fue invadido con aviones de coca\",\"datePublished\":\"2018-12-04T02:54:01+00:00\",\"mainEntityOfPage\":{\"@id\":\"https:\\\/\\\/quehacerpolitico.mx\\\/?p=10830\"},\"wordCount\":445,\"commentCount\":0,\"image\":{\"@id\":\"https:\\\/\\\/quehacerpolitico.mx\\\/?p=10830#primaryimage\"},\"thumbnailUrl\":\"\",\"articleSection\":[\"Internacionales\"],\"inLanguage\":\"es\",\"potentialAction\":[{\"@type\":\"CommentAction\",\"name\":\"Comment\",\"target\":[\"https:\\\/\\\/quehacerpolitico.mx\\\/?p=10830#respond\"]}]},{\"@type\":\"WebPage\",\"@id\":\"https:\\\/\\\/quehacerpolitico.mx\\\/?p=10830\",\"url\":\"https:\\\/\\\/quehacerpolitico.mx\\\/?p=10830\",\"name\":\"Internacionales\\\/\\\/\\\/Carolina Alonso Romei\\\/\\\/\\\/Comandante reuni\u00f3 a \u201cEl Chapo\u201d, \u201cEl Azul\u201d y colombianos, y M\u00e9xico fue invadido con aviones de coca -\",\"isPartOf\":{\"@id\":\"https:\\\/\\\/quehacerpolitico.mx\\\/#website\"},\"primaryImageOfPage\":{\"@id\":\"https:\\\/\\\/quehacerpolitico.mx\\\/?p=10830#primaryimage\"},\"image\":{\"@id\":\"https:\\\/\\\/quehacerpolitico.mx\\\/?p=10830#primaryimage\"},\"thumbnailUrl\":\"\",\"datePublished\":\"2018-12-04T02:54:01+00:00\",\"author\":{\"@id\":\"https:\\\/\\\/quehacerpolitico.mx\\\/#\\\/schema\\\/person\\\/496d8ad2d1d3f8036101dca7ee39e585\"},\"breadcrumb\":{\"@id\":\"https:\\\/\\\/quehacerpolitico.mx\\\/?p=10830#breadcrumb\"},\"inLanguage\":\"es\",\"potentialAction\":[{\"@type\":\"ReadAction\",\"target\":[\"https:\\\/\\\/quehacerpolitico.mx\\\/?p=10830\"]}]},{\"@type\":\"ImageObject\",\"inLanguage\":\"es\",\"@id\":\"https:\\\/\\\/quehacerpolitico.mx\\\/?p=10830#primaryimage\",\"url\":\"\",\"contentUrl\":\"\"},{\"@type\":\"BreadcrumbList\",\"@id\":\"https:\\\/\\\/quehacerpolitico.mx\\\/?p=10830#breadcrumb\",\"itemListElement\":[{\"@type\":\"ListItem\",\"position\":1,\"name\":\"Inicio\",\"item\":\"https:\\\/\\\/quehacerpolitico.mx\\\/\"},{\"@type\":\"ListItem\",\"position\":2,\"name\":\"Internacionales\\\/\\\/\\\/Carolina Alonso Romei\\\/\\\/\\\/Comandante reuni\u00f3 a \u201cEl Chapo\u201d, \u201cEl Azul\u201d y colombianos, y M\u00e9xico fue invadido con aviones de coca\"}]},{\"@type\":\"WebSite\",\"@id\":\"https:\\\/\\\/quehacerpolitico.mx\\\/#website\",\"url\":\"https:\\\/\\\/quehacerpolitico.mx\\\/\",\"name\":\"\",\"description\":\"\",\"potentialAction\":[{\"@type\":\"SearchAction\",\"target\":{\"@type\":\"EntryPoint\",\"urlTemplate\":\"https:\\\/\\\/quehacerpolitico.mx\\\/?s={search_term_string}\"},\"query-input\":{\"@type\":\"PropertyValueSpecification\",\"valueRequired\":true,\"valueName\":\"search_term_string\"}}],\"inLanguage\":\"es\"},{\"@type\":\"Person\",\"@id\":\"https:\\\/\\\/quehacerpolitico.mx\\\/#\\\/schema\\\/person\\\/496d8ad2d1d3f8036101dca7ee39e585\",\"name\":\"Redacci\u00f3n QP\",\"image\":{\"@type\":\"ImageObject\",\"inLanguage\":\"es\",\"@id\":\"https:\\\/\\\/secure.gravatar.com\\\/avatar\\\/c7164ed6fdec453195284ad24a5ae5b6e1eed2b848477fa2a4787ba9adf39a41?s=96&d=mm&r=g\",\"url\":\"https:\\\/\\\/secure.gravatar.com\\\/avatar\\\/c7164ed6fdec453195284ad24a5ae5b6e1eed2b848477fa2a4787ba9adf39a41?s=96&d=mm&r=g\",\"contentUrl\":\"https:\\\/\\\/secure.gravatar.com\\\/avatar\\\/c7164ed6fdec453195284ad24a5ae5b6e1eed2b848477fa2a4787ba9adf39a41?s=96&d=mm&r=g\",\"caption\":\"Redacci\u00f3n QP\"},\"url\":\"https:\\\/\\\/quehacerpolitico.mx\\\/?author=2\"}]}<\/script>\n<!-- \/ Yoast SEO plugin. -->","yoast_head_json":{"title":"Internacionales\/\/\/Carolina Alonso Romei\/\/\/Comandante reuni\u00f3 a \u201cEl Chapo\u201d, \u201cEl Azul\u201d y colombianos, y M\u00e9xico fue invadido con aviones de coca -","robots":{"index":"index","follow":"follow","max-snippet":"max-snippet:-1","max-image-preview":"max-image-preview:large","max-video-preview":"max-video-preview:-1"},"canonical":"https:\/\/quehacerpolitico.mx\/?p=10830","og_locale":"es_MX","og_type":"article","og_title":"Internacionales\/\/\/Carolina Alonso Romei\/\/\/Comandante reuni\u00f3 a \u201cEl Chapo\u201d, \u201cEl Azul\u201d y colombianos, y M\u00e9xico fue invadido con aviones de coca -","og_description":"Comandante reuni\u00f3 a \u201cEl Chapo\u201d, \u201cEl Azul\u201d y colombianos, y M\u00e9xico fue invadido con aviones de coca Por Carolina Alonso Romei Internacionalista","og_url":"https:\/\/quehacerpolitico.mx\/?p=10830","article_published_time":"2018-12-04T02:54:01+00:00","author":"Redacci\u00f3n QP","twitter_card":"summary_large_image","twitter_misc":{"Escrito por":"Redacci\u00f3n QP","Tiempo de lectura":"2 minutos"},"schema":{"@context":"https:\/\/schema.org","@graph":[{"@type":"Article","@id":"https:\/\/quehacerpolitico.mx\/?p=10830#article","isPartOf":{"@id":"https:\/\/quehacerpolitico.mx\/?p=10830"},"author":{"name":"Redacci\u00f3n QP","@id":"https:\/\/quehacerpolitico.mx\/#\/schema\/person\/496d8ad2d1d3f8036101dca7ee39e585"},"headline":"Internacionales\/\/\/Carolina Alonso Romei\/\/\/Comandante reuni\u00f3 a \u201cEl Chapo\u201d, \u201cEl Azul\u201d y colombianos, y M\u00e9xico fue invadido con aviones de coca","datePublished":"2018-12-04T02:54:01+00:00","mainEntityOfPage":{"@id":"https:\/\/quehacerpolitico.mx\/?p=10830"},"wordCount":445,"commentCount":0,"image":{"@id":"https:\/\/quehacerpolitico.mx\/?p=10830#primaryimage"},"thumbnailUrl":"","articleSection":["Internacionales"],"inLanguage":"es","potentialAction":[{"@type":"CommentAction","name":"Comment","target":["https:\/\/quehacerpolitico.mx\/?p=10830#respond"]}]},{"@type":"WebPage","@id":"https:\/\/quehacerpolitico.mx\/?p=10830","url":"https:\/\/quehacerpolitico.mx\/?p=10830","name":"Internacionales\/\/\/Carolina Alonso Romei\/\/\/Comandante reuni\u00f3 a \u201cEl Chapo\u201d, \u201cEl Azul\u201d y colombianos, y M\u00e9xico fue invadido con aviones de coca -","isPartOf":{"@id":"https:\/\/quehacerpolitico.mx\/#website"},"primaryImageOfPage":{"@id":"https:\/\/quehacerpolitico.mx\/?p=10830#primaryimage"},"image":{"@id":"https:\/\/quehacerpolitico.mx\/?p=10830#primaryimage"},"thumbnailUrl":"","datePublished":"2018-12-04T02:54:01+00:00","author":{"@id":"https:\/\/quehacerpolitico.mx\/#\/schema\/person\/496d8ad2d1d3f8036101dca7ee39e585"},"breadcrumb":{"@id":"https:\/\/quehacerpolitico.mx\/?p=10830#breadcrumb"},"inLanguage":"es","potentialAction":[{"@type":"ReadAction","target":["https:\/\/quehacerpolitico.mx\/?p=10830"]}]},{"@type":"ImageObject","inLanguage":"es","@id":"https:\/\/quehacerpolitico.mx\/?p=10830#primaryimage","url":"","contentUrl":""},{"@type":"BreadcrumbList","@id":"https:\/\/quehacerpolitico.mx\/?p=10830#breadcrumb","itemListElement":[{"@type":"ListItem","position":1,"name":"Inicio","item":"https:\/\/quehacerpolitico.mx\/"},{"@type":"ListItem","position":2,"name":"Internacionales\/\/\/Carolina Alonso Romei\/\/\/Comandante reuni\u00f3 a \u201cEl Chapo\u201d, \u201cEl Azul\u201d y colombianos, y M\u00e9xico fue invadido con aviones de coca"}]},{"@type":"WebSite","@id":"https:\/\/quehacerpolitico.mx\/#website","url":"https:\/\/quehacerpolitico.mx\/","name":"","description":"","potentialAction":[{"@type":"SearchAction","target":{"@type":"EntryPoint","urlTemplate":"https:\/\/quehacerpolitico.mx\/?s={search_term_string}"},"query-input":{"@type":"PropertyValueSpecification","valueRequired":true,"valueName":"search_term_string"}}],"inLanguage":"es"},{"@type":"Person","@id":"https:\/\/quehacerpolitico.mx\/#\/schema\/person\/496d8ad2d1d3f8036101dca7ee39e585","name":"Redacci\u00f3n QP","image":{"@type":"ImageObject","inLanguage":"es","@id":"https:\/\/secure.gravatar.com\/avatar\/c7164ed6fdec453195284ad24a5ae5b6e1eed2b848477fa2a4787ba9adf39a41?s=96&d=mm&r=g","url":"https:\/\/secure.gravatar.com\/avatar\/c7164ed6fdec453195284ad24a5ae5b6e1eed2b848477fa2a4787ba9adf39a41?s=96&d=mm&r=g","contentUrl":"https:\/\/secure.gravatar.com\/avatar\/c7164ed6fdec453195284ad24a5ae5b6e1eed2b848477fa2a4787ba9adf39a41?s=96&d=mm&r=g","caption":"Redacci\u00f3n QP"},"url":"https:\/\/quehacerpolitico.mx\/?author=2"}]}},"featured_image_urls":{"full":"","thumbnail":"","medium":"","medium_large":"","large":"","1536x1536":"","2048x2048":"","covernews-featured":"","covernews-medium":""},"author_info":{"display_name":"Redacci\u00f3n QP","author_link":"https:\/\/quehacerpolitico.mx\/?author=2"},"category_info":"<a href=\"https:\/\/quehacerpolitico.mx\/?cat=1\" rel=\"category\">Internacionales<\/a>","tag_info":"Internacionales","comment_count":"0","_links":{"self":[{"href":"https:\/\/quehacerpolitico.mx\/index.php?rest_route=\/wp\/v2\/posts\/10830","targetHints":{"allow":["GET"]}}],"collection":[{"href":"https:\/\/quehacerpolitico.mx\/index.php?rest_route=\/wp\/v2\/posts"}],"about":[{"href":"https:\/\/quehacerpolitico.mx\/index.php?rest_route=\/wp\/v2\/types\/post"}],"author":[{"embeddable":true,"href":"https:\/\/quehacerpolitico.mx\/index.php?rest_route=\/wp\/v2\/users\/2"}],"replies":[{"embeddable":true,"href":"https:\/\/quehacerpolitico.mx\/index.php?rest_route=%2Fwp%2Fv2%2Fcomments&post=10830"}],"version-history":[{"count":0,"href":"https:\/\/quehacerpolitico.mx\/index.php?rest_route=\/wp\/v2\/posts\/10830\/revisions"}],"wp:featuredmedia":[{"embeddable":true,"href":"https:\/\/quehacerpolitico.mx\/index.php?rest_route=\/"}],"wp:attachment":[{"href":"https:\/\/quehacerpolitico.mx\/index.php?rest_route=%2Fwp%2Fv2%2Fmedia&parent=10830"}],"wp:term":[{"taxonomy":"category","embeddable":true,"href":"https:\/\/quehacerpolitico.mx\/index.php?rest_route=%2Fwp%2Fv2%2Fcategories&post=10830"},{"taxonomy":"post_tag","embeddable":true,"href":"https:\/\/quehacerpolitico.mx\/index.php?rest_route=%2Fwp%2Fv2%2Ftags&post=10830"}],"curies":[{"name":"wp","href":"https:\/\/api.w.org\/{rel}","templated":true}]}}