{"id":108253,"date":"2024-02-22T19:45:22","date_gmt":"2024-02-22T19:45:22","guid":{"rendered":"https:\/\/quehacerpolitico.mx\/?p=108253"},"modified":"2024-02-22T19:45:24","modified_gmt":"2024-02-22T19:45:24","slug":"internacionales-carolina-alonso-romei-senado-de-florida-aprueba-ley-para-divulgar-las-transcripciones-del-caso-epstein","status":"publish","type":"post","link":"https:\/\/quehacerpolitico.mx\/?p=108253","title":{"rendered":"Internacionales\/\/\/Carolina Alonso Romei\/\/\/Senado de Florida aprueba ley para divulgar las transcripciones del caso Epstein"},"content":{"rendered":"\n<p>Por Carolina Alonso Romei<\/p>\n\n\n\n<p>Internacionalista <\/p>\n\n\n\n<p>El&nbsp;<strong>Senado de Florida<\/strong>&nbsp;aprob\u00f3 este mi\u00e9rcoles un proyecto de ley para hacer p\u00fablicas las&nbsp;<strong>transcripciones<\/strong>&nbsp;de los cargos estatales de<strong>&nbsp;tr\u00e1fico y abuso sexual&nbsp;<\/strong>de menores presentados en 2006 contra el financiero<strong>&nbsp;Jeffrey Epstein<\/strong>, hallado muerto en una prisi\u00f3n de&nbsp;<strong>Nueva York&nbsp;<\/strong>en 2019.<\/p>\n\n\n\n<p>La medida, aprobada por unanimidad, permitir\u00e1 que salgan a la luz las transcripciones secretas de un gran jurado del condado de\u00a0<strong>Palm Beach<\/strong>, al norte de\u00a0<strong>Miami<\/strong>, que consider\u00f3 los cargos estatales contra\u00a0<strong>Epstein<\/strong>\u00a0en 2006, recogi\u00f3 el diario<em>\u00a0The Palm Beach Post.<\/em><\/p>\n\n\n\n<p>Ahora s\u00f3lo falta la firma del gobernador de&nbsp;<strong>Florida<\/strong>,&nbsp;<strong>Ron DeSantis<\/strong>, para su promulgaci\u00f3n.<\/p>\n\n\n\n<p>No obstante, un tribunal de apelaciones orden\u00f3 hace nueve meses revisar, redactar y publicar el material y la documentaci\u00f3n relativa a esta acusaci\u00f3n, por lo que la disposici\u00f3n legislativa, que entrar\u00e1 en vigor el pr\u00f3ximo 1 de junio, no ser\u00e1 necesaria, a\u00f1adi\u00f3 el rotativo.<\/p>\n\n\n\n<p>El pasado 14 de febrero, doce v\u00edctimas de&nbsp;<strong>Epstein<\/strong>&nbsp;denunciaron al&nbsp;<strong>FBI<\/strong>&nbsp;por supuesto encubrimiento y argumentaron que la agencia de polic\u00eda de&nbsp;<strong>Estados Unidos&nbsp;<\/strong>no investig\u00f3 adecuadamente las acusaciones contra \u00e9l.<\/p>\n\n\n\n<p>Las v\u00edctimas interpusieron la demanda bajo seud\u00f3nimo en un tribunal del\u00a0<strong>Distrito Sur de Nueva York\u00a0<\/strong>\u201cpara llegar al fondo del asunto, de una vez por todas, sobre el papel del\u00a0<strong>FBI<\/strong>\u00a0en la red de tr\u00e1fico sexual delictiva de\u00a0<strong>Epstein<\/strong>\u201c, indica el documento, recogido por medios locales.<\/p>\n\n\n\n<figure class=\"wp-block-embed is-type-video is-provider-youtube wp-block-embed-youtube wp-embed-aspect-16-9 wp-has-aspect-ratio\"><div class=\"wp-block-embed__wrapper\">\n<iframe loading=\"lazy\" title=\"ESTADOS UNIDOS | Publican documentos con nombres de personas citadas en el caso Epstein | EL PA\u00cdS\" width=\"640\" height=\"360\" src=\"https:\/\/www.youtube.com\/embed\/VOM1I8IjxmQ?feature=oembed\" frameborder=\"0\" allow=\"accelerometer; autoplay; clipboard-write; encrypted-media; gyroscope; picture-in-picture; web-share\" referrerpolicy=\"strict-origin-when-cross-origin\" allowfullscreen><\/iframe>\n<\/div><\/figure>\n\n\n\n<p>La demanda argumenta que el\u00a0<strong>FBI<\/strong>\u00a0permiti\u00f3 durante dos d\u00e9cadas que\u00a0<strong>Epstein<\/strong>\u00a0explotara y abusara sexualmente de ni\u00f1as y mujeres j\u00f3venes, una \u201cflagrante negligencia\u201d que dio lugar a que las propias denunciantes sufrieran abusos sexuales a manos del financiero.<\/p>\n\n\n\n<p><strong>Epstein<\/strong>&nbsp;fue acusado en 2006 de&nbsp;<strong>abusar sexualmente&nbsp;<\/strong>de menores de 14 a\u00f1os y se declar\u00f3 culpable en 2008 de solicitar y procurar a una menor para la prostituci\u00f3n bajo las leyes de&nbsp;<strong>Florida<\/strong>.<\/p>\n\n\n\n<p>Ese a\u00f1o, por medio de un acuerdo secreto con la<strong>&nbsp;Fiscal\u00eda de Florida&nbsp;<\/strong>que ha sido criticado a\u00f1os despu\u00e9s por el&nbsp;<strong>Departamento de Justicia<\/strong>, Epstein se declar\u00f3 culpable de los cargos, cumpli\u00f3 13 meses de prisi\u00f3n y se registr\u00f3 como&nbsp;<strong>delincuente sexual.<\/strong><\/p>\n\n\n\n<p>Despu\u00e9s de que el diario&nbsp;<em>The Miami Herald<\/em>informara de que exist\u00edan muchas m\u00e1s menores y mujeres que hab\u00edan sufrido abusos de&nbsp;<strong>Epstein<\/strong>, fue&nbsp;<strong>arrestado en 2019&nbsp;<\/strong>en Nueva York por cargos federales de&nbsp;<strong>tr\u00e1fico sexual.<\/strong><\/p>\n\n\n\n<p>Finalmente, se suicid\u00f3 ese mismo a\u00f1o en una c\u00e1rcel de\u00a0<strong>Nueva York<\/strong>, en la que permanec\u00eda tras ser acusado formalmente de abusar y explotar a decenas de adolescentes tanto en su mansi\u00f3n de Manhattan,\u00a0<strong>Nueva York\u00a0<\/strong>como en su residencia de\u00a0<strong>Palm Beach, Florida<\/strong>\u00a0y su propiedad de las<strong>\u00a0Islas V\u00edrgenes<\/strong><\/p>\n\n\n\n<p>Con informaci\u00f3n de EFE<\/p>\n","protected":false},"excerpt":{"rendered":"<p>Por Carolina Alonso Romei Internacionalista El&nbsp;Senado de Florida&nbsp;aprob\u00f3 este mi\u00e9rcoles un proyecto de ley para&#8230;<\/p>\n","protected":false},"author":2,"featured_media":108254,"comment_status":"open","ping_status":"open","sticky":false,"template":"","format":"standard","meta":{"_monsterinsights_skip_tracking":false,"_monsterinsights_sitenote_active":false,"_monsterinsights_sitenote_note":"","_monsterinsights_sitenote_category":0,"footnotes":""},"categories":[1],"tags":[],"class_list":["post-108253","post","type-post","status-publish","format-standard","has-post-thumbnail","hentry","category-sin-categoria"],"yoast_head":"<!-- This site is optimized with the Yoast SEO plugin v27.3 - https:\/\/yoast.com\/product\/yoast-seo-wordpress\/ -->\n<title>Internacionales\/\/\/Carolina Alonso Romei\/\/\/Senado de Florida aprueba ley para divulgar las transcripciones del caso Epstein -<\/title>\n<meta name=\"robots\" content=\"index, follow, max-snippet:-1, max-image-preview:large, max-video-preview:-1\" \/>\n<link rel=\"canonical\" href=\"https:\/\/quehacerpolitico.mx\/?p=108253\" \/>\n<meta property=\"og:locale\" content=\"es_MX\" \/>\n<meta property=\"og:type\" content=\"article\" \/>\n<meta property=\"og:title\" content=\"Internacionales\/\/\/Carolina Alonso Romei\/\/\/Senado de Florida aprueba ley para divulgar las transcripciones del caso Epstein -\" \/>\n<meta property=\"og:description\" content=\"Por Carolina Alonso Romei Internacionalista El&nbsp;Senado de Florida&nbsp;aprob\u00f3 este mi\u00e9rcoles un proyecto de ley para...\" \/>\n<meta property=\"og:url\" content=\"https:\/\/quehacerpolitico.mx\/?p=108253\" \/>\n<meta property=\"article:published_time\" content=\"2024-02-22T19:45:22+00:00\" \/>\n<meta property=\"article:modified_time\" content=\"2024-02-22T19:45:24+00:00\" \/>\n<meta property=\"og:image\" content=\"https:\/\/quehacerpolitico.mx\/wp-content\/uploads\/2024\/02\/IMG_3888.jpeg\" \/>\n\t<meta property=\"og:image:width\" content=\"687\" \/>\n\t<meta property=\"og:image:height\" content=\"446\" \/>\n\t<meta property=\"og:image:type\" content=\"image\/jpeg\" \/>\n<meta name=\"author\" content=\"Redacci\u00f3n QP\" \/>\n<meta name=\"twitter:card\" content=\"summary_large_image\" \/>\n<meta name=\"twitter:label1\" content=\"Escrito por\" \/>\n\t<meta name=\"twitter:data1\" content=\"Redacci\u00f3n QP\" \/>\n\t<meta name=\"twitter:label2\" content=\"Tiempo de lectura\" \/>\n\t<meta name=\"twitter:data2\" content=\"3 minutos\" \/>\n<script type=\"application\/ld+json\" class=\"yoast-schema-graph\">{\"@context\":\"https:\\\/\\\/schema.org\",\"@graph\":[{\"@type\":\"Article\",\"@id\":\"https:\\\/\\\/quehacerpolitico.mx\\\/?p=108253#article\",\"isPartOf\":{\"@id\":\"https:\\\/\\\/quehacerpolitico.mx\\\/?p=108253\"},\"author\":{\"name\":\"Redacci\u00f3n QP\",\"@id\":\"https:\\\/\\\/quehacerpolitico.mx\\\/#\\\/schema\\\/person\\\/496d8ad2d1d3f8036101dca7ee39e585\"},\"headline\":\"Internacionales\\\/\\\/\\\/Carolina Alonso Romei\\\/\\\/\\\/Senado de Florida aprueba ley para divulgar las transcripciones del caso Epstein\",\"datePublished\":\"2024-02-22T19:45:22+00:00\",\"dateModified\":\"2024-02-22T19:45:24+00:00\",\"mainEntityOfPage\":{\"@id\":\"https:\\\/\\\/quehacerpolitico.mx\\\/?p=108253\"},\"wordCount\":518,\"commentCount\":0,\"image\":{\"@id\":\"https:\\\/\\\/quehacerpolitico.mx\\\/?p=108253#primaryimage\"},\"thumbnailUrl\":\"https:\\\/\\\/quehacerpolitico.mx\\\/wp-content\\\/uploads\\\/2024\\\/02\\\/IMG_3888.jpeg\",\"articleSection\":[\"Internacionales\"],\"inLanguage\":\"es\",\"potentialAction\":[{\"@type\":\"CommentAction\",\"name\":\"Comment\",\"target\":[\"https:\\\/\\\/quehacerpolitico.mx\\\/?p=108253#respond\"]}]},{\"@type\":\"WebPage\",\"@id\":\"https:\\\/\\\/quehacerpolitico.mx\\\/?p=108253\",\"url\":\"https:\\\/\\\/quehacerpolitico.mx\\\/?p=108253\",\"name\":\"Internacionales\\\/\\\/\\\/Carolina Alonso Romei\\\/\\\/\\\/Senado de Florida aprueba ley para divulgar las transcripciones del caso Epstein -\",\"isPartOf\":{\"@id\":\"https:\\\/\\\/quehacerpolitico.mx\\\/#website\"},\"primaryImageOfPage\":{\"@id\":\"https:\\\/\\\/quehacerpolitico.mx\\\/?p=108253#primaryimage\"},\"image\":{\"@id\":\"https:\\\/\\\/quehacerpolitico.mx\\\/?p=108253#primaryimage\"},\"thumbnailUrl\":\"https:\\\/\\\/quehacerpolitico.mx\\\/wp-content\\\/uploads\\\/2024\\\/02\\\/IMG_3888.jpeg\",\"datePublished\":\"2024-02-22T19:45:22+00:00\",\"dateModified\":\"2024-02-22T19:45:24+00:00\",\"author\":{\"@id\":\"https:\\\/\\\/quehacerpolitico.mx\\\/#\\\/schema\\\/person\\\/496d8ad2d1d3f8036101dca7ee39e585\"},\"breadcrumb\":{\"@id\":\"https:\\\/\\\/quehacerpolitico.mx\\\/?p=108253#breadcrumb\"},\"inLanguage\":\"es\",\"potentialAction\":[{\"@type\":\"ReadAction\",\"target\":[\"https:\\\/\\\/quehacerpolitico.mx\\\/?p=108253\"]}]},{\"@type\":\"ImageObject\",\"inLanguage\":\"es\",\"@id\":\"https:\\\/\\\/quehacerpolitico.mx\\\/?p=108253#primaryimage\",\"url\":\"https:\\\/\\\/quehacerpolitico.mx\\\/wp-content\\\/uploads\\\/2024\\\/02\\\/IMG_3888.jpeg\",\"contentUrl\":\"https:\\\/\\\/quehacerpolitico.mx\\\/wp-content\\\/uploads\\\/2024\\\/02\\\/IMG_3888.jpeg\",\"width\":687,\"height\":446},{\"@type\":\"BreadcrumbList\",\"@id\":\"https:\\\/\\\/quehacerpolitico.mx\\\/?p=108253#breadcrumb\",\"itemListElement\":[{\"@type\":\"ListItem\",\"position\":1,\"name\":\"Inicio\",\"item\":\"https:\\\/\\\/quehacerpolitico.mx\\\/\"},{\"@type\":\"ListItem\",\"position\":2,\"name\":\"Internacionales\\\/\\\/\\\/Carolina Alonso Romei\\\/\\\/\\\/Senado de Florida aprueba ley para divulgar las transcripciones del caso Epstein\"}]},{\"@type\":\"WebSite\",\"@id\":\"https:\\\/\\\/quehacerpolitico.mx\\\/#website\",\"url\":\"https:\\\/\\\/quehacerpolitico.mx\\\/\",\"name\":\"\",\"description\":\"\",\"potentialAction\":[{\"@type\":\"SearchAction\",\"target\":{\"@type\":\"EntryPoint\",\"urlTemplate\":\"https:\\\/\\\/quehacerpolitico.mx\\\/?s={search_term_string}\"},\"query-input\":{\"@type\":\"PropertyValueSpecification\",\"valueRequired\":true,\"valueName\":\"search_term_string\"}}],\"inLanguage\":\"es\"},{\"@type\":\"Person\",\"@id\":\"https:\\\/\\\/quehacerpolitico.mx\\\/#\\\/schema\\\/person\\\/496d8ad2d1d3f8036101dca7ee39e585\",\"name\":\"Redacci\u00f3n QP\",\"image\":{\"@type\":\"ImageObject\",\"inLanguage\":\"es\",\"@id\":\"https:\\\/\\\/secure.gravatar.com\\\/avatar\\\/c7164ed6fdec453195284ad24a5ae5b6e1eed2b848477fa2a4787ba9adf39a41?s=96&d=mm&r=g\",\"url\":\"https:\\\/\\\/secure.gravatar.com\\\/avatar\\\/c7164ed6fdec453195284ad24a5ae5b6e1eed2b848477fa2a4787ba9adf39a41?s=96&d=mm&r=g\",\"contentUrl\":\"https:\\\/\\\/secure.gravatar.com\\\/avatar\\\/c7164ed6fdec453195284ad24a5ae5b6e1eed2b848477fa2a4787ba9adf39a41?s=96&d=mm&r=g\",\"caption\":\"Redacci\u00f3n QP\"},\"url\":\"https:\\\/\\\/quehacerpolitico.mx\\\/?author=2\"}]}<\/script>\n<!-- \/ Yoast SEO plugin. -->","yoast_head_json":{"title":"Internacionales\/\/\/Carolina Alonso Romei\/\/\/Senado de Florida aprueba ley para divulgar las transcripciones del caso Epstein -","robots":{"index":"index","follow":"follow","max-snippet":"max-snippet:-1","max-image-preview":"max-image-preview:large","max-video-preview":"max-video-preview:-1"},"canonical":"https:\/\/quehacerpolitico.mx\/?p=108253","og_locale":"es_MX","og_type":"article","og_title":"Internacionales\/\/\/Carolina Alonso Romei\/\/\/Senado de Florida aprueba ley para divulgar las transcripciones del caso Epstein -","og_description":"Por Carolina Alonso Romei Internacionalista El&nbsp;Senado de Florida&nbsp;aprob\u00f3 este mi\u00e9rcoles un proyecto de ley para...","og_url":"https:\/\/quehacerpolitico.mx\/?p=108253","article_published_time":"2024-02-22T19:45:22+00:00","article_modified_time":"2024-02-22T19:45:24+00:00","og_image":[{"width":687,"height":446,"url":"https:\/\/quehacerpolitico.mx\/wp-content\/uploads\/2024\/02\/IMG_3888.jpeg","type":"image\/jpeg"}],"author":"Redacci\u00f3n QP","twitter_card":"summary_large_image","twitter_misc":{"Escrito por":"Redacci\u00f3n QP","Tiempo de lectura":"3 minutos"},"schema":{"@context":"https:\/\/schema.org","@graph":[{"@type":"Article","@id":"https:\/\/quehacerpolitico.mx\/?p=108253#article","isPartOf":{"@id":"https:\/\/quehacerpolitico.mx\/?p=108253"},"author":{"name":"Redacci\u00f3n QP","@id":"https:\/\/quehacerpolitico.mx\/#\/schema\/person\/496d8ad2d1d3f8036101dca7ee39e585"},"headline":"Internacionales\/\/\/Carolina Alonso Romei\/\/\/Senado de Florida aprueba ley para divulgar las transcripciones del caso Epstein","datePublished":"2024-02-22T19:45:22+00:00","dateModified":"2024-02-22T19:45:24+00:00","mainEntityOfPage":{"@id":"https:\/\/quehacerpolitico.mx\/?p=108253"},"wordCount":518,"commentCount":0,"image":{"@id":"https:\/\/quehacerpolitico.mx\/?p=108253#primaryimage"},"thumbnailUrl":"https:\/\/quehacerpolitico.mx\/wp-content\/uploads\/2024\/02\/IMG_3888.jpeg","articleSection":["Internacionales"],"inLanguage":"es","potentialAction":[{"@type":"CommentAction","name":"Comment","target":["https:\/\/quehacerpolitico.mx\/?p=108253#respond"]}]},{"@type":"WebPage","@id":"https:\/\/quehacerpolitico.mx\/?p=108253","url":"https:\/\/quehacerpolitico.mx\/?p=108253","name":"Internacionales\/\/\/Carolina Alonso Romei\/\/\/Senado de Florida aprueba ley para divulgar las transcripciones del caso Epstein -","isPartOf":{"@id":"https:\/\/quehacerpolitico.mx\/#website"},"primaryImageOfPage":{"@id":"https:\/\/quehacerpolitico.mx\/?p=108253#primaryimage"},"image":{"@id":"https:\/\/quehacerpolitico.mx\/?p=108253#primaryimage"},"thumbnailUrl":"https:\/\/quehacerpolitico.mx\/wp-content\/uploads\/2024\/02\/IMG_3888.jpeg","datePublished":"2024-02-22T19:45:22+00:00","dateModified":"2024-02-22T19:45:24+00:00","author":{"@id":"https:\/\/quehacerpolitico.mx\/#\/schema\/person\/496d8ad2d1d3f8036101dca7ee39e585"},"breadcrumb":{"@id":"https:\/\/quehacerpolitico.mx\/?p=108253#breadcrumb"},"inLanguage":"es","potentialAction":[{"@type":"ReadAction","target":["https:\/\/quehacerpolitico.mx\/?p=108253"]}]},{"@type":"ImageObject","inLanguage":"es","@id":"https:\/\/quehacerpolitico.mx\/?p=108253#primaryimage","url":"https:\/\/quehacerpolitico.mx\/wp-content\/uploads\/2024\/02\/IMG_3888.jpeg","contentUrl":"https:\/\/quehacerpolitico.mx\/wp-content\/uploads\/2024\/02\/IMG_3888.jpeg","width":687,"height":446},{"@type":"BreadcrumbList","@id":"https:\/\/quehacerpolitico.mx\/?p=108253#breadcrumb","itemListElement":[{"@type":"ListItem","position":1,"name":"Inicio","item":"https:\/\/quehacerpolitico.mx\/"},{"@type":"ListItem","position":2,"name":"Internacionales\/\/\/Carolina Alonso Romei\/\/\/Senado de Florida aprueba ley para divulgar las transcripciones del caso Epstein"}]},{"@type":"WebSite","@id":"https:\/\/quehacerpolitico.mx\/#website","url":"https:\/\/quehacerpolitico.mx\/","name":"","description":"","potentialAction":[{"@type":"SearchAction","target":{"@type":"EntryPoint","urlTemplate":"https:\/\/quehacerpolitico.mx\/?s={search_term_string}"},"query-input":{"@type":"PropertyValueSpecification","valueRequired":true,"valueName":"search_term_string"}}],"inLanguage":"es"},{"@type":"Person","@id":"https:\/\/quehacerpolitico.mx\/#\/schema\/person\/496d8ad2d1d3f8036101dca7ee39e585","name":"Redacci\u00f3n QP","image":{"@type":"ImageObject","inLanguage":"es","@id":"https:\/\/secure.gravatar.com\/avatar\/c7164ed6fdec453195284ad24a5ae5b6e1eed2b848477fa2a4787ba9adf39a41?s=96&d=mm&r=g","url":"https:\/\/secure.gravatar.com\/avatar\/c7164ed6fdec453195284ad24a5ae5b6e1eed2b848477fa2a4787ba9adf39a41?s=96&d=mm&r=g","contentUrl":"https:\/\/secure.gravatar.com\/avatar\/c7164ed6fdec453195284ad24a5ae5b6e1eed2b848477fa2a4787ba9adf39a41?s=96&d=mm&r=g","caption":"Redacci\u00f3n QP"},"url":"https:\/\/quehacerpolitico.mx\/?author=2"}]}},"featured_image_urls":{"full":["https:\/\/quehacerpolitico.mx\/wp-content\/uploads\/2024\/02\/IMG_3888.jpeg",687,446,false],"thumbnail":["https:\/\/quehacerpolitico.mx\/wp-content\/uploads\/2024\/02\/IMG_3888-150x150.jpeg",150,150,true],"medium":["https:\/\/quehacerpolitico.mx\/wp-content\/uploads\/2024\/02\/IMG_3888-300x195.jpeg",300,195,true],"medium_large":["https:\/\/quehacerpolitico.mx\/wp-content\/uploads\/2024\/02\/IMG_3888.jpeg",640,415,false],"large":["https:\/\/quehacerpolitico.mx\/wp-content\/uploads\/2024\/02\/IMG_3888.jpeg",640,415,false],"1536x1536":["https:\/\/quehacerpolitico.mx\/wp-content\/uploads\/2024\/02\/IMG_3888.jpeg",687,446,false],"2048x2048":["https:\/\/quehacerpolitico.mx\/wp-content\/uploads\/2024\/02\/IMG_3888.jpeg",687,446,false],"covernews-featured":["https:\/\/quehacerpolitico.mx\/wp-content\/uploads\/2024\/02\/IMG_3888.jpeg",687,446,false],"covernews-medium":["https:\/\/quehacerpolitico.mx\/wp-content\/uploads\/2024\/02\/IMG_3888.jpeg",524,340,false]},"author_info":{"display_name":"Redacci\u00f3n QP","author_link":"https:\/\/quehacerpolitico.mx\/?author=2"},"category_info":"<a href=\"https:\/\/quehacerpolitico.mx\/?cat=1\" rel=\"category\">Internacionales<\/a>","tag_info":"Internacionales","comment_count":"0","_links":{"self":[{"href":"https:\/\/quehacerpolitico.mx\/index.php?rest_route=\/wp\/v2\/posts\/108253","targetHints":{"allow":["GET"]}}],"collection":[{"href":"https:\/\/quehacerpolitico.mx\/index.php?rest_route=\/wp\/v2\/posts"}],"about":[{"href":"https:\/\/quehacerpolitico.mx\/index.php?rest_route=\/wp\/v2\/types\/post"}],"author":[{"embeddable":true,"href":"https:\/\/quehacerpolitico.mx\/index.php?rest_route=\/wp\/v2\/users\/2"}],"replies":[{"embeddable":true,"href":"https:\/\/quehacerpolitico.mx\/index.php?rest_route=%2Fwp%2Fv2%2Fcomments&post=108253"}],"version-history":[{"count":1,"href":"https:\/\/quehacerpolitico.mx\/index.php?rest_route=\/wp\/v2\/posts\/108253\/revisions"}],"predecessor-version":[{"id":108255,"href":"https:\/\/quehacerpolitico.mx\/index.php?rest_route=\/wp\/v2\/posts\/108253\/revisions\/108255"}],"wp:featuredmedia":[{"embeddable":true,"href":"https:\/\/quehacerpolitico.mx\/index.php?rest_route=\/wp\/v2\/media\/108254"}],"wp:attachment":[{"href":"https:\/\/quehacerpolitico.mx\/index.php?rest_route=%2Fwp%2Fv2%2Fmedia&parent=108253"}],"wp:term":[{"taxonomy":"category","embeddable":true,"href":"https:\/\/quehacerpolitico.mx\/index.php?rest_route=%2Fwp%2Fv2%2Fcategories&post=108253"},{"taxonomy":"post_tag","embeddable":true,"href":"https:\/\/quehacerpolitico.mx\/index.php?rest_route=%2Fwp%2Fv2%2Ftags&post=108253"}],"curies":[{"name":"wp","href":"https:\/\/api.w.org\/{rel}","templated":true}]}}