{"id":10824,"date":"2018-12-03T18:41:09","date_gmt":"2018-12-03T18:41:09","guid":{"rendered":"http:\/\/quehacerpolitico.mx\/por-puebla-al-frente-rechaza-proyecto-para-anular-la-eleccion-es-un-atropello-acusa\/"},"modified":"2018-12-03T18:41:09","modified_gmt":"2018-12-03T18:41:09","slug":"por-puebla-al-frente-rechaza-proyecto-para-anular-la-eleccion-es-un-atropello-acusa","status":"publish","type":"post","link":"https:\/\/quehacerpolitico.mx\/?p=10824","title":{"rendered":"\u201cPor Puebla Al Frente\u201d rechaza proyecto para anular la elecci\u00f3n; es un atropello, acusa"},"content":{"rendered":"<h1>\u201cPor Puebla Al Frente\u201d rechaza proyecto para anular la elecci\u00f3n; es un atropello, acusa<\/h1>\n<p>Por Redacci\u00f3n QP<\/p>\n<p>Los integrantes de la colaci\u00f3n \u201cPor Puebla Al Frente\u201d conformada por el Partido Acci\u00f3n Nacional (<strong>PAN<\/strong>), el Partido de la Revoluci\u00f3n Democr\u00e1tica (<strong>PRD<\/strong>) y Movimiento Ciudadano (<strong>MC<\/strong>) rechaz\u00f3 el proyecto de sentencia elaborado por el <strong>Magistrado Jos\u00e9 Luis Vargas<\/strong> para anular la elecci\u00f3n en <strong>Puebla<\/strong>.<\/p>\n<p>A trav\u00e9s de un comunicado, la coalici\u00f3n hizo un llamado al Tribunal Electoral del Poder Judicial de la Federaci\u00f3n (<strong>TEPJF<\/strong>) para que valore la evidencia desahogada y se permita a <strong>Martha \u00c9rika Alonso<\/strong> asumir el cargo de Gobernadora de la entidad.<\/p>\n<p>El d\u00eda de ayer, el\u00a0Magistrado Jos\u00e9 Luis Vargas\u00a0hizo p\u00fablico el proyecto de anular la elecci\u00f3n en Puebla el cual present\u00f3 ante la Sala Superior del Tribunal Electoral del Poder Judicial de la Federaci\u00f3n (TEPJF) y propone revocar la constancia de mayor\u00eda entregada a la panista Martha Erika Alonso.<\/p>\n<p>\u201cEn un acto indigno, el magistrado Vargas intenta confundir al pleno del Tribunal Electoral con el falso argumento de que se viol\u00f3 la cadena de custodia de la documentaci\u00f3n electoral. El proyecto de sentencia es un absurdo a la raz\u00f3n jur\u00eddica: el propio magistrado reconoce que no hay variaciones en los votos obtenidos por la candidata panista entre el primer c\u00f3mputo y el recuento total que hizo el mismo magistrado Vargas con decenas de funcionarios del Poder Judicial Federal\u201d, indica el comunicado.<\/p>\n<p>La coalici\u00f3n indic\u00f3 que el proyecto del Magistrado viola el principio de la carga de la prueba, presuponiendo que los paquetes fueron violados sin existir prueba que indique que as\u00ed ocurri\u00f3.<\/p>\n<p>Los firmantes, recordaron que la elecci\u00f3n a Gobernador ha sido una de las votaciones m\u00e1s auditadas en la historia del pa\u00eds.<\/p>\n<p>\u201cEn seis ejercicios distintos donde se contaron los votos de manera total o parcial, se comprob\u00f3 una y otra vez que los ciudadanos contaron bien los sufragios y que la autoridad electoral estatal ejerci\u00f3 la debida cadena de custodia, porque los resultados en cada uno de esos conteos son consistentes entre s\u00ed y corroboran el registrado por los funcionarios de casilla al t\u00e9rmino de la jornada electoral\u201d.<\/p>\n<p>\u201cPor Puebla Al Frente\u201d asegur\u00f3 que desde la noche del 1 de diciembre, hasta el conteo \u201cvoto por voto, casilla por casilla\u201d ordenado a finales de septiembre, la victoria de la candidata de \u201cPor Puebla al Frente\u201d siempre fue por un margen superior a los cien mil votos sobre el aspirante de Morena.<\/p>\n<p>\u201cLa ley no puede quedar secuestrada por el inter\u00e9s de halagar al poder entrante. Se debe respetar la voluntad legal, leg\u00edtima y genuinamente expresada en las urnas. Apelamos a que los magistrados del Tribunal Electoral del Poder Judicial de la Federaci\u00f3n no permitan este atropello\u201d, concluye el comunicado.<\/p>\n","protected":false},"excerpt":{"rendered":"<p>\u201cPor Puebla Al Frente\u201d rechaza proyecto para anular la elecci\u00f3n; es un atropello, acusa<br \/>\nPor Redacci\u00f3n QP<\/p>\n","protected":false},"author":2,"featured_media":10823,"comment_status":"open","ping_status":"open","sticky":false,"template":"","format":"standard","meta":{"_monsterinsights_skip_tracking":false,"_monsterinsights_sitenote_active":false,"_monsterinsights_sitenote_note":"","_monsterinsights_sitenote_category":0,"footnotes":""},"categories":[2],"tags":[],"class_list":["post-10824","post","type-post","status-publish","format-standard","has-post-thumbnail","hentry","category-noticias"],"yoast_head":"<!-- This site is optimized with the Yoast SEO plugin v27.3 - https:\/\/yoast.com\/product\/yoast-seo-wordpress\/ -->\n<title>\u201cPor Puebla Al Frente\u201d rechaza proyecto para anular la elecci\u00f3n; es un atropello, acusa -<\/title>\n<meta name=\"robots\" content=\"index, follow, max-snippet:-1, max-image-preview:large, max-video-preview:-1\" \/>\n<link rel=\"canonical\" href=\"https:\/\/quehacerpolitico.mx\/?p=10824\" \/>\n<meta property=\"og:locale\" content=\"es_MX\" \/>\n<meta property=\"og:type\" content=\"article\" \/>\n<meta property=\"og:title\" content=\"\u201cPor Puebla Al Frente\u201d rechaza proyecto para anular la elecci\u00f3n; es un atropello, acusa -\" \/>\n<meta property=\"og:description\" content=\"\u201cPor Puebla Al Frente\u201d rechaza proyecto para anular la elecci\u00f3n; es un atropello, acusa Por Redacci\u00f3n QP\" \/>\n<meta property=\"og:url\" content=\"https:\/\/quehacerpolitico.mx\/?p=10824\" \/>\n<meta property=\"article:published_time\" content=\"2018-12-03T18:41:09+00:00\" \/>\n<meta name=\"author\" content=\"Redacci\u00f3n QP\" \/>\n<meta name=\"twitter:card\" content=\"summary_large_image\" \/>\n<meta name=\"twitter:label1\" content=\"Escrito por\" \/>\n\t<meta name=\"twitter:data1\" content=\"Redacci\u00f3n QP\" \/>\n\t<meta name=\"twitter:label2\" content=\"Tiempo de lectura\" \/>\n\t<meta name=\"twitter:data2\" content=\"2 minutos\" \/>\n<script type=\"application\/ld+json\" class=\"yoast-schema-graph\">{\"@context\":\"https:\\\/\\\/schema.org\",\"@graph\":[{\"@type\":\"Article\",\"@id\":\"https:\\\/\\\/quehacerpolitico.mx\\\/?p=10824#article\",\"isPartOf\":{\"@id\":\"https:\\\/\\\/quehacerpolitico.mx\\\/?p=10824\"},\"author\":{\"name\":\"Redacci\u00f3n QP\",\"@id\":\"https:\\\/\\\/quehacerpolitico.mx\\\/#\\\/schema\\\/person\\\/496d8ad2d1d3f8036101dca7ee39e585\"},\"headline\":\"\u201cPor Puebla Al Frente\u201d rechaza proyecto para anular la elecci\u00f3n; es un atropello, acusa\",\"datePublished\":\"2018-12-03T18:41:09+00:00\",\"mainEntityOfPage\":{\"@id\":\"https:\\\/\\\/quehacerpolitico.mx\\\/?p=10824\"},\"wordCount\":496,\"commentCount\":0,\"image\":{\"@id\":\"https:\\\/\\\/quehacerpolitico.mx\\\/?p=10824#primaryimage\"},\"thumbnailUrl\":\"\",\"articleSection\":[\"Noticias\"],\"inLanguage\":\"es\",\"potentialAction\":[{\"@type\":\"CommentAction\",\"name\":\"Comment\",\"target\":[\"https:\\\/\\\/quehacerpolitico.mx\\\/?p=10824#respond\"]}]},{\"@type\":\"WebPage\",\"@id\":\"https:\\\/\\\/quehacerpolitico.mx\\\/?p=10824\",\"url\":\"https:\\\/\\\/quehacerpolitico.mx\\\/?p=10824\",\"name\":\"\u201cPor Puebla Al Frente\u201d rechaza proyecto para anular la elecci\u00f3n; es un atropello, acusa -\",\"isPartOf\":{\"@id\":\"https:\\\/\\\/quehacerpolitico.mx\\\/#website\"},\"primaryImageOfPage\":{\"@id\":\"https:\\\/\\\/quehacerpolitico.mx\\\/?p=10824#primaryimage\"},\"image\":{\"@id\":\"https:\\\/\\\/quehacerpolitico.mx\\\/?p=10824#primaryimage\"},\"thumbnailUrl\":\"\",\"datePublished\":\"2018-12-03T18:41:09+00:00\",\"author\":{\"@id\":\"https:\\\/\\\/quehacerpolitico.mx\\\/#\\\/schema\\\/person\\\/496d8ad2d1d3f8036101dca7ee39e585\"},\"breadcrumb\":{\"@id\":\"https:\\\/\\\/quehacerpolitico.mx\\\/?p=10824#breadcrumb\"},\"inLanguage\":\"es\",\"potentialAction\":[{\"@type\":\"ReadAction\",\"target\":[\"https:\\\/\\\/quehacerpolitico.mx\\\/?p=10824\"]}]},{\"@type\":\"ImageObject\",\"inLanguage\":\"es\",\"@id\":\"https:\\\/\\\/quehacerpolitico.mx\\\/?p=10824#primaryimage\",\"url\":\"\",\"contentUrl\":\"\"},{\"@type\":\"BreadcrumbList\",\"@id\":\"https:\\\/\\\/quehacerpolitico.mx\\\/?p=10824#breadcrumb\",\"itemListElement\":[{\"@type\":\"ListItem\",\"position\":1,\"name\":\"Inicio\",\"item\":\"https:\\\/\\\/quehacerpolitico.mx\\\/\"},{\"@type\":\"ListItem\",\"position\":2,\"name\":\"\u201cPor Puebla Al Frente\u201d rechaza proyecto para anular la elecci\u00f3n; es un atropello, acusa\"}]},{\"@type\":\"WebSite\",\"@id\":\"https:\\\/\\\/quehacerpolitico.mx\\\/#website\",\"url\":\"https:\\\/\\\/quehacerpolitico.mx\\\/\",\"name\":\"\",\"description\":\"\",\"potentialAction\":[{\"@type\":\"SearchAction\",\"target\":{\"@type\":\"EntryPoint\",\"urlTemplate\":\"https:\\\/\\\/quehacerpolitico.mx\\\/?s={search_term_string}\"},\"query-input\":{\"@type\":\"PropertyValueSpecification\",\"valueRequired\":true,\"valueName\":\"search_term_string\"}}],\"inLanguage\":\"es\"},{\"@type\":\"Person\",\"@id\":\"https:\\\/\\\/quehacerpolitico.mx\\\/#\\\/schema\\\/person\\\/496d8ad2d1d3f8036101dca7ee39e585\",\"name\":\"Redacci\u00f3n QP\",\"image\":{\"@type\":\"ImageObject\",\"inLanguage\":\"es\",\"@id\":\"https:\\\/\\\/secure.gravatar.com\\\/avatar\\\/c7164ed6fdec453195284ad24a5ae5b6e1eed2b848477fa2a4787ba9adf39a41?s=96&d=mm&r=g\",\"url\":\"https:\\\/\\\/secure.gravatar.com\\\/avatar\\\/c7164ed6fdec453195284ad24a5ae5b6e1eed2b848477fa2a4787ba9adf39a41?s=96&d=mm&r=g\",\"contentUrl\":\"https:\\\/\\\/secure.gravatar.com\\\/avatar\\\/c7164ed6fdec453195284ad24a5ae5b6e1eed2b848477fa2a4787ba9adf39a41?s=96&d=mm&r=g\",\"caption\":\"Redacci\u00f3n QP\"},\"url\":\"https:\\\/\\\/quehacerpolitico.mx\\\/?author=2\"}]}<\/script>\n<!-- \/ Yoast SEO plugin. -->","yoast_head_json":{"title":"\u201cPor Puebla Al Frente\u201d rechaza proyecto para anular la elecci\u00f3n; es un atropello, acusa -","robots":{"index":"index","follow":"follow","max-snippet":"max-snippet:-1","max-image-preview":"max-image-preview:large","max-video-preview":"max-video-preview:-1"},"canonical":"https:\/\/quehacerpolitico.mx\/?p=10824","og_locale":"es_MX","og_type":"article","og_title":"\u201cPor Puebla Al Frente\u201d rechaza proyecto para anular la elecci\u00f3n; es un atropello, acusa -","og_description":"\u201cPor Puebla Al Frente\u201d rechaza proyecto para anular la elecci\u00f3n; es un atropello, acusa Por Redacci\u00f3n QP","og_url":"https:\/\/quehacerpolitico.mx\/?p=10824","article_published_time":"2018-12-03T18:41:09+00:00","author":"Redacci\u00f3n QP","twitter_card":"summary_large_image","twitter_misc":{"Escrito por":"Redacci\u00f3n QP","Tiempo de lectura":"2 minutos"},"schema":{"@context":"https:\/\/schema.org","@graph":[{"@type":"Article","@id":"https:\/\/quehacerpolitico.mx\/?p=10824#article","isPartOf":{"@id":"https:\/\/quehacerpolitico.mx\/?p=10824"},"author":{"name":"Redacci\u00f3n QP","@id":"https:\/\/quehacerpolitico.mx\/#\/schema\/person\/496d8ad2d1d3f8036101dca7ee39e585"},"headline":"\u201cPor Puebla Al Frente\u201d rechaza proyecto para anular la elecci\u00f3n; es un atropello, acusa","datePublished":"2018-12-03T18:41:09+00:00","mainEntityOfPage":{"@id":"https:\/\/quehacerpolitico.mx\/?p=10824"},"wordCount":496,"commentCount":0,"image":{"@id":"https:\/\/quehacerpolitico.mx\/?p=10824#primaryimage"},"thumbnailUrl":"","articleSection":["Noticias"],"inLanguage":"es","potentialAction":[{"@type":"CommentAction","name":"Comment","target":["https:\/\/quehacerpolitico.mx\/?p=10824#respond"]}]},{"@type":"WebPage","@id":"https:\/\/quehacerpolitico.mx\/?p=10824","url":"https:\/\/quehacerpolitico.mx\/?p=10824","name":"\u201cPor Puebla Al Frente\u201d rechaza proyecto para anular la elecci\u00f3n; es un atropello, acusa -","isPartOf":{"@id":"https:\/\/quehacerpolitico.mx\/#website"},"primaryImageOfPage":{"@id":"https:\/\/quehacerpolitico.mx\/?p=10824#primaryimage"},"image":{"@id":"https:\/\/quehacerpolitico.mx\/?p=10824#primaryimage"},"thumbnailUrl":"","datePublished":"2018-12-03T18:41:09+00:00","author":{"@id":"https:\/\/quehacerpolitico.mx\/#\/schema\/person\/496d8ad2d1d3f8036101dca7ee39e585"},"breadcrumb":{"@id":"https:\/\/quehacerpolitico.mx\/?p=10824#breadcrumb"},"inLanguage":"es","potentialAction":[{"@type":"ReadAction","target":["https:\/\/quehacerpolitico.mx\/?p=10824"]}]},{"@type":"ImageObject","inLanguage":"es","@id":"https:\/\/quehacerpolitico.mx\/?p=10824#primaryimage","url":"","contentUrl":""},{"@type":"BreadcrumbList","@id":"https:\/\/quehacerpolitico.mx\/?p=10824#breadcrumb","itemListElement":[{"@type":"ListItem","position":1,"name":"Inicio","item":"https:\/\/quehacerpolitico.mx\/"},{"@type":"ListItem","position":2,"name":"\u201cPor Puebla Al Frente\u201d rechaza proyecto para anular la elecci\u00f3n; es un atropello, acusa"}]},{"@type":"WebSite","@id":"https:\/\/quehacerpolitico.mx\/#website","url":"https:\/\/quehacerpolitico.mx\/","name":"","description":"","potentialAction":[{"@type":"SearchAction","target":{"@type":"EntryPoint","urlTemplate":"https:\/\/quehacerpolitico.mx\/?s={search_term_string}"},"query-input":{"@type":"PropertyValueSpecification","valueRequired":true,"valueName":"search_term_string"}}],"inLanguage":"es"},{"@type":"Person","@id":"https:\/\/quehacerpolitico.mx\/#\/schema\/person\/496d8ad2d1d3f8036101dca7ee39e585","name":"Redacci\u00f3n QP","image":{"@type":"ImageObject","inLanguage":"es","@id":"https:\/\/secure.gravatar.com\/avatar\/c7164ed6fdec453195284ad24a5ae5b6e1eed2b848477fa2a4787ba9adf39a41?s=96&d=mm&r=g","url":"https:\/\/secure.gravatar.com\/avatar\/c7164ed6fdec453195284ad24a5ae5b6e1eed2b848477fa2a4787ba9adf39a41?s=96&d=mm&r=g","contentUrl":"https:\/\/secure.gravatar.com\/avatar\/c7164ed6fdec453195284ad24a5ae5b6e1eed2b848477fa2a4787ba9adf39a41?s=96&d=mm&r=g","caption":"Redacci\u00f3n QP"},"url":"https:\/\/quehacerpolitico.mx\/?author=2"}]}},"featured_image_urls":{"full":"","thumbnail":"","medium":"","medium_large":"","large":"","1536x1536":"","2048x2048":"","covernews-featured":"","covernews-medium":""},"author_info":{"display_name":"Redacci\u00f3n QP","author_link":"https:\/\/quehacerpolitico.mx\/?author=2"},"category_info":"<a href=\"https:\/\/quehacerpolitico.mx\/?cat=2\" rel=\"category\">Noticias<\/a>","tag_info":"Noticias","comment_count":"0","_links":{"self":[{"href":"https:\/\/quehacerpolitico.mx\/index.php?rest_route=\/wp\/v2\/posts\/10824","targetHints":{"allow":["GET"]}}],"collection":[{"href":"https:\/\/quehacerpolitico.mx\/index.php?rest_route=\/wp\/v2\/posts"}],"about":[{"href":"https:\/\/quehacerpolitico.mx\/index.php?rest_route=\/wp\/v2\/types\/post"}],"author":[{"embeddable":true,"href":"https:\/\/quehacerpolitico.mx\/index.php?rest_route=\/wp\/v2\/users\/2"}],"replies":[{"embeddable":true,"href":"https:\/\/quehacerpolitico.mx\/index.php?rest_route=%2Fwp%2Fv2%2Fcomments&post=10824"}],"version-history":[{"count":0,"href":"https:\/\/quehacerpolitico.mx\/index.php?rest_route=\/wp\/v2\/posts\/10824\/revisions"}],"wp:featuredmedia":[{"embeddable":true,"href":"https:\/\/quehacerpolitico.mx\/index.php?rest_route=\/"}],"wp:attachment":[{"href":"https:\/\/quehacerpolitico.mx\/index.php?rest_route=%2Fwp%2Fv2%2Fmedia&parent=10824"}],"wp:term":[{"taxonomy":"category","embeddable":true,"href":"https:\/\/quehacerpolitico.mx\/index.php?rest_route=%2Fwp%2Fv2%2Fcategories&post=10824"},{"taxonomy":"post_tag","embeddable":true,"href":"https:\/\/quehacerpolitico.mx\/index.php?rest_route=%2Fwp%2Fv2%2Ftags&post=10824"}],"curies":[{"name":"wp","href":"https:\/\/api.w.org\/{rel}","templated":true}]}}