{"id":108228,"date":"2024-02-22T16:31:00","date_gmt":"2024-02-22T16:31:00","guid":{"rendered":"https:\/\/quehacerpolitico.mx\/?p=108228"},"modified":"2024-02-22T16:31:02","modified_gmt":"2024-02-22T16:31:02","slug":"muere-una-persona-del-sexo-femenino-en-el-anden-de-la-estacion-indios-verdes-de-la-linea-1-del-metrobus","status":"publish","type":"post","link":"https:\/\/quehacerpolitico.mx\/?p=108228","title":{"rendered":"Muere una persona del sexo femenino en el and\u00e9n de la\u00a0estaci\u00f3n Indios Verdes de la\u00a0L\u00ednea 1\u00a0del\u00a0Metrob\u00fas"},"content":{"rendered":"\n<p>Por Redacci\u00f3n QP<\/p>\n\n\n\n<p>Las corridas del Metrob\u00fas que salen de Indios Verdes al Caminero fueron cambiadas a 18 de Marzo por la muerte de una persona<\/p>\n\n\n\n<p>Derivado de la muerte de una persona autoridades suspendieron el&nbsp;<strong>servicio<\/strong>&nbsp;en la&nbsp;<strong>L\u00ednea 1<\/strong>&nbsp;del&nbsp;<strong>Metrob\u00fas<\/strong>.<\/p>\n\n\n\n<p>La ma\u00f1ana de este jueves se registr\u00f3 el\u00a0<strong>deceso<\/strong>\u00a0de una\u00a0<strong>persona<\/strong> en el and\u00e9n de la\u00a0<strong>estaci\u00f3n Indios Verdes<\/strong>.<\/p>\n\n\n\n<p>El cuerpo fue cubierto y el \u00e1rea acordonada en espera de\u00a0<strong>peritos forenses<\/strong>\u00a0y personal de la Fiscal\u00eda General de Justicia (FGJ) de la Ciudad de M\u00e9xico.<\/p>\n\n\n\n<p>De manera preliminar se indica que la v\u00edctima era una&nbsp;<strong>mujer<\/strong>&nbsp;de aproximadamente 50 a\u00f1os.<\/p>\n\n\n\n<p>Ante la situaci\u00f3n el Metrob\u00fas suspendi\u00f3 el servicio en dicha estaci\u00f3n, por lo que las corridas que parten de la\u00a0<strong>L\u00ednea<\/strong>\u00a0<strong>1<\/strong>\u00a0fueron cambiadas a\u00a0<strong>18 de Marzo<\/strong>.<\/p>\n\n\n\n<figure class=\"wp-block-embed is-type-rich is-provider-twitter wp-block-embed-twitter\"><div class=\"wp-block-embed__wrapper\">\n<blockquote class=\"twitter-tweet\" data-width=\"550\" data-dnt=\"true\"><p lang=\"es\" dir=\"ltr\">\u26a0\ufe0fAVISO L1<br>2\u20e3Toma en cuenta por intervenci\u00f3n en estaci\u00f3n. <br>Estaci\u00f3n cerrada: Indios Verdes<br>Servicio de: 18 de Marzo \u2194\ufe0fEl Caminero<br>(Actualizaci\u00f3n 07:35 H) <br>Consulta la actualizaci\u00f3n del Estado de Servicio en: <a href=\"https:\/\/t.co\/KYPFkxMmrU\">https:\/\/t.co\/KYPFkxMmrU<\/a><a href=\"https:\/\/twitter.com\/SSC_CDMX?ref_src=twsrc%5Etfw\">@SSC_CDMX<\/a><a href=\"https:\/\/twitter.com\/UCS_GCDMX?ref_src=twsrc%5Etfw\">@UCS_GCDMX<\/a><\/p>&mdash; Metrob\u00fas CDMX (@MetrobusCDMX) <a href=\"https:\/\/twitter.com\/MetrobusCDMX\/status\/1760659543674007667?ref_src=twsrc%5Etfw\">February 22, 2024<\/a><\/blockquote><script async src=\"https:\/\/platform.twitter.com\/widgets.js\" charset=\"utf-8\"><\/script>\n<\/div><figcaption class=\"wp-element-caption\">La mujer de nombre Alejandra Olgu\u00edn, fue dada de alta por la ma\u00f1ana de la<strong>cl\u00ednica 24 del Instituto Mexicano del Seguro Social (IMSS)\u00a0<\/strong>acompa\u00f1ada de su hijo, pero comenz\u00f3 a sentirse mal y tener problemas de respiraci\u00f3n por lo que sent\u00f3 en una banca, pero desafortunadamente muri\u00f3 luego de recibir los primeros servicios m\u00e9dicos.\u00a0<br>Polic\u00edas auxiliares y de la Secretar\u00eda de Seguridad Ciudadana (SSC) se encuentran en el lugar apoyando al personal de la estaci\u00f3n, quienes cubrieron el cuerpo con una manta t\u00e9rmica y bloquearon la visi\u00f3n del lugar con una unidad del Metrob\u00fas. Al momento,<strong>\u00a0se espera la llegada de los servicios de emergencia<\/strong>\u00a0y periciales.<\/figcaption><\/figure>\n\n\n\n<p>Usuarios en redes sociales han reportado alta afluencia de personas quienes llegan al paradero de<strong>\u00a0Indios Verdes<\/strong>\u00a0y no pueden ingresar al Metrob\u00fas con direcci\u00f3n al sur de la ciudad.<\/p>\n\n\n\n<p>Mientras que los usuarios en el lugar tambi\u00e9n llegan y las autoridades ni los trabajadores del Metrob\u00fas otorgan m\u00e1s informaci\u00f3n.<\/p>\n\n\n\n<p>Indios Verdes es una terminal del&nbsp;<strong>Metro, Metrob\u00fas y Cableb\u00fas<\/strong>&nbsp;que conecta a la zona centro y sur de la Ciudad de M\u00e9xico con municipios del Estado de M\u00e9xico e Hidalgo.&nbsp;<\/p>\n\n\n\n<p>Al momento, el Metrob\u00fas tambi\u00e9n Informo solo por redes sociales que la estaci\u00f3n\u00a0<strong>18 de Marzo se encuentra aglomerada<\/strong>, pero esperan agilizar la movilidad de unidades para mejorar el servicio.<\/p>\n\n\n\n<figure class=\"wp-block-embed is-type-rich is-provider-twitter wp-block-embed-twitter\"><div class=\"wp-block-embed__wrapper\">\n<blockquote class=\"twitter-tweet\" data-width=\"550\" data-dnt=\"true\"><p lang=\"es\" dir=\"ltr\">\u25b6\ufe0f <a href=\"https:\/\/twitter.com\/hashtag\/%C3%9ALTIMAHORA?src=hash&amp;ref_src=twsrc%5Etfw\">#\u00daLTIMAHORA<\/a> | Se interrumpe el servicio en la L\u00ednea 1 del Metrob\u00fas, en Indios Verdes, tras el reporte de una persona fallecida. <br><br>\ud83d\udcfa <a href=\"https:\/\/twitter.com\/hashtag\/TelediarioMatutino?src=hash&amp;ref_src=twsrc%5Etfw\">#TelediarioMatutino<\/a> con <a href=\"https:\/\/twitter.com\/anyalanis14?ref_src=twsrc%5Etfw\">@anyalanis14<\/a>, <a href=\"https:\/\/twitter.com\/liliana_sosa?ref_src=twsrc%5Etfw\">@liliana_sosa<\/a>, y <a href=\"https:\/\/twitter.com\/deividmedrano?ref_src=twsrc%5Etfw\">@deividmedrano<\/a> \u2b50\ufe0f <a href=\"https:\/\/t.co\/1PgIHf7Bb7\">pic.twitter.com\/1PgIHf7Bb7<\/a><\/p>&mdash; @telediario (@telediario) <a href=\"https:\/\/twitter.com\/telediario\/status\/1760662197456298400?ref_src=twsrc%5Etfw\">February 22, 2024<\/a><\/blockquote><script async src=\"https:\/\/platform.twitter.com\/widgets.js\" charset=\"utf-8\"><\/script>\n<\/div><\/figure>\n","protected":false},"excerpt":{"rendered":"<p>Por Redacci\u00f3n QP Las corridas del Metrob\u00fas que salen de Indios Verdes al Caminero fueron&#8230;<\/p>\n","protected":false},"author":2,"featured_media":108229,"comment_status":"open","ping_status":"open","sticky":false,"template":"","format":"standard","meta":{"_monsterinsights_skip_tracking":false,"_monsterinsights_sitenote_active":false,"_monsterinsights_sitenote_note":"","_monsterinsights_sitenote_category":0,"footnotes":""},"categories":[55],"tags":[],"class_list":["post-108228","post","type-post","status-publish","format-standard","has-post-thumbnail","hentry","category-cdmx"],"yoast_head":"<!-- This site is optimized with the Yoast SEO plugin v27.3 - https:\/\/yoast.com\/product\/yoast-seo-wordpress\/ -->\n<title>Muere una persona del sexo femenino en el and\u00e9n de la\u00a0estaci\u00f3n Indios Verdes de la\u00a0L\u00ednea 1\u00a0del\u00a0Metrob\u00fas -<\/title>\n<meta name=\"robots\" content=\"index, follow, max-snippet:-1, max-image-preview:large, max-video-preview:-1\" \/>\n<link rel=\"canonical\" href=\"https:\/\/quehacerpolitico.mx\/?p=108228\" \/>\n<meta property=\"og:locale\" content=\"es_MX\" \/>\n<meta property=\"og:type\" content=\"article\" \/>\n<meta property=\"og:title\" content=\"Muere una persona del sexo femenino en el and\u00e9n de la\u00a0estaci\u00f3n Indios Verdes de la\u00a0L\u00ednea 1\u00a0del\u00a0Metrob\u00fas -\" \/>\n<meta property=\"og:description\" content=\"Por Redacci\u00f3n QP Las corridas del Metrob\u00fas que salen de Indios Verdes al Caminero fueron...\" \/>\n<meta property=\"og:url\" content=\"https:\/\/quehacerpolitico.mx\/?p=108228\" \/>\n<meta property=\"article:published_time\" content=\"2024-02-22T16:31:00+00:00\" \/>\n<meta property=\"article:modified_time\" content=\"2024-02-22T16:31:02+00:00\" \/>\n<meta property=\"og:image\" content=\"https:\/\/quehacerpolitico.mx\/wp-content\/uploads\/2024\/02\/photo-output-1.jpeg\" \/>\n\t<meta property=\"og:image:width\" content=\"2046\" \/>\n\t<meta property=\"og:image:height\" content=\"1118\" \/>\n\t<meta property=\"og:image:type\" content=\"image\/jpeg\" \/>\n<meta name=\"author\" content=\"Redacci\u00f3n QP\" \/>\n<meta name=\"twitter:card\" content=\"summary_large_image\" \/>\n<meta name=\"twitter:label1\" content=\"Escrito por\" \/>\n\t<meta name=\"twitter:data1\" content=\"Redacci\u00f3n QP\" \/>\n\t<meta name=\"twitter:label2\" content=\"Tiempo de lectura\" \/>\n\t<meta name=\"twitter:data2\" content=\"2 minutos\" \/>\n<script type=\"application\/ld+json\" class=\"yoast-schema-graph\">{\"@context\":\"https:\\\/\\\/schema.org\",\"@graph\":[{\"@type\":\"Article\",\"@id\":\"https:\\\/\\\/quehacerpolitico.mx\\\/?p=108228#article\",\"isPartOf\":{\"@id\":\"https:\\\/\\\/quehacerpolitico.mx\\\/?p=108228\"},\"author\":{\"name\":\"Redacci\u00f3n QP\",\"@id\":\"https:\\\/\\\/quehacerpolitico.mx\\\/#\\\/schema\\\/person\\\/496d8ad2d1d3f8036101dca7ee39e585\"},\"headline\":\"Muere una persona del sexo femenino en el and\u00e9n de la\u00a0estaci\u00f3n Indios Verdes de la\u00a0L\u00ednea 1\u00a0del\u00a0Metrob\u00fas\",\"datePublished\":\"2024-02-22T16:31:00+00:00\",\"dateModified\":\"2024-02-22T16:31:02+00:00\",\"mainEntityOfPage\":{\"@id\":\"https:\\\/\\\/quehacerpolitico.mx\\\/?p=108228\"},\"wordCount\":439,\"commentCount\":0,\"image\":{\"@id\":\"https:\\\/\\\/quehacerpolitico.mx\\\/?p=108228#primaryimage\"},\"thumbnailUrl\":\"https:\\\/\\\/quehacerpolitico.mx\\\/wp-content\\\/uploads\\\/2024\\\/02\\\/photo-output-1.jpeg\",\"articleSection\":[\"CDMX\"],\"inLanguage\":\"es\",\"potentialAction\":[{\"@type\":\"CommentAction\",\"name\":\"Comment\",\"target\":[\"https:\\\/\\\/quehacerpolitico.mx\\\/?p=108228#respond\"]}]},{\"@type\":\"WebPage\",\"@id\":\"https:\\\/\\\/quehacerpolitico.mx\\\/?p=108228\",\"url\":\"https:\\\/\\\/quehacerpolitico.mx\\\/?p=108228\",\"name\":\"Muere una persona del sexo femenino en el and\u00e9n de la\u00a0estaci\u00f3n Indios Verdes de la\u00a0L\u00ednea 1\u00a0del\u00a0Metrob\u00fas -\",\"isPartOf\":{\"@id\":\"https:\\\/\\\/quehacerpolitico.mx\\\/#website\"},\"primaryImageOfPage\":{\"@id\":\"https:\\\/\\\/quehacerpolitico.mx\\\/?p=108228#primaryimage\"},\"image\":{\"@id\":\"https:\\\/\\\/quehacerpolitico.mx\\\/?p=108228#primaryimage\"},\"thumbnailUrl\":\"https:\\\/\\\/quehacerpolitico.mx\\\/wp-content\\\/uploads\\\/2024\\\/02\\\/photo-output-1.jpeg\",\"datePublished\":\"2024-02-22T16:31:00+00:00\",\"dateModified\":\"2024-02-22T16:31:02+00:00\",\"author\":{\"@id\":\"https:\\\/\\\/quehacerpolitico.mx\\\/#\\\/schema\\\/person\\\/496d8ad2d1d3f8036101dca7ee39e585\"},\"breadcrumb\":{\"@id\":\"https:\\\/\\\/quehacerpolitico.mx\\\/?p=108228#breadcrumb\"},\"inLanguage\":\"es\",\"potentialAction\":[{\"@type\":\"ReadAction\",\"target\":[\"https:\\\/\\\/quehacerpolitico.mx\\\/?p=108228\"]}]},{\"@type\":\"ImageObject\",\"inLanguage\":\"es\",\"@id\":\"https:\\\/\\\/quehacerpolitico.mx\\\/?p=108228#primaryimage\",\"url\":\"https:\\\/\\\/quehacerpolitico.mx\\\/wp-content\\\/uploads\\\/2024\\\/02\\\/photo-output-1.jpeg\",\"contentUrl\":\"https:\\\/\\\/quehacerpolitico.mx\\\/wp-content\\\/uploads\\\/2024\\\/02\\\/photo-output-1.jpeg\",\"width\":2046,\"height\":1118},{\"@type\":\"BreadcrumbList\",\"@id\":\"https:\\\/\\\/quehacerpolitico.mx\\\/?p=108228#breadcrumb\",\"itemListElement\":[{\"@type\":\"ListItem\",\"position\":1,\"name\":\"Inicio\",\"item\":\"https:\\\/\\\/quehacerpolitico.mx\\\/\"},{\"@type\":\"ListItem\",\"position\":2,\"name\":\"Muere una persona del sexo femenino en el and\u00e9n de la\u00a0estaci\u00f3n Indios Verdes de la\u00a0L\u00ednea 1\u00a0del\u00a0Metrob\u00fas\"}]},{\"@type\":\"WebSite\",\"@id\":\"https:\\\/\\\/quehacerpolitico.mx\\\/#website\",\"url\":\"https:\\\/\\\/quehacerpolitico.mx\\\/\",\"name\":\"\",\"description\":\"\",\"potentialAction\":[{\"@type\":\"SearchAction\",\"target\":{\"@type\":\"EntryPoint\",\"urlTemplate\":\"https:\\\/\\\/quehacerpolitico.mx\\\/?s={search_term_string}\"},\"query-input\":{\"@type\":\"PropertyValueSpecification\",\"valueRequired\":true,\"valueName\":\"search_term_string\"}}],\"inLanguage\":\"es\"},{\"@type\":\"Person\",\"@id\":\"https:\\\/\\\/quehacerpolitico.mx\\\/#\\\/schema\\\/person\\\/496d8ad2d1d3f8036101dca7ee39e585\",\"name\":\"Redacci\u00f3n QP\",\"image\":{\"@type\":\"ImageObject\",\"inLanguage\":\"es\",\"@id\":\"https:\\\/\\\/secure.gravatar.com\\\/avatar\\\/c7164ed6fdec453195284ad24a5ae5b6e1eed2b848477fa2a4787ba9adf39a41?s=96&d=mm&r=g\",\"url\":\"https:\\\/\\\/secure.gravatar.com\\\/avatar\\\/c7164ed6fdec453195284ad24a5ae5b6e1eed2b848477fa2a4787ba9adf39a41?s=96&d=mm&r=g\",\"contentUrl\":\"https:\\\/\\\/secure.gravatar.com\\\/avatar\\\/c7164ed6fdec453195284ad24a5ae5b6e1eed2b848477fa2a4787ba9adf39a41?s=96&d=mm&r=g\",\"caption\":\"Redacci\u00f3n QP\"},\"url\":\"https:\\\/\\\/quehacerpolitico.mx\\\/?author=2\"}]}<\/script>\n<!-- \/ Yoast SEO plugin. -->","yoast_head_json":{"title":"Muere una persona del sexo femenino en el and\u00e9n de la\u00a0estaci\u00f3n Indios Verdes de la\u00a0L\u00ednea 1\u00a0del\u00a0Metrob\u00fas -","robots":{"index":"index","follow":"follow","max-snippet":"max-snippet:-1","max-image-preview":"max-image-preview:large","max-video-preview":"max-video-preview:-1"},"canonical":"https:\/\/quehacerpolitico.mx\/?p=108228","og_locale":"es_MX","og_type":"article","og_title":"Muere una persona del sexo femenino en el and\u00e9n de la\u00a0estaci\u00f3n Indios Verdes de la\u00a0L\u00ednea 1\u00a0del\u00a0Metrob\u00fas -","og_description":"Por Redacci\u00f3n QP Las corridas del Metrob\u00fas que salen de Indios Verdes al Caminero fueron...","og_url":"https:\/\/quehacerpolitico.mx\/?p=108228","article_published_time":"2024-02-22T16:31:00+00:00","article_modified_time":"2024-02-22T16:31:02+00:00","og_image":[{"width":2046,"height":1118,"url":"https:\/\/quehacerpolitico.mx\/wp-content\/uploads\/2024\/02\/photo-output-1.jpeg","type":"image\/jpeg"}],"author":"Redacci\u00f3n QP","twitter_card":"summary_large_image","twitter_misc":{"Escrito por":"Redacci\u00f3n QP","Tiempo de lectura":"2 minutos"},"schema":{"@context":"https:\/\/schema.org","@graph":[{"@type":"Article","@id":"https:\/\/quehacerpolitico.mx\/?p=108228#article","isPartOf":{"@id":"https:\/\/quehacerpolitico.mx\/?p=108228"},"author":{"name":"Redacci\u00f3n QP","@id":"https:\/\/quehacerpolitico.mx\/#\/schema\/person\/496d8ad2d1d3f8036101dca7ee39e585"},"headline":"Muere una persona del sexo femenino en el and\u00e9n de la\u00a0estaci\u00f3n Indios Verdes de la\u00a0L\u00ednea 1\u00a0del\u00a0Metrob\u00fas","datePublished":"2024-02-22T16:31:00+00:00","dateModified":"2024-02-22T16:31:02+00:00","mainEntityOfPage":{"@id":"https:\/\/quehacerpolitico.mx\/?p=108228"},"wordCount":439,"commentCount":0,"image":{"@id":"https:\/\/quehacerpolitico.mx\/?p=108228#primaryimage"},"thumbnailUrl":"https:\/\/quehacerpolitico.mx\/wp-content\/uploads\/2024\/02\/photo-output-1.jpeg","articleSection":["CDMX"],"inLanguage":"es","potentialAction":[{"@type":"CommentAction","name":"Comment","target":["https:\/\/quehacerpolitico.mx\/?p=108228#respond"]}]},{"@type":"WebPage","@id":"https:\/\/quehacerpolitico.mx\/?p=108228","url":"https:\/\/quehacerpolitico.mx\/?p=108228","name":"Muere una persona del sexo femenino en el and\u00e9n de la\u00a0estaci\u00f3n Indios Verdes de la\u00a0L\u00ednea 1\u00a0del\u00a0Metrob\u00fas -","isPartOf":{"@id":"https:\/\/quehacerpolitico.mx\/#website"},"primaryImageOfPage":{"@id":"https:\/\/quehacerpolitico.mx\/?p=108228#primaryimage"},"image":{"@id":"https:\/\/quehacerpolitico.mx\/?p=108228#primaryimage"},"thumbnailUrl":"https:\/\/quehacerpolitico.mx\/wp-content\/uploads\/2024\/02\/photo-output-1.jpeg","datePublished":"2024-02-22T16:31:00+00:00","dateModified":"2024-02-22T16:31:02+00:00","author":{"@id":"https:\/\/quehacerpolitico.mx\/#\/schema\/person\/496d8ad2d1d3f8036101dca7ee39e585"},"breadcrumb":{"@id":"https:\/\/quehacerpolitico.mx\/?p=108228#breadcrumb"},"inLanguage":"es","potentialAction":[{"@type":"ReadAction","target":["https:\/\/quehacerpolitico.mx\/?p=108228"]}]},{"@type":"ImageObject","inLanguage":"es","@id":"https:\/\/quehacerpolitico.mx\/?p=108228#primaryimage","url":"https:\/\/quehacerpolitico.mx\/wp-content\/uploads\/2024\/02\/photo-output-1.jpeg","contentUrl":"https:\/\/quehacerpolitico.mx\/wp-content\/uploads\/2024\/02\/photo-output-1.jpeg","width":2046,"height":1118},{"@type":"BreadcrumbList","@id":"https:\/\/quehacerpolitico.mx\/?p=108228#breadcrumb","itemListElement":[{"@type":"ListItem","position":1,"name":"Inicio","item":"https:\/\/quehacerpolitico.mx\/"},{"@type":"ListItem","position":2,"name":"Muere una persona del sexo femenino en el and\u00e9n de la\u00a0estaci\u00f3n Indios Verdes de la\u00a0L\u00ednea 1\u00a0del\u00a0Metrob\u00fas"}]},{"@type":"WebSite","@id":"https:\/\/quehacerpolitico.mx\/#website","url":"https:\/\/quehacerpolitico.mx\/","name":"","description":"","potentialAction":[{"@type":"SearchAction","target":{"@type":"EntryPoint","urlTemplate":"https:\/\/quehacerpolitico.mx\/?s={search_term_string}"},"query-input":{"@type":"PropertyValueSpecification","valueRequired":true,"valueName":"search_term_string"}}],"inLanguage":"es"},{"@type":"Person","@id":"https:\/\/quehacerpolitico.mx\/#\/schema\/person\/496d8ad2d1d3f8036101dca7ee39e585","name":"Redacci\u00f3n QP","image":{"@type":"ImageObject","inLanguage":"es","@id":"https:\/\/secure.gravatar.com\/avatar\/c7164ed6fdec453195284ad24a5ae5b6e1eed2b848477fa2a4787ba9adf39a41?s=96&d=mm&r=g","url":"https:\/\/secure.gravatar.com\/avatar\/c7164ed6fdec453195284ad24a5ae5b6e1eed2b848477fa2a4787ba9adf39a41?s=96&d=mm&r=g","contentUrl":"https:\/\/secure.gravatar.com\/avatar\/c7164ed6fdec453195284ad24a5ae5b6e1eed2b848477fa2a4787ba9adf39a41?s=96&d=mm&r=g","caption":"Redacci\u00f3n QP"},"url":"https:\/\/quehacerpolitico.mx\/?author=2"}]}},"featured_image_urls":{"full":["https:\/\/quehacerpolitico.mx\/wp-content\/uploads\/2024\/02\/photo-output-1.jpeg",2046,1118,false],"thumbnail":["https:\/\/quehacerpolitico.mx\/wp-content\/uploads\/2024\/02\/photo-output-1-150x150.jpeg",150,150,true],"medium":["https:\/\/quehacerpolitico.mx\/wp-content\/uploads\/2024\/02\/photo-output-1-300x164.jpeg",300,164,true],"medium_large":["https:\/\/quehacerpolitico.mx\/wp-content\/uploads\/2024\/02\/photo-output-1-768x420.jpeg",640,350,true],"large":["https:\/\/quehacerpolitico.mx\/wp-content\/uploads\/2024\/02\/photo-output-1-1024x560.jpeg",640,350,true],"1536x1536":["https:\/\/quehacerpolitico.mx\/wp-content\/uploads\/2024\/02\/photo-output-1-1536x839.jpeg",1536,839,true],"2048x2048":["https:\/\/quehacerpolitico.mx\/wp-content\/uploads\/2024\/02\/photo-output-1.jpeg",2046,1118,false],"covernews-featured":["https:\/\/quehacerpolitico.mx\/wp-content\/uploads\/2024\/02\/photo-output-1.jpeg",1024,560,false],"covernews-medium":["https:\/\/quehacerpolitico.mx\/wp-content\/uploads\/2024\/02\/photo-output-1.jpeg",540,295,false]},"author_info":{"display_name":"Redacci\u00f3n QP","author_link":"https:\/\/quehacerpolitico.mx\/?author=2"},"category_info":"<a href=\"https:\/\/quehacerpolitico.mx\/?cat=55\" rel=\"category\">CDMX<\/a>","tag_info":"CDMX","comment_count":"0","_links":{"self":[{"href":"https:\/\/quehacerpolitico.mx\/index.php?rest_route=\/wp\/v2\/posts\/108228","targetHints":{"allow":["GET"]}}],"collection":[{"href":"https:\/\/quehacerpolitico.mx\/index.php?rest_route=\/wp\/v2\/posts"}],"about":[{"href":"https:\/\/quehacerpolitico.mx\/index.php?rest_route=\/wp\/v2\/types\/post"}],"author":[{"embeddable":true,"href":"https:\/\/quehacerpolitico.mx\/index.php?rest_route=\/wp\/v2\/users\/2"}],"replies":[{"embeddable":true,"href":"https:\/\/quehacerpolitico.mx\/index.php?rest_route=%2Fwp%2Fv2%2Fcomments&post=108228"}],"version-history":[{"count":1,"href":"https:\/\/quehacerpolitico.mx\/index.php?rest_route=\/wp\/v2\/posts\/108228\/revisions"}],"predecessor-version":[{"id":108230,"href":"https:\/\/quehacerpolitico.mx\/index.php?rest_route=\/wp\/v2\/posts\/108228\/revisions\/108230"}],"wp:featuredmedia":[{"embeddable":true,"href":"https:\/\/quehacerpolitico.mx\/index.php?rest_route=\/wp\/v2\/media\/108229"}],"wp:attachment":[{"href":"https:\/\/quehacerpolitico.mx\/index.php?rest_route=%2Fwp%2Fv2%2Fmedia&parent=108228"}],"wp:term":[{"taxonomy":"category","embeddable":true,"href":"https:\/\/quehacerpolitico.mx\/index.php?rest_route=%2Fwp%2Fv2%2Fcategories&post=108228"},{"taxonomy":"post_tag","embeddable":true,"href":"https:\/\/quehacerpolitico.mx\/index.php?rest_route=%2Fwp%2Fv2%2Ftags&post=108228"}],"curies":[{"name":"wp","href":"https:\/\/api.w.org\/{rel}","templated":true}]}}