{"id":108225,"date":"2024-02-22T15:47:35","date_gmt":"2024-02-22T15:47:35","guid":{"rendered":"https:\/\/quehacerpolitico.mx\/?p=108225"},"modified":"2024-02-22T15:47:37","modified_gmt":"2024-02-22T15:47:37","slug":"la-escasez-de-agua-en-la-ciudad-de-mexico-por-el-bajo-nivel-en-las-presas-que-alimentan-al-sistema-cutzamala-comenzo-a-afectar-al-sector-de-servicios-en-la-capital-imef","status":"publish","type":"post","link":"https:\/\/quehacerpolitico.mx\/?p=108225","title":{"rendered":"La escasez de\u00a0agua\u00a0en la\u00a0Ciudad de M\u00e9xico\u00a0por el bajo nivel en las presas que alimentan al\u00a0Sistema Cutzamala\u00a0comenz\u00f3 a afectar al sector de servicios en la capital: IMEF"},"content":{"rendered":"\n<p>Por Redacci\u00f3n QP<\/p>\n\n\n\n<p>El Instituto Mexicano de Ejecutivos de Finanzas (IMEF) alert\u00f3 que la escasez de agua eventualmente impactar\u00e1 a todos los sectores econ\u00f3micos<\/p>\n\n\n\n<p>La escasez de&nbsp;<strong>agua<\/strong>&nbsp;en la&nbsp;<strong>Ciudad de M\u00e9xico<\/strong>&nbsp;por el bajo nivel en las presas que alimentan al&nbsp;<strong>Sistema Cutzamala<\/strong>&nbsp;comenz\u00f3 a afectar al sector de servicios en la capital y se prev\u00e9 que impacte a otros rubros como el de la&nbsp;<strong>construcci\u00f3n<\/strong>&nbsp;y el&nbsp;<strong>agropecuario<\/strong>, advirti\u00f3 el&nbsp;<strong>Instituto Mexicano de Ejecutivos de Finanzas<\/strong>&nbsp;(<strong>IMEF<\/strong>).<\/p>\n\n\n\n<p><strong>Jos\u00e9 Domingo Figueroa<\/strong>, presidente del&nbsp;<strong>IMEF<\/strong>, expuso que restaurantes y panader\u00edas se han visto obligados a frenar sus actividades parcialmente por la falta de suministro y advirti\u00f3 que estos paros podr\u00edan incrementar en los pr\u00f3ximos d\u00edas, lo que podr\u00eda afectar a la econom\u00eda local y a los precios en el \u00c1rea Metropolitana, que representa el 25 % del Producto Interno Bruto (PIB) nacional.<\/p>\n\n\n\n<p>Otro de los sectores que se pueden ver gravemente afectados por la sequ\u00eda es el\u00a0<strong>agropecuario<\/strong>, particularmente a la producci\u00f3n de ma\u00edz y ca\u00f1a de az\u00facar.<\/p>\n\n\n\n<p>Por otra parte,\u00a0<strong>Federico Rubli<\/strong>, vicepresidente del\u00a0<strong>Comit\u00e9 Nacional de Estudios Econ\u00f3micos<\/strong>, alert\u00f3 que la escasez de agua incluso podr\u00eda impactar a la inflaci\u00f3n.<\/p>\n\n\n\n<p>El problema del agua es transversal a toda la\u00a0<strong>econom\u00eda<\/strong>\u00a0y, en la medida en que se genere esa fuerte escasez de un insumo tan trascendental, claramente la escasez de ese insumo va a presionar los costos y va a generar inflaci\u00f3n\u201d, expuso.<\/p>\n","protected":false},"excerpt":{"rendered":"<p>Por Redacci\u00f3n QP El Instituto Mexicano de Ejecutivos de Finanzas (IMEF) alert\u00f3 que la escasez&#8230;<\/p>\n","protected":false},"author":2,"featured_media":108226,"comment_status":"open","ping_status":"open","sticky":false,"template":"","format":"standard","meta":{"_monsterinsights_skip_tracking":false,"_monsterinsights_sitenote_active":false,"_monsterinsights_sitenote_note":"","_monsterinsights_sitenote_category":0,"footnotes":""},"categories":[55],"tags":[],"class_list":["post-108225","post","type-post","status-publish","format-standard","has-post-thumbnail","hentry","category-cdmx"],"yoast_head":"<!-- This site is optimized with the Yoast SEO plugin v27.3 - https:\/\/yoast.com\/product\/yoast-seo-wordpress\/ -->\n<title>La escasez de\u00a0agua\u00a0en la\u00a0Ciudad de M\u00e9xico\u00a0por el bajo nivel en las presas que alimentan al\u00a0Sistema Cutzamala\u00a0comenz\u00f3 a afectar al sector de servicios en la capital: IMEF -<\/title>\n<meta name=\"robots\" content=\"index, follow, max-snippet:-1, max-image-preview:large, max-video-preview:-1\" \/>\n<link rel=\"canonical\" href=\"https:\/\/quehacerpolitico.mx\/?p=108225\" \/>\n<meta property=\"og:locale\" content=\"es_MX\" \/>\n<meta property=\"og:type\" content=\"article\" \/>\n<meta property=\"og:title\" content=\"La escasez de\u00a0agua\u00a0en la\u00a0Ciudad de M\u00e9xico\u00a0por el bajo nivel en las presas que alimentan al\u00a0Sistema Cutzamala\u00a0comenz\u00f3 a afectar al sector de servicios en la capital: IMEF -\" \/>\n<meta property=\"og:description\" content=\"Por Redacci\u00f3n QP El Instituto Mexicano de Ejecutivos de Finanzas (IMEF) alert\u00f3 que la escasez...\" \/>\n<meta property=\"og:url\" content=\"https:\/\/quehacerpolitico.mx\/?p=108225\" \/>\n<meta property=\"article:published_time\" content=\"2024-02-22T15:47:35+00:00\" \/>\n<meta property=\"article:modified_time\" content=\"2024-02-22T15:47:37+00:00\" \/>\n<meta property=\"og:image\" content=\"https:\/\/quehacerpolitico.mx\/wp-content\/uploads\/2024\/02\/IMG_3876.jpeg\" \/>\n\t<meta property=\"og:image:width\" content=\"679\" \/>\n\t<meta property=\"og:image:height\" content=\"452\" \/>\n\t<meta property=\"og:image:type\" content=\"image\/jpeg\" \/>\n<meta name=\"author\" content=\"Redacci\u00f3n QP\" \/>\n<meta name=\"twitter:card\" content=\"summary_large_image\" \/>\n<meta name=\"twitter:label1\" content=\"Escrito por\" \/>\n\t<meta name=\"twitter:data1\" content=\"Redacci\u00f3n QP\" \/>\n\t<meta name=\"twitter:label2\" content=\"Tiempo de lectura\" \/>\n\t<meta name=\"twitter:data2\" content=\"1 minuto\" \/>\n<script type=\"application\/ld+json\" class=\"yoast-schema-graph\">{\"@context\":\"https:\\\/\\\/schema.org\",\"@graph\":[{\"@type\":\"Article\",\"@id\":\"https:\\\/\\\/quehacerpolitico.mx\\\/?p=108225#article\",\"isPartOf\":{\"@id\":\"https:\\\/\\\/quehacerpolitico.mx\\\/?p=108225\"},\"author\":{\"name\":\"Redacci\u00f3n QP\",\"@id\":\"https:\\\/\\\/quehacerpolitico.mx\\\/#\\\/schema\\\/person\\\/496d8ad2d1d3f8036101dca7ee39e585\"},\"headline\":\"La escasez de\u00a0agua\u00a0en la\u00a0Ciudad de M\u00e9xico\u00a0por el bajo nivel en las presas que alimentan al\u00a0Sistema Cutzamala\u00a0comenz\u00f3 a afectar al sector de servicios en la capital: IMEF\",\"datePublished\":\"2024-02-22T15:47:35+00:00\",\"dateModified\":\"2024-02-22T15:47:37+00:00\",\"mainEntityOfPage\":{\"@id\":\"https:\\\/\\\/quehacerpolitico.mx\\\/?p=108225\"},\"wordCount\":299,\"commentCount\":0,\"image\":{\"@id\":\"https:\\\/\\\/quehacerpolitico.mx\\\/?p=108225#primaryimage\"},\"thumbnailUrl\":\"https:\\\/\\\/quehacerpolitico.mx\\\/wp-content\\\/uploads\\\/2024\\\/02\\\/IMG_3876.jpeg\",\"articleSection\":[\"CDMX\"],\"inLanguage\":\"es\",\"potentialAction\":[{\"@type\":\"CommentAction\",\"name\":\"Comment\",\"target\":[\"https:\\\/\\\/quehacerpolitico.mx\\\/?p=108225#respond\"]}]},{\"@type\":\"WebPage\",\"@id\":\"https:\\\/\\\/quehacerpolitico.mx\\\/?p=108225\",\"url\":\"https:\\\/\\\/quehacerpolitico.mx\\\/?p=108225\",\"name\":\"La escasez de\u00a0agua\u00a0en la\u00a0Ciudad de M\u00e9xico\u00a0por el bajo nivel en las presas que alimentan al\u00a0Sistema Cutzamala\u00a0comenz\u00f3 a afectar al sector de servicios en la capital: IMEF -\",\"isPartOf\":{\"@id\":\"https:\\\/\\\/quehacerpolitico.mx\\\/#website\"},\"primaryImageOfPage\":{\"@id\":\"https:\\\/\\\/quehacerpolitico.mx\\\/?p=108225#primaryimage\"},\"image\":{\"@id\":\"https:\\\/\\\/quehacerpolitico.mx\\\/?p=108225#primaryimage\"},\"thumbnailUrl\":\"https:\\\/\\\/quehacerpolitico.mx\\\/wp-content\\\/uploads\\\/2024\\\/02\\\/IMG_3876.jpeg\",\"datePublished\":\"2024-02-22T15:47:35+00:00\",\"dateModified\":\"2024-02-22T15:47:37+00:00\",\"author\":{\"@id\":\"https:\\\/\\\/quehacerpolitico.mx\\\/#\\\/schema\\\/person\\\/496d8ad2d1d3f8036101dca7ee39e585\"},\"breadcrumb\":{\"@id\":\"https:\\\/\\\/quehacerpolitico.mx\\\/?p=108225#breadcrumb\"},\"inLanguage\":\"es\",\"potentialAction\":[{\"@type\":\"ReadAction\",\"target\":[\"https:\\\/\\\/quehacerpolitico.mx\\\/?p=108225\"]}]},{\"@type\":\"ImageObject\",\"inLanguage\":\"es\",\"@id\":\"https:\\\/\\\/quehacerpolitico.mx\\\/?p=108225#primaryimage\",\"url\":\"https:\\\/\\\/quehacerpolitico.mx\\\/wp-content\\\/uploads\\\/2024\\\/02\\\/IMG_3876.jpeg\",\"contentUrl\":\"https:\\\/\\\/quehacerpolitico.mx\\\/wp-content\\\/uploads\\\/2024\\\/02\\\/IMG_3876.jpeg\",\"width\":679,\"height\":452},{\"@type\":\"BreadcrumbList\",\"@id\":\"https:\\\/\\\/quehacerpolitico.mx\\\/?p=108225#breadcrumb\",\"itemListElement\":[{\"@type\":\"ListItem\",\"position\":1,\"name\":\"Inicio\",\"item\":\"https:\\\/\\\/quehacerpolitico.mx\\\/\"},{\"@type\":\"ListItem\",\"position\":2,\"name\":\"La escasez de\u00a0agua\u00a0en la\u00a0Ciudad de M\u00e9xico\u00a0por el bajo nivel en las presas que alimentan al\u00a0Sistema Cutzamala\u00a0comenz\u00f3 a afectar al sector de servicios en la capital: IMEF\"}]},{\"@type\":\"WebSite\",\"@id\":\"https:\\\/\\\/quehacerpolitico.mx\\\/#website\",\"url\":\"https:\\\/\\\/quehacerpolitico.mx\\\/\",\"name\":\"\",\"description\":\"\",\"potentialAction\":[{\"@type\":\"SearchAction\",\"target\":{\"@type\":\"EntryPoint\",\"urlTemplate\":\"https:\\\/\\\/quehacerpolitico.mx\\\/?s={search_term_string}\"},\"query-input\":{\"@type\":\"PropertyValueSpecification\",\"valueRequired\":true,\"valueName\":\"search_term_string\"}}],\"inLanguage\":\"es\"},{\"@type\":\"Person\",\"@id\":\"https:\\\/\\\/quehacerpolitico.mx\\\/#\\\/schema\\\/person\\\/496d8ad2d1d3f8036101dca7ee39e585\",\"name\":\"Redacci\u00f3n QP\",\"image\":{\"@type\":\"ImageObject\",\"inLanguage\":\"es\",\"@id\":\"https:\\\/\\\/secure.gravatar.com\\\/avatar\\\/c7164ed6fdec453195284ad24a5ae5b6e1eed2b848477fa2a4787ba9adf39a41?s=96&d=mm&r=g\",\"url\":\"https:\\\/\\\/secure.gravatar.com\\\/avatar\\\/c7164ed6fdec453195284ad24a5ae5b6e1eed2b848477fa2a4787ba9adf39a41?s=96&d=mm&r=g\",\"contentUrl\":\"https:\\\/\\\/secure.gravatar.com\\\/avatar\\\/c7164ed6fdec453195284ad24a5ae5b6e1eed2b848477fa2a4787ba9adf39a41?s=96&d=mm&r=g\",\"caption\":\"Redacci\u00f3n QP\"},\"url\":\"https:\\\/\\\/quehacerpolitico.mx\\\/?author=2\"}]}<\/script>\n<!-- \/ Yoast SEO plugin. -->","yoast_head_json":{"title":"La escasez de\u00a0agua\u00a0en la\u00a0Ciudad de M\u00e9xico\u00a0por el bajo nivel en las presas que alimentan al\u00a0Sistema Cutzamala\u00a0comenz\u00f3 a afectar al sector de servicios en la capital: IMEF -","robots":{"index":"index","follow":"follow","max-snippet":"max-snippet:-1","max-image-preview":"max-image-preview:large","max-video-preview":"max-video-preview:-1"},"canonical":"https:\/\/quehacerpolitico.mx\/?p=108225","og_locale":"es_MX","og_type":"article","og_title":"La escasez de\u00a0agua\u00a0en la\u00a0Ciudad de M\u00e9xico\u00a0por el bajo nivel en las presas que alimentan al\u00a0Sistema Cutzamala\u00a0comenz\u00f3 a afectar al sector de servicios en la capital: IMEF -","og_description":"Por Redacci\u00f3n QP El Instituto Mexicano de Ejecutivos de Finanzas (IMEF) alert\u00f3 que la escasez...","og_url":"https:\/\/quehacerpolitico.mx\/?p=108225","article_published_time":"2024-02-22T15:47:35+00:00","article_modified_time":"2024-02-22T15:47:37+00:00","og_image":[{"width":679,"height":452,"url":"https:\/\/quehacerpolitico.mx\/wp-content\/uploads\/2024\/02\/IMG_3876.jpeg","type":"image\/jpeg"}],"author":"Redacci\u00f3n QP","twitter_card":"summary_large_image","twitter_misc":{"Escrito por":"Redacci\u00f3n QP","Tiempo de lectura":"1 minuto"},"schema":{"@context":"https:\/\/schema.org","@graph":[{"@type":"Article","@id":"https:\/\/quehacerpolitico.mx\/?p=108225#article","isPartOf":{"@id":"https:\/\/quehacerpolitico.mx\/?p=108225"},"author":{"name":"Redacci\u00f3n QP","@id":"https:\/\/quehacerpolitico.mx\/#\/schema\/person\/496d8ad2d1d3f8036101dca7ee39e585"},"headline":"La escasez de\u00a0agua\u00a0en la\u00a0Ciudad de M\u00e9xico\u00a0por el bajo nivel en las presas que alimentan al\u00a0Sistema Cutzamala\u00a0comenz\u00f3 a afectar al sector de servicios en la capital: IMEF","datePublished":"2024-02-22T15:47:35+00:00","dateModified":"2024-02-22T15:47:37+00:00","mainEntityOfPage":{"@id":"https:\/\/quehacerpolitico.mx\/?p=108225"},"wordCount":299,"commentCount":0,"image":{"@id":"https:\/\/quehacerpolitico.mx\/?p=108225#primaryimage"},"thumbnailUrl":"https:\/\/quehacerpolitico.mx\/wp-content\/uploads\/2024\/02\/IMG_3876.jpeg","articleSection":["CDMX"],"inLanguage":"es","potentialAction":[{"@type":"CommentAction","name":"Comment","target":["https:\/\/quehacerpolitico.mx\/?p=108225#respond"]}]},{"@type":"WebPage","@id":"https:\/\/quehacerpolitico.mx\/?p=108225","url":"https:\/\/quehacerpolitico.mx\/?p=108225","name":"La escasez de\u00a0agua\u00a0en la\u00a0Ciudad de M\u00e9xico\u00a0por el bajo nivel en las presas que alimentan al\u00a0Sistema Cutzamala\u00a0comenz\u00f3 a afectar al sector de servicios en la capital: IMEF -","isPartOf":{"@id":"https:\/\/quehacerpolitico.mx\/#website"},"primaryImageOfPage":{"@id":"https:\/\/quehacerpolitico.mx\/?p=108225#primaryimage"},"image":{"@id":"https:\/\/quehacerpolitico.mx\/?p=108225#primaryimage"},"thumbnailUrl":"https:\/\/quehacerpolitico.mx\/wp-content\/uploads\/2024\/02\/IMG_3876.jpeg","datePublished":"2024-02-22T15:47:35+00:00","dateModified":"2024-02-22T15:47:37+00:00","author":{"@id":"https:\/\/quehacerpolitico.mx\/#\/schema\/person\/496d8ad2d1d3f8036101dca7ee39e585"},"breadcrumb":{"@id":"https:\/\/quehacerpolitico.mx\/?p=108225#breadcrumb"},"inLanguage":"es","potentialAction":[{"@type":"ReadAction","target":["https:\/\/quehacerpolitico.mx\/?p=108225"]}]},{"@type":"ImageObject","inLanguage":"es","@id":"https:\/\/quehacerpolitico.mx\/?p=108225#primaryimage","url":"https:\/\/quehacerpolitico.mx\/wp-content\/uploads\/2024\/02\/IMG_3876.jpeg","contentUrl":"https:\/\/quehacerpolitico.mx\/wp-content\/uploads\/2024\/02\/IMG_3876.jpeg","width":679,"height":452},{"@type":"BreadcrumbList","@id":"https:\/\/quehacerpolitico.mx\/?p=108225#breadcrumb","itemListElement":[{"@type":"ListItem","position":1,"name":"Inicio","item":"https:\/\/quehacerpolitico.mx\/"},{"@type":"ListItem","position":2,"name":"La escasez de\u00a0agua\u00a0en la\u00a0Ciudad de M\u00e9xico\u00a0por el bajo nivel en las presas que alimentan al\u00a0Sistema Cutzamala\u00a0comenz\u00f3 a afectar al sector de servicios en la capital: IMEF"}]},{"@type":"WebSite","@id":"https:\/\/quehacerpolitico.mx\/#website","url":"https:\/\/quehacerpolitico.mx\/","name":"","description":"","potentialAction":[{"@type":"SearchAction","target":{"@type":"EntryPoint","urlTemplate":"https:\/\/quehacerpolitico.mx\/?s={search_term_string}"},"query-input":{"@type":"PropertyValueSpecification","valueRequired":true,"valueName":"search_term_string"}}],"inLanguage":"es"},{"@type":"Person","@id":"https:\/\/quehacerpolitico.mx\/#\/schema\/person\/496d8ad2d1d3f8036101dca7ee39e585","name":"Redacci\u00f3n QP","image":{"@type":"ImageObject","inLanguage":"es","@id":"https:\/\/secure.gravatar.com\/avatar\/c7164ed6fdec453195284ad24a5ae5b6e1eed2b848477fa2a4787ba9adf39a41?s=96&d=mm&r=g","url":"https:\/\/secure.gravatar.com\/avatar\/c7164ed6fdec453195284ad24a5ae5b6e1eed2b848477fa2a4787ba9adf39a41?s=96&d=mm&r=g","contentUrl":"https:\/\/secure.gravatar.com\/avatar\/c7164ed6fdec453195284ad24a5ae5b6e1eed2b848477fa2a4787ba9adf39a41?s=96&d=mm&r=g","caption":"Redacci\u00f3n QP"},"url":"https:\/\/quehacerpolitico.mx\/?author=2"}]}},"featured_image_urls":{"full":["https:\/\/quehacerpolitico.mx\/wp-content\/uploads\/2024\/02\/IMG_3876.jpeg",679,452,false],"thumbnail":["https:\/\/quehacerpolitico.mx\/wp-content\/uploads\/2024\/02\/IMG_3876-150x150.jpeg",150,150,true],"medium":["https:\/\/quehacerpolitico.mx\/wp-content\/uploads\/2024\/02\/IMG_3876-300x200.jpeg",300,200,true],"medium_large":["https:\/\/quehacerpolitico.mx\/wp-content\/uploads\/2024\/02\/IMG_3876.jpeg",640,426,false],"large":["https:\/\/quehacerpolitico.mx\/wp-content\/uploads\/2024\/02\/IMG_3876.jpeg",640,426,false],"1536x1536":["https:\/\/quehacerpolitico.mx\/wp-content\/uploads\/2024\/02\/IMG_3876.jpeg",679,452,false],"2048x2048":["https:\/\/quehacerpolitico.mx\/wp-content\/uploads\/2024\/02\/IMG_3876.jpeg",679,452,false],"covernews-featured":["https:\/\/quehacerpolitico.mx\/wp-content\/uploads\/2024\/02\/IMG_3876.jpeg",679,452,false],"covernews-medium":["https:\/\/quehacerpolitico.mx\/wp-content\/uploads\/2024\/02\/IMG_3876.jpeg",511,340,false]},"author_info":{"display_name":"Redacci\u00f3n QP","author_link":"https:\/\/quehacerpolitico.mx\/?author=2"},"category_info":"<a href=\"https:\/\/quehacerpolitico.mx\/?cat=55\" rel=\"category\">CDMX<\/a>","tag_info":"CDMX","comment_count":"0","_links":{"self":[{"href":"https:\/\/quehacerpolitico.mx\/index.php?rest_route=\/wp\/v2\/posts\/108225","targetHints":{"allow":["GET"]}}],"collection":[{"href":"https:\/\/quehacerpolitico.mx\/index.php?rest_route=\/wp\/v2\/posts"}],"about":[{"href":"https:\/\/quehacerpolitico.mx\/index.php?rest_route=\/wp\/v2\/types\/post"}],"author":[{"embeddable":true,"href":"https:\/\/quehacerpolitico.mx\/index.php?rest_route=\/wp\/v2\/users\/2"}],"replies":[{"embeddable":true,"href":"https:\/\/quehacerpolitico.mx\/index.php?rest_route=%2Fwp%2Fv2%2Fcomments&post=108225"}],"version-history":[{"count":1,"href":"https:\/\/quehacerpolitico.mx\/index.php?rest_route=\/wp\/v2\/posts\/108225\/revisions"}],"predecessor-version":[{"id":108227,"href":"https:\/\/quehacerpolitico.mx\/index.php?rest_route=\/wp\/v2\/posts\/108225\/revisions\/108227"}],"wp:featuredmedia":[{"embeddable":true,"href":"https:\/\/quehacerpolitico.mx\/index.php?rest_route=\/wp\/v2\/media\/108226"}],"wp:attachment":[{"href":"https:\/\/quehacerpolitico.mx\/index.php?rest_route=%2Fwp%2Fv2%2Fmedia&parent=108225"}],"wp:term":[{"taxonomy":"category","embeddable":true,"href":"https:\/\/quehacerpolitico.mx\/index.php?rest_route=%2Fwp%2Fv2%2Fcategories&post=108225"},{"taxonomy":"post_tag","embeddable":true,"href":"https:\/\/quehacerpolitico.mx\/index.php?rest_route=%2Fwp%2Fv2%2Ftags&post=108225"}],"curies":[{"name":"wp","href":"https:\/\/api.w.org\/{rel}","templated":true}]}}