{"id":10820,"date":"2018-12-03T18:20:10","date_gmt":"2018-12-03T18:20:10","guid":{"rendered":"http:\/\/quehacerpolitico.mx\/se-va-se-va-se-fue-el-avion-que-no-tiene-ni-obama-deja-suelo-mexicano-para-venderse-en-eu\/"},"modified":"2018-12-03T18:20:10","modified_gmt":"2018-12-03T18:20:10","slug":"se-va-se-va-se-fue-el-avion-que-no-tiene-ni-obama-deja-suelo-mexicano-para-venderse-en-eu","status":"publish","type":"post","link":"https:\/\/quehacerpolitico.mx\/?p=10820","title":{"rendered":"Se va, se va, se fue: el avi\u00f3n que \u201cno tiene ni Obama\u201d deja suelo mexicano para venderse en EU"},"content":{"rendered":"<p>\u00a0<\/p>\n<p><iframe loading=\"lazy\" title=\"Salida del avi\u00f3n presidencial hacia California para su venta\" width=\"640\" height=\"360\" src=\"https:\/\/www.youtube.com\/embed\/o7xI5ggjB8E?feature=oembed\" frameborder=\"0\" allow=\"accelerometer; autoplay; clipboard-write; encrypted-media; gyroscope; picture-in-picture; web-share\" referrerpolicy=\"strict-origin-when-cross-origin\" allowfullscreen><\/iframe><\/p>\n<p>Este lunes despeg\u00f3 el<strong> avi\u00f3n presidencial<\/strong> rumbo a San Bernardino <strong>Californi<\/strong>a, Estados Unidos, para su <strong>venta<\/strong>, as\u00ed lo transmiti\u00f3 en vivo el <strong>Gobierno de M\u00e9xico.<\/strong><\/p>\n<p>Desde antes de la campa\u00f1a electoral, el ahora <strong>Presidente de M\u00e9xico, Andr\u00e9s Manuel L\u00f3pez Obrador<\/strong>, puso como ejemplo del despilfarro este avi\u00f3n adquirido por <strong>Felipe Calder\u00f3n Hinojosa<\/strong> y disfrutado por <strong>Enrique Pe\u00f1a Niet<\/strong>o. AMLO us\u00f3 la frase \u201cese avi\u00f3n no lo tienen ni Obama\u201d opara destacar el lujo de la aeronave adquirida con presupuesto federal.<\/p>\n<p>El mandatario mexicano, quien asumi\u00f3 el s\u00e1bado, vol\u00f3 en un vuelo comercial el domingo mismo hacia Veracruz, para encabezar un evento con el ahora <strong>Gobernador Cuitl\u00e1huac Garc\u00eda<\/strong>. Ha dicho que todo el sexenio utilizar\u00e1 l\u00edneas comerciales en vez de la flotilla oficial, que en su conjunto ser\u00e1 vendida.<\/p>\n<p>La Fuerza A\u00e9rea Mexicana fue la encargada del traslado y la custodia temporal del avi\u00f3n, mientras que dos mec\u00e1nicos especialistas en mantenimiento de aviaci\u00f3n realizaron las tareas que dictan los manuales del fabricante de la aeronave.<\/p>\n<p>La aeronave fue utilizada para el transporte del Ejecutivo federal desde el 3 de febrero de 2016. El avi\u00f3n de 57 metros de longitud cuenta con una capacidad m\u00e1xima de 80 pasajeros y fue utilizado durante dos a\u00f1os diez meses para realizar un total de 214 operaciones.<\/p>\n<div id=\"attachment_3505978\" class=\"wp-caption alignnone\"><img loading=\"lazy\" decoding=\"async\" class=\"size-full wp-image-3505978\" src=\"https:\/\/www.sinembargo.mx\/wp-content\/uploads\/2018\/12\/avion_presidencial-1.jpg\" sizes=\"auto, (max-width: 700px) 100vw, 700px\" srcset=\"https:\/\/www.sinembargo.mx\/wp-content\/uploads\/2018\/12\/avion_presidencial-1.jpg 700w, https:\/\/www.sinembargo.mx\/wp-content\/uploads\/2018\/12\/avion_presidencial-1-300x158.jpg 300w\" alt=\"\" width=\"700\" height=\"369\" \/><\/p>\n<p class=\"wp-caption-text\">El avi\u00f3n presidencial justo antes de despegar. Imagen tomada de transmisi\u00f3n en vivo<\/p>\n<\/div>\n<div id=\"attachment_3505980\" class=\"wp-caption alignnone\"><img loading=\"lazy\" decoding=\"async\" class=\"size-full wp-image-3505980\" src=\"https:\/\/www.sinembargo.mx\/wp-content\/uploads\/2018\/12\/avion-despegue.jpg\" sizes=\"auto, (max-width: 700px) 100vw, 700px\" srcset=\"https:\/\/www.sinembargo.mx\/wp-content\/uploads\/2018\/12\/avion-despegue.jpg 700w, https:\/\/www.sinembargo.mx\/wp-content\/uploads\/2018\/12\/avion-despegue-300x144.jpg 300w\" alt=\"\" width=\"700\" height=\"337\" \/><\/p>\n<p class=\"wp-caption-text\">La aeronave despeg\u00f3 desde el Aeropuerto Internacional de la Ciudad de M\u00e9xico. Foto: Especial.<\/p>\n<\/div>\n<p>El <strong>Boeing 787-8<\/strong> se adquiri\u00f3 en 2012 por 218.7 millones de d\u00f3lares (187.6 millones de euros), equivalentes a 2 mil 952.4 millones de pesos, con un tipo de cambio de 13.50 pesos por d\u00f3lar.<\/p>\n<p>El avi\u00f3n tiene nueve a\u00f1os de antig\u00fcedad porque sali\u00f3 de f\u00e1brica en 2009 y considerando que una aeronave se deprecia entre 5 por ciento y 8 por ciento cada a\u00f1o, ahora puede tener un valor de 103.1 millones de euros (120.2 millones de d\u00f3lares), de acuerdo con un vendedor de aviones privados. Pero como se configur\u00f3 para uso del Gobierno, todo ese equipamiento se va a perder porque no tiene ning\u00fan valor para una aerol\u00ednea comercial, por lo que se puede vender por 30 por ciento de su precio original.<\/p>\n<p>En 2016, cuando se entreg\u00f3 el avi\u00f3n, el Gobierno mexicano dio a conocer una evaluaci\u00f3n de la firma Ascend Flightglobal Consultancy sobre la conveniencia de venderlo. El c\u00e1lculo fue que venderlo a una aerol\u00ednea comercial en enero de 2019, ser\u00eda por un valor de 70 millones de euros (81.6 millones de d\u00f3lares), es decir, 37 por ciento de lo que se pag\u00f3 por \u00e9l. Y si se le vendiera a un cliente privado, ser\u00eda por alrededor de 121.8 millones de euros (142 millones de d\u00f3lares).<\/p>\n<p>El avi\u00f3n cuenta con un menor n\u00famero de asientos que el de una aerol\u00ednea comercial, 80 contra los 274 del nuevo Boeing 787, cabinas especializadas, oficinas y salas privadas, estancias y dormitorios, pero todo eso no tiene ning\u00fan valor para una aerol\u00ednea comercial. Y para reconvertir el avi\u00f3n presidencial para transporte regular de pasajeros, se tienen que invertir entre 8 y 12 millones de euros, de acuerdo con la firma Ascend Flightglobal Consultancy.<\/p>\n<div id=\"attachment_3505988\" class=\"wp-caption alignnone\"><img loading=\"lazy\" decoding=\"async\" class=\"size-full wp-image-3505988\" src=\"https:\/\/www.sinembargo.mx\/wp-content\/uploads\/2018\/12\/interior.jpg\" sizes=\"auto, (max-width: 700px) 100vw, 700px\" srcset=\"https:\/\/www.sinembargo.mx\/wp-content\/uploads\/2018\/12\/interior.jpg 700w, https:\/\/www.sinembargo.mx\/wp-content\/uploads\/2018\/12\/interior-300x199.jpg 300w\" alt=\"\" width=\"700\" height=\"464\" \/><\/p>\n<p class=\"wp-caption-text\">Una de las habitaciones del avi\u00f3n presidencial. Foto: Twitter, @SHCP_mx.<\/p>\n<\/div>\n<div id=\"attachment_3505989\" class=\"wp-caption alignnone\"><img loading=\"lazy\" decoding=\"async\" class=\"size-full wp-image-3505989\" src=\"https:\/\/www.sinembargo.mx\/wp-content\/uploads\/2018\/12\/interior2.jpg\" sizes=\"auto, (max-width: 700px) 100vw, 700px\" srcset=\"https:\/\/www.sinembargo.mx\/wp-content\/uploads\/2018\/12\/interior2.jpg 700w, https:\/\/www.sinembargo.mx\/wp-content\/uploads\/2018\/12\/interior2-300x199.jpg 300w\" alt=\"\" width=\"700\" height=\"464\" \/><\/p>\n<p class=\"wp-caption-text\">Uno de los espacios del avi\u00f3n presidencial. Foto: Twitter, @SHCP_mx.<\/p>\n<\/div>\n<p><strong>A TODO VAPOR<\/strong><\/p>\n<p>L\u00f3pez Obrador comenz\u00f3 el lunes su Gobierno como hab\u00eda prometido: con una reuni\u00f3n con todo el gabinete de seguridad, una conferencia de prensa -algo inusual en sus predecesores- y un mensaje contundente: \u201cTengo las riendas del poder en las manos, es decir, hay gobierno en M\u00e9xico\u201d.<\/p>\n<p>Flanqueado por los mandos de las fuerzas armadas y los responsables de Gobernaci\u00f3n y Seguridad, L\u00f3pez Obrador dijo que el objetivo de estas reuniones matutinas es tomar el pulso real de la situaci\u00f3n de todo el pa\u00eds y garantizar la seguridad de los mexicanos.<\/p>\n<p>Sobre la lucha contra el narcotr\u00e1fico, asegur\u00f3 que no har\u00e1 \u201cning\u00fan tipo de acuerdo ilegal\u201d con miembros del crimen organizado y se\u00f1al\u00f3 que el Ejecutivo tiene muy claro que tiene que \u201chaber una frontera entre autoridades y delincuencia. Cuando ya no hay esa frontera, ya no existe autoridad\u201d.<\/p>\n<p>Abrir un espacio con los medios para someterse a todo tipo de preguntas es uno de los ejemplos del nuevo estilo de gobierno que se ha inaugurado en M\u00e9xico. \u201cD\u00edganme si esto no es un cambio\u201d, brome\u00f3 con los reporteros.<\/p>\n<p>En el pasado los presidentes mexicanos pocas veces ofrec\u00edan conferencias de prensa, pero L\u00f3pez Obrador prometi\u00f3 hacerlo casi todos los d\u00edas, de forma similar a como cuando fue Alcalde de la Ciudad de M\u00e9xico entre 2000 y 2005.<\/p>\n<p>Arrib\u00f3 al Palacio Nacional en el mismo autom\u00f3vil compacto blanco que usaba antes de asumir el s\u00e1bado, rechaz\u00f3 la guardia militar utilizada por presidentes anteriores y viaj\u00f3 con una peque\u00f1a comitiva de asesores.<\/p>\n<p>L\u00f3pez Obrador se ha mostrado cercano con la ciudadan\u00eda y su primer viaje como Presidente el domingo al estado de Veracruz fue en un vuelo comercial y sin seguridad mientras se inicia el proceso de venta del avi\u00f3n presidencial para cumplir con la \u201causteridad republicana\u201d y el ahorro que ha prometido.<\/p>\n","protected":false},"excerpt":{"rendered":"<p>Se va, se va, se fue: el avi\u00f3n que \u201cno tiene ni Obama\u201d deja suelo mexicano para venderse en EU<br \/>\nPor Redacci\u00f3n QP<\/p>\n","protected":false},"author":2,"featured_media":10819,"comment_status":"open","ping_status":"open","sticky":false,"template":"","format":"standard","meta":{"_monsterinsights_skip_tracking":false,"_monsterinsights_sitenote_active":false,"_monsterinsights_sitenote_note":"","_monsterinsights_sitenote_category":0,"footnotes":""},"categories":[2],"tags":[],"class_list":["post-10820","post","type-post","status-publish","format-standard","has-post-thumbnail","hentry","category-noticias"],"yoast_head":"<!-- This site is optimized with the Yoast SEO plugin v27.3 - https:\/\/yoast.com\/product\/yoast-seo-wordpress\/ -->\n<title>Se va, se va, se fue: el avi\u00f3n que \u201cno tiene ni Obama\u201d deja suelo mexicano para venderse en EU -<\/title>\n<meta name=\"robots\" content=\"index, follow, max-snippet:-1, max-image-preview:large, max-video-preview:-1\" \/>\n<link rel=\"canonical\" href=\"https:\/\/quehacerpolitico.mx\/?p=10820\" \/>\n<meta property=\"og:locale\" content=\"es_MX\" \/>\n<meta property=\"og:type\" content=\"article\" \/>\n<meta property=\"og:title\" content=\"Se va, se va, se fue: el avi\u00f3n que \u201cno tiene ni Obama\u201d deja suelo mexicano para venderse en EU -\" \/>\n<meta property=\"og:description\" content=\"Se va, se va, se fue: el avi\u00f3n que \u201cno tiene ni Obama\u201d deja suelo mexicano para venderse en EU Por Redacci\u00f3n QP\" \/>\n<meta property=\"og:url\" content=\"https:\/\/quehacerpolitico.mx\/?p=10820\" \/>\n<meta property=\"article:published_time\" content=\"2018-12-03T18:20:10+00:00\" \/>\n<meta name=\"author\" content=\"Redacci\u00f3n QP\" \/>\n<meta name=\"twitter:card\" content=\"summary_large_image\" \/>\n<meta name=\"twitter:label1\" content=\"Escrito por\" \/>\n\t<meta name=\"twitter:data1\" content=\"Redacci\u00f3n QP\" \/>\n\t<meta name=\"twitter:label2\" content=\"Tiempo de lectura\" \/>\n\t<meta name=\"twitter:data2\" content=\"4 minutos\" \/>\n<script type=\"application\/ld+json\" class=\"yoast-schema-graph\">{\"@context\":\"https:\\\/\\\/schema.org\",\"@graph\":[{\"@type\":\"Article\",\"@id\":\"https:\\\/\\\/quehacerpolitico.mx\\\/?p=10820#article\",\"isPartOf\":{\"@id\":\"https:\\\/\\\/quehacerpolitico.mx\\\/?p=10820\"},\"author\":{\"name\":\"Redacci\u00f3n QP\",\"@id\":\"https:\\\/\\\/quehacerpolitico.mx\\\/#\\\/schema\\\/person\\\/496d8ad2d1d3f8036101dca7ee39e585\"},\"headline\":\"Se va, se va, se fue: el avi\u00f3n que \u201cno tiene ni Obama\u201d deja suelo mexicano para venderse en EU\",\"datePublished\":\"2018-12-03T18:20:10+00:00\",\"mainEntityOfPage\":{\"@id\":\"https:\\\/\\\/quehacerpolitico.mx\\\/?p=10820\"},\"wordCount\":915,\"commentCount\":0,\"image\":{\"@id\":\"https:\\\/\\\/quehacerpolitico.mx\\\/?p=10820#primaryimage\"},\"thumbnailUrl\":\"\",\"articleSection\":[\"Noticias\"],\"inLanguage\":\"es\",\"potentialAction\":[{\"@type\":\"CommentAction\",\"name\":\"Comment\",\"target\":[\"https:\\\/\\\/quehacerpolitico.mx\\\/?p=10820#respond\"]}]},{\"@type\":\"WebPage\",\"@id\":\"https:\\\/\\\/quehacerpolitico.mx\\\/?p=10820\",\"url\":\"https:\\\/\\\/quehacerpolitico.mx\\\/?p=10820\",\"name\":\"Se va, se va, se fue: el avi\u00f3n que \u201cno tiene ni Obama\u201d deja suelo mexicano para venderse en EU -\",\"isPartOf\":{\"@id\":\"https:\\\/\\\/quehacerpolitico.mx\\\/#website\"},\"primaryImageOfPage\":{\"@id\":\"https:\\\/\\\/quehacerpolitico.mx\\\/?p=10820#primaryimage\"},\"image\":{\"@id\":\"https:\\\/\\\/quehacerpolitico.mx\\\/?p=10820#primaryimage\"},\"thumbnailUrl\":\"\",\"datePublished\":\"2018-12-03T18:20:10+00:00\",\"author\":{\"@id\":\"https:\\\/\\\/quehacerpolitico.mx\\\/#\\\/schema\\\/person\\\/496d8ad2d1d3f8036101dca7ee39e585\"},\"breadcrumb\":{\"@id\":\"https:\\\/\\\/quehacerpolitico.mx\\\/?p=10820#breadcrumb\"},\"inLanguage\":\"es\",\"potentialAction\":[{\"@type\":\"ReadAction\",\"target\":[\"https:\\\/\\\/quehacerpolitico.mx\\\/?p=10820\"]}]},{\"@type\":\"ImageObject\",\"inLanguage\":\"es\",\"@id\":\"https:\\\/\\\/quehacerpolitico.mx\\\/?p=10820#primaryimage\",\"url\":\"\",\"contentUrl\":\"\"},{\"@type\":\"BreadcrumbList\",\"@id\":\"https:\\\/\\\/quehacerpolitico.mx\\\/?p=10820#breadcrumb\",\"itemListElement\":[{\"@type\":\"ListItem\",\"position\":1,\"name\":\"Inicio\",\"item\":\"https:\\\/\\\/quehacerpolitico.mx\\\/\"},{\"@type\":\"ListItem\",\"position\":2,\"name\":\"Se va, se va, se fue: el avi\u00f3n que \u201cno tiene ni Obama\u201d deja suelo mexicano para venderse en EU\"}]},{\"@type\":\"WebSite\",\"@id\":\"https:\\\/\\\/quehacerpolitico.mx\\\/#website\",\"url\":\"https:\\\/\\\/quehacerpolitico.mx\\\/\",\"name\":\"\",\"description\":\"\",\"potentialAction\":[{\"@type\":\"SearchAction\",\"target\":{\"@type\":\"EntryPoint\",\"urlTemplate\":\"https:\\\/\\\/quehacerpolitico.mx\\\/?s={search_term_string}\"},\"query-input\":{\"@type\":\"PropertyValueSpecification\",\"valueRequired\":true,\"valueName\":\"search_term_string\"}}],\"inLanguage\":\"es\"},{\"@type\":\"Person\",\"@id\":\"https:\\\/\\\/quehacerpolitico.mx\\\/#\\\/schema\\\/person\\\/496d8ad2d1d3f8036101dca7ee39e585\",\"name\":\"Redacci\u00f3n QP\",\"image\":{\"@type\":\"ImageObject\",\"inLanguage\":\"es\",\"@id\":\"https:\\\/\\\/secure.gravatar.com\\\/avatar\\\/c7164ed6fdec453195284ad24a5ae5b6e1eed2b848477fa2a4787ba9adf39a41?s=96&d=mm&r=g\",\"url\":\"https:\\\/\\\/secure.gravatar.com\\\/avatar\\\/c7164ed6fdec453195284ad24a5ae5b6e1eed2b848477fa2a4787ba9adf39a41?s=96&d=mm&r=g\",\"contentUrl\":\"https:\\\/\\\/secure.gravatar.com\\\/avatar\\\/c7164ed6fdec453195284ad24a5ae5b6e1eed2b848477fa2a4787ba9adf39a41?s=96&d=mm&r=g\",\"caption\":\"Redacci\u00f3n QP\"},\"url\":\"https:\\\/\\\/quehacerpolitico.mx\\\/?author=2\"}]}<\/script>\n<!-- \/ Yoast SEO plugin. -->","yoast_head_json":{"title":"Se va, se va, se fue: el avi\u00f3n que \u201cno tiene ni Obama\u201d deja suelo mexicano para venderse en EU -","robots":{"index":"index","follow":"follow","max-snippet":"max-snippet:-1","max-image-preview":"max-image-preview:large","max-video-preview":"max-video-preview:-1"},"canonical":"https:\/\/quehacerpolitico.mx\/?p=10820","og_locale":"es_MX","og_type":"article","og_title":"Se va, se va, se fue: el avi\u00f3n que \u201cno tiene ni Obama\u201d deja suelo mexicano para venderse en EU -","og_description":"Se va, se va, se fue: el avi\u00f3n que \u201cno tiene ni Obama\u201d deja suelo mexicano para venderse en EU Por Redacci\u00f3n QP","og_url":"https:\/\/quehacerpolitico.mx\/?p=10820","article_published_time":"2018-12-03T18:20:10+00:00","author":"Redacci\u00f3n QP","twitter_card":"summary_large_image","twitter_misc":{"Escrito por":"Redacci\u00f3n QP","Tiempo de lectura":"4 minutos"},"schema":{"@context":"https:\/\/schema.org","@graph":[{"@type":"Article","@id":"https:\/\/quehacerpolitico.mx\/?p=10820#article","isPartOf":{"@id":"https:\/\/quehacerpolitico.mx\/?p=10820"},"author":{"name":"Redacci\u00f3n QP","@id":"https:\/\/quehacerpolitico.mx\/#\/schema\/person\/496d8ad2d1d3f8036101dca7ee39e585"},"headline":"Se va, se va, se fue: el avi\u00f3n que \u201cno tiene ni Obama\u201d deja suelo mexicano para venderse en EU","datePublished":"2018-12-03T18:20:10+00:00","mainEntityOfPage":{"@id":"https:\/\/quehacerpolitico.mx\/?p=10820"},"wordCount":915,"commentCount":0,"image":{"@id":"https:\/\/quehacerpolitico.mx\/?p=10820#primaryimage"},"thumbnailUrl":"","articleSection":["Noticias"],"inLanguage":"es","potentialAction":[{"@type":"CommentAction","name":"Comment","target":["https:\/\/quehacerpolitico.mx\/?p=10820#respond"]}]},{"@type":"WebPage","@id":"https:\/\/quehacerpolitico.mx\/?p=10820","url":"https:\/\/quehacerpolitico.mx\/?p=10820","name":"Se va, se va, se fue: el avi\u00f3n que \u201cno tiene ni Obama\u201d deja suelo mexicano para venderse en EU -","isPartOf":{"@id":"https:\/\/quehacerpolitico.mx\/#website"},"primaryImageOfPage":{"@id":"https:\/\/quehacerpolitico.mx\/?p=10820#primaryimage"},"image":{"@id":"https:\/\/quehacerpolitico.mx\/?p=10820#primaryimage"},"thumbnailUrl":"","datePublished":"2018-12-03T18:20:10+00:00","author":{"@id":"https:\/\/quehacerpolitico.mx\/#\/schema\/person\/496d8ad2d1d3f8036101dca7ee39e585"},"breadcrumb":{"@id":"https:\/\/quehacerpolitico.mx\/?p=10820#breadcrumb"},"inLanguage":"es","potentialAction":[{"@type":"ReadAction","target":["https:\/\/quehacerpolitico.mx\/?p=10820"]}]},{"@type":"ImageObject","inLanguage":"es","@id":"https:\/\/quehacerpolitico.mx\/?p=10820#primaryimage","url":"","contentUrl":""},{"@type":"BreadcrumbList","@id":"https:\/\/quehacerpolitico.mx\/?p=10820#breadcrumb","itemListElement":[{"@type":"ListItem","position":1,"name":"Inicio","item":"https:\/\/quehacerpolitico.mx\/"},{"@type":"ListItem","position":2,"name":"Se va, se va, se fue: el avi\u00f3n que \u201cno tiene ni Obama\u201d deja suelo mexicano para venderse en EU"}]},{"@type":"WebSite","@id":"https:\/\/quehacerpolitico.mx\/#website","url":"https:\/\/quehacerpolitico.mx\/","name":"","description":"","potentialAction":[{"@type":"SearchAction","target":{"@type":"EntryPoint","urlTemplate":"https:\/\/quehacerpolitico.mx\/?s={search_term_string}"},"query-input":{"@type":"PropertyValueSpecification","valueRequired":true,"valueName":"search_term_string"}}],"inLanguage":"es"},{"@type":"Person","@id":"https:\/\/quehacerpolitico.mx\/#\/schema\/person\/496d8ad2d1d3f8036101dca7ee39e585","name":"Redacci\u00f3n QP","image":{"@type":"ImageObject","inLanguage":"es","@id":"https:\/\/secure.gravatar.com\/avatar\/c7164ed6fdec453195284ad24a5ae5b6e1eed2b848477fa2a4787ba9adf39a41?s=96&d=mm&r=g","url":"https:\/\/secure.gravatar.com\/avatar\/c7164ed6fdec453195284ad24a5ae5b6e1eed2b848477fa2a4787ba9adf39a41?s=96&d=mm&r=g","contentUrl":"https:\/\/secure.gravatar.com\/avatar\/c7164ed6fdec453195284ad24a5ae5b6e1eed2b848477fa2a4787ba9adf39a41?s=96&d=mm&r=g","caption":"Redacci\u00f3n QP"},"url":"https:\/\/quehacerpolitico.mx\/?author=2"}]}},"featured_image_urls":{"full":"","thumbnail":"","medium":"","medium_large":"","large":"","1536x1536":"","2048x2048":"","covernews-featured":"","covernews-medium":""},"author_info":{"display_name":"Redacci\u00f3n QP","author_link":"https:\/\/quehacerpolitico.mx\/?author=2"},"category_info":"<a href=\"https:\/\/quehacerpolitico.mx\/?cat=2\" rel=\"category\">Noticias<\/a>","tag_info":"Noticias","comment_count":"0","_links":{"self":[{"href":"https:\/\/quehacerpolitico.mx\/index.php?rest_route=\/wp\/v2\/posts\/10820","targetHints":{"allow":["GET"]}}],"collection":[{"href":"https:\/\/quehacerpolitico.mx\/index.php?rest_route=\/wp\/v2\/posts"}],"about":[{"href":"https:\/\/quehacerpolitico.mx\/index.php?rest_route=\/wp\/v2\/types\/post"}],"author":[{"embeddable":true,"href":"https:\/\/quehacerpolitico.mx\/index.php?rest_route=\/wp\/v2\/users\/2"}],"replies":[{"embeddable":true,"href":"https:\/\/quehacerpolitico.mx\/index.php?rest_route=%2Fwp%2Fv2%2Fcomments&post=10820"}],"version-history":[{"count":0,"href":"https:\/\/quehacerpolitico.mx\/index.php?rest_route=\/wp\/v2\/posts\/10820\/revisions"}],"wp:featuredmedia":[{"embeddable":true,"href":"https:\/\/quehacerpolitico.mx\/index.php?rest_route=\/"}],"wp:attachment":[{"href":"https:\/\/quehacerpolitico.mx\/index.php?rest_route=%2Fwp%2Fv2%2Fmedia&parent=10820"}],"wp:term":[{"taxonomy":"category","embeddable":true,"href":"https:\/\/quehacerpolitico.mx\/index.php?rest_route=%2Fwp%2Fv2%2Fcategories&post=10820"},{"taxonomy":"post_tag","embeddable":true,"href":"https:\/\/quehacerpolitico.mx\/index.php?rest_route=%2Fwp%2Fv2%2Ftags&post=10820"}],"curies":[{"name":"wp","href":"https:\/\/api.w.org\/{rel}","templated":true}]}}