{"id":10818,"date":"2018-12-03T18:11:57","date_gmt":"2018-12-03T18:11:57","guid":{"rendered":"http:\/\/quehacerpolitico.mx\/el-primer-decreto-presidencial-de-amlo-es-por-ayotzinapa-ofrece-justicia-y-llegar-a-la-verdad\/"},"modified":"2018-12-03T18:11:57","modified_gmt":"2018-12-03T18:11:57","slug":"el-primer-decreto-presidencial-de-amlo-es-por-ayotzinapa-ofrece-justicia-y-llegar-a-la-verdad","status":"publish","type":"post","link":"https:\/\/quehacerpolitico.mx\/?p=10818","title":{"rendered":"El primer Decreto Presidencial de AMLO es por Ayotzinapa; ofrece \u201cjusticia, y llegar a la verdad\u201d"},"content":{"rendered":"<h1>El primer Decreto Presidencial de AMLO es por Ayotzinapa; ofrece \u201cjusticia, y llegar a la verdad\u201d<\/h1>\n<p>Por Jaqueline Morgado<\/p>\n<p>El Presidente Andr\u00e9s Manuel L\u00f3pez Obrador firm\u00f3 esta ma\u00f1ana, frente a los\u00a0<strong>padres de los 43 normalistas<\/strong>desaparecidos de <strong>Ayotzinapa<\/strong>\u00a0\u2013que previamente arribaron a <strong>Palacio Nacional\u2013,<\/strong>\u00a0su primer Decreto Presidencial, que es para crear la Comisi\u00f3n de la Verdad. Ofreci\u00f3 justicia, y llegar a la verdad; dar todas las facilidades y que \u201cla autoridad competente, que ser\u00eda la Fiscal\u00eda General, constituya esta comisi\u00f3n\u201d.<\/p>\n<p>Olga S\u00e1nchez Cordero, titular de la Secretar\u00eda de Gobernaci\u00f3n (Segob), dijo que en la pasada campa\u00f1a el ahora Presidente ofreci\u00f3 que la tragedia de Iguala ser\u00eda aclarada, y que por eso hoy se firma el primer Decreto para la Comisi\u00f3n de la Verdad de Ayotzinapa. Se publicar\u00e1 este martes en el Diario Oficial de la Federaci\u00f3n.<\/p>\n<blockquote>\n<p>\u201c[La Comisi\u00f3n] tiene como objetivo\u201d, dijo la Ministra en retiro, \u201cinvestigar con objetividad y a fondo qui\u00e9nes son los responsables, sin importar qu\u00e9 cargo ocupaban\u201d.<\/p>\n<p>Mar\u00eda Mart\u00ednez Zeferino, madre de Miguel \u00c1ngel Mart\u00ednez, le pidi\u00f3 al Presidente: \u201cQueremos que nos saque de este basurero donde nos dej\u00f3 [Enrique] Pe\u00f1a Nieto\u201d.<\/p>\n<p>\u201cYo les digo: p\u00f3nganse un d\u00eda, s\u00f3lo un d\u00eda, buscando un hijo. Vieran lo dif\u00edcil que es ver una silla vac\u00eda\u201d, dijo. \u201cUsted nos puso el ejemplo: que el que persevera alcanza. As\u00ed queremos que nos ayude. Si usted llega a encontrar a nuestros hijos va a hacer algo grande, porque siempre nos han enga\u00f1ado y hemos tenido que ir a buscar ayuda al extranjero\u201d.<\/p>\n<blockquote>\n<p>\u201cNosotros no pedimos estar aqu\u00ed, ni nos gusta, pero nos pusieron. Por eso estamos aqu\u00ed, por buscar a nuestros hijos\u201d, agreg\u00f3.<\/p>\n<\/blockquote>\n<p>Con el Presidente estaban S\u00e1nchez Cordero, Secretaria de Gobernaci\u00f3n; Alejandro Encinas, Subsecretario de Derechos Humanos de la Segob; Luis Crescencio Sandoval, Secretario de la Defensa Nacional; Rafael Ojeda Dur\u00e1n, Secretario de Marina; Martha Delgado Peralta, de la Secretar\u00eda de Relaciones Exteriores; as\u00ed como dos representantes de los padres de los 43.<\/p>\n<div id=\"attachment_3505956\" class=\"wp-caption alignnone\"><img loading=\"lazy\" decoding=\"async\" class=\"size-full wp-image-3505956\" src=\"https:\/\/www.sinembargo.mx\/wp-content\/uploads\/2018\/12\/image-2018-12-03-104941.jpg\" sizes=\"auto, (max-width: 700px) 100vw, 700px\" srcset=\"https:\/\/www.sinembargo.mx\/wp-content\/uploads\/2018\/12\/image-2018-12-03-104941.jpg 700w, https:\/\/www.sinembargo.mx\/wp-content\/uploads\/2018\/12\/image-2018-12-03-104941-300x198.jpg 300w\" alt=\"\" width=\"700\" height=\"461\" \/><\/p>\n<p class=\"wp-caption-text\">Los padres en Palacio Nacional. Foto: Twitter @SerapazMexico<\/p>\n<p>L\u00f3pez Obrador dijo que con la firma de este acuerdo se inicia el proceso de b\u00fasqueda de los j\u00f3venes de Ayotzinapa. Ese fue nuestro compromiso y estamos empezando a cumplir nuestra palabra, a\u00f1adi\u00f3. Con este decreto se ordena a todo el Gobierno, en lo que corresponde al Poder Ejecutivo, \u201cque se preste todo el apoyo, a ustedes, a la comisi\u00f3n que se va a integrar, para llegar a la verdad\u201d.<\/p>\n<blockquote>\n<p>\u201cTodo el Gobierno va a ayudar en este prop\u00f3sito y les aseguro que no habr\u00e1 impunidad ni en este caso tan triste, doloroso, ni en ning\u00fan otro\u201d, dijo. \u201cNos hemos propuesto, y ese es el compromiso, acabar con la corrupci\u00f3n y acabar con la impunidad en el pa\u00eds\u201d.<\/p>\n<\/blockquote>\n<p>\u201cDec\u00eda la compa\u00f1era, madre de uno de los muchachos, que llevamos a\u00f1os luchando y que demostramos con la perseverancia que podemos llegar a la justicia. Y en efecto, fueron muchos a\u00f1os de lucha \u2013no s\u00f3lo de mi persona\u2013 sino de muchos dirigentes, algunos incluso ya se nos adelantaron\u201d, dijo. \u201cEn lo que a mi corresponde han sido muchos a\u00f1os de lucha y lo que m\u00e1s me llena de orgullo es que mantuve mis principios y mis ideales, no dej\u00e9 trozos de dignidad en el camino\u201d, agreg\u00f3.<\/p>\n<p>La Comisi\u00f3n tendr\u00e1 a la mano recursos legales y cient\u00edficos para alcanzar la verdad, detall\u00f3 por su parte S\u00e1nchez Cordero. \u201cPor instrucciones del Presidente, ser\u00e1 el Subsecretario de la Gobernaci\u00f3n, Alejandro Encinas Rodr\u00edguez, el encargado de esta tarea, y habr\u00e1 de entregar resultados a la brevedad, dijo S\u00e1nchez Cordero. \u201cComo todos ustedes saben tambi\u00e9n soy madre y abuela, y con el coraz\u00f3n estrujado, les digo que pondremos todo nuestros conocimientos, todo nuestro esfuerzo para llegar a la verdad\u201d.<\/p>\n<div id=\"attachment_3505957\" class=\"wp-caption alignnone\"><img loading=\"lazy\" decoding=\"async\" class=\"size-full wp-image-3505957\" src=\"https:\/\/www.sinembargo.mx\/wp-content\/uploads\/2018\/12\/image-2018-12-03-105021.jpg\" sizes=\"auto, (max-width: 700px) 100vw, 700px\" srcset=\"https:\/\/www.sinembargo.mx\/wp-content\/uploads\/2018\/12\/image-2018-12-03-105021.jpg 700w, https:\/\/www.sinembargo.mx\/wp-content\/uploads\/2018\/12\/image-2018-12-03-105021-300x203.jpg 300w\" alt=\"\" width=\"700\" height=\"474\" \/><\/p>\n<p class=\"wp-caption-text\">L\u00f3pez Obrador, con los familiares de los 43. Foto tomada de video en vivo<\/p>\n<\/div>\n<blockquote>\n<p>\u201cVamos a conocer la verdad de lo que sucedi\u00f3 en Igual hace 4 a\u00f1os para hacer justicia\u201d, afirm\u00f3 S\u00e1nchez Cordero, la primera mujer en ocupar la Secretar\u00eda de Gobernaci\u00f3n en la historia del pa\u00eds.<\/p>\n<\/blockquote>\n<p>Alejandro Encinas, subsecretario de Derechos Humanos de Gobernaci\u00f3n, dijo que el nuevo Gobierno da hoy el primer paso del proceso de pacificaci\u00f3n en el pa\u00eds para que las v\u00edctimas del abuso de autoridad tengan acceso a la justicia. Tambi\u00e9n, a\u00f1adi\u00f3, el objetivo de la Comisi\u00f3n es conocer la verdad, reparar los da\u00f1os y hacer justicia.<\/p>\n<p>Se integrar\u00e1 un equipo de trabajo aut\u00f3nomo e interdisciplinario para continuar las investigaciones de la Comisi\u00f3n Nacional de Derechos Humanos (CNDH), de la ONU y del Grupo Interdisciplinario de Expertos Independientes, e incluso de la Procuradur\u00eda General de la Rep\u00fablica (PGR).<\/p>\n<p>El Subsecretario de Derechos Humanos, junto con los familiares, dise\u00f1ar\u00e1 el modelo para dar el seguimiento. Adem\u00e1s, la Segob, deber\u00e1 realizar los protocolos con las autoridades locales para generar la cooperaci\u00f3n, as\u00ed como con la Oficina de Derechos Humanos de la ONU.<\/p>\n<p>Adem\u00e1s, la Secretar\u00eda de Hacienda procurar\u00e1 los recursos que se necesiten para la investigaci\u00f3n.<\/p>\n<blockquote>\n<p>No se reservar\u00e1 informaci\u00f3n, dijo, relacionada con delitos de lesa humana que obstaculicen la investigaci\u00f3n. Tampoco se negar\u00e1 el acceso a oficinas o establecimientos donde que se presumen estuvieron ligados a los hechos y que a\u00fan no han sido investigados.<\/p>\n<\/blockquote>\n<p>Esta es una se\u00f1al muy clara a todo el pa\u00eds, a todos los familiares de las v\u00edctimas, que vamos a trabajar para hacer justicia. Este primer paso es un mensaje de una pol\u00edtica que pone en el centro el derecho de las v\u00edctimas, dijo Encinas Rodr\u00edguez.<\/p>\n<p>Tambi\u00e9n, a\u00f1adi\u00f3, es un mensaje de que a lo largo y ancho del pa\u00eds la encomienda es encontrar la verdad, hacer justicia y reparar los da\u00f1os.<\/p>\n<div id=\"attachment_3505959\" class=\"wp-caption alignnone\"><img loading=\"lazy\" decoding=\"async\" class=\"size-full wp-image-3505959\" src=\"https:\/\/www.sinembargo.mx\/wp-content\/uploads\/2018\/12\/image-2018-12-03-105233.jpg\" sizes=\"auto, (max-width: 700px) 100vw, 700px\" srcset=\"https:\/\/www.sinembargo.mx\/wp-content\/uploads\/2018\/12\/image-2018-12-03-105233.jpg 700w, https:\/\/www.sinembargo.mx\/wp-content\/uploads\/2018\/12\/image-2018-12-03-105233-300x132.jpg 300w\" alt=\"\" width=\"700\" height=\"309\" \/><\/p>\n<p class=\"wp-caption-text\">Los familiares con el Presidente. Foto tomada de video<\/p>\n<p>La ma\u00f1ana de este lunes, durante su primera conferencia matutina, el Presidente Andr\u00e9s Manuel L\u00f3pez Obrador anunci\u00f3 la reuni\u00f3n con los padres y asegur\u00f3 que su Gobierno buscar\u00e1 que se conozca la verdad y se castigue a los responsables de la desaparici\u00f3n de los estudiantes.<\/p>\n<blockquote>\n<p>\u201cQue se conozca la verdad y se castigue a los responsables, autores materiales e intelectuales, desde luego con respeto a la autonom\u00eda del poder judicial y tambi\u00e9n con respeto a la Fiscal\u00eda general, que ser\u00e1 la instancia encargada de crear la comisi\u00f3n de la verdad\u201d, asegur\u00f3.<\/p>\n<\/blockquote>\n<p>El Presidente dijo que se va a investigar a todo el Gobierno en la reapertura del caso, que no van a encubrir a nadie, y se\u00f1al\u00f3 que de haber responsabilidad del Ej\u00e9rcito en el caso, investigarlo fortalecer\u00eda a la instituci\u00f3n.<\/p>\n<p>\u201cMi postura acerca de los se\u00f1alamientos de la posible intervenci\u00f3n del Ej\u00e9rcito, creo que la investigaci\u00f3n tiene que incluir a todo el Gobierno, a todas las personas involucradas y considero que en el supuesto, y eso tiene que ser parte de la investigaci\u00f3n, que elementos del Ej\u00e9rcito est\u00e9n involucrados, en vez de debilitarse esta instituci\u00f3n se fortalecer\u00eda si se hace un deslinde. Pero no nos adelantamos, porque para eso es la investigaci\u00f3n\u201d, indic\u00f3.<\/p>\n<blockquote class=\"twitter-tweet\" data-width=\"550\" data-dnt=\"true\">\n<p lang=\"es\" dir=\"ltr\">Hoy iniciamos las acciones para conocer la verdad y hacer justicia a los j\u00f3venes de Ayotzinapa <a href=\"https:\/\/t.co\/XR6XrWhuYY\">https:\/\/t.co\/XR6XrWhuYY<\/a><\/p>\n<p>&mdash; Andr\u00e9s Manuel (@lopezobrador_) <a href=\"https:\/\/twitter.com\/lopezobrador_\/status\/1069625303331291137?ref_src=twsrc%5Etfw\">December 3, 2018<\/a><\/p><\/blockquote>\n<p><script async src=\"https:\/\/platform.twitter.com\/widgets.js\" charset=\"utf-8\"><\/script><\/p>\n<\/div>\n<\/div>\n<\/blockquote>\n","protected":false},"excerpt":{"rendered":"<p>El primer Decreto Presidencial de AMLO es por Ayotzinapa; ofrece \u201cjusticia, y llegar a la verdad\u201d<br \/>\nPor Jaqueline Morgado<\/p>\n","protected":false},"author":2,"featured_media":10817,"comment_status":"open","ping_status":"open","sticky":false,"template":"","format":"standard","meta":{"_monsterinsights_skip_tracking":false,"_monsterinsights_sitenote_active":false,"_monsterinsights_sitenote_note":"","_monsterinsights_sitenote_category":0,"footnotes":""},"categories":[2],"tags":[],"class_list":["post-10818","post","type-post","status-publish","format-standard","has-post-thumbnail","hentry","category-noticias"],"yoast_head":"<!-- This site is optimized with the Yoast SEO plugin v27.3 - https:\/\/yoast.com\/product\/yoast-seo-wordpress\/ -->\n<title>El primer Decreto Presidencial de AMLO es por Ayotzinapa; ofrece \u201cjusticia, y llegar a la verdad\u201d -<\/title>\n<meta name=\"robots\" content=\"index, follow, max-snippet:-1, max-image-preview:large, max-video-preview:-1\" \/>\n<link rel=\"canonical\" href=\"https:\/\/quehacerpolitico.mx\/?p=10818\" \/>\n<meta property=\"og:locale\" content=\"es_MX\" \/>\n<meta property=\"og:type\" content=\"article\" \/>\n<meta property=\"og:title\" content=\"El primer Decreto Presidencial de AMLO es por Ayotzinapa; ofrece \u201cjusticia, y llegar a la verdad\u201d -\" \/>\n<meta property=\"og:description\" content=\"El primer Decreto Presidencial de AMLO es por Ayotzinapa; ofrece \u201cjusticia, y llegar a la verdad\u201d Por Jaqueline Morgado\" \/>\n<meta property=\"og:url\" content=\"https:\/\/quehacerpolitico.mx\/?p=10818\" \/>\n<meta property=\"article:published_time\" content=\"2018-12-03T18:11:57+00:00\" \/>\n<meta name=\"author\" content=\"Redacci\u00f3n QP\" \/>\n<meta name=\"twitter:card\" content=\"summary_large_image\" \/>\n<meta name=\"twitter:label1\" content=\"Escrito por\" \/>\n\t<meta name=\"twitter:data1\" content=\"Redacci\u00f3n QP\" \/>\n\t<meta name=\"twitter:label2\" content=\"Tiempo de lectura\" \/>\n\t<meta name=\"twitter:data2\" content=\"6 minutos\" \/>\n<script type=\"application\/ld+json\" class=\"yoast-schema-graph\">{\"@context\":\"https:\\\/\\\/schema.org\",\"@graph\":[{\"@type\":\"Article\",\"@id\":\"https:\\\/\\\/quehacerpolitico.mx\\\/?p=10818#article\",\"isPartOf\":{\"@id\":\"https:\\\/\\\/quehacerpolitico.mx\\\/?p=10818\"},\"author\":{\"name\":\"Redacci\u00f3n QP\",\"@id\":\"https:\\\/\\\/quehacerpolitico.mx\\\/#\\\/schema\\\/person\\\/496d8ad2d1d3f8036101dca7ee39e585\"},\"headline\":\"El primer Decreto Presidencial de AMLO es por Ayotzinapa; ofrece \u201cjusticia, y llegar a la verdad\u201d\",\"datePublished\":\"2018-12-03T18:11:57+00:00\",\"mainEntityOfPage\":{\"@id\":\"https:\\\/\\\/quehacerpolitico.mx\\\/?p=10818\"},\"wordCount\":1272,\"commentCount\":0,\"image\":{\"@id\":\"https:\\\/\\\/quehacerpolitico.mx\\\/?p=10818#primaryimage\"},\"thumbnailUrl\":\"\",\"articleSection\":[\"Noticias\"],\"inLanguage\":\"es\",\"potentialAction\":[{\"@type\":\"CommentAction\",\"name\":\"Comment\",\"target\":[\"https:\\\/\\\/quehacerpolitico.mx\\\/?p=10818#respond\"]}]},{\"@type\":\"WebPage\",\"@id\":\"https:\\\/\\\/quehacerpolitico.mx\\\/?p=10818\",\"url\":\"https:\\\/\\\/quehacerpolitico.mx\\\/?p=10818\",\"name\":\"El primer Decreto Presidencial de AMLO es por Ayotzinapa; ofrece \u201cjusticia, y llegar a la verdad\u201d -\",\"isPartOf\":{\"@id\":\"https:\\\/\\\/quehacerpolitico.mx\\\/#website\"},\"primaryImageOfPage\":{\"@id\":\"https:\\\/\\\/quehacerpolitico.mx\\\/?p=10818#primaryimage\"},\"image\":{\"@id\":\"https:\\\/\\\/quehacerpolitico.mx\\\/?p=10818#primaryimage\"},\"thumbnailUrl\":\"\",\"datePublished\":\"2018-12-03T18:11:57+00:00\",\"author\":{\"@id\":\"https:\\\/\\\/quehacerpolitico.mx\\\/#\\\/schema\\\/person\\\/496d8ad2d1d3f8036101dca7ee39e585\"},\"breadcrumb\":{\"@id\":\"https:\\\/\\\/quehacerpolitico.mx\\\/?p=10818#breadcrumb\"},\"inLanguage\":\"es\",\"potentialAction\":[{\"@type\":\"ReadAction\",\"target\":[\"https:\\\/\\\/quehacerpolitico.mx\\\/?p=10818\"]}]},{\"@type\":\"ImageObject\",\"inLanguage\":\"es\",\"@id\":\"https:\\\/\\\/quehacerpolitico.mx\\\/?p=10818#primaryimage\",\"url\":\"\",\"contentUrl\":\"\"},{\"@type\":\"BreadcrumbList\",\"@id\":\"https:\\\/\\\/quehacerpolitico.mx\\\/?p=10818#breadcrumb\",\"itemListElement\":[{\"@type\":\"ListItem\",\"position\":1,\"name\":\"Inicio\",\"item\":\"https:\\\/\\\/quehacerpolitico.mx\\\/\"},{\"@type\":\"ListItem\",\"position\":2,\"name\":\"El primer Decreto Presidencial de AMLO es por Ayotzinapa; ofrece \u201cjusticia, y llegar a la verdad\u201d\"}]},{\"@type\":\"WebSite\",\"@id\":\"https:\\\/\\\/quehacerpolitico.mx\\\/#website\",\"url\":\"https:\\\/\\\/quehacerpolitico.mx\\\/\",\"name\":\"\",\"description\":\"\",\"potentialAction\":[{\"@type\":\"SearchAction\",\"target\":{\"@type\":\"EntryPoint\",\"urlTemplate\":\"https:\\\/\\\/quehacerpolitico.mx\\\/?s={search_term_string}\"},\"query-input\":{\"@type\":\"PropertyValueSpecification\",\"valueRequired\":true,\"valueName\":\"search_term_string\"}}],\"inLanguage\":\"es\"},{\"@type\":\"Person\",\"@id\":\"https:\\\/\\\/quehacerpolitico.mx\\\/#\\\/schema\\\/person\\\/496d8ad2d1d3f8036101dca7ee39e585\",\"name\":\"Redacci\u00f3n QP\",\"image\":{\"@type\":\"ImageObject\",\"inLanguage\":\"es\",\"@id\":\"https:\\\/\\\/secure.gravatar.com\\\/avatar\\\/c7164ed6fdec453195284ad24a5ae5b6e1eed2b848477fa2a4787ba9adf39a41?s=96&d=mm&r=g\",\"url\":\"https:\\\/\\\/secure.gravatar.com\\\/avatar\\\/c7164ed6fdec453195284ad24a5ae5b6e1eed2b848477fa2a4787ba9adf39a41?s=96&d=mm&r=g\",\"contentUrl\":\"https:\\\/\\\/secure.gravatar.com\\\/avatar\\\/c7164ed6fdec453195284ad24a5ae5b6e1eed2b848477fa2a4787ba9adf39a41?s=96&d=mm&r=g\",\"caption\":\"Redacci\u00f3n QP\"},\"url\":\"https:\\\/\\\/quehacerpolitico.mx\\\/?author=2\"}]}<\/script>\n<!-- \/ Yoast SEO plugin. -->","yoast_head_json":{"title":"El primer Decreto Presidencial de AMLO es por Ayotzinapa; ofrece \u201cjusticia, y llegar a la verdad\u201d -","robots":{"index":"index","follow":"follow","max-snippet":"max-snippet:-1","max-image-preview":"max-image-preview:large","max-video-preview":"max-video-preview:-1"},"canonical":"https:\/\/quehacerpolitico.mx\/?p=10818","og_locale":"es_MX","og_type":"article","og_title":"El primer Decreto Presidencial de AMLO es por Ayotzinapa; ofrece \u201cjusticia, y llegar a la verdad\u201d -","og_description":"El primer Decreto Presidencial de AMLO es por Ayotzinapa; ofrece \u201cjusticia, y llegar a la verdad\u201d Por Jaqueline Morgado","og_url":"https:\/\/quehacerpolitico.mx\/?p=10818","article_published_time":"2018-12-03T18:11:57+00:00","author":"Redacci\u00f3n QP","twitter_card":"summary_large_image","twitter_misc":{"Escrito por":"Redacci\u00f3n QP","Tiempo de lectura":"6 minutos"},"schema":{"@context":"https:\/\/schema.org","@graph":[{"@type":"Article","@id":"https:\/\/quehacerpolitico.mx\/?p=10818#article","isPartOf":{"@id":"https:\/\/quehacerpolitico.mx\/?p=10818"},"author":{"name":"Redacci\u00f3n QP","@id":"https:\/\/quehacerpolitico.mx\/#\/schema\/person\/496d8ad2d1d3f8036101dca7ee39e585"},"headline":"El primer Decreto Presidencial de AMLO es por Ayotzinapa; ofrece \u201cjusticia, y llegar a la verdad\u201d","datePublished":"2018-12-03T18:11:57+00:00","mainEntityOfPage":{"@id":"https:\/\/quehacerpolitico.mx\/?p=10818"},"wordCount":1272,"commentCount":0,"image":{"@id":"https:\/\/quehacerpolitico.mx\/?p=10818#primaryimage"},"thumbnailUrl":"","articleSection":["Noticias"],"inLanguage":"es","potentialAction":[{"@type":"CommentAction","name":"Comment","target":["https:\/\/quehacerpolitico.mx\/?p=10818#respond"]}]},{"@type":"WebPage","@id":"https:\/\/quehacerpolitico.mx\/?p=10818","url":"https:\/\/quehacerpolitico.mx\/?p=10818","name":"El primer Decreto Presidencial de AMLO es por Ayotzinapa; ofrece \u201cjusticia, y llegar a la verdad\u201d -","isPartOf":{"@id":"https:\/\/quehacerpolitico.mx\/#website"},"primaryImageOfPage":{"@id":"https:\/\/quehacerpolitico.mx\/?p=10818#primaryimage"},"image":{"@id":"https:\/\/quehacerpolitico.mx\/?p=10818#primaryimage"},"thumbnailUrl":"","datePublished":"2018-12-03T18:11:57+00:00","author":{"@id":"https:\/\/quehacerpolitico.mx\/#\/schema\/person\/496d8ad2d1d3f8036101dca7ee39e585"},"breadcrumb":{"@id":"https:\/\/quehacerpolitico.mx\/?p=10818#breadcrumb"},"inLanguage":"es","potentialAction":[{"@type":"ReadAction","target":["https:\/\/quehacerpolitico.mx\/?p=10818"]}]},{"@type":"ImageObject","inLanguage":"es","@id":"https:\/\/quehacerpolitico.mx\/?p=10818#primaryimage","url":"","contentUrl":""},{"@type":"BreadcrumbList","@id":"https:\/\/quehacerpolitico.mx\/?p=10818#breadcrumb","itemListElement":[{"@type":"ListItem","position":1,"name":"Inicio","item":"https:\/\/quehacerpolitico.mx\/"},{"@type":"ListItem","position":2,"name":"El primer Decreto Presidencial de AMLO es por Ayotzinapa; ofrece \u201cjusticia, y llegar a la verdad\u201d"}]},{"@type":"WebSite","@id":"https:\/\/quehacerpolitico.mx\/#website","url":"https:\/\/quehacerpolitico.mx\/","name":"","description":"","potentialAction":[{"@type":"SearchAction","target":{"@type":"EntryPoint","urlTemplate":"https:\/\/quehacerpolitico.mx\/?s={search_term_string}"},"query-input":{"@type":"PropertyValueSpecification","valueRequired":true,"valueName":"search_term_string"}}],"inLanguage":"es"},{"@type":"Person","@id":"https:\/\/quehacerpolitico.mx\/#\/schema\/person\/496d8ad2d1d3f8036101dca7ee39e585","name":"Redacci\u00f3n QP","image":{"@type":"ImageObject","inLanguage":"es","@id":"https:\/\/secure.gravatar.com\/avatar\/c7164ed6fdec453195284ad24a5ae5b6e1eed2b848477fa2a4787ba9adf39a41?s=96&d=mm&r=g","url":"https:\/\/secure.gravatar.com\/avatar\/c7164ed6fdec453195284ad24a5ae5b6e1eed2b848477fa2a4787ba9adf39a41?s=96&d=mm&r=g","contentUrl":"https:\/\/secure.gravatar.com\/avatar\/c7164ed6fdec453195284ad24a5ae5b6e1eed2b848477fa2a4787ba9adf39a41?s=96&d=mm&r=g","caption":"Redacci\u00f3n QP"},"url":"https:\/\/quehacerpolitico.mx\/?author=2"}]}},"featured_image_urls":{"full":"","thumbnail":"","medium":"","medium_large":"","large":"","1536x1536":"","2048x2048":"","covernews-featured":"","covernews-medium":""},"author_info":{"display_name":"Redacci\u00f3n QP","author_link":"https:\/\/quehacerpolitico.mx\/?author=2"},"category_info":"<a href=\"https:\/\/quehacerpolitico.mx\/?cat=2\" rel=\"category\">Noticias<\/a>","tag_info":"Noticias","comment_count":"0","_links":{"self":[{"href":"https:\/\/quehacerpolitico.mx\/index.php?rest_route=\/wp\/v2\/posts\/10818","targetHints":{"allow":["GET"]}}],"collection":[{"href":"https:\/\/quehacerpolitico.mx\/index.php?rest_route=\/wp\/v2\/posts"}],"about":[{"href":"https:\/\/quehacerpolitico.mx\/index.php?rest_route=\/wp\/v2\/types\/post"}],"author":[{"embeddable":true,"href":"https:\/\/quehacerpolitico.mx\/index.php?rest_route=\/wp\/v2\/users\/2"}],"replies":[{"embeddable":true,"href":"https:\/\/quehacerpolitico.mx\/index.php?rest_route=%2Fwp%2Fv2%2Fcomments&post=10818"}],"version-history":[{"count":0,"href":"https:\/\/quehacerpolitico.mx\/index.php?rest_route=\/wp\/v2\/posts\/10818\/revisions"}],"wp:featuredmedia":[{"embeddable":true,"href":"https:\/\/quehacerpolitico.mx\/index.php?rest_route=\/"}],"wp:attachment":[{"href":"https:\/\/quehacerpolitico.mx\/index.php?rest_route=%2Fwp%2Fv2%2Fmedia&parent=10818"}],"wp:term":[{"taxonomy":"category","embeddable":true,"href":"https:\/\/quehacerpolitico.mx\/index.php?rest_route=%2Fwp%2Fv2%2Fcategories&post=10818"},{"taxonomy":"post_tag","embeddable":true,"href":"https:\/\/quehacerpolitico.mx\/index.php?rest_route=%2Fwp%2Fv2%2Ftags&post=10818"}],"curies":[{"name":"wp","href":"https:\/\/api.w.org\/{rel}","templated":true}]}}