{"id":108171,"date":"2024-02-15T23:03:39","date_gmt":"2024-02-15T23:03:39","guid":{"rendered":"https:\/\/quehacerpolitico.mx\/?p=108171"},"modified":"2024-02-15T23:03:41","modified_gmt":"2024-02-15T23:03:41","slug":"janecarlo-lozano-surgido-de-las-filas-del-prd-el-sera-su-de-candidato-de-morena-a-alcalde-de-gustavo-a-madero","status":"publish","type":"post","link":"https:\/\/quehacerpolitico.mx\/?p=108171","title":{"rendered":"Janecarlo Lozano surgido de las filas del PRD \u00e9l ser\u00e1 su de candidato de Morena a alcalde de Gustavo A. Madero"},"content":{"rendered":"\n<p>Por Redacci\u00f3n QP<\/p>\n\n\n\n<p>La dirigencia de\u00a0<strong>Morena<\/strong>\u00a0en la Ciudad de M\u00e9xico inform\u00f3 este jueves que el experredista y diputado capitalino\u00a0<strong>Janecarlo Lozano<\/strong> Reynoso fue designado como su candidato a la alcald\u00eda\u00a0<strong>Gustavo A. Madero<\/strong>, de acuerdo con los resultados de su encuesta interna.<\/p>\n\n\n\n<p>\u201cGracias a la convicci\u00f3n y compromiso con la&nbsp;<strong>transformaci\u00f3n<\/strong>&nbsp;de las y los compa\u00f1eros que participaron en este&nbsp;<strong>proceso<\/strong>. Estamos unidos y listos para lo que viene\u201d, public\u00f3 Sebasti\u00e1n Ram\u00edrez, presidente de Morena en la capital, al anunciar los resultados.<\/p>\n\n\n\n<p><strong>Janecarlo<\/strong>&nbsp;<strong>Lozano<\/strong>&nbsp;como&nbsp;<strong>perredista<\/strong>&nbsp;fue un cr\u00edtico de&nbsp;<strong>Morena<\/strong>&nbsp;y del presidente&nbsp;<strong>Andr\u00e9s Manuel L\u00f3pez Obrador&nbsp;<\/strong>e incluso consider\u00f3 a la llamada Cuarta Transformaci\u00f3n como \u201cm\u00e1s de lo mismo\u201d.<\/p>\n\n\n\n<p>Lozano Reynoso es licenciado en Derecho y actualmente cursa la maestr\u00eda de Gesti\u00f3n de Pol\u00edticas P\u00fablicas.&nbsp;<\/p>\n\n\n\n<p>\u201cHa sido promotor en la&nbsp;<strong>Gustavo A. Madero<\/strong>&nbsp;de acciones de asistencia social a trav\u00e9s del abasto para garantizar el derecho a la alimentaci\u00f3n y la salud\u201d, destac\u00f3 Morena en un comunicado.<\/p>\n\n\n\n<p>Asimismo, el presidente de\u00a0<strong>Morena<\/strong>\u00a0en la Ciudad de M\u00e9xico y la secretaria general del partido, Citlalli Hern\u00e1ndez, anunciaron que al momento cuentan con\u00a016 representantes para contender por las alcald\u00edas de la capital en el actual proceso electoral.<\/p>\n\n\n\n<p>Entre los designados para buscar una alcald\u00eda est\u00e1n:&nbsp;<strong>Javier L\u00f3pez Casar\u00edn<\/strong>, para \u00c1lvaro Obreg\u00f3n;&nbsp;<strong>Hannah de Lamadrid T\u00e9llez<\/strong>, en Coyoac\u00e1n;&nbsp;<strong>Catalina Monreal<\/strong>, en Cuauht\u00e9moc;&nbsp;<strong>Lourdes<\/strong>&nbsp;<strong>Paz<\/strong>, Iztacalco;&nbsp;<strong>Miguel Torruco<\/strong>, Miguel Hidalgo;&nbsp;<strong>Gabriela Osorio<\/strong>, Tlalpan y<strong>Evelyn Parra<\/strong>, en Venustiano Carranza.<\/p>\n\n\n\n<p>En tanto, en Iztapalapa la diputada federal\u00a0<strong>Aleida Alavez Ruiz<\/strong>\u00a0ser\u00e1 quien compita por la alcald\u00eda, luego de que\u00a0<strong>Clara Brugada\u00a0<\/strong>dej\u00f3 su cargo para competir por la Jefatura de Gobierno de la capital.<\/p>\n","protected":false},"excerpt":{"rendered":"<p>Por Redacci\u00f3n QP La dirigencia de\u00a0Morena\u00a0en la Ciudad de M\u00e9xico inform\u00f3 este jueves que el&#8230;<\/p>\n","protected":false},"author":2,"featured_media":108172,"comment_status":"open","ping_status":"open","sticky":false,"template":"","format":"standard","meta":{"_monsterinsights_skip_tracking":false,"_monsterinsights_sitenote_active":false,"_monsterinsights_sitenote_note":"","_monsterinsights_sitenote_category":0,"footnotes":""},"categories":[55],"tags":[],"class_list":["post-108171","post","type-post","status-publish","format-standard","has-post-thumbnail","hentry","category-cdmx"],"yoast_head":"<!-- This site is optimized with the Yoast SEO plugin v27.3 - https:\/\/yoast.com\/product\/yoast-seo-wordpress\/ -->\n<title>Janecarlo Lozano surgido de las filas del PRD \u00e9l ser\u00e1 su de candidato de Morena a alcalde de Gustavo A. Madero -<\/title>\n<meta name=\"robots\" content=\"index, follow, max-snippet:-1, max-image-preview:large, max-video-preview:-1\" \/>\n<link rel=\"canonical\" href=\"https:\/\/quehacerpolitico.mx\/?p=108171\" \/>\n<meta property=\"og:locale\" content=\"es_MX\" \/>\n<meta property=\"og:type\" content=\"article\" \/>\n<meta property=\"og:title\" content=\"Janecarlo Lozano surgido de las filas del PRD \u00e9l ser\u00e1 su de candidato de Morena a alcalde de Gustavo A. Madero -\" \/>\n<meta property=\"og:description\" content=\"Por Redacci\u00f3n QP La dirigencia de\u00a0Morena\u00a0en la Ciudad de M\u00e9xico inform\u00f3 este jueves que el...\" \/>\n<meta property=\"og:url\" content=\"https:\/\/quehacerpolitico.mx\/?p=108171\" \/>\n<meta property=\"article:published_time\" content=\"2024-02-15T23:03:39+00:00\" \/>\n<meta property=\"article:modified_time\" content=\"2024-02-15T23:03:41+00:00\" \/>\n<meta property=\"og:image\" content=\"https:\/\/quehacerpolitico.mx\/wp-content\/uploads\/2024\/02\/IMG_3690.jpeg\" \/>\n\t<meta property=\"og:image:width\" content=\"1212\" \/>\n\t<meta property=\"og:image:height\" content=\"601\" \/>\n\t<meta property=\"og:image:type\" content=\"image\/jpeg\" \/>\n<meta name=\"author\" content=\"Redacci\u00f3n QP\" \/>\n<meta name=\"twitter:card\" content=\"summary_large_image\" \/>\n<meta name=\"twitter:label1\" content=\"Escrito por\" \/>\n\t<meta name=\"twitter:data1\" content=\"Redacci\u00f3n QP\" \/>\n\t<meta name=\"twitter:label2\" content=\"Tiempo de lectura\" \/>\n\t<meta name=\"twitter:data2\" content=\"2 minutos\" \/>\n<script type=\"application\/ld+json\" class=\"yoast-schema-graph\">{\"@context\":\"https:\\\/\\\/schema.org\",\"@graph\":[{\"@type\":\"Article\",\"@id\":\"https:\\\/\\\/quehacerpolitico.mx\\\/?p=108171#article\",\"isPartOf\":{\"@id\":\"https:\\\/\\\/quehacerpolitico.mx\\\/?p=108171\"},\"author\":{\"name\":\"Redacci\u00f3n QP\",\"@id\":\"https:\\\/\\\/quehacerpolitico.mx\\\/#\\\/schema\\\/person\\\/496d8ad2d1d3f8036101dca7ee39e585\"},\"headline\":\"Janecarlo Lozano surgido de las filas del PRD \u00e9l ser\u00e1 su de candidato de Morena a alcalde de Gustavo A. Madero\",\"datePublished\":\"2024-02-15T23:03:39+00:00\",\"dateModified\":\"2024-02-15T23:03:41+00:00\",\"mainEntityOfPage\":{\"@id\":\"https:\\\/\\\/quehacerpolitico.mx\\\/?p=108171\"},\"wordCount\":345,\"commentCount\":0,\"image\":{\"@id\":\"https:\\\/\\\/quehacerpolitico.mx\\\/?p=108171#primaryimage\"},\"thumbnailUrl\":\"https:\\\/\\\/quehacerpolitico.mx\\\/wp-content\\\/uploads\\\/2024\\\/02\\\/IMG_3690.jpeg\",\"articleSection\":[\"CDMX\"],\"inLanguage\":\"es\",\"potentialAction\":[{\"@type\":\"CommentAction\",\"name\":\"Comment\",\"target\":[\"https:\\\/\\\/quehacerpolitico.mx\\\/?p=108171#respond\"]}]},{\"@type\":\"WebPage\",\"@id\":\"https:\\\/\\\/quehacerpolitico.mx\\\/?p=108171\",\"url\":\"https:\\\/\\\/quehacerpolitico.mx\\\/?p=108171\",\"name\":\"Janecarlo Lozano surgido de las filas del PRD \u00e9l ser\u00e1 su de candidato de Morena a alcalde de Gustavo A. Madero -\",\"isPartOf\":{\"@id\":\"https:\\\/\\\/quehacerpolitico.mx\\\/#website\"},\"primaryImageOfPage\":{\"@id\":\"https:\\\/\\\/quehacerpolitico.mx\\\/?p=108171#primaryimage\"},\"image\":{\"@id\":\"https:\\\/\\\/quehacerpolitico.mx\\\/?p=108171#primaryimage\"},\"thumbnailUrl\":\"https:\\\/\\\/quehacerpolitico.mx\\\/wp-content\\\/uploads\\\/2024\\\/02\\\/IMG_3690.jpeg\",\"datePublished\":\"2024-02-15T23:03:39+00:00\",\"dateModified\":\"2024-02-15T23:03:41+00:00\",\"author\":{\"@id\":\"https:\\\/\\\/quehacerpolitico.mx\\\/#\\\/schema\\\/person\\\/496d8ad2d1d3f8036101dca7ee39e585\"},\"breadcrumb\":{\"@id\":\"https:\\\/\\\/quehacerpolitico.mx\\\/?p=108171#breadcrumb\"},\"inLanguage\":\"es\",\"potentialAction\":[{\"@type\":\"ReadAction\",\"target\":[\"https:\\\/\\\/quehacerpolitico.mx\\\/?p=108171\"]}]},{\"@type\":\"ImageObject\",\"inLanguage\":\"es\",\"@id\":\"https:\\\/\\\/quehacerpolitico.mx\\\/?p=108171#primaryimage\",\"url\":\"https:\\\/\\\/quehacerpolitico.mx\\\/wp-content\\\/uploads\\\/2024\\\/02\\\/IMG_3690.jpeg\",\"contentUrl\":\"https:\\\/\\\/quehacerpolitico.mx\\\/wp-content\\\/uploads\\\/2024\\\/02\\\/IMG_3690.jpeg\",\"width\":1212,\"height\":601},{\"@type\":\"BreadcrumbList\",\"@id\":\"https:\\\/\\\/quehacerpolitico.mx\\\/?p=108171#breadcrumb\",\"itemListElement\":[{\"@type\":\"ListItem\",\"position\":1,\"name\":\"Inicio\",\"item\":\"https:\\\/\\\/quehacerpolitico.mx\\\/\"},{\"@type\":\"ListItem\",\"position\":2,\"name\":\"Janecarlo Lozano surgido de las filas del PRD \u00e9l ser\u00e1 su de candidato de Morena a alcalde de Gustavo A. Madero\"}]},{\"@type\":\"WebSite\",\"@id\":\"https:\\\/\\\/quehacerpolitico.mx\\\/#website\",\"url\":\"https:\\\/\\\/quehacerpolitico.mx\\\/\",\"name\":\"\",\"description\":\"\",\"potentialAction\":[{\"@type\":\"SearchAction\",\"target\":{\"@type\":\"EntryPoint\",\"urlTemplate\":\"https:\\\/\\\/quehacerpolitico.mx\\\/?s={search_term_string}\"},\"query-input\":{\"@type\":\"PropertyValueSpecification\",\"valueRequired\":true,\"valueName\":\"search_term_string\"}}],\"inLanguage\":\"es\"},{\"@type\":\"Person\",\"@id\":\"https:\\\/\\\/quehacerpolitico.mx\\\/#\\\/schema\\\/person\\\/496d8ad2d1d3f8036101dca7ee39e585\",\"name\":\"Redacci\u00f3n QP\",\"image\":{\"@type\":\"ImageObject\",\"inLanguage\":\"es\",\"@id\":\"https:\\\/\\\/secure.gravatar.com\\\/avatar\\\/c7164ed6fdec453195284ad24a5ae5b6e1eed2b848477fa2a4787ba9adf39a41?s=96&d=mm&r=g\",\"url\":\"https:\\\/\\\/secure.gravatar.com\\\/avatar\\\/c7164ed6fdec453195284ad24a5ae5b6e1eed2b848477fa2a4787ba9adf39a41?s=96&d=mm&r=g\",\"contentUrl\":\"https:\\\/\\\/secure.gravatar.com\\\/avatar\\\/c7164ed6fdec453195284ad24a5ae5b6e1eed2b848477fa2a4787ba9adf39a41?s=96&d=mm&r=g\",\"caption\":\"Redacci\u00f3n QP\"},\"url\":\"https:\\\/\\\/quehacerpolitico.mx\\\/?author=2\"}]}<\/script>\n<!-- \/ Yoast SEO plugin. -->","yoast_head_json":{"title":"Janecarlo Lozano surgido de las filas del PRD \u00e9l ser\u00e1 su de candidato de Morena a alcalde de Gustavo A. Madero -","robots":{"index":"index","follow":"follow","max-snippet":"max-snippet:-1","max-image-preview":"max-image-preview:large","max-video-preview":"max-video-preview:-1"},"canonical":"https:\/\/quehacerpolitico.mx\/?p=108171","og_locale":"es_MX","og_type":"article","og_title":"Janecarlo Lozano surgido de las filas del PRD \u00e9l ser\u00e1 su de candidato de Morena a alcalde de Gustavo A. Madero -","og_description":"Por Redacci\u00f3n QP La dirigencia de\u00a0Morena\u00a0en la Ciudad de M\u00e9xico inform\u00f3 este jueves que el...","og_url":"https:\/\/quehacerpolitico.mx\/?p=108171","article_published_time":"2024-02-15T23:03:39+00:00","article_modified_time":"2024-02-15T23:03:41+00:00","og_image":[{"width":1212,"height":601,"url":"https:\/\/quehacerpolitico.mx\/wp-content\/uploads\/2024\/02\/IMG_3690.jpeg","type":"image\/jpeg"}],"author":"Redacci\u00f3n QP","twitter_card":"summary_large_image","twitter_misc":{"Escrito por":"Redacci\u00f3n QP","Tiempo de lectura":"2 minutos"},"schema":{"@context":"https:\/\/schema.org","@graph":[{"@type":"Article","@id":"https:\/\/quehacerpolitico.mx\/?p=108171#article","isPartOf":{"@id":"https:\/\/quehacerpolitico.mx\/?p=108171"},"author":{"name":"Redacci\u00f3n QP","@id":"https:\/\/quehacerpolitico.mx\/#\/schema\/person\/496d8ad2d1d3f8036101dca7ee39e585"},"headline":"Janecarlo Lozano surgido de las filas del PRD \u00e9l ser\u00e1 su de candidato de Morena a alcalde de Gustavo A. Madero","datePublished":"2024-02-15T23:03:39+00:00","dateModified":"2024-02-15T23:03:41+00:00","mainEntityOfPage":{"@id":"https:\/\/quehacerpolitico.mx\/?p=108171"},"wordCount":345,"commentCount":0,"image":{"@id":"https:\/\/quehacerpolitico.mx\/?p=108171#primaryimage"},"thumbnailUrl":"https:\/\/quehacerpolitico.mx\/wp-content\/uploads\/2024\/02\/IMG_3690.jpeg","articleSection":["CDMX"],"inLanguage":"es","potentialAction":[{"@type":"CommentAction","name":"Comment","target":["https:\/\/quehacerpolitico.mx\/?p=108171#respond"]}]},{"@type":"WebPage","@id":"https:\/\/quehacerpolitico.mx\/?p=108171","url":"https:\/\/quehacerpolitico.mx\/?p=108171","name":"Janecarlo Lozano surgido de las filas del PRD \u00e9l ser\u00e1 su de candidato de Morena a alcalde de Gustavo A. Madero -","isPartOf":{"@id":"https:\/\/quehacerpolitico.mx\/#website"},"primaryImageOfPage":{"@id":"https:\/\/quehacerpolitico.mx\/?p=108171#primaryimage"},"image":{"@id":"https:\/\/quehacerpolitico.mx\/?p=108171#primaryimage"},"thumbnailUrl":"https:\/\/quehacerpolitico.mx\/wp-content\/uploads\/2024\/02\/IMG_3690.jpeg","datePublished":"2024-02-15T23:03:39+00:00","dateModified":"2024-02-15T23:03:41+00:00","author":{"@id":"https:\/\/quehacerpolitico.mx\/#\/schema\/person\/496d8ad2d1d3f8036101dca7ee39e585"},"breadcrumb":{"@id":"https:\/\/quehacerpolitico.mx\/?p=108171#breadcrumb"},"inLanguage":"es","potentialAction":[{"@type":"ReadAction","target":["https:\/\/quehacerpolitico.mx\/?p=108171"]}]},{"@type":"ImageObject","inLanguage":"es","@id":"https:\/\/quehacerpolitico.mx\/?p=108171#primaryimage","url":"https:\/\/quehacerpolitico.mx\/wp-content\/uploads\/2024\/02\/IMG_3690.jpeg","contentUrl":"https:\/\/quehacerpolitico.mx\/wp-content\/uploads\/2024\/02\/IMG_3690.jpeg","width":1212,"height":601},{"@type":"BreadcrumbList","@id":"https:\/\/quehacerpolitico.mx\/?p=108171#breadcrumb","itemListElement":[{"@type":"ListItem","position":1,"name":"Inicio","item":"https:\/\/quehacerpolitico.mx\/"},{"@type":"ListItem","position":2,"name":"Janecarlo Lozano surgido de las filas del PRD \u00e9l ser\u00e1 su de candidato de Morena a alcalde de Gustavo A. Madero"}]},{"@type":"WebSite","@id":"https:\/\/quehacerpolitico.mx\/#website","url":"https:\/\/quehacerpolitico.mx\/","name":"","description":"","potentialAction":[{"@type":"SearchAction","target":{"@type":"EntryPoint","urlTemplate":"https:\/\/quehacerpolitico.mx\/?s={search_term_string}"},"query-input":{"@type":"PropertyValueSpecification","valueRequired":true,"valueName":"search_term_string"}}],"inLanguage":"es"},{"@type":"Person","@id":"https:\/\/quehacerpolitico.mx\/#\/schema\/person\/496d8ad2d1d3f8036101dca7ee39e585","name":"Redacci\u00f3n QP","image":{"@type":"ImageObject","inLanguage":"es","@id":"https:\/\/secure.gravatar.com\/avatar\/c7164ed6fdec453195284ad24a5ae5b6e1eed2b848477fa2a4787ba9adf39a41?s=96&d=mm&r=g","url":"https:\/\/secure.gravatar.com\/avatar\/c7164ed6fdec453195284ad24a5ae5b6e1eed2b848477fa2a4787ba9adf39a41?s=96&d=mm&r=g","contentUrl":"https:\/\/secure.gravatar.com\/avatar\/c7164ed6fdec453195284ad24a5ae5b6e1eed2b848477fa2a4787ba9adf39a41?s=96&d=mm&r=g","caption":"Redacci\u00f3n QP"},"url":"https:\/\/quehacerpolitico.mx\/?author=2"}]}},"featured_image_urls":{"full":["https:\/\/quehacerpolitico.mx\/wp-content\/uploads\/2024\/02\/IMG_3690.jpeg",1212,601,false],"thumbnail":["https:\/\/quehacerpolitico.mx\/wp-content\/uploads\/2024\/02\/IMG_3690-150x150.jpeg",150,150,true],"medium":["https:\/\/quehacerpolitico.mx\/wp-content\/uploads\/2024\/02\/IMG_3690-300x149.jpeg",300,149,true],"medium_large":["https:\/\/quehacerpolitico.mx\/wp-content\/uploads\/2024\/02\/IMG_3690-768x381.jpeg",640,318,true],"large":["https:\/\/quehacerpolitico.mx\/wp-content\/uploads\/2024\/02\/IMG_3690-1024x508.jpeg",640,318,true],"1536x1536":["https:\/\/quehacerpolitico.mx\/wp-content\/uploads\/2024\/02\/IMG_3690.jpeg",1212,601,false],"2048x2048":["https:\/\/quehacerpolitico.mx\/wp-content\/uploads\/2024\/02\/IMG_3690.jpeg",1212,601,false],"covernews-featured":["https:\/\/quehacerpolitico.mx\/wp-content\/uploads\/2024\/02\/IMG_3690.jpeg",1024,508,false],"covernews-medium":["https:\/\/quehacerpolitico.mx\/wp-content\/uploads\/2024\/02\/IMG_3690.jpeg",540,268,false]},"author_info":{"display_name":"Redacci\u00f3n QP","author_link":"https:\/\/quehacerpolitico.mx\/?author=2"},"category_info":"<a href=\"https:\/\/quehacerpolitico.mx\/?cat=55\" rel=\"category\">CDMX<\/a>","tag_info":"CDMX","comment_count":"0","_links":{"self":[{"href":"https:\/\/quehacerpolitico.mx\/index.php?rest_route=\/wp\/v2\/posts\/108171","targetHints":{"allow":["GET"]}}],"collection":[{"href":"https:\/\/quehacerpolitico.mx\/index.php?rest_route=\/wp\/v2\/posts"}],"about":[{"href":"https:\/\/quehacerpolitico.mx\/index.php?rest_route=\/wp\/v2\/types\/post"}],"author":[{"embeddable":true,"href":"https:\/\/quehacerpolitico.mx\/index.php?rest_route=\/wp\/v2\/users\/2"}],"replies":[{"embeddable":true,"href":"https:\/\/quehacerpolitico.mx\/index.php?rest_route=%2Fwp%2Fv2%2Fcomments&post=108171"}],"version-history":[{"count":1,"href":"https:\/\/quehacerpolitico.mx\/index.php?rest_route=\/wp\/v2\/posts\/108171\/revisions"}],"predecessor-version":[{"id":108173,"href":"https:\/\/quehacerpolitico.mx\/index.php?rest_route=\/wp\/v2\/posts\/108171\/revisions\/108173"}],"wp:featuredmedia":[{"embeddable":true,"href":"https:\/\/quehacerpolitico.mx\/index.php?rest_route=\/wp\/v2\/media\/108172"}],"wp:attachment":[{"href":"https:\/\/quehacerpolitico.mx\/index.php?rest_route=%2Fwp%2Fv2%2Fmedia&parent=108171"}],"wp:term":[{"taxonomy":"category","embeddable":true,"href":"https:\/\/quehacerpolitico.mx\/index.php?rest_route=%2Fwp%2Fv2%2Fcategories&post=108171"},{"taxonomy":"post_tag","embeddable":true,"href":"https:\/\/quehacerpolitico.mx\/index.php?rest_route=%2Fwp%2Fv2%2Ftags&post=108171"}],"curies":[{"name":"wp","href":"https:\/\/api.w.org\/{rel}","templated":true}]}}