{"id":108168,"date":"2024-02-15T22:40:49","date_gmt":"2024-02-15T22:40:49","guid":{"rendered":"https:\/\/quehacerpolitico.mx\/?p=108168"},"modified":"2024-02-15T22:40:53","modified_gmt":"2024-02-15T22:40:53","slug":"se-registra-clara-brugada-ante-el-instituto-electoral-de-la-ciudad-de-mexico-iecm-como-candidata-para-la-jefatura-de-gobierno-de-cdmx-por-la-coalicion-sigamos-haciendo-historia-morena-pvem-pt","status":"publish","type":"post","link":"https:\/\/quehacerpolitico.mx\/?p=108168","title":{"rendered":"Se registra Clara Brugada ante el Instituto Electoral de la Ciudad de M\u00e9xico (iecm) como candidata para la jefatura de Gobierno de CDMX por la coalici\u00f3n Sigamos Haciendo Historia (Morena-PVEM-PT)"},"content":{"rendered":"\n<p>Por Redacci\u00f3n QP<\/p>\n\n\n\n<p>La aspirante a la Jefatura de Gobierno de la Ciudad de M\u00e9xico,&nbsp;<strong>Clara<\/strong>&nbsp;<strong>Brugada<\/strong>, present\u00f3 este jueves su registro como candidata oficial de la coalici\u00f3n Sigamos Haciendo Historia, conformada por Morena, Partido del Trabajo (PT) y el Partido Verde Ecologista (PVEM).<\/p>\n\n\n\n<p>Despu\u00e9s de presentar sus documentos,\u00a0<strong>Brugada<\/strong>\u00a0dio un\u00a0<strong>discurso<\/strong>\u00a0en el que pidi\u00f3 a los\u00a0<strong>partidos<\/strong>\u00a0pol\u00edticos \u201cjugar limpio en este proceso electoral y desterrar las perniciosas pr\u00e1cticas del pasado que desvirt\u00faan la democracia que ha caracterizado al viejo r\u00e9gimen\u201d.<\/p>\n\n\n\n<figure class=\"wp-block-embed is-type-rich is-provider-twitter wp-block-embed-twitter\"><div class=\"wp-block-embed__wrapper\">\n<blockquote class=\"twitter-tweet\" data-width=\"550\" data-dnt=\"true\"><p lang=\"es\" dir=\"ltr\"><a href=\"https:\/\/twitter.com\/hashtag\/QPMX?src=hash&amp;ref_src=twsrc%5Etfw\">#QPMX<\/a> <a href=\"https:\/\/twitter.com\/hashtag\/QuehacerPolitico?src=hash&amp;ref_src=twsrc%5Etfw\">#QuehacerPolitico<\/a> <a href=\"https:\/\/twitter.com\/hashtag\/InquiriendoLaNoticia?src=hash&amp;ref_src=twsrc%5Etfw\">#InquiriendoLaNoticia<\/a> <br><br>Se registra Clara Brugada (<a href=\"https:\/\/twitter.com\/ClaraBrugadaM?ref_src=twsrc%5Etfw\">@ClaraBrugadaM<\/a> ) ante el Instituto Electoral de la Ciudad de M\u00e9xico (<a href=\"https:\/\/twitter.com\/iecm?ref_src=twsrc%5Etfw\">@iecm<\/a> ) como candidata para la jefatura de Gobierno de CDMX por la coalici\u00f3n Sigamos Haciendo Historia (Morena-PVEM-PT). <a href=\"https:\/\/t.co\/xkp30DJ1s4\">pic.twitter.com\/xkp30DJ1s4<\/a><\/p>&mdash; Quehacer Pol\u00edtico (@QueHacerPolitic) <a href=\"https:\/\/twitter.com\/QueHacerPolitic\/status\/1758214745428029866?ref_src=twsrc%5Etfw\">February 15, 2024<\/a><\/blockquote><script async src=\"https:\/\/platform.twitter.com\/widgets.js\" charset=\"utf-8\"><\/script>\n<\/div><\/figure>\n\n\n\n<p>\u201cLe pido a la autoridad electoral estar alerta a impedir la compra de voto en esta gran Ciudad de M\u00e9xico o a la utilizaci\u00f3n de recursos p\u00fablicos. Queremos que la gente vote libre, queremos que la\u00a0<strong>democracia<\/strong>\u00a0y las\u00a0<strong>elecciones<\/strong> sean una fiesta donde la poblaci\u00f3n vaya con toda dignidad y conciencia a votar\u201d, dijo.<\/p>\n\n\n\n<p>En este registro estuvieron presentes candidatos de la alianza de Morena, PT y PVEM a las 16 alcald\u00edas de la\u00a0<strong>Ciudad de M\u00e9xico<\/strong>.<\/p>\n\n\n\n<figure class=\"wp-block-embed is-type-rich is-provider-twitter wp-block-embed-twitter\"><div class=\"wp-block-embed__wrapper\">\n<blockquote class=\"twitter-tweet\" data-width=\"550\" data-dnt=\"true\"><p lang=\"es\" dir=\"ltr\"><a href=\"https:\/\/twitter.com\/hashtag\/EnVivo?src=hash&amp;ref_src=twsrc%5Etfw\">#EnVivo<\/a> | Estoy muy contenta porque hoy me registro ante el <a href=\"https:\/\/twitter.com\/iecm?ref_src=twsrc%5Etfw\">@iecm<\/a> como candidata de  MORENA-PT-PVEM a la Jefatura de Gobierno de la Ciudad de M\u00e9xico. Pronto estaremos a lo largo y ancho de la capital para encontrarnos con las y los ciudadanos. <a href=\"https:\/\/t.co\/kGmr2eL6lE\">https:\/\/t.co\/kGmr2eL6lE<\/a><\/p>&mdash; Clara Brugada Molina (@ClaraBrugadaM) <a href=\"https:\/\/twitter.com\/ClaraBrugadaM\/status\/1758197860364091700?ref_src=twsrc%5Etfw\">February 15, 2024<\/a><\/blockquote><script async src=\"https:\/\/platform.twitter.com\/widgets.js\" charset=\"utf-8\"><\/script>\n<\/div><\/figure>\n","protected":false},"excerpt":{"rendered":"<p>Por Redacci\u00f3n QP La aspirante a la Jefatura de Gobierno de la Ciudad de M\u00e9xico,&nbsp;Clara&nbsp;Brugada,&#8230;<\/p>\n","protected":false},"author":2,"featured_media":108169,"comment_status":"open","ping_status":"open","sticky":false,"template":"","format":"standard","meta":{"_monsterinsights_skip_tracking":false,"_monsterinsights_sitenote_active":false,"_monsterinsights_sitenote_note":"","_monsterinsights_sitenote_category":0,"footnotes":""},"categories":[55],"tags":[],"class_list":["post-108168","post","type-post","status-publish","format-standard","has-post-thumbnail","hentry","category-cdmx"],"yoast_head":"<!-- This site is optimized with the Yoast SEO plugin v27.3 - https:\/\/yoast.com\/product\/yoast-seo-wordpress\/ -->\n<title>Se registra Clara Brugada ante el Instituto Electoral de la Ciudad de M\u00e9xico (iecm) como candidata para la jefatura de Gobierno de CDMX por la coalici\u00f3n Sigamos Haciendo Historia (Morena-PVEM-PT) -<\/title>\n<meta name=\"robots\" content=\"index, follow, max-snippet:-1, max-image-preview:large, max-video-preview:-1\" \/>\n<link rel=\"canonical\" href=\"https:\/\/quehacerpolitico.mx\/?p=108168\" \/>\n<meta property=\"og:locale\" content=\"es_MX\" \/>\n<meta property=\"og:type\" content=\"article\" \/>\n<meta property=\"og:title\" content=\"Se registra Clara Brugada ante el Instituto Electoral de la Ciudad de M\u00e9xico (iecm) como candidata para la jefatura de Gobierno de CDMX por la coalici\u00f3n Sigamos Haciendo Historia (Morena-PVEM-PT) -\" \/>\n<meta property=\"og:description\" content=\"Por Redacci\u00f3n QP La aspirante a la Jefatura de Gobierno de la Ciudad de M\u00e9xico,&nbsp;Clara&nbsp;Brugada,...\" \/>\n<meta property=\"og:url\" content=\"https:\/\/quehacerpolitico.mx\/?p=108168\" \/>\n<meta property=\"article:published_time\" content=\"2024-02-15T22:40:49+00:00\" \/>\n<meta property=\"article:modified_time\" content=\"2024-02-15T22:40:53+00:00\" \/>\n<meta property=\"og:image\" content=\"https:\/\/quehacerpolitico.mx\/wp-content\/uploads\/2024\/02\/IMG_3689.jpeg\" \/>\n\t<meta property=\"og:image:width\" content=\"1280\" \/>\n\t<meta property=\"og:image:height\" content=\"853\" \/>\n\t<meta property=\"og:image:type\" content=\"image\/jpeg\" \/>\n<meta name=\"author\" content=\"Redacci\u00f3n QP\" \/>\n<meta name=\"twitter:card\" content=\"summary_large_image\" \/>\n<meta name=\"twitter:label1\" content=\"Escrito por\" \/>\n\t<meta name=\"twitter:data1\" content=\"Redacci\u00f3n QP\" \/>\n\t<meta name=\"twitter:label2\" content=\"Tiempo de lectura\" \/>\n\t<meta name=\"twitter:data2\" content=\"1 minuto\" \/>\n<script type=\"application\/ld+json\" class=\"yoast-schema-graph\">{\"@context\":\"https:\\\/\\\/schema.org\",\"@graph\":[{\"@type\":\"Article\",\"@id\":\"https:\\\/\\\/quehacerpolitico.mx\\\/?p=108168#article\",\"isPartOf\":{\"@id\":\"https:\\\/\\\/quehacerpolitico.mx\\\/?p=108168\"},\"author\":{\"name\":\"Redacci\u00f3n QP\",\"@id\":\"https:\\\/\\\/quehacerpolitico.mx\\\/#\\\/schema\\\/person\\\/496d8ad2d1d3f8036101dca7ee39e585\"},\"headline\":\"Se registra Clara Brugada ante el Instituto Electoral de la Ciudad de M\u00e9xico (iecm) como candidata para la jefatura de Gobierno de CDMX por la coalici\u00f3n Sigamos Haciendo Historia (Morena-PVEM-PT)\",\"datePublished\":\"2024-02-15T22:40:49+00:00\",\"dateModified\":\"2024-02-15T22:40:53+00:00\",\"mainEntityOfPage\":{\"@id\":\"https:\\\/\\\/quehacerpolitico.mx\\\/?p=108168\"},\"wordCount\":231,\"commentCount\":0,\"image\":{\"@id\":\"https:\\\/\\\/quehacerpolitico.mx\\\/?p=108168#primaryimage\"},\"thumbnailUrl\":\"https:\\\/\\\/quehacerpolitico.mx\\\/wp-content\\\/uploads\\\/2024\\\/02\\\/IMG_3689.jpeg\",\"articleSection\":[\"CDMX\"],\"inLanguage\":\"es\",\"potentialAction\":[{\"@type\":\"CommentAction\",\"name\":\"Comment\",\"target\":[\"https:\\\/\\\/quehacerpolitico.mx\\\/?p=108168#respond\"]}]},{\"@type\":\"WebPage\",\"@id\":\"https:\\\/\\\/quehacerpolitico.mx\\\/?p=108168\",\"url\":\"https:\\\/\\\/quehacerpolitico.mx\\\/?p=108168\",\"name\":\"Se registra Clara Brugada ante el Instituto Electoral de la Ciudad de M\u00e9xico (iecm) como candidata para la jefatura de Gobierno de CDMX por la coalici\u00f3n Sigamos Haciendo Historia (Morena-PVEM-PT) -\",\"isPartOf\":{\"@id\":\"https:\\\/\\\/quehacerpolitico.mx\\\/#website\"},\"primaryImageOfPage\":{\"@id\":\"https:\\\/\\\/quehacerpolitico.mx\\\/?p=108168#primaryimage\"},\"image\":{\"@id\":\"https:\\\/\\\/quehacerpolitico.mx\\\/?p=108168#primaryimage\"},\"thumbnailUrl\":\"https:\\\/\\\/quehacerpolitico.mx\\\/wp-content\\\/uploads\\\/2024\\\/02\\\/IMG_3689.jpeg\",\"datePublished\":\"2024-02-15T22:40:49+00:00\",\"dateModified\":\"2024-02-15T22:40:53+00:00\",\"author\":{\"@id\":\"https:\\\/\\\/quehacerpolitico.mx\\\/#\\\/schema\\\/person\\\/496d8ad2d1d3f8036101dca7ee39e585\"},\"breadcrumb\":{\"@id\":\"https:\\\/\\\/quehacerpolitico.mx\\\/?p=108168#breadcrumb\"},\"inLanguage\":\"es\",\"potentialAction\":[{\"@type\":\"ReadAction\",\"target\":[\"https:\\\/\\\/quehacerpolitico.mx\\\/?p=108168\"]}]},{\"@type\":\"ImageObject\",\"inLanguage\":\"es\",\"@id\":\"https:\\\/\\\/quehacerpolitico.mx\\\/?p=108168#primaryimage\",\"url\":\"https:\\\/\\\/quehacerpolitico.mx\\\/wp-content\\\/uploads\\\/2024\\\/02\\\/IMG_3689.jpeg\",\"contentUrl\":\"https:\\\/\\\/quehacerpolitico.mx\\\/wp-content\\\/uploads\\\/2024\\\/02\\\/IMG_3689.jpeg\",\"width\":1280,\"height\":853},{\"@type\":\"BreadcrumbList\",\"@id\":\"https:\\\/\\\/quehacerpolitico.mx\\\/?p=108168#breadcrumb\",\"itemListElement\":[{\"@type\":\"ListItem\",\"position\":1,\"name\":\"Inicio\",\"item\":\"https:\\\/\\\/quehacerpolitico.mx\\\/\"},{\"@type\":\"ListItem\",\"position\":2,\"name\":\"Se registra Clara Brugada ante el Instituto Electoral de la Ciudad de M\u00e9xico (iecm) como candidata para la jefatura de Gobierno de CDMX por la coalici\u00f3n Sigamos Haciendo Historia (Morena-PVEM-PT)\"}]},{\"@type\":\"WebSite\",\"@id\":\"https:\\\/\\\/quehacerpolitico.mx\\\/#website\",\"url\":\"https:\\\/\\\/quehacerpolitico.mx\\\/\",\"name\":\"\",\"description\":\"\",\"potentialAction\":[{\"@type\":\"SearchAction\",\"target\":{\"@type\":\"EntryPoint\",\"urlTemplate\":\"https:\\\/\\\/quehacerpolitico.mx\\\/?s={search_term_string}\"},\"query-input\":{\"@type\":\"PropertyValueSpecification\",\"valueRequired\":true,\"valueName\":\"search_term_string\"}}],\"inLanguage\":\"es\"},{\"@type\":\"Person\",\"@id\":\"https:\\\/\\\/quehacerpolitico.mx\\\/#\\\/schema\\\/person\\\/496d8ad2d1d3f8036101dca7ee39e585\",\"name\":\"Redacci\u00f3n QP\",\"image\":{\"@type\":\"ImageObject\",\"inLanguage\":\"es\",\"@id\":\"https:\\\/\\\/secure.gravatar.com\\\/avatar\\\/c7164ed6fdec453195284ad24a5ae5b6e1eed2b848477fa2a4787ba9adf39a41?s=96&d=mm&r=g\",\"url\":\"https:\\\/\\\/secure.gravatar.com\\\/avatar\\\/c7164ed6fdec453195284ad24a5ae5b6e1eed2b848477fa2a4787ba9adf39a41?s=96&d=mm&r=g\",\"contentUrl\":\"https:\\\/\\\/secure.gravatar.com\\\/avatar\\\/c7164ed6fdec453195284ad24a5ae5b6e1eed2b848477fa2a4787ba9adf39a41?s=96&d=mm&r=g\",\"caption\":\"Redacci\u00f3n QP\"},\"url\":\"https:\\\/\\\/quehacerpolitico.mx\\\/?author=2\"}]}<\/script>\n<!-- \/ Yoast SEO plugin. -->","yoast_head_json":{"title":"Se registra Clara Brugada ante el Instituto Electoral de la Ciudad de M\u00e9xico (iecm) como candidata para la jefatura de Gobierno de CDMX por la coalici\u00f3n Sigamos Haciendo Historia (Morena-PVEM-PT) -","robots":{"index":"index","follow":"follow","max-snippet":"max-snippet:-1","max-image-preview":"max-image-preview:large","max-video-preview":"max-video-preview:-1"},"canonical":"https:\/\/quehacerpolitico.mx\/?p=108168","og_locale":"es_MX","og_type":"article","og_title":"Se registra Clara Brugada ante el Instituto Electoral de la Ciudad de M\u00e9xico (iecm) como candidata para la jefatura de Gobierno de CDMX por la coalici\u00f3n Sigamos Haciendo Historia (Morena-PVEM-PT) -","og_description":"Por Redacci\u00f3n QP La aspirante a la Jefatura de Gobierno de la Ciudad de M\u00e9xico,&nbsp;Clara&nbsp;Brugada,...","og_url":"https:\/\/quehacerpolitico.mx\/?p=108168","article_published_time":"2024-02-15T22:40:49+00:00","article_modified_time":"2024-02-15T22:40:53+00:00","og_image":[{"width":1280,"height":853,"url":"https:\/\/quehacerpolitico.mx\/wp-content\/uploads\/2024\/02\/IMG_3689.jpeg","type":"image\/jpeg"}],"author":"Redacci\u00f3n QP","twitter_card":"summary_large_image","twitter_misc":{"Escrito por":"Redacci\u00f3n QP","Tiempo de lectura":"1 minuto"},"schema":{"@context":"https:\/\/schema.org","@graph":[{"@type":"Article","@id":"https:\/\/quehacerpolitico.mx\/?p=108168#article","isPartOf":{"@id":"https:\/\/quehacerpolitico.mx\/?p=108168"},"author":{"name":"Redacci\u00f3n QP","@id":"https:\/\/quehacerpolitico.mx\/#\/schema\/person\/496d8ad2d1d3f8036101dca7ee39e585"},"headline":"Se registra Clara Brugada ante el Instituto Electoral de la Ciudad de M\u00e9xico (iecm) como candidata para la jefatura de Gobierno de CDMX por la coalici\u00f3n Sigamos Haciendo Historia (Morena-PVEM-PT)","datePublished":"2024-02-15T22:40:49+00:00","dateModified":"2024-02-15T22:40:53+00:00","mainEntityOfPage":{"@id":"https:\/\/quehacerpolitico.mx\/?p=108168"},"wordCount":231,"commentCount":0,"image":{"@id":"https:\/\/quehacerpolitico.mx\/?p=108168#primaryimage"},"thumbnailUrl":"https:\/\/quehacerpolitico.mx\/wp-content\/uploads\/2024\/02\/IMG_3689.jpeg","articleSection":["CDMX"],"inLanguage":"es","potentialAction":[{"@type":"CommentAction","name":"Comment","target":["https:\/\/quehacerpolitico.mx\/?p=108168#respond"]}]},{"@type":"WebPage","@id":"https:\/\/quehacerpolitico.mx\/?p=108168","url":"https:\/\/quehacerpolitico.mx\/?p=108168","name":"Se registra Clara Brugada ante el Instituto Electoral de la Ciudad de M\u00e9xico (iecm) como candidata para la jefatura de Gobierno de CDMX por la coalici\u00f3n Sigamos Haciendo Historia (Morena-PVEM-PT) -","isPartOf":{"@id":"https:\/\/quehacerpolitico.mx\/#website"},"primaryImageOfPage":{"@id":"https:\/\/quehacerpolitico.mx\/?p=108168#primaryimage"},"image":{"@id":"https:\/\/quehacerpolitico.mx\/?p=108168#primaryimage"},"thumbnailUrl":"https:\/\/quehacerpolitico.mx\/wp-content\/uploads\/2024\/02\/IMG_3689.jpeg","datePublished":"2024-02-15T22:40:49+00:00","dateModified":"2024-02-15T22:40:53+00:00","author":{"@id":"https:\/\/quehacerpolitico.mx\/#\/schema\/person\/496d8ad2d1d3f8036101dca7ee39e585"},"breadcrumb":{"@id":"https:\/\/quehacerpolitico.mx\/?p=108168#breadcrumb"},"inLanguage":"es","potentialAction":[{"@type":"ReadAction","target":["https:\/\/quehacerpolitico.mx\/?p=108168"]}]},{"@type":"ImageObject","inLanguage":"es","@id":"https:\/\/quehacerpolitico.mx\/?p=108168#primaryimage","url":"https:\/\/quehacerpolitico.mx\/wp-content\/uploads\/2024\/02\/IMG_3689.jpeg","contentUrl":"https:\/\/quehacerpolitico.mx\/wp-content\/uploads\/2024\/02\/IMG_3689.jpeg","width":1280,"height":853},{"@type":"BreadcrumbList","@id":"https:\/\/quehacerpolitico.mx\/?p=108168#breadcrumb","itemListElement":[{"@type":"ListItem","position":1,"name":"Inicio","item":"https:\/\/quehacerpolitico.mx\/"},{"@type":"ListItem","position":2,"name":"Se registra Clara Brugada ante el Instituto Electoral de la Ciudad de M\u00e9xico (iecm) como candidata para la jefatura de Gobierno de CDMX por la coalici\u00f3n Sigamos Haciendo Historia (Morena-PVEM-PT)"}]},{"@type":"WebSite","@id":"https:\/\/quehacerpolitico.mx\/#website","url":"https:\/\/quehacerpolitico.mx\/","name":"","description":"","potentialAction":[{"@type":"SearchAction","target":{"@type":"EntryPoint","urlTemplate":"https:\/\/quehacerpolitico.mx\/?s={search_term_string}"},"query-input":{"@type":"PropertyValueSpecification","valueRequired":true,"valueName":"search_term_string"}}],"inLanguage":"es"},{"@type":"Person","@id":"https:\/\/quehacerpolitico.mx\/#\/schema\/person\/496d8ad2d1d3f8036101dca7ee39e585","name":"Redacci\u00f3n QP","image":{"@type":"ImageObject","inLanguage":"es","@id":"https:\/\/secure.gravatar.com\/avatar\/c7164ed6fdec453195284ad24a5ae5b6e1eed2b848477fa2a4787ba9adf39a41?s=96&d=mm&r=g","url":"https:\/\/secure.gravatar.com\/avatar\/c7164ed6fdec453195284ad24a5ae5b6e1eed2b848477fa2a4787ba9adf39a41?s=96&d=mm&r=g","contentUrl":"https:\/\/secure.gravatar.com\/avatar\/c7164ed6fdec453195284ad24a5ae5b6e1eed2b848477fa2a4787ba9adf39a41?s=96&d=mm&r=g","caption":"Redacci\u00f3n QP"},"url":"https:\/\/quehacerpolitico.mx\/?author=2"}]}},"featured_image_urls":{"full":["https:\/\/quehacerpolitico.mx\/wp-content\/uploads\/2024\/02\/IMG_3689.jpeg",1280,853,false],"thumbnail":["https:\/\/quehacerpolitico.mx\/wp-content\/uploads\/2024\/02\/IMG_3689-150x150.jpeg",150,150,true],"medium":["https:\/\/quehacerpolitico.mx\/wp-content\/uploads\/2024\/02\/IMG_3689-300x200.jpeg",300,200,true],"medium_large":["https:\/\/quehacerpolitico.mx\/wp-content\/uploads\/2024\/02\/IMG_3689-768x512.jpeg",640,427,true],"large":["https:\/\/quehacerpolitico.mx\/wp-content\/uploads\/2024\/02\/IMG_3689-1024x682.jpeg",640,426,true],"1536x1536":["https:\/\/quehacerpolitico.mx\/wp-content\/uploads\/2024\/02\/IMG_3689.jpeg",1280,853,false],"2048x2048":["https:\/\/quehacerpolitico.mx\/wp-content\/uploads\/2024\/02\/IMG_3689.jpeg",1280,853,false],"covernews-featured":["https:\/\/quehacerpolitico.mx\/wp-content\/uploads\/2024\/02\/IMG_3689.jpeg",1024,682,false],"covernews-medium":["https:\/\/quehacerpolitico.mx\/wp-content\/uploads\/2024\/02\/IMG_3689.jpeg",510,340,false]},"author_info":{"display_name":"Redacci\u00f3n QP","author_link":"https:\/\/quehacerpolitico.mx\/?author=2"},"category_info":"<a href=\"https:\/\/quehacerpolitico.mx\/?cat=55\" rel=\"category\">CDMX<\/a>","tag_info":"CDMX","comment_count":"0","_links":{"self":[{"href":"https:\/\/quehacerpolitico.mx\/index.php?rest_route=\/wp\/v2\/posts\/108168","targetHints":{"allow":["GET"]}}],"collection":[{"href":"https:\/\/quehacerpolitico.mx\/index.php?rest_route=\/wp\/v2\/posts"}],"about":[{"href":"https:\/\/quehacerpolitico.mx\/index.php?rest_route=\/wp\/v2\/types\/post"}],"author":[{"embeddable":true,"href":"https:\/\/quehacerpolitico.mx\/index.php?rest_route=\/wp\/v2\/users\/2"}],"replies":[{"embeddable":true,"href":"https:\/\/quehacerpolitico.mx\/index.php?rest_route=%2Fwp%2Fv2%2Fcomments&post=108168"}],"version-history":[{"count":1,"href":"https:\/\/quehacerpolitico.mx\/index.php?rest_route=\/wp\/v2\/posts\/108168\/revisions"}],"predecessor-version":[{"id":108170,"href":"https:\/\/quehacerpolitico.mx\/index.php?rest_route=\/wp\/v2\/posts\/108168\/revisions\/108170"}],"wp:featuredmedia":[{"embeddable":true,"href":"https:\/\/quehacerpolitico.mx\/index.php?rest_route=\/wp\/v2\/media\/108169"}],"wp:attachment":[{"href":"https:\/\/quehacerpolitico.mx\/index.php?rest_route=%2Fwp%2Fv2%2Fmedia&parent=108168"}],"wp:term":[{"taxonomy":"category","embeddable":true,"href":"https:\/\/quehacerpolitico.mx\/index.php?rest_route=%2Fwp%2Fv2%2Fcategories&post=108168"},{"taxonomy":"post_tag","embeddable":true,"href":"https:\/\/quehacerpolitico.mx\/index.php?rest_route=%2Fwp%2Fv2%2Ftags&post=108168"}],"curies":[{"name":"wp","href":"https:\/\/api.w.org\/{rel}","templated":true}]}}