{"id":10814,"date":"2018-12-03T16:21:58","date_gmt":"2018-12-03T16:21:58","guid":{"rendered":"http:\/\/quehacerpolitico.mx\/el-pais-mas-de-600-jueces-y-magistrados-se-amparan-en-contra-del-recorte-de-sueldos\/"},"modified":"2018-12-03T16:21:58","modified_gmt":"2018-12-03T16:21:58","slug":"el-pais-mas-de-600-jueces-y-magistrados-se-amparan-en-contra-del-recorte-de-sueldos","status":"publish","type":"post","link":"https:\/\/quehacerpolitico.mx\/?p=10814","title":{"rendered":"El Pa\u00eds: M\u00e1s de 600 jueces y magistrados se amparan en contra del recorte de sueldos"},"content":{"rendered":"<h1><em>El Pa\u00eds<\/em>: M\u00e1s de 600 jueces y magistrados se amparan en contra del recorte de sueldos<\/h1>\n<p>Por Redacci\u00f3n QP<\/p>\n<p>M\u00e1s de<strong> 2 mil empleados de la judicatura<\/strong>, entre ellos <strong>600 magistrados<\/strong>, han promovido juicios de amparo en contra de la reforma a los <strong>art\u00edculos 75 y 127 de la Constituci\u00f3n<\/strong> impulsada por el Presidente <strong>Andr\u00e9s Manuel L\u00f3pez Obrador<\/strong> que propone que ninguna persona dentro de la administraci\u00f3n p\u00fablica gane m\u00e1s que el jefe del Ejecutivo.<\/p>\n<p>De acuerdo con el diario<strong><em> El Pa\u00eds<\/em><\/strong>, los funcionarios han impugnado las normas generales pues las consideran violatorias a los derechos humanos, adem\u00e1s, afirman, la reforma es contraria al orden constitucional.<\/p>\n<blockquote>\n<p>\u201cEl Poder Judicial goza de autonom\u00eda para disponer de sus recursos, por lo cual no tiene obligaci\u00f3n de someter al escrutinio del Poder Legislativo las remuneraciones que asigne a jueces y magistrados federales\u201d, afirma una demanda, de la que <em>El Pa\u00eds<\/em> tiene una copia y que difunde en un reportaje que titula \u201cEl poder judicial, en pie de guerra ante L\u00f3pez Obrador\u201d y firma Luis Pablo Beauregard.<\/p>\n<p>Como parte de las medidas de austeridad anunciadas por el nuevo Gobierno, el Presidente L\u00f3pez Obrador <strong>recort\u00f3 en un 40 por ciento su sueldo<\/strong> y lo fij\u00f3 en <strong>108 mil pesos mensuales<\/strong> para que ning\u00fan servidos p\u00fablico pudiera ganar m\u00e1s que \u00e9l.<\/p>\n<p>Al conocer la medida, diversos magistrados de todo el pa\u00eds expresaron su inconformidad e iniciaron procesos legales para que su sueldo no viera afectado a partir del 1 de enero, fecha en la que entra en vigor el presupuesto 2019.<\/p>\n<p>La magistrada Sonia Rojas, de Sinaloa, fue una de las primeras personas en promover un amparo. Su demanda fue aceptada en un tribunal.<\/p>\n<p>Seg\u00fan <em>El Pa\u00eds<\/em>, hasta el pasado viernes 30 de noviembre se hab\u00edan promovido 440 juicios que incluyen a 2 mil 94 quejosos, entre ellos 291 jueces y 323 magistrados de circuito. Se estima que la cifra aumentar\u00e1 entre los mil 429 puestos m\u00e1s altos de la judicatura: ministros de la Suprema Corte, magistrados y jueces de distrito, consejeros de la judicatura y magistrados electorales.<\/p>\n<p>Los demandantes piden a los jueces de distrito que se declaren impedidos y pidieron a los Tribunales Colegiados que soliciten a la Suprema Corte de Justicia de la Naci\u00f3n (SCJN) atraer el caso para ponderar la constitucionalidad de la reforma.<\/p>\n<\/blockquote>\n","protected":false},"excerpt":{"rendered":"<p>El Pa\u00eds: M\u00e1s de 600 jueces y magistrados se amparan en contra del recorte de sueldos<br \/>\nPor Redacci\u00f3n QP<\/p>\n","protected":false},"author":2,"featured_media":10813,"comment_status":"open","ping_status":"open","sticky":false,"template":"","format":"standard","meta":{"_monsterinsights_skip_tracking":false,"_monsterinsights_sitenote_active":false,"_monsterinsights_sitenote_note":"","_monsterinsights_sitenote_category":0,"footnotes":""},"categories":[2],"tags":[],"class_list":["post-10814","post","type-post","status-publish","format-standard","has-post-thumbnail","hentry","category-noticias"],"yoast_head":"<!-- This site is optimized with the Yoast SEO plugin v27.3 - https:\/\/yoast.com\/product\/yoast-seo-wordpress\/ -->\n<title>El Pa\u00eds: M\u00e1s de 600 jueces y magistrados se amparan en contra del recorte de sueldos -<\/title>\n<meta name=\"robots\" content=\"index, follow, max-snippet:-1, max-image-preview:large, max-video-preview:-1\" \/>\n<link rel=\"canonical\" href=\"https:\/\/quehacerpolitico.mx\/?p=10814\" \/>\n<meta property=\"og:locale\" content=\"es_MX\" \/>\n<meta property=\"og:type\" content=\"article\" \/>\n<meta property=\"og:title\" content=\"El Pa\u00eds: M\u00e1s de 600 jueces y magistrados se amparan en contra del recorte de sueldos -\" \/>\n<meta property=\"og:description\" content=\"El Pa\u00eds: M\u00e1s de 600 jueces y magistrados se amparan en contra del recorte de sueldos Por Redacci\u00f3n QP\" \/>\n<meta property=\"og:url\" content=\"https:\/\/quehacerpolitico.mx\/?p=10814\" \/>\n<meta property=\"article:published_time\" content=\"2018-12-03T16:21:58+00:00\" \/>\n<meta name=\"author\" content=\"Redacci\u00f3n QP\" \/>\n<meta name=\"twitter:card\" content=\"summary_large_image\" \/>\n<meta name=\"twitter:label1\" content=\"Escrito por\" \/>\n\t<meta name=\"twitter:data1\" content=\"Redacci\u00f3n QP\" \/>\n\t<meta name=\"twitter:label2\" content=\"Tiempo de lectura\" \/>\n\t<meta name=\"twitter:data2\" content=\"2 minutos\" \/>\n<script type=\"application\/ld+json\" class=\"yoast-schema-graph\">{\"@context\":\"https:\\\/\\\/schema.org\",\"@graph\":[{\"@type\":\"Article\",\"@id\":\"https:\\\/\\\/quehacerpolitico.mx\\\/?p=10814#article\",\"isPartOf\":{\"@id\":\"https:\\\/\\\/quehacerpolitico.mx\\\/?p=10814\"},\"author\":{\"name\":\"Redacci\u00f3n QP\",\"@id\":\"https:\\\/\\\/quehacerpolitico.mx\\\/#\\\/schema\\\/person\\\/496d8ad2d1d3f8036101dca7ee39e585\"},\"headline\":\"El Pa\u00eds: M\u00e1s de 600 jueces y magistrados se amparan en contra del recorte de sueldos\",\"datePublished\":\"2018-12-03T16:21:58+00:00\",\"mainEntityOfPage\":{\"@id\":\"https:\\\/\\\/quehacerpolitico.mx\\\/?p=10814\"},\"wordCount\":410,\"commentCount\":0,\"image\":{\"@id\":\"https:\\\/\\\/quehacerpolitico.mx\\\/?p=10814#primaryimage\"},\"thumbnailUrl\":\"\",\"articleSection\":[\"Noticias\"],\"inLanguage\":\"es\",\"potentialAction\":[{\"@type\":\"CommentAction\",\"name\":\"Comment\",\"target\":[\"https:\\\/\\\/quehacerpolitico.mx\\\/?p=10814#respond\"]}]},{\"@type\":\"WebPage\",\"@id\":\"https:\\\/\\\/quehacerpolitico.mx\\\/?p=10814\",\"url\":\"https:\\\/\\\/quehacerpolitico.mx\\\/?p=10814\",\"name\":\"El Pa\u00eds: M\u00e1s de 600 jueces y magistrados se amparan en contra del recorte de sueldos -\",\"isPartOf\":{\"@id\":\"https:\\\/\\\/quehacerpolitico.mx\\\/#website\"},\"primaryImageOfPage\":{\"@id\":\"https:\\\/\\\/quehacerpolitico.mx\\\/?p=10814#primaryimage\"},\"image\":{\"@id\":\"https:\\\/\\\/quehacerpolitico.mx\\\/?p=10814#primaryimage\"},\"thumbnailUrl\":\"\",\"datePublished\":\"2018-12-03T16:21:58+00:00\",\"author\":{\"@id\":\"https:\\\/\\\/quehacerpolitico.mx\\\/#\\\/schema\\\/person\\\/496d8ad2d1d3f8036101dca7ee39e585\"},\"breadcrumb\":{\"@id\":\"https:\\\/\\\/quehacerpolitico.mx\\\/?p=10814#breadcrumb\"},\"inLanguage\":\"es\",\"potentialAction\":[{\"@type\":\"ReadAction\",\"target\":[\"https:\\\/\\\/quehacerpolitico.mx\\\/?p=10814\"]}]},{\"@type\":\"ImageObject\",\"inLanguage\":\"es\",\"@id\":\"https:\\\/\\\/quehacerpolitico.mx\\\/?p=10814#primaryimage\",\"url\":\"\",\"contentUrl\":\"\"},{\"@type\":\"BreadcrumbList\",\"@id\":\"https:\\\/\\\/quehacerpolitico.mx\\\/?p=10814#breadcrumb\",\"itemListElement\":[{\"@type\":\"ListItem\",\"position\":1,\"name\":\"Inicio\",\"item\":\"https:\\\/\\\/quehacerpolitico.mx\\\/\"},{\"@type\":\"ListItem\",\"position\":2,\"name\":\"El Pa\u00eds: M\u00e1s de 600 jueces y magistrados se amparan en contra del recorte de sueldos\"}]},{\"@type\":\"WebSite\",\"@id\":\"https:\\\/\\\/quehacerpolitico.mx\\\/#website\",\"url\":\"https:\\\/\\\/quehacerpolitico.mx\\\/\",\"name\":\"\",\"description\":\"\",\"potentialAction\":[{\"@type\":\"SearchAction\",\"target\":{\"@type\":\"EntryPoint\",\"urlTemplate\":\"https:\\\/\\\/quehacerpolitico.mx\\\/?s={search_term_string}\"},\"query-input\":{\"@type\":\"PropertyValueSpecification\",\"valueRequired\":true,\"valueName\":\"search_term_string\"}}],\"inLanguage\":\"es\"},{\"@type\":\"Person\",\"@id\":\"https:\\\/\\\/quehacerpolitico.mx\\\/#\\\/schema\\\/person\\\/496d8ad2d1d3f8036101dca7ee39e585\",\"name\":\"Redacci\u00f3n QP\",\"image\":{\"@type\":\"ImageObject\",\"inLanguage\":\"es\",\"@id\":\"https:\\\/\\\/secure.gravatar.com\\\/avatar\\\/c7164ed6fdec453195284ad24a5ae5b6e1eed2b848477fa2a4787ba9adf39a41?s=96&d=mm&r=g\",\"url\":\"https:\\\/\\\/secure.gravatar.com\\\/avatar\\\/c7164ed6fdec453195284ad24a5ae5b6e1eed2b848477fa2a4787ba9adf39a41?s=96&d=mm&r=g\",\"contentUrl\":\"https:\\\/\\\/secure.gravatar.com\\\/avatar\\\/c7164ed6fdec453195284ad24a5ae5b6e1eed2b848477fa2a4787ba9adf39a41?s=96&d=mm&r=g\",\"caption\":\"Redacci\u00f3n QP\"},\"url\":\"https:\\\/\\\/quehacerpolitico.mx\\\/?author=2\"}]}<\/script>\n<!-- \/ Yoast SEO plugin. -->","yoast_head_json":{"title":"El Pa\u00eds: M\u00e1s de 600 jueces y magistrados se amparan en contra del recorte de sueldos -","robots":{"index":"index","follow":"follow","max-snippet":"max-snippet:-1","max-image-preview":"max-image-preview:large","max-video-preview":"max-video-preview:-1"},"canonical":"https:\/\/quehacerpolitico.mx\/?p=10814","og_locale":"es_MX","og_type":"article","og_title":"El Pa\u00eds: M\u00e1s de 600 jueces y magistrados se amparan en contra del recorte de sueldos -","og_description":"El Pa\u00eds: M\u00e1s de 600 jueces y magistrados se amparan en contra del recorte de sueldos Por Redacci\u00f3n QP","og_url":"https:\/\/quehacerpolitico.mx\/?p=10814","article_published_time":"2018-12-03T16:21:58+00:00","author":"Redacci\u00f3n QP","twitter_card":"summary_large_image","twitter_misc":{"Escrito por":"Redacci\u00f3n QP","Tiempo de lectura":"2 minutos"},"schema":{"@context":"https:\/\/schema.org","@graph":[{"@type":"Article","@id":"https:\/\/quehacerpolitico.mx\/?p=10814#article","isPartOf":{"@id":"https:\/\/quehacerpolitico.mx\/?p=10814"},"author":{"name":"Redacci\u00f3n QP","@id":"https:\/\/quehacerpolitico.mx\/#\/schema\/person\/496d8ad2d1d3f8036101dca7ee39e585"},"headline":"El Pa\u00eds: M\u00e1s de 600 jueces y magistrados se amparan en contra del recorte de sueldos","datePublished":"2018-12-03T16:21:58+00:00","mainEntityOfPage":{"@id":"https:\/\/quehacerpolitico.mx\/?p=10814"},"wordCount":410,"commentCount":0,"image":{"@id":"https:\/\/quehacerpolitico.mx\/?p=10814#primaryimage"},"thumbnailUrl":"","articleSection":["Noticias"],"inLanguage":"es","potentialAction":[{"@type":"CommentAction","name":"Comment","target":["https:\/\/quehacerpolitico.mx\/?p=10814#respond"]}]},{"@type":"WebPage","@id":"https:\/\/quehacerpolitico.mx\/?p=10814","url":"https:\/\/quehacerpolitico.mx\/?p=10814","name":"El Pa\u00eds: M\u00e1s de 600 jueces y magistrados se amparan en contra del recorte de sueldos -","isPartOf":{"@id":"https:\/\/quehacerpolitico.mx\/#website"},"primaryImageOfPage":{"@id":"https:\/\/quehacerpolitico.mx\/?p=10814#primaryimage"},"image":{"@id":"https:\/\/quehacerpolitico.mx\/?p=10814#primaryimage"},"thumbnailUrl":"","datePublished":"2018-12-03T16:21:58+00:00","author":{"@id":"https:\/\/quehacerpolitico.mx\/#\/schema\/person\/496d8ad2d1d3f8036101dca7ee39e585"},"breadcrumb":{"@id":"https:\/\/quehacerpolitico.mx\/?p=10814#breadcrumb"},"inLanguage":"es","potentialAction":[{"@type":"ReadAction","target":["https:\/\/quehacerpolitico.mx\/?p=10814"]}]},{"@type":"ImageObject","inLanguage":"es","@id":"https:\/\/quehacerpolitico.mx\/?p=10814#primaryimage","url":"","contentUrl":""},{"@type":"BreadcrumbList","@id":"https:\/\/quehacerpolitico.mx\/?p=10814#breadcrumb","itemListElement":[{"@type":"ListItem","position":1,"name":"Inicio","item":"https:\/\/quehacerpolitico.mx\/"},{"@type":"ListItem","position":2,"name":"El Pa\u00eds: M\u00e1s de 600 jueces y magistrados se amparan en contra del recorte de sueldos"}]},{"@type":"WebSite","@id":"https:\/\/quehacerpolitico.mx\/#website","url":"https:\/\/quehacerpolitico.mx\/","name":"","description":"","potentialAction":[{"@type":"SearchAction","target":{"@type":"EntryPoint","urlTemplate":"https:\/\/quehacerpolitico.mx\/?s={search_term_string}"},"query-input":{"@type":"PropertyValueSpecification","valueRequired":true,"valueName":"search_term_string"}}],"inLanguage":"es"},{"@type":"Person","@id":"https:\/\/quehacerpolitico.mx\/#\/schema\/person\/496d8ad2d1d3f8036101dca7ee39e585","name":"Redacci\u00f3n QP","image":{"@type":"ImageObject","inLanguage":"es","@id":"https:\/\/secure.gravatar.com\/avatar\/c7164ed6fdec453195284ad24a5ae5b6e1eed2b848477fa2a4787ba9adf39a41?s=96&d=mm&r=g","url":"https:\/\/secure.gravatar.com\/avatar\/c7164ed6fdec453195284ad24a5ae5b6e1eed2b848477fa2a4787ba9adf39a41?s=96&d=mm&r=g","contentUrl":"https:\/\/secure.gravatar.com\/avatar\/c7164ed6fdec453195284ad24a5ae5b6e1eed2b848477fa2a4787ba9adf39a41?s=96&d=mm&r=g","caption":"Redacci\u00f3n QP"},"url":"https:\/\/quehacerpolitico.mx\/?author=2"}]}},"featured_image_urls":{"full":"","thumbnail":"","medium":"","medium_large":"","large":"","1536x1536":"","2048x2048":"","covernews-featured":"","covernews-medium":""},"author_info":{"display_name":"Redacci\u00f3n QP","author_link":"https:\/\/quehacerpolitico.mx\/?author=2"},"category_info":"<a href=\"https:\/\/quehacerpolitico.mx\/?cat=2\" rel=\"category\">Noticias<\/a>","tag_info":"Noticias","comment_count":"0","_links":{"self":[{"href":"https:\/\/quehacerpolitico.mx\/index.php?rest_route=\/wp\/v2\/posts\/10814","targetHints":{"allow":["GET"]}}],"collection":[{"href":"https:\/\/quehacerpolitico.mx\/index.php?rest_route=\/wp\/v2\/posts"}],"about":[{"href":"https:\/\/quehacerpolitico.mx\/index.php?rest_route=\/wp\/v2\/types\/post"}],"author":[{"embeddable":true,"href":"https:\/\/quehacerpolitico.mx\/index.php?rest_route=\/wp\/v2\/users\/2"}],"replies":[{"embeddable":true,"href":"https:\/\/quehacerpolitico.mx\/index.php?rest_route=%2Fwp%2Fv2%2Fcomments&post=10814"}],"version-history":[{"count":0,"href":"https:\/\/quehacerpolitico.mx\/index.php?rest_route=\/wp\/v2\/posts\/10814\/revisions"}],"wp:featuredmedia":[{"embeddable":true,"href":"https:\/\/quehacerpolitico.mx\/index.php?rest_route=\/"}],"wp:attachment":[{"href":"https:\/\/quehacerpolitico.mx\/index.php?rest_route=%2Fwp%2Fv2%2Fmedia&parent=10814"}],"wp:term":[{"taxonomy":"category","embeddable":true,"href":"https:\/\/quehacerpolitico.mx\/index.php?rest_route=%2Fwp%2Fv2%2Fcategories&post=10814"},{"taxonomy":"post_tag","embeddable":true,"href":"https:\/\/quehacerpolitico.mx\/index.php?rest_route=%2Fwp%2Fv2%2Ftags&post=10814"}],"curies":[{"name":"wp","href":"https:\/\/api.w.org\/{rel}","templated":true}]}}