{"id":108118,"date":"2024-02-13T15:10:20","date_gmt":"2024-02-13T15:10:20","guid":{"rendered":"https:\/\/quehacerpolitico.mx\/?p=108118"},"modified":"2024-02-13T15:10:22","modified_gmt":"2024-02-13T15:10:22","slug":"amlo-rechazo-las-declaraciones-del-empresario-carlos-slim-quien-durante-una-conferencia-de-prensa-califico-de-excesiva-la-participacion-del-ejercito-mexicano-en-divers","status":"publish","type":"post","link":"https:\/\/quehacerpolitico.mx\/?p=108118","title":{"rendered":"AMLO rechaz\u00f3 las declaraciones del empresario\u00a0Carlos Slim quien durante una conferencia de prensa calific\u00f3 de \u201cexcesiva\u201d la participaci\u00f3n del\u00a0Ej\u00e9rcito mexicano\u00a0en diversos \u00e1mbitos del\u00a0Gobierno federal"},"content":{"rendered":"\n<p>Por Redacci\u00f3n QP<\/p>\n\n\n\n<p>L\u00f3pez Obrador indic\u00f3 que todos tienen derecho a manifestarse, pero que no comparte los dichos del empresario Carlos Slim<\/p>\n\n\n\n<p>El presidente\u00a0<strong>Andres Manuel L\u00f3pez Obrador<\/strong>\u00a0rechaz\u00f3 las declaraciones del empresario\u00a0<strong>Carlos Slim<\/strong>, quien durante una conferencia de prensa calific\u00f3 de \u201c<strong>excesiva<\/strong>\u201d la participaci\u00f3n del\u00a0<strong>Ej\u00e9rcito mexicano<\/strong>\u00a0en diversos \u00e1mbitos del\u00a0<strong>Gobierno federal<\/strong>, sobre todo en empresas p\u00fablicas.<\/p>\n\n\n\n<p>En la conferencia matutina de Palacio Nacional, L\u00f3pez Obrador indic\u00f3 que todos tienen derecho a manifestarse, pero que no comparte los dichos del empresario mexicano.<\/p>\n\n\n\n<p>Bueno, vivimos en un pa\u00eds afortunadamente libre, donde todos nos manifestamos, nos expresamos,. Respetamos el punto de vista de Carlos Slim, nada m\u00e1s que yo no lo comparto porque a lo mejor se desconoce que el Ej\u00e9rcito tiene cinco misiones\u201d, dijo.<\/p>\n\n\n\n<p>\u201cNo es para contestarle a Carlos, es nada m\u00e1s ponerles un ejemplo a todos: si los ingenieros militares construyen una obra en mil millones y la hacen en un a\u00f1o, una empresa constructora de M\u00e9xico o el extranjero, seria, esa misma obra la hace en dos mil millones de pesos y en dos a\u00f1os, pero como adem\u00e1s son pocas las empresas constructoras serias y lo que prolifer\u00f3 durante el periodo neoliberal fueron empresas contratistas, esa misma obra la cobran en tres, cuatro o cinco mil millones y la terminan en tres, cuatro o cinco a\u00f1os\u201d, manifest\u00f3.<\/p>\n\n\n\n<figure class=\"wp-block-embed is-type-video is-provider-youtube wp-block-embed-youtube wp-embed-aspect-16-9 wp-has-aspect-ratio\"><div class=\"wp-block-embed__wrapper\">\n<iframe loading=\"lazy\" title=\"AMLO le responde a Slim sobre participaci\u00f3n de militares\" width=\"640\" height=\"360\" src=\"https:\/\/www.youtube.com\/embed\/MawjhKpDjio?feature=oembed\" frameborder=\"0\" allow=\"accelerometer; autoplay; clipboard-write; encrypted-media; gyroscope; picture-in-picture; web-share\" referrerpolicy=\"strict-origin-when-cross-origin\" allowfullscreen><\/iframe>\n<\/div><\/figure>\n\n\n\n<p>\u201cSi no hubiese contado con el apoyo de los ingenieros militares, no terminamos el Aeropuerto Felipe \u00c1ngeles, que nos signific\u00f3 un ahorro de 120 mil millones de pesos, si lo hubi\u00e9semos hecho con las empresas constructoras en el Lago de Texcoco, que era una idea genial hacer un aeropuerto en un lago, donde a\u00f1o con a\u00f1o hay hundimientos. \u00bfPor qu\u00e9 se enfrascaron en hacer el aeropuerto en el Lago de Texcoco? Por la corrupci\u00f3n\u201d, se\u00f1al\u00f3.<\/p>\n\n\n\n<p>Entiendo que no les guste que participe el Ej\u00e9rcito, los ingenieros militares, pero nos han ayudado mucho. Les dir\u00eda yo a los ingenieros, a las empresas constructoras, con todo respeto, \u00bfqui\u00e9n hace un aeropuerto de calidad internacional, ya no hablemos del AIFA que lo hicieron en dos a\u00f1os y medios, el de Tulum, que lo hicieron un a\u00f1o y cinco meses? \u00bfQui\u00e9n? Ni nuestros amigos que son tan eficaces y tan trabajadores, nuestro amigos de China, hacen eso\u201d, declar\u00f3.<\/p>\n\n\n\n<p>El mandatario mexicano dijo respetar a Slim, aunque recalc\u00f3 que tienen diferentes puntos de vista en muchos temas.<\/p>\n\n\n\n<p>De todas maneras respeto mucho a Carlos, siempre dialogamos y debatimos no estamos de acuerdo en todo. Yo lo respeto mucho porque es una gente trabajadora que invierte en beneficio de M\u00e9xico, es respetuoso de la investidura presidencial, cosa que no hacen otros, que insultan al presidente, se olvidan que nos es Andr\u00e9s Manuel que es el que representa a los mexicanos y que yo llegu\u00e9 aqu\u00ed\u201d, expuso.<\/p>\n\n\n\n<p>El magnate mexicano Carlos Slim, de 84 a\u00f1os de edad y considerado uno de los hombres m\u00e1s ricos del mundo, asegur\u00f3 en la previa que es excesiva la participaci\u00f3n de militares en el sexenio de L\u00f3pez obrador, sobre todo su papel el la administraci\u00f3n de empresas p\u00fablicas.<\/p>\n\n\n\n<p>\u201cSon excelentes pero creo que es demasiado (\u2026) Hay buenos ingenieros militares y es bueno que muchos militares en lugar de estar en el cuartel est\u00e9n trabajando pero es demasiado\u201d, apunt\u00f3 en conferencia de prensa el lunes.<\/p>\n\n\n\n<p>Que los estemos metiendo en tantas cosas es un exceso\u201d, puntualiz\u00f3 Slim.<\/p>\n\n\n\n<p>El empresario rechaz\u00f3 las acusaciones de favoritismo por parte del gobierno de L\u00f3pez Obrador.<\/p>\n\n\n\n<p>\u201cDe este Gobierno no he recibido beneficio y yo s\u00ed he dado beneficio\u201d, dijo Slim al subrayar que, por ejemplo, apenas ha realizado obra p\u00fablica en el sexenio actual en comparaci\u00f3n a c\u00f3mo particip\u00f3 en el sector en gobiernos anteriores.<\/p>\n\n\n\n<p>Aunque s\u00ed reconoci\u00f3 su buena relaci\u00f3n personal con el actual mandatario, quien dejar\u00e1 la presidencia de M\u00e9xico en octubre de este a\u00f1o al t\u00e9rmino de su sexenio.<\/p>\n\n\n\n<p>\u201cAhora, con el Tren Maya, me re\u00fano m\u00e1s con el presidente. Tres o cuatro horas, (\u2026) pero tenemos nuestras diferencias\u201d, respondi\u00f3 en relaci\u00f3n a ser el empresario que m\u00e1s encuentros ha tenido con el mandatario.<\/p>\n","protected":false},"excerpt":{"rendered":"<p>Por Redacci\u00f3n QP L\u00f3pez Obrador indic\u00f3 que todos tienen derecho a manifestarse, pero que no&#8230;<\/p>\n","protected":false},"author":2,"featured_media":108119,"comment_status":"open","ping_status":"open","sticky":false,"template":"","format":"standard","meta":{"_monsterinsights_skip_tracking":false,"_monsterinsights_sitenote_active":false,"_monsterinsights_sitenote_note":"","_monsterinsights_sitenote_category":0,"footnotes":""},"categories":[2],"tags":[],"class_list":["post-108118","post","type-post","status-publish","format-standard","has-post-thumbnail","hentry","category-noticias"],"yoast_head":"<!-- This site is optimized with the Yoast SEO plugin v27.3 - https:\/\/yoast.com\/product\/yoast-seo-wordpress\/ -->\n<title>AMLO rechaz\u00f3 las declaraciones del empresario\u00a0Carlos Slim quien durante una conferencia de prensa calific\u00f3 de \u201cexcesiva\u201d la participaci\u00f3n del\u00a0Ej\u00e9rcito mexicano\u00a0en diversos \u00e1mbitos del\u00a0Gobierno federal -<\/title>\n<meta name=\"robots\" content=\"index, follow, max-snippet:-1, max-image-preview:large, max-video-preview:-1\" \/>\n<link rel=\"canonical\" href=\"https:\/\/quehacerpolitico.mx\/?p=108118\" \/>\n<meta property=\"og:locale\" content=\"es_MX\" \/>\n<meta property=\"og:type\" content=\"article\" \/>\n<meta property=\"og:title\" content=\"AMLO rechaz\u00f3 las declaraciones del empresario\u00a0Carlos Slim quien durante una conferencia de prensa calific\u00f3 de \u201cexcesiva\u201d la participaci\u00f3n del\u00a0Ej\u00e9rcito mexicano\u00a0en diversos \u00e1mbitos del\u00a0Gobierno federal -\" \/>\n<meta property=\"og:description\" content=\"Por Redacci\u00f3n QP L\u00f3pez Obrador indic\u00f3 que todos tienen derecho a manifestarse, pero que no...\" \/>\n<meta property=\"og:url\" content=\"https:\/\/quehacerpolitico.mx\/?p=108118\" \/>\n<meta property=\"article:published_time\" content=\"2024-02-13T15:10:20+00:00\" \/>\n<meta property=\"article:modified_time\" content=\"2024-02-13T15:10:22+00:00\" \/>\n<meta property=\"og:image\" content=\"https:\/\/quehacerpolitico.mx\/wp-content\/uploads\/2024\/02\/IMG_3640.jpeg\" \/>\n\t<meta property=\"og:image:width\" content=\"715\" \/>\n\t<meta property=\"og:image:height\" content=\"429\" \/>\n\t<meta property=\"og:image:type\" content=\"image\/jpeg\" \/>\n<meta name=\"author\" content=\"Redacci\u00f3n QP\" \/>\n<meta name=\"twitter:card\" content=\"summary_large_image\" \/>\n<meta name=\"twitter:label1\" content=\"Escrito por\" \/>\n\t<meta name=\"twitter:data1\" content=\"Redacci\u00f3n QP\" \/>\n\t<meta name=\"twitter:label2\" content=\"Tiempo de lectura\" \/>\n\t<meta name=\"twitter:data2\" content=\"4 minutos\" \/>\n<script type=\"application\/ld+json\" class=\"yoast-schema-graph\">{\"@context\":\"https:\\\/\\\/schema.org\",\"@graph\":[{\"@type\":\"Article\",\"@id\":\"https:\\\/\\\/quehacerpolitico.mx\\\/?p=108118#article\",\"isPartOf\":{\"@id\":\"https:\\\/\\\/quehacerpolitico.mx\\\/?p=108118\"},\"author\":{\"name\":\"Redacci\u00f3n QP\",\"@id\":\"https:\\\/\\\/quehacerpolitico.mx\\\/#\\\/schema\\\/person\\\/496d8ad2d1d3f8036101dca7ee39e585\"},\"headline\":\"AMLO rechaz\u00f3 las declaraciones del empresario\u00a0Carlos Slim quien durante una conferencia de prensa calific\u00f3 de \u201cexcesiva\u201d la participaci\u00f3n del\u00a0Ej\u00e9rcito mexicano\u00a0en diversos \u00e1mbitos del\u00a0Gobierno federal\",\"datePublished\":\"2024-02-13T15:10:20+00:00\",\"dateModified\":\"2024-02-13T15:10:22+00:00\",\"mainEntityOfPage\":{\"@id\":\"https:\\\/\\\/quehacerpolitico.mx\\\/?p=108118\"},\"wordCount\":757,\"commentCount\":0,\"image\":{\"@id\":\"https:\\\/\\\/quehacerpolitico.mx\\\/?p=108118#primaryimage\"},\"thumbnailUrl\":\"https:\\\/\\\/quehacerpolitico.mx\\\/wp-content\\\/uploads\\\/2024\\\/02\\\/IMG_3640.jpeg\",\"articleSection\":[\"Noticias\"],\"inLanguage\":\"es\",\"potentialAction\":[{\"@type\":\"CommentAction\",\"name\":\"Comment\",\"target\":[\"https:\\\/\\\/quehacerpolitico.mx\\\/?p=108118#respond\"]}]},{\"@type\":\"WebPage\",\"@id\":\"https:\\\/\\\/quehacerpolitico.mx\\\/?p=108118\",\"url\":\"https:\\\/\\\/quehacerpolitico.mx\\\/?p=108118\",\"name\":\"AMLO rechaz\u00f3 las declaraciones del empresario\u00a0Carlos Slim quien durante una conferencia de prensa calific\u00f3 de \u201cexcesiva\u201d la participaci\u00f3n del\u00a0Ej\u00e9rcito mexicano\u00a0en diversos \u00e1mbitos del\u00a0Gobierno federal -\",\"isPartOf\":{\"@id\":\"https:\\\/\\\/quehacerpolitico.mx\\\/#website\"},\"primaryImageOfPage\":{\"@id\":\"https:\\\/\\\/quehacerpolitico.mx\\\/?p=108118#primaryimage\"},\"image\":{\"@id\":\"https:\\\/\\\/quehacerpolitico.mx\\\/?p=108118#primaryimage\"},\"thumbnailUrl\":\"https:\\\/\\\/quehacerpolitico.mx\\\/wp-content\\\/uploads\\\/2024\\\/02\\\/IMG_3640.jpeg\",\"datePublished\":\"2024-02-13T15:10:20+00:00\",\"dateModified\":\"2024-02-13T15:10:22+00:00\",\"author\":{\"@id\":\"https:\\\/\\\/quehacerpolitico.mx\\\/#\\\/schema\\\/person\\\/496d8ad2d1d3f8036101dca7ee39e585\"},\"breadcrumb\":{\"@id\":\"https:\\\/\\\/quehacerpolitico.mx\\\/?p=108118#breadcrumb\"},\"inLanguage\":\"es\",\"potentialAction\":[{\"@type\":\"ReadAction\",\"target\":[\"https:\\\/\\\/quehacerpolitico.mx\\\/?p=108118\"]}]},{\"@type\":\"ImageObject\",\"inLanguage\":\"es\",\"@id\":\"https:\\\/\\\/quehacerpolitico.mx\\\/?p=108118#primaryimage\",\"url\":\"https:\\\/\\\/quehacerpolitico.mx\\\/wp-content\\\/uploads\\\/2024\\\/02\\\/IMG_3640.jpeg\",\"contentUrl\":\"https:\\\/\\\/quehacerpolitico.mx\\\/wp-content\\\/uploads\\\/2024\\\/02\\\/IMG_3640.jpeg\",\"width\":715,\"height\":429},{\"@type\":\"BreadcrumbList\",\"@id\":\"https:\\\/\\\/quehacerpolitico.mx\\\/?p=108118#breadcrumb\",\"itemListElement\":[{\"@type\":\"ListItem\",\"position\":1,\"name\":\"Inicio\",\"item\":\"https:\\\/\\\/quehacerpolitico.mx\\\/\"},{\"@type\":\"ListItem\",\"position\":2,\"name\":\"AMLO rechaz\u00f3 las declaraciones del empresario\u00a0Carlos Slim quien durante una conferencia de prensa calific\u00f3 de \u201cexcesiva\u201d la participaci\u00f3n del\u00a0Ej\u00e9rcito mexicano\u00a0en diversos \u00e1mbitos del\u00a0Gobierno federal\"}]},{\"@type\":\"WebSite\",\"@id\":\"https:\\\/\\\/quehacerpolitico.mx\\\/#website\",\"url\":\"https:\\\/\\\/quehacerpolitico.mx\\\/\",\"name\":\"\",\"description\":\"\",\"potentialAction\":[{\"@type\":\"SearchAction\",\"target\":{\"@type\":\"EntryPoint\",\"urlTemplate\":\"https:\\\/\\\/quehacerpolitico.mx\\\/?s={search_term_string}\"},\"query-input\":{\"@type\":\"PropertyValueSpecification\",\"valueRequired\":true,\"valueName\":\"search_term_string\"}}],\"inLanguage\":\"es\"},{\"@type\":\"Person\",\"@id\":\"https:\\\/\\\/quehacerpolitico.mx\\\/#\\\/schema\\\/person\\\/496d8ad2d1d3f8036101dca7ee39e585\",\"name\":\"Redacci\u00f3n QP\",\"image\":{\"@type\":\"ImageObject\",\"inLanguage\":\"es\",\"@id\":\"https:\\\/\\\/secure.gravatar.com\\\/avatar\\\/c7164ed6fdec453195284ad24a5ae5b6e1eed2b848477fa2a4787ba9adf39a41?s=96&d=mm&r=g\",\"url\":\"https:\\\/\\\/secure.gravatar.com\\\/avatar\\\/c7164ed6fdec453195284ad24a5ae5b6e1eed2b848477fa2a4787ba9adf39a41?s=96&d=mm&r=g\",\"contentUrl\":\"https:\\\/\\\/secure.gravatar.com\\\/avatar\\\/c7164ed6fdec453195284ad24a5ae5b6e1eed2b848477fa2a4787ba9adf39a41?s=96&d=mm&r=g\",\"caption\":\"Redacci\u00f3n QP\"},\"url\":\"https:\\\/\\\/quehacerpolitico.mx\\\/?author=2\"}]}<\/script>\n<!-- \/ Yoast SEO plugin. -->","yoast_head_json":{"title":"AMLO rechaz\u00f3 las declaraciones del empresario\u00a0Carlos Slim quien durante una conferencia de prensa calific\u00f3 de \u201cexcesiva\u201d la participaci\u00f3n del\u00a0Ej\u00e9rcito mexicano\u00a0en diversos \u00e1mbitos del\u00a0Gobierno federal -","robots":{"index":"index","follow":"follow","max-snippet":"max-snippet:-1","max-image-preview":"max-image-preview:large","max-video-preview":"max-video-preview:-1"},"canonical":"https:\/\/quehacerpolitico.mx\/?p=108118","og_locale":"es_MX","og_type":"article","og_title":"AMLO rechaz\u00f3 las declaraciones del empresario\u00a0Carlos Slim quien durante una conferencia de prensa calific\u00f3 de \u201cexcesiva\u201d la participaci\u00f3n del\u00a0Ej\u00e9rcito mexicano\u00a0en diversos \u00e1mbitos del\u00a0Gobierno federal -","og_description":"Por Redacci\u00f3n QP L\u00f3pez Obrador indic\u00f3 que todos tienen derecho a manifestarse, pero que no...","og_url":"https:\/\/quehacerpolitico.mx\/?p=108118","article_published_time":"2024-02-13T15:10:20+00:00","article_modified_time":"2024-02-13T15:10:22+00:00","og_image":[{"width":715,"height":429,"url":"https:\/\/quehacerpolitico.mx\/wp-content\/uploads\/2024\/02\/IMG_3640.jpeg","type":"image\/jpeg"}],"author":"Redacci\u00f3n QP","twitter_card":"summary_large_image","twitter_misc":{"Escrito por":"Redacci\u00f3n QP","Tiempo de lectura":"4 minutos"},"schema":{"@context":"https:\/\/schema.org","@graph":[{"@type":"Article","@id":"https:\/\/quehacerpolitico.mx\/?p=108118#article","isPartOf":{"@id":"https:\/\/quehacerpolitico.mx\/?p=108118"},"author":{"name":"Redacci\u00f3n QP","@id":"https:\/\/quehacerpolitico.mx\/#\/schema\/person\/496d8ad2d1d3f8036101dca7ee39e585"},"headline":"AMLO rechaz\u00f3 las declaraciones del empresario\u00a0Carlos Slim quien durante una conferencia de prensa calific\u00f3 de \u201cexcesiva\u201d la participaci\u00f3n del\u00a0Ej\u00e9rcito mexicano\u00a0en diversos \u00e1mbitos del\u00a0Gobierno federal","datePublished":"2024-02-13T15:10:20+00:00","dateModified":"2024-02-13T15:10:22+00:00","mainEntityOfPage":{"@id":"https:\/\/quehacerpolitico.mx\/?p=108118"},"wordCount":757,"commentCount":0,"image":{"@id":"https:\/\/quehacerpolitico.mx\/?p=108118#primaryimage"},"thumbnailUrl":"https:\/\/quehacerpolitico.mx\/wp-content\/uploads\/2024\/02\/IMG_3640.jpeg","articleSection":["Noticias"],"inLanguage":"es","potentialAction":[{"@type":"CommentAction","name":"Comment","target":["https:\/\/quehacerpolitico.mx\/?p=108118#respond"]}]},{"@type":"WebPage","@id":"https:\/\/quehacerpolitico.mx\/?p=108118","url":"https:\/\/quehacerpolitico.mx\/?p=108118","name":"AMLO rechaz\u00f3 las declaraciones del empresario\u00a0Carlos Slim quien durante una conferencia de prensa calific\u00f3 de \u201cexcesiva\u201d la participaci\u00f3n del\u00a0Ej\u00e9rcito mexicano\u00a0en diversos \u00e1mbitos del\u00a0Gobierno federal -","isPartOf":{"@id":"https:\/\/quehacerpolitico.mx\/#website"},"primaryImageOfPage":{"@id":"https:\/\/quehacerpolitico.mx\/?p=108118#primaryimage"},"image":{"@id":"https:\/\/quehacerpolitico.mx\/?p=108118#primaryimage"},"thumbnailUrl":"https:\/\/quehacerpolitico.mx\/wp-content\/uploads\/2024\/02\/IMG_3640.jpeg","datePublished":"2024-02-13T15:10:20+00:00","dateModified":"2024-02-13T15:10:22+00:00","author":{"@id":"https:\/\/quehacerpolitico.mx\/#\/schema\/person\/496d8ad2d1d3f8036101dca7ee39e585"},"breadcrumb":{"@id":"https:\/\/quehacerpolitico.mx\/?p=108118#breadcrumb"},"inLanguage":"es","potentialAction":[{"@type":"ReadAction","target":["https:\/\/quehacerpolitico.mx\/?p=108118"]}]},{"@type":"ImageObject","inLanguage":"es","@id":"https:\/\/quehacerpolitico.mx\/?p=108118#primaryimage","url":"https:\/\/quehacerpolitico.mx\/wp-content\/uploads\/2024\/02\/IMG_3640.jpeg","contentUrl":"https:\/\/quehacerpolitico.mx\/wp-content\/uploads\/2024\/02\/IMG_3640.jpeg","width":715,"height":429},{"@type":"BreadcrumbList","@id":"https:\/\/quehacerpolitico.mx\/?p=108118#breadcrumb","itemListElement":[{"@type":"ListItem","position":1,"name":"Inicio","item":"https:\/\/quehacerpolitico.mx\/"},{"@type":"ListItem","position":2,"name":"AMLO rechaz\u00f3 las declaraciones del empresario\u00a0Carlos Slim quien durante una conferencia de prensa calific\u00f3 de \u201cexcesiva\u201d la participaci\u00f3n del\u00a0Ej\u00e9rcito mexicano\u00a0en diversos \u00e1mbitos del\u00a0Gobierno federal"}]},{"@type":"WebSite","@id":"https:\/\/quehacerpolitico.mx\/#website","url":"https:\/\/quehacerpolitico.mx\/","name":"","description":"","potentialAction":[{"@type":"SearchAction","target":{"@type":"EntryPoint","urlTemplate":"https:\/\/quehacerpolitico.mx\/?s={search_term_string}"},"query-input":{"@type":"PropertyValueSpecification","valueRequired":true,"valueName":"search_term_string"}}],"inLanguage":"es"},{"@type":"Person","@id":"https:\/\/quehacerpolitico.mx\/#\/schema\/person\/496d8ad2d1d3f8036101dca7ee39e585","name":"Redacci\u00f3n QP","image":{"@type":"ImageObject","inLanguage":"es","@id":"https:\/\/secure.gravatar.com\/avatar\/c7164ed6fdec453195284ad24a5ae5b6e1eed2b848477fa2a4787ba9adf39a41?s=96&d=mm&r=g","url":"https:\/\/secure.gravatar.com\/avatar\/c7164ed6fdec453195284ad24a5ae5b6e1eed2b848477fa2a4787ba9adf39a41?s=96&d=mm&r=g","contentUrl":"https:\/\/secure.gravatar.com\/avatar\/c7164ed6fdec453195284ad24a5ae5b6e1eed2b848477fa2a4787ba9adf39a41?s=96&d=mm&r=g","caption":"Redacci\u00f3n QP"},"url":"https:\/\/quehacerpolitico.mx\/?author=2"}]}},"featured_image_urls":{"full":["https:\/\/quehacerpolitico.mx\/wp-content\/uploads\/2024\/02\/IMG_3640.jpeg",715,429,false],"thumbnail":["https:\/\/quehacerpolitico.mx\/wp-content\/uploads\/2024\/02\/IMG_3640-150x150.jpeg",150,150,true],"medium":["https:\/\/quehacerpolitico.mx\/wp-content\/uploads\/2024\/02\/IMG_3640-300x180.jpeg",300,180,true],"medium_large":["https:\/\/quehacerpolitico.mx\/wp-content\/uploads\/2024\/02\/IMG_3640.jpeg",640,384,false],"large":["https:\/\/quehacerpolitico.mx\/wp-content\/uploads\/2024\/02\/IMG_3640.jpeg",640,384,false],"1536x1536":["https:\/\/quehacerpolitico.mx\/wp-content\/uploads\/2024\/02\/IMG_3640.jpeg",715,429,false],"2048x2048":["https:\/\/quehacerpolitico.mx\/wp-content\/uploads\/2024\/02\/IMG_3640.jpeg",715,429,false],"covernews-featured":["https:\/\/quehacerpolitico.mx\/wp-content\/uploads\/2024\/02\/IMG_3640.jpeg",715,429,false],"covernews-medium":["https:\/\/quehacerpolitico.mx\/wp-content\/uploads\/2024\/02\/IMG_3640.jpeg",540,324,false]},"author_info":{"display_name":"Redacci\u00f3n QP","author_link":"https:\/\/quehacerpolitico.mx\/?author=2"},"category_info":"<a href=\"https:\/\/quehacerpolitico.mx\/?cat=2\" rel=\"category\">Noticias<\/a>","tag_info":"Noticias","comment_count":"0","_links":{"self":[{"href":"https:\/\/quehacerpolitico.mx\/index.php?rest_route=\/wp\/v2\/posts\/108118","targetHints":{"allow":["GET"]}}],"collection":[{"href":"https:\/\/quehacerpolitico.mx\/index.php?rest_route=\/wp\/v2\/posts"}],"about":[{"href":"https:\/\/quehacerpolitico.mx\/index.php?rest_route=\/wp\/v2\/types\/post"}],"author":[{"embeddable":true,"href":"https:\/\/quehacerpolitico.mx\/index.php?rest_route=\/wp\/v2\/users\/2"}],"replies":[{"embeddable":true,"href":"https:\/\/quehacerpolitico.mx\/index.php?rest_route=%2Fwp%2Fv2%2Fcomments&post=108118"}],"version-history":[{"count":1,"href":"https:\/\/quehacerpolitico.mx\/index.php?rest_route=\/wp\/v2\/posts\/108118\/revisions"}],"predecessor-version":[{"id":108120,"href":"https:\/\/quehacerpolitico.mx\/index.php?rest_route=\/wp\/v2\/posts\/108118\/revisions\/108120"}],"wp:featuredmedia":[{"embeddable":true,"href":"https:\/\/quehacerpolitico.mx\/index.php?rest_route=\/wp\/v2\/media\/108119"}],"wp:attachment":[{"href":"https:\/\/quehacerpolitico.mx\/index.php?rest_route=%2Fwp%2Fv2%2Fmedia&parent=108118"}],"wp:term":[{"taxonomy":"category","embeddable":true,"href":"https:\/\/quehacerpolitico.mx\/index.php?rest_route=%2Fwp%2Fv2%2Fcategories&post=108118"},{"taxonomy":"post_tag","embeddable":true,"href":"https:\/\/quehacerpolitico.mx\/index.php?rest_route=%2Fwp%2Fv2%2Ftags&post=108118"}],"curies":[{"name":"wp","href":"https:\/\/api.w.org\/{rel}","templated":true}]}}