{"id":108106,"date":"2024-02-12T18:03:02","date_gmt":"2024-02-12T18:03:02","guid":{"rendered":"https:\/\/quehacerpolitico.mx\/?p=108106"},"modified":"2024-02-12T18:03:05","modified_gmt":"2024-02-12T18:03:05","slug":"cesar-yanez-deja-la-subsecretaria-de-desarrollo-democratico-de-segob-va-a-la-campana-de-claudia-sheinbaum","status":"publish","type":"post","link":"https:\/\/quehacerpolitico.mx\/?p=108106","title":{"rendered":"C\u00e9sar Y\u00e1\u00f1ez deja la subsecretar\u00eda de Desarrollo Democr\u00e1tico de Segob Va a la campa\u00f1a de Claudia Sheinbaum"},"content":{"rendered":"\n<p>Por Redacci\u00f3n QP<\/p>\n\n\n\n<p>C\u00e9sar Y\u00e1\u00f1ez deja Subsecretar\u00eda deDesarrollo Democr\u00e1tico, Participaci\u00f3n Social y Asuntos Religiosos en Segob para integrarse a campa\u00f1a de Claudia Sheinbaum<\/p>\n\n\n\n<p><strong>L\u00f3pez-D\u00f3riga Digital<\/strong>&nbsp;est\u00e1 en posibilidad de confirmar que&nbsp;<strong>C\u00e9sar Y\u00e1\u00f1ez<\/strong>&nbsp;deja&nbsp;<strong>Subsecretar\u00eda de Desarrollo Democr\u00e1tico<\/strong>,&nbsp;<strong>Participaci\u00f3n Social<\/strong>&nbsp;y&nbsp;<strong>Asuntos Religiosos<\/strong>&nbsp;en&nbsp;<strong>Segob<\/strong>&nbsp;para integrarse a campa\u00f1a de&nbsp;<strong>Claudia Sheinbaum<\/strong>.<\/p>\n\n\n\n<p><strong>Y\u00e1\u00f1ez Centeno<\/strong>, uno de los hombres hist\u00f3ricamente m\u00e1s cercanos al presidente&nbsp;<strong>Andr\u00e9s Manuel L\u00f3pez Obrador<\/strong>, ocup\u00f3 el cargo en Gobernaci\u00f3n el 29 de junio de 2022, tras designaci\u00f3n en sustituci\u00f3n de&nbsp;<strong>Rabindranath Salazar<\/strong>.<\/p>\n\n\n\n<p>Previo a su designaci\u00f3n, se desempa\u00f1aba como coordinador general de\u00a0<strong>Pol\u00edtica<\/strong>\u00a0y\u00a0<strong>Gobierno<\/strong>\u00a0de\u00a0<strong>Presidencia de la Rep\u00fablica<\/strong>, donde atend\u00eda las relaciones con los sectores p\u00fablicos, as\u00ed como procuraba la comunicaci\u00f3n con dependencias y \u00e1reas de la Administraci\u00f3n P\u00fablica.<\/p>\n\n\n\n<p>En su carrera pol\u00edtica, en 1994 trabaj\u00f3 para el entonces presidente del Partido de la Revoluci\u00f3n Democr\u00e1tica (<strong>PRD<\/strong>), Porfirio Mu\u00f1oz Ledo, donde conoci\u00f3 a&nbsp;<strong>Andr\u00e9s Manuel L\u00f3pez Obrador<\/strong>&nbsp;en 1997, cuando ambos militaban en el dicho partido.<\/p>\n\n\n\n<p>Con L\u00f3pez Obrador, entonces Jefe de Gobierno del entonces Distrito Federal, ocup\u00f3 los cargos de&nbsp;<strong>Director General de Comunicaci\u00f3n Social<\/strong>&nbsp;(2000-2005), y durante las elecciones federales de 2006 fue el coordinador de&nbsp;<strong>Comunicaci\u00f3n Social<\/strong>de la campa\u00f1a, posteriormente formando parte de su \u201cgobierno leg\u00edtimo\u201d.<\/p>\n\n\n\n<p>Durante las elecciones federales de 2012 asumi\u00f3 como Coordinador de Comunicaci\u00f3n Social y Vocero de la campa\u00f1a presidencial de L\u00f3pez Obrador. De igual forma, durante las elecciones federales de 2018 asumi\u00f3 como Vocero de la campa\u00f1a presidencial.<\/p>\n","protected":false},"excerpt":{"rendered":"<p>Por Redacci\u00f3n QP C\u00e9sar Y\u00e1\u00f1ez deja Subsecretar\u00eda deDesarrollo Democr\u00e1tico, Participaci\u00f3n Social y Asuntos Religiosos en&#8230;<\/p>\n","protected":false},"author":2,"featured_media":108107,"comment_status":"open","ping_status":"open","sticky":false,"template":"","format":"standard","meta":{"_monsterinsights_skip_tracking":false,"_monsterinsights_sitenote_active":false,"_monsterinsights_sitenote_note":"","_monsterinsights_sitenote_category":0,"footnotes":""},"categories":[2],"tags":[],"class_list":["post-108106","post","type-post","status-publish","format-standard","has-post-thumbnail","hentry","category-noticias"],"yoast_head":"<!-- This site is optimized with the Yoast SEO plugin v27.3 - https:\/\/yoast.com\/product\/yoast-seo-wordpress\/ -->\n<title>C\u00e9sar Y\u00e1\u00f1ez deja la subsecretar\u00eda de Desarrollo Democr\u00e1tico de Segob Va a la campa\u00f1a de Claudia Sheinbaum -<\/title>\n<meta name=\"robots\" content=\"index, follow, max-snippet:-1, max-image-preview:large, max-video-preview:-1\" \/>\n<link rel=\"canonical\" href=\"https:\/\/quehacerpolitico.mx\/?p=108106\" \/>\n<meta property=\"og:locale\" content=\"es_MX\" \/>\n<meta property=\"og:type\" content=\"article\" \/>\n<meta property=\"og:title\" content=\"C\u00e9sar Y\u00e1\u00f1ez deja la subsecretar\u00eda de Desarrollo Democr\u00e1tico de Segob Va a la campa\u00f1a de Claudia Sheinbaum -\" \/>\n<meta property=\"og:description\" content=\"Por Redacci\u00f3n QP C\u00e9sar Y\u00e1\u00f1ez deja Subsecretar\u00eda deDesarrollo Democr\u00e1tico, Participaci\u00f3n Social y Asuntos Religiosos en...\" \/>\n<meta property=\"og:url\" content=\"https:\/\/quehacerpolitico.mx\/?p=108106\" \/>\n<meta property=\"article:published_time\" content=\"2024-02-12T18:03:02+00:00\" \/>\n<meta property=\"article:modified_time\" content=\"2024-02-12T18:03:05+00:00\" \/>\n<meta property=\"og:image\" content=\"https:\/\/quehacerpolitico.mx\/wp-content\/uploads\/2024\/02\/IMG_3631.jpeg\" \/>\n\t<meta property=\"og:image:width\" content=\"1024\" \/>\n\t<meta property=\"og:image:height\" content=\"682\" \/>\n\t<meta property=\"og:image:type\" content=\"image\/jpeg\" \/>\n<meta name=\"author\" content=\"Redacci\u00f3n QP\" \/>\n<meta name=\"twitter:card\" content=\"summary_large_image\" \/>\n<meta name=\"twitter:label1\" content=\"Escrito por\" \/>\n\t<meta name=\"twitter:data1\" content=\"Redacci\u00f3n QP\" \/>\n\t<meta name=\"twitter:label2\" content=\"Tiempo de lectura\" \/>\n\t<meta name=\"twitter:data2\" content=\"1 minuto\" \/>\n<script type=\"application\/ld+json\" class=\"yoast-schema-graph\">{\"@context\":\"https:\\\/\\\/schema.org\",\"@graph\":[{\"@type\":\"Article\",\"@id\":\"https:\\\/\\\/quehacerpolitico.mx\\\/?p=108106#article\",\"isPartOf\":{\"@id\":\"https:\\\/\\\/quehacerpolitico.mx\\\/?p=108106\"},\"author\":{\"name\":\"Redacci\u00f3n QP\",\"@id\":\"https:\\\/\\\/quehacerpolitico.mx\\\/#\\\/schema\\\/person\\\/496d8ad2d1d3f8036101dca7ee39e585\"},\"headline\":\"C\u00e9sar Y\u00e1\u00f1ez deja la subsecretar\u00eda de Desarrollo Democr\u00e1tico de Segob Va a la campa\u00f1a de Claudia Sheinbaum\",\"datePublished\":\"2024-02-12T18:03:02+00:00\",\"dateModified\":\"2024-02-12T18:03:05+00:00\",\"mainEntityOfPage\":{\"@id\":\"https:\\\/\\\/quehacerpolitico.mx\\\/?p=108106\"},\"wordCount\":321,\"commentCount\":0,\"image\":{\"@id\":\"https:\\\/\\\/quehacerpolitico.mx\\\/?p=108106#primaryimage\"},\"thumbnailUrl\":\"https:\\\/\\\/quehacerpolitico.mx\\\/wp-content\\\/uploads\\\/2024\\\/02\\\/IMG_3631.jpeg\",\"articleSection\":[\"Noticias\"],\"inLanguage\":\"es\",\"potentialAction\":[{\"@type\":\"CommentAction\",\"name\":\"Comment\",\"target\":[\"https:\\\/\\\/quehacerpolitico.mx\\\/?p=108106#respond\"]}]},{\"@type\":\"WebPage\",\"@id\":\"https:\\\/\\\/quehacerpolitico.mx\\\/?p=108106\",\"url\":\"https:\\\/\\\/quehacerpolitico.mx\\\/?p=108106\",\"name\":\"C\u00e9sar Y\u00e1\u00f1ez deja la subsecretar\u00eda de Desarrollo Democr\u00e1tico de Segob Va a la campa\u00f1a de Claudia Sheinbaum -\",\"isPartOf\":{\"@id\":\"https:\\\/\\\/quehacerpolitico.mx\\\/#website\"},\"primaryImageOfPage\":{\"@id\":\"https:\\\/\\\/quehacerpolitico.mx\\\/?p=108106#primaryimage\"},\"image\":{\"@id\":\"https:\\\/\\\/quehacerpolitico.mx\\\/?p=108106#primaryimage\"},\"thumbnailUrl\":\"https:\\\/\\\/quehacerpolitico.mx\\\/wp-content\\\/uploads\\\/2024\\\/02\\\/IMG_3631.jpeg\",\"datePublished\":\"2024-02-12T18:03:02+00:00\",\"dateModified\":\"2024-02-12T18:03:05+00:00\",\"author\":{\"@id\":\"https:\\\/\\\/quehacerpolitico.mx\\\/#\\\/schema\\\/person\\\/496d8ad2d1d3f8036101dca7ee39e585\"},\"breadcrumb\":{\"@id\":\"https:\\\/\\\/quehacerpolitico.mx\\\/?p=108106#breadcrumb\"},\"inLanguage\":\"es\",\"potentialAction\":[{\"@type\":\"ReadAction\",\"target\":[\"https:\\\/\\\/quehacerpolitico.mx\\\/?p=108106\"]}]},{\"@type\":\"ImageObject\",\"inLanguage\":\"es\",\"@id\":\"https:\\\/\\\/quehacerpolitico.mx\\\/?p=108106#primaryimage\",\"url\":\"https:\\\/\\\/quehacerpolitico.mx\\\/wp-content\\\/uploads\\\/2024\\\/02\\\/IMG_3631.jpeg\",\"contentUrl\":\"https:\\\/\\\/quehacerpolitico.mx\\\/wp-content\\\/uploads\\\/2024\\\/02\\\/IMG_3631.jpeg\",\"width\":1024,\"height\":682},{\"@type\":\"BreadcrumbList\",\"@id\":\"https:\\\/\\\/quehacerpolitico.mx\\\/?p=108106#breadcrumb\",\"itemListElement\":[{\"@type\":\"ListItem\",\"position\":1,\"name\":\"Inicio\",\"item\":\"https:\\\/\\\/quehacerpolitico.mx\\\/\"},{\"@type\":\"ListItem\",\"position\":2,\"name\":\"C\u00e9sar Y\u00e1\u00f1ez deja la subsecretar\u00eda de Desarrollo Democr\u00e1tico de Segob Va a la campa\u00f1a de Claudia Sheinbaum\"}]},{\"@type\":\"WebSite\",\"@id\":\"https:\\\/\\\/quehacerpolitico.mx\\\/#website\",\"url\":\"https:\\\/\\\/quehacerpolitico.mx\\\/\",\"name\":\"\",\"description\":\"\",\"potentialAction\":[{\"@type\":\"SearchAction\",\"target\":{\"@type\":\"EntryPoint\",\"urlTemplate\":\"https:\\\/\\\/quehacerpolitico.mx\\\/?s={search_term_string}\"},\"query-input\":{\"@type\":\"PropertyValueSpecification\",\"valueRequired\":true,\"valueName\":\"search_term_string\"}}],\"inLanguage\":\"es\"},{\"@type\":\"Person\",\"@id\":\"https:\\\/\\\/quehacerpolitico.mx\\\/#\\\/schema\\\/person\\\/496d8ad2d1d3f8036101dca7ee39e585\",\"name\":\"Redacci\u00f3n QP\",\"image\":{\"@type\":\"ImageObject\",\"inLanguage\":\"es\",\"@id\":\"https:\\\/\\\/secure.gravatar.com\\\/avatar\\\/c7164ed6fdec453195284ad24a5ae5b6e1eed2b848477fa2a4787ba9adf39a41?s=96&d=mm&r=g\",\"url\":\"https:\\\/\\\/secure.gravatar.com\\\/avatar\\\/c7164ed6fdec453195284ad24a5ae5b6e1eed2b848477fa2a4787ba9adf39a41?s=96&d=mm&r=g\",\"contentUrl\":\"https:\\\/\\\/secure.gravatar.com\\\/avatar\\\/c7164ed6fdec453195284ad24a5ae5b6e1eed2b848477fa2a4787ba9adf39a41?s=96&d=mm&r=g\",\"caption\":\"Redacci\u00f3n QP\"},\"url\":\"https:\\\/\\\/quehacerpolitico.mx\\\/?author=2\"}]}<\/script>\n<!-- \/ Yoast SEO plugin. -->","yoast_head_json":{"title":"C\u00e9sar Y\u00e1\u00f1ez deja la subsecretar\u00eda de Desarrollo Democr\u00e1tico de Segob Va a la campa\u00f1a de Claudia Sheinbaum -","robots":{"index":"index","follow":"follow","max-snippet":"max-snippet:-1","max-image-preview":"max-image-preview:large","max-video-preview":"max-video-preview:-1"},"canonical":"https:\/\/quehacerpolitico.mx\/?p=108106","og_locale":"es_MX","og_type":"article","og_title":"C\u00e9sar Y\u00e1\u00f1ez deja la subsecretar\u00eda de Desarrollo Democr\u00e1tico de Segob Va a la campa\u00f1a de Claudia Sheinbaum -","og_description":"Por Redacci\u00f3n QP C\u00e9sar Y\u00e1\u00f1ez deja Subsecretar\u00eda deDesarrollo Democr\u00e1tico, Participaci\u00f3n Social y Asuntos Religiosos en...","og_url":"https:\/\/quehacerpolitico.mx\/?p=108106","article_published_time":"2024-02-12T18:03:02+00:00","article_modified_time":"2024-02-12T18:03:05+00:00","og_image":[{"width":1024,"height":682,"url":"https:\/\/quehacerpolitico.mx\/wp-content\/uploads\/2024\/02\/IMG_3631.jpeg","type":"image\/jpeg"}],"author":"Redacci\u00f3n QP","twitter_card":"summary_large_image","twitter_misc":{"Escrito por":"Redacci\u00f3n QP","Tiempo de lectura":"1 minuto"},"schema":{"@context":"https:\/\/schema.org","@graph":[{"@type":"Article","@id":"https:\/\/quehacerpolitico.mx\/?p=108106#article","isPartOf":{"@id":"https:\/\/quehacerpolitico.mx\/?p=108106"},"author":{"name":"Redacci\u00f3n QP","@id":"https:\/\/quehacerpolitico.mx\/#\/schema\/person\/496d8ad2d1d3f8036101dca7ee39e585"},"headline":"C\u00e9sar Y\u00e1\u00f1ez deja la subsecretar\u00eda de Desarrollo Democr\u00e1tico de Segob Va a la campa\u00f1a de Claudia Sheinbaum","datePublished":"2024-02-12T18:03:02+00:00","dateModified":"2024-02-12T18:03:05+00:00","mainEntityOfPage":{"@id":"https:\/\/quehacerpolitico.mx\/?p=108106"},"wordCount":321,"commentCount":0,"image":{"@id":"https:\/\/quehacerpolitico.mx\/?p=108106#primaryimage"},"thumbnailUrl":"https:\/\/quehacerpolitico.mx\/wp-content\/uploads\/2024\/02\/IMG_3631.jpeg","articleSection":["Noticias"],"inLanguage":"es","potentialAction":[{"@type":"CommentAction","name":"Comment","target":["https:\/\/quehacerpolitico.mx\/?p=108106#respond"]}]},{"@type":"WebPage","@id":"https:\/\/quehacerpolitico.mx\/?p=108106","url":"https:\/\/quehacerpolitico.mx\/?p=108106","name":"C\u00e9sar Y\u00e1\u00f1ez deja la subsecretar\u00eda de Desarrollo Democr\u00e1tico de Segob Va a la campa\u00f1a de Claudia Sheinbaum -","isPartOf":{"@id":"https:\/\/quehacerpolitico.mx\/#website"},"primaryImageOfPage":{"@id":"https:\/\/quehacerpolitico.mx\/?p=108106#primaryimage"},"image":{"@id":"https:\/\/quehacerpolitico.mx\/?p=108106#primaryimage"},"thumbnailUrl":"https:\/\/quehacerpolitico.mx\/wp-content\/uploads\/2024\/02\/IMG_3631.jpeg","datePublished":"2024-02-12T18:03:02+00:00","dateModified":"2024-02-12T18:03:05+00:00","author":{"@id":"https:\/\/quehacerpolitico.mx\/#\/schema\/person\/496d8ad2d1d3f8036101dca7ee39e585"},"breadcrumb":{"@id":"https:\/\/quehacerpolitico.mx\/?p=108106#breadcrumb"},"inLanguage":"es","potentialAction":[{"@type":"ReadAction","target":["https:\/\/quehacerpolitico.mx\/?p=108106"]}]},{"@type":"ImageObject","inLanguage":"es","@id":"https:\/\/quehacerpolitico.mx\/?p=108106#primaryimage","url":"https:\/\/quehacerpolitico.mx\/wp-content\/uploads\/2024\/02\/IMG_3631.jpeg","contentUrl":"https:\/\/quehacerpolitico.mx\/wp-content\/uploads\/2024\/02\/IMG_3631.jpeg","width":1024,"height":682},{"@type":"BreadcrumbList","@id":"https:\/\/quehacerpolitico.mx\/?p=108106#breadcrumb","itemListElement":[{"@type":"ListItem","position":1,"name":"Inicio","item":"https:\/\/quehacerpolitico.mx\/"},{"@type":"ListItem","position":2,"name":"C\u00e9sar Y\u00e1\u00f1ez deja la subsecretar\u00eda de Desarrollo Democr\u00e1tico de Segob Va a la campa\u00f1a de Claudia Sheinbaum"}]},{"@type":"WebSite","@id":"https:\/\/quehacerpolitico.mx\/#website","url":"https:\/\/quehacerpolitico.mx\/","name":"","description":"","potentialAction":[{"@type":"SearchAction","target":{"@type":"EntryPoint","urlTemplate":"https:\/\/quehacerpolitico.mx\/?s={search_term_string}"},"query-input":{"@type":"PropertyValueSpecification","valueRequired":true,"valueName":"search_term_string"}}],"inLanguage":"es"},{"@type":"Person","@id":"https:\/\/quehacerpolitico.mx\/#\/schema\/person\/496d8ad2d1d3f8036101dca7ee39e585","name":"Redacci\u00f3n QP","image":{"@type":"ImageObject","inLanguage":"es","@id":"https:\/\/secure.gravatar.com\/avatar\/c7164ed6fdec453195284ad24a5ae5b6e1eed2b848477fa2a4787ba9adf39a41?s=96&d=mm&r=g","url":"https:\/\/secure.gravatar.com\/avatar\/c7164ed6fdec453195284ad24a5ae5b6e1eed2b848477fa2a4787ba9adf39a41?s=96&d=mm&r=g","contentUrl":"https:\/\/secure.gravatar.com\/avatar\/c7164ed6fdec453195284ad24a5ae5b6e1eed2b848477fa2a4787ba9adf39a41?s=96&d=mm&r=g","caption":"Redacci\u00f3n QP"},"url":"https:\/\/quehacerpolitico.mx\/?author=2"}]}},"featured_image_urls":{"full":["https:\/\/quehacerpolitico.mx\/wp-content\/uploads\/2024\/02\/IMG_3631.jpeg",1024,682,false],"thumbnail":["https:\/\/quehacerpolitico.mx\/wp-content\/uploads\/2024\/02\/IMG_3631-150x150.jpeg",150,150,true],"medium":["https:\/\/quehacerpolitico.mx\/wp-content\/uploads\/2024\/02\/IMG_3631-300x200.jpeg",300,200,true],"medium_large":["https:\/\/quehacerpolitico.mx\/wp-content\/uploads\/2024\/02\/IMG_3631-768x512.jpeg",640,427,true],"large":["https:\/\/quehacerpolitico.mx\/wp-content\/uploads\/2024\/02\/IMG_3631.jpeg",640,426,false],"1536x1536":["https:\/\/quehacerpolitico.mx\/wp-content\/uploads\/2024\/02\/IMG_3631.jpeg",1024,682,false],"2048x2048":["https:\/\/quehacerpolitico.mx\/wp-content\/uploads\/2024\/02\/IMG_3631.jpeg",1024,682,false],"covernews-featured":["https:\/\/quehacerpolitico.mx\/wp-content\/uploads\/2024\/02\/IMG_3631.jpeg",1024,682,false],"covernews-medium":["https:\/\/quehacerpolitico.mx\/wp-content\/uploads\/2024\/02\/IMG_3631.jpeg",510,340,false]},"author_info":{"display_name":"Redacci\u00f3n QP","author_link":"https:\/\/quehacerpolitico.mx\/?author=2"},"category_info":"<a href=\"https:\/\/quehacerpolitico.mx\/?cat=2\" rel=\"category\">Noticias<\/a>","tag_info":"Noticias","comment_count":"0","_links":{"self":[{"href":"https:\/\/quehacerpolitico.mx\/index.php?rest_route=\/wp\/v2\/posts\/108106","targetHints":{"allow":["GET"]}}],"collection":[{"href":"https:\/\/quehacerpolitico.mx\/index.php?rest_route=\/wp\/v2\/posts"}],"about":[{"href":"https:\/\/quehacerpolitico.mx\/index.php?rest_route=\/wp\/v2\/types\/post"}],"author":[{"embeddable":true,"href":"https:\/\/quehacerpolitico.mx\/index.php?rest_route=\/wp\/v2\/users\/2"}],"replies":[{"embeddable":true,"href":"https:\/\/quehacerpolitico.mx\/index.php?rest_route=%2Fwp%2Fv2%2Fcomments&post=108106"}],"version-history":[{"count":1,"href":"https:\/\/quehacerpolitico.mx\/index.php?rest_route=\/wp\/v2\/posts\/108106\/revisions"}],"predecessor-version":[{"id":108108,"href":"https:\/\/quehacerpolitico.mx\/index.php?rest_route=\/wp\/v2\/posts\/108106\/revisions\/108108"}],"wp:featuredmedia":[{"embeddable":true,"href":"https:\/\/quehacerpolitico.mx\/index.php?rest_route=\/wp\/v2\/media\/108107"}],"wp:attachment":[{"href":"https:\/\/quehacerpolitico.mx\/index.php?rest_route=%2Fwp%2Fv2%2Fmedia&parent=108106"}],"wp:term":[{"taxonomy":"category","embeddable":true,"href":"https:\/\/quehacerpolitico.mx\/index.php?rest_route=%2Fwp%2Fv2%2Fcategories&post=108106"},{"taxonomy":"post_tag","embeddable":true,"href":"https:\/\/quehacerpolitico.mx\/index.php?rest_route=%2Fwp%2Fv2%2Ftags&post=108106"}],"curies":[{"name":"wp","href":"https:\/\/api.w.org\/{rel}","templated":true}]}}