{"id":108097,"date":"2024-02-12T16:47:20","date_gmt":"2024-02-12T16:47:20","guid":{"rendered":"https:\/\/quehacerpolitico.mx\/?p=108097"},"modified":"2024-02-12T16:47:22","modified_gmt":"2024-02-12T16:47:22","slug":"el-poder-judicial-esta-tomado-esta-secuestrado-esta-el-servicio-de-una-minoria-rapaz-lopez-obrador","status":"publish","type":"post","link":"https:\/\/quehacerpolitico.mx\/?p=108097","title":{"rendered":"\u201cEl poder judicial est\u00e1 tomado, est\u00e1 secuestrado, est\u00e1 el servicio de una minor\u00eda rapaz: L\u00f3pez Obrador"},"content":{"rendered":"\n<p>Por Redacci\u00f3n QP<\/p>\n\n\n\n<p>L\u00f3pez Obrador volvi\u00f3 a arremeter contra los integrantes del Poder Judicial, de quien apunt\u00f3 que debe ser reformado por la v\u00eda democr\u00e1tica<\/p>\n\n\n\n<p>El presidente\u00a0<strong>Andres Manuel L\u00f3pez Obrador<\/strong>\u00a0volvi\u00f3 a dejar en claro que el\u00a0<strong>Poder Judicial<\/strong>\u00a0est\u00e1\u00a0<strong>secuestrado<\/strong>\u00a0por lo que denomin\u00f3 una\u00a0<strong>minor\u00eda rapaz<\/strong>\u00a0y al servicio de la\u00a0<strong>delincuencia<\/strong>.<\/p>\n\n\n\n<p>En la conferencia matutina de Palacio Nacional, L\u00f3pez Obrador recalc\u00f3 que se necesita una reforma al Poder Judicial, como la que plante\u00f3 su Gobierno en las\u00a0<strong>iniciativas<\/strong>\u00a0del\u00a0pasado 5 de febrero con la finalidad de que sea el pueblo quien elija a\u00a0<strong>jueces, magistrados y ministros<\/strong>.<\/p>\n\n\n\n<p>La reforma que estamos promoviendo para el Poder Judicial, es algo muy importante. Se ha ido avanzando bastante en el Poder Legislativo, desde luego en el Ejecutivo, pero el Poder Judicial est\u00e1 tomado, secuestrado, al servicio de una minor\u00eda rapaz, est\u00e1 al servicio de la delincuencia llamada organizada y de la delincuencia de cuello blanco\u201d, declar\u00f3.<\/p>\n\n\n\n<figure class=\"wp-block-embed is-type-rich is-provider-twitter wp-block-embed-twitter\"><div class=\"wp-block-embed__wrapper\">\n<blockquote class=\"twitter-tweet\" data-width=\"550\" data-dnt=\"true\"><p lang=\"es\" dir=\"ltr\">\u201cEl poder judicial est\u00e1 tomado, est\u00e1 secuestrado, est\u00e1 el servicio de una minor\u00eda rapaz. Al servicio de la delincuencia llamada organizada y de cuello blanco&quot;, <br><br>reitera el presidente Andr\u00e9s Manuel L\u00f3pez Obrador. <a href=\"https:\/\/t.co\/sj8bKb091q\">pic.twitter.com\/sj8bKb091q<\/a><\/p>&mdash; Ruido en la Red (@RuidoEnLaRed) <a href=\"https:\/\/twitter.com\/RuidoEnLaRed\/status\/1757052911975117197?ref_src=twsrc%5Etfw\">February 12, 2024<\/a><\/blockquote><script async src=\"https:\/\/platform.twitter.com\/widgets.js\" charset=\"utf-8\"><\/script>\n<\/div><\/figure>\n\n\n\n<p>\u201cSolo con la participaci\u00f3n de la gente, con el m\u00e9todo democr\u00e1tico, que el pueblo elija a los jueces, abogados \u00edntegros, incorruptibles, con vocaci\u00f3n de justicia, solo as\u00ed vamos a poder avanzar y esto no es un asunto que se va a lograr f\u00e1cilmente en el corto plazo, pero hay que empezar\u201d, dijo.<\/p>\n\n\n\n<p>\u201cEs algo parecido a lo que nos dec\u00edan cuando hab\u00eda una especie de enajenaci\u00f3n en el Gobierno, de que solo pod\u00eda resolverse el problema de la inseguridad y la violencia con medidas coercitivas, con mano dura, Se pon\u00edan enfrente. de la televisi\u00f3n para decir \u2018no me va temblar la mano\u2019 y \u2018el que la hace la paga\u2019, recalc\u00f3.<\/p>\n\n\n\n<p>El mandatario mexicano dej\u00f3 en claro que el problema que tiene actualmente el Poder judicial es estructural, con la formaci\u00f3n que se hace de los abogados en las universidades.<\/p>\n\n\n\n<p>\u201cClaro que es complejo y va a llevar tiempo, porque es un problema estructural que tiene que ver con la abogac\u00eda, la formaci\u00f3n en las universidades de los abogados, que tiene que ver con la moralizaci\u00f3n de al vida p\u00fablica, que tiene que ver con el abandonar el af\u00e1n de lucro, pero hay que comenzar y algo que ayuda mucho es de que no se mantengan los poderes de \u00e9lite, sino que se vaya purificando la vida p\u00fablica con la participaci\u00f3n de todos, que se termine con el elitismo\u201d, extern\u00f3.<\/p>\n\n\n\n<p>\u201cQue le preguntemos siempre al pueblo para no equivocarnos, mandar obedeciendo al pueblo. Y si el pueblo se equivoca vuelve a mandar porque vivimos en una democracia. Vamos a elijar a los jueces, que el pueblo los elija. El pueblo tiene adem\u00e1s ser muy inteligente, un instinto certero, sabe qui\u00e9n es recto, qui\u00e9n no, sabe qui\u00e9n es honesto y qui\u00e9n no. Qui\u00e9n le tiene amor al pueblo y qui\u00e9n lo desprecia!, indic\u00f3.<\/p>\n\n\n\n<p>\u201cNo hay que pensar que la gente es insensible, lo que nosotros hemos para transformar este pa\u00eds, lo hemos hecho siguiendo las recomendaciones del pueblo, recogiendo los sentimientos del pueblo, esos son mis asesores, millones de mexicanos\u201d, argument\u00f3.<\/p>\n","protected":false},"excerpt":{"rendered":"<p>Por Redacci\u00f3n QP L\u00f3pez Obrador volvi\u00f3 a arremeter contra los integrantes del Poder Judicial, de&#8230;<\/p>\n","protected":false},"author":2,"featured_media":108098,"comment_status":"open","ping_status":"open","sticky":false,"template":"","format":"standard","meta":{"_monsterinsights_skip_tracking":false,"_monsterinsights_sitenote_active":false,"_monsterinsights_sitenote_note":"","_monsterinsights_sitenote_category":0,"footnotes":""},"categories":[2],"tags":[],"class_list":["post-108097","post","type-post","status-publish","format-standard","has-post-thumbnail","hentry","category-noticias"],"yoast_head":"<!-- This site is optimized with the Yoast SEO plugin v27.3 - https:\/\/yoast.com\/product\/yoast-seo-wordpress\/ -->\n<title>\u201cEl poder judicial est\u00e1 tomado, est\u00e1 secuestrado, est\u00e1 el servicio de una minor\u00eda rapaz: L\u00f3pez Obrador -<\/title>\n<meta name=\"robots\" content=\"index, follow, max-snippet:-1, max-image-preview:large, max-video-preview:-1\" \/>\n<link rel=\"canonical\" href=\"https:\/\/quehacerpolitico.mx\/?p=108097\" \/>\n<meta property=\"og:locale\" content=\"es_MX\" \/>\n<meta property=\"og:type\" content=\"article\" \/>\n<meta property=\"og:title\" content=\"\u201cEl poder judicial est\u00e1 tomado, est\u00e1 secuestrado, est\u00e1 el servicio de una minor\u00eda rapaz: L\u00f3pez Obrador -\" \/>\n<meta property=\"og:description\" content=\"Por Redacci\u00f3n QP L\u00f3pez Obrador volvi\u00f3 a arremeter contra los integrantes del Poder Judicial, de...\" \/>\n<meta property=\"og:url\" content=\"https:\/\/quehacerpolitico.mx\/?p=108097\" \/>\n<meta property=\"article:published_time\" content=\"2024-02-12T16:47:20+00:00\" \/>\n<meta property=\"article:modified_time\" content=\"2024-02-12T16:47:22+00:00\" \/>\n<meta property=\"og:image\" content=\"https:\/\/quehacerpolitico.mx\/wp-content\/uploads\/2024\/02\/IMG_3627.jpeg\" \/>\n\t<meta property=\"og:image:width\" content=\"1284\" \/>\n\t<meta property=\"og:image:height\" content=\"669\" \/>\n\t<meta property=\"og:image:type\" content=\"image\/jpeg\" \/>\n<meta name=\"author\" content=\"Redacci\u00f3n QP\" \/>\n<meta name=\"twitter:card\" content=\"summary_large_image\" \/>\n<meta name=\"twitter:label1\" content=\"Escrito por\" \/>\n\t<meta name=\"twitter:data1\" content=\"Redacci\u00f3n QP\" \/>\n\t<meta name=\"twitter:label2\" content=\"Tiempo de lectura\" \/>\n\t<meta name=\"twitter:data2\" content=\"3 minutos\" \/>\n<script type=\"application\/ld+json\" class=\"yoast-schema-graph\">{\"@context\":\"https:\\\/\\\/schema.org\",\"@graph\":[{\"@type\":\"Article\",\"@id\":\"https:\\\/\\\/quehacerpolitico.mx\\\/?p=108097#article\",\"isPartOf\":{\"@id\":\"https:\\\/\\\/quehacerpolitico.mx\\\/?p=108097\"},\"author\":{\"name\":\"Redacci\u00f3n QP\",\"@id\":\"https:\\\/\\\/quehacerpolitico.mx\\\/#\\\/schema\\\/person\\\/496d8ad2d1d3f8036101dca7ee39e585\"},\"headline\":\"\u201cEl poder judicial est\u00e1 tomado, est\u00e1 secuestrado, est\u00e1 el servicio de una minor\u00eda rapaz: L\u00f3pez Obrador\",\"datePublished\":\"2024-02-12T16:47:20+00:00\",\"dateModified\":\"2024-02-12T16:47:22+00:00\",\"mainEntityOfPage\":{\"@id\":\"https:\\\/\\\/quehacerpolitico.mx\\\/?p=108097\"},\"wordCount\":560,\"commentCount\":0,\"image\":{\"@id\":\"https:\\\/\\\/quehacerpolitico.mx\\\/?p=108097#primaryimage\"},\"thumbnailUrl\":\"https:\\\/\\\/quehacerpolitico.mx\\\/wp-content\\\/uploads\\\/2024\\\/02\\\/IMG_3627.jpeg\",\"articleSection\":[\"Noticias\"],\"inLanguage\":\"es\",\"potentialAction\":[{\"@type\":\"CommentAction\",\"name\":\"Comment\",\"target\":[\"https:\\\/\\\/quehacerpolitico.mx\\\/?p=108097#respond\"]}]},{\"@type\":\"WebPage\",\"@id\":\"https:\\\/\\\/quehacerpolitico.mx\\\/?p=108097\",\"url\":\"https:\\\/\\\/quehacerpolitico.mx\\\/?p=108097\",\"name\":\"\u201cEl poder judicial est\u00e1 tomado, est\u00e1 secuestrado, est\u00e1 el servicio de una minor\u00eda rapaz: L\u00f3pez Obrador -\",\"isPartOf\":{\"@id\":\"https:\\\/\\\/quehacerpolitico.mx\\\/#website\"},\"primaryImageOfPage\":{\"@id\":\"https:\\\/\\\/quehacerpolitico.mx\\\/?p=108097#primaryimage\"},\"image\":{\"@id\":\"https:\\\/\\\/quehacerpolitico.mx\\\/?p=108097#primaryimage\"},\"thumbnailUrl\":\"https:\\\/\\\/quehacerpolitico.mx\\\/wp-content\\\/uploads\\\/2024\\\/02\\\/IMG_3627.jpeg\",\"datePublished\":\"2024-02-12T16:47:20+00:00\",\"dateModified\":\"2024-02-12T16:47:22+00:00\",\"author\":{\"@id\":\"https:\\\/\\\/quehacerpolitico.mx\\\/#\\\/schema\\\/person\\\/496d8ad2d1d3f8036101dca7ee39e585\"},\"breadcrumb\":{\"@id\":\"https:\\\/\\\/quehacerpolitico.mx\\\/?p=108097#breadcrumb\"},\"inLanguage\":\"es\",\"potentialAction\":[{\"@type\":\"ReadAction\",\"target\":[\"https:\\\/\\\/quehacerpolitico.mx\\\/?p=108097\"]}]},{\"@type\":\"ImageObject\",\"inLanguage\":\"es\",\"@id\":\"https:\\\/\\\/quehacerpolitico.mx\\\/?p=108097#primaryimage\",\"url\":\"https:\\\/\\\/quehacerpolitico.mx\\\/wp-content\\\/uploads\\\/2024\\\/02\\\/IMG_3627.jpeg\",\"contentUrl\":\"https:\\\/\\\/quehacerpolitico.mx\\\/wp-content\\\/uploads\\\/2024\\\/02\\\/IMG_3627.jpeg\",\"width\":1284,\"height\":669},{\"@type\":\"BreadcrumbList\",\"@id\":\"https:\\\/\\\/quehacerpolitico.mx\\\/?p=108097#breadcrumb\",\"itemListElement\":[{\"@type\":\"ListItem\",\"position\":1,\"name\":\"Inicio\",\"item\":\"https:\\\/\\\/quehacerpolitico.mx\\\/\"},{\"@type\":\"ListItem\",\"position\":2,\"name\":\"\u201cEl poder judicial est\u00e1 tomado, est\u00e1 secuestrado, est\u00e1 el servicio de una minor\u00eda rapaz: L\u00f3pez Obrador\"}]},{\"@type\":\"WebSite\",\"@id\":\"https:\\\/\\\/quehacerpolitico.mx\\\/#website\",\"url\":\"https:\\\/\\\/quehacerpolitico.mx\\\/\",\"name\":\"\",\"description\":\"\",\"potentialAction\":[{\"@type\":\"SearchAction\",\"target\":{\"@type\":\"EntryPoint\",\"urlTemplate\":\"https:\\\/\\\/quehacerpolitico.mx\\\/?s={search_term_string}\"},\"query-input\":{\"@type\":\"PropertyValueSpecification\",\"valueRequired\":true,\"valueName\":\"search_term_string\"}}],\"inLanguage\":\"es\"},{\"@type\":\"Person\",\"@id\":\"https:\\\/\\\/quehacerpolitico.mx\\\/#\\\/schema\\\/person\\\/496d8ad2d1d3f8036101dca7ee39e585\",\"name\":\"Redacci\u00f3n QP\",\"image\":{\"@type\":\"ImageObject\",\"inLanguage\":\"es\",\"@id\":\"https:\\\/\\\/secure.gravatar.com\\\/avatar\\\/c7164ed6fdec453195284ad24a5ae5b6e1eed2b848477fa2a4787ba9adf39a41?s=96&d=mm&r=g\",\"url\":\"https:\\\/\\\/secure.gravatar.com\\\/avatar\\\/c7164ed6fdec453195284ad24a5ae5b6e1eed2b848477fa2a4787ba9adf39a41?s=96&d=mm&r=g\",\"contentUrl\":\"https:\\\/\\\/secure.gravatar.com\\\/avatar\\\/c7164ed6fdec453195284ad24a5ae5b6e1eed2b848477fa2a4787ba9adf39a41?s=96&d=mm&r=g\",\"caption\":\"Redacci\u00f3n QP\"},\"url\":\"https:\\\/\\\/quehacerpolitico.mx\\\/?author=2\"}]}<\/script>\n<!-- \/ Yoast SEO plugin. -->","yoast_head_json":{"title":"\u201cEl poder judicial est\u00e1 tomado, est\u00e1 secuestrado, est\u00e1 el servicio de una minor\u00eda rapaz: L\u00f3pez Obrador -","robots":{"index":"index","follow":"follow","max-snippet":"max-snippet:-1","max-image-preview":"max-image-preview:large","max-video-preview":"max-video-preview:-1"},"canonical":"https:\/\/quehacerpolitico.mx\/?p=108097","og_locale":"es_MX","og_type":"article","og_title":"\u201cEl poder judicial est\u00e1 tomado, est\u00e1 secuestrado, est\u00e1 el servicio de una minor\u00eda rapaz: L\u00f3pez Obrador -","og_description":"Por Redacci\u00f3n QP L\u00f3pez Obrador volvi\u00f3 a arremeter contra los integrantes del Poder Judicial, de...","og_url":"https:\/\/quehacerpolitico.mx\/?p=108097","article_published_time":"2024-02-12T16:47:20+00:00","article_modified_time":"2024-02-12T16:47:22+00:00","og_image":[{"width":1284,"height":669,"url":"https:\/\/quehacerpolitico.mx\/wp-content\/uploads\/2024\/02\/IMG_3627.jpeg","type":"image\/jpeg"}],"author":"Redacci\u00f3n QP","twitter_card":"summary_large_image","twitter_misc":{"Escrito por":"Redacci\u00f3n QP","Tiempo de lectura":"3 minutos"},"schema":{"@context":"https:\/\/schema.org","@graph":[{"@type":"Article","@id":"https:\/\/quehacerpolitico.mx\/?p=108097#article","isPartOf":{"@id":"https:\/\/quehacerpolitico.mx\/?p=108097"},"author":{"name":"Redacci\u00f3n QP","@id":"https:\/\/quehacerpolitico.mx\/#\/schema\/person\/496d8ad2d1d3f8036101dca7ee39e585"},"headline":"\u201cEl poder judicial est\u00e1 tomado, est\u00e1 secuestrado, est\u00e1 el servicio de una minor\u00eda rapaz: L\u00f3pez Obrador","datePublished":"2024-02-12T16:47:20+00:00","dateModified":"2024-02-12T16:47:22+00:00","mainEntityOfPage":{"@id":"https:\/\/quehacerpolitico.mx\/?p=108097"},"wordCount":560,"commentCount":0,"image":{"@id":"https:\/\/quehacerpolitico.mx\/?p=108097#primaryimage"},"thumbnailUrl":"https:\/\/quehacerpolitico.mx\/wp-content\/uploads\/2024\/02\/IMG_3627.jpeg","articleSection":["Noticias"],"inLanguage":"es","potentialAction":[{"@type":"CommentAction","name":"Comment","target":["https:\/\/quehacerpolitico.mx\/?p=108097#respond"]}]},{"@type":"WebPage","@id":"https:\/\/quehacerpolitico.mx\/?p=108097","url":"https:\/\/quehacerpolitico.mx\/?p=108097","name":"\u201cEl poder judicial est\u00e1 tomado, est\u00e1 secuestrado, est\u00e1 el servicio de una minor\u00eda rapaz: L\u00f3pez Obrador -","isPartOf":{"@id":"https:\/\/quehacerpolitico.mx\/#website"},"primaryImageOfPage":{"@id":"https:\/\/quehacerpolitico.mx\/?p=108097#primaryimage"},"image":{"@id":"https:\/\/quehacerpolitico.mx\/?p=108097#primaryimage"},"thumbnailUrl":"https:\/\/quehacerpolitico.mx\/wp-content\/uploads\/2024\/02\/IMG_3627.jpeg","datePublished":"2024-02-12T16:47:20+00:00","dateModified":"2024-02-12T16:47:22+00:00","author":{"@id":"https:\/\/quehacerpolitico.mx\/#\/schema\/person\/496d8ad2d1d3f8036101dca7ee39e585"},"breadcrumb":{"@id":"https:\/\/quehacerpolitico.mx\/?p=108097#breadcrumb"},"inLanguage":"es","potentialAction":[{"@type":"ReadAction","target":["https:\/\/quehacerpolitico.mx\/?p=108097"]}]},{"@type":"ImageObject","inLanguage":"es","@id":"https:\/\/quehacerpolitico.mx\/?p=108097#primaryimage","url":"https:\/\/quehacerpolitico.mx\/wp-content\/uploads\/2024\/02\/IMG_3627.jpeg","contentUrl":"https:\/\/quehacerpolitico.mx\/wp-content\/uploads\/2024\/02\/IMG_3627.jpeg","width":1284,"height":669},{"@type":"BreadcrumbList","@id":"https:\/\/quehacerpolitico.mx\/?p=108097#breadcrumb","itemListElement":[{"@type":"ListItem","position":1,"name":"Inicio","item":"https:\/\/quehacerpolitico.mx\/"},{"@type":"ListItem","position":2,"name":"\u201cEl poder judicial est\u00e1 tomado, est\u00e1 secuestrado, est\u00e1 el servicio de una minor\u00eda rapaz: L\u00f3pez Obrador"}]},{"@type":"WebSite","@id":"https:\/\/quehacerpolitico.mx\/#website","url":"https:\/\/quehacerpolitico.mx\/","name":"","description":"","potentialAction":[{"@type":"SearchAction","target":{"@type":"EntryPoint","urlTemplate":"https:\/\/quehacerpolitico.mx\/?s={search_term_string}"},"query-input":{"@type":"PropertyValueSpecification","valueRequired":true,"valueName":"search_term_string"}}],"inLanguage":"es"},{"@type":"Person","@id":"https:\/\/quehacerpolitico.mx\/#\/schema\/person\/496d8ad2d1d3f8036101dca7ee39e585","name":"Redacci\u00f3n QP","image":{"@type":"ImageObject","inLanguage":"es","@id":"https:\/\/secure.gravatar.com\/avatar\/c7164ed6fdec453195284ad24a5ae5b6e1eed2b848477fa2a4787ba9adf39a41?s=96&d=mm&r=g","url":"https:\/\/secure.gravatar.com\/avatar\/c7164ed6fdec453195284ad24a5ae5b6e1eed2b848477fa2a4787ba9adf39a41?s=96&d=mm&r=g","contentUrl":"https:\/\/secure.gravatar.com\/avatar\/c7164ed6fdec453195284ad24a5ae5b6e1eed2b848477fa2a4787ba9adf39a41?s=96&d=mm&r=g","caption":"Redacci\u00f3n QP"},"url":"https:\/\/quehacerpolitico.mx\/?author=2"}]}},"featured_image_urls":{"full":["https:\/\/quehacerpolitico.mx\/wp-content\/uploads\/2024\/02\/IMG_3627.jpeg",1284,669,false],"thumbnail":["https:\/\/quehacerpolitico.mx\/wp-content\/uploads\/2024\/02\/IMG_3627-150x150.jpeg",150,150,true],"medium":["https:\/\/quehacerpolitico.mx\/wp-content\/uploads\/2024\/02\/IMG_3627-300x156.jpeg",300,156,true],"medium_large":["https:\/\/quehacerpolitico.mx\/wp-content\/uploads\/2024\/02\/IMG_3627-768x400.jpeg",640,333,true],"large":["https:\/\/quehacerpolitico.mx\/wp-content\/uploads\/2024\/02\/IMG_3627-1024x534.jpeg",640,334,true],"1536x1536":["https:\/\/quehacerpolitico.mx\/wp-content\/uploads\/2024\/02\/IMG_3627.jpeg",1284,669,false],"2048x2048":["https:\/\/quehacerpolitico.mx\/wp-content\/uploads\/2024\/02\/IMG_3627.jpeg",1284,669,false],"covernews-featured":["https:\/\/quehacerpolitico.mx\/wp-content\/uploads\/2024\/02\/IMG_3627.jpeg",1024,534,false],"covernews-medium":["https:\/\/quehacerpolitico.mx\/wp-content\/uploads\/2024\/02\/IMG_3627.jpeg",540,281,false]},"author_info":{"display_name":"Redacci\u00f3n QP","author_link":"https:\/\/quehacerpolitico.mx\/?author=2"},"category_info":"<a href=\"https:\/\/quehacerpolitico.mx\/?cat=2\" rel=\"category\">Noticias<\/a>","tag_info":"Noticias","comment_count":"0","_links":{"self":[{"href":"https:\/\/quehacerpolitico.mx\/index.php?rest_route=\/wp\/v2\/posts\/108097","targetHints":{"allow":["GET"]}}],"collection":[{"href":"https:\/\/quehacerpolitico.mx\/index.php?rest_route=\/wp\/v2\/posts"}],"about":[{"href":"https:\/\/quehacerpolitico.mx\/index.php?rest_route=\/wp\/v2\/types\/post"}],"author":[{"embeddable":true,"href":"https:\/\/quehacerpolitico.mx\/index.php?rest_route=\/wp\/v2\/users\/2"}],"replies":[{"embeddable":true,"href":"https:\/\/quehacerpolitico.mx\/index.php?rest_route=%2Fwp%2Fv2%2Fcomments&post=108097"}],"version-history":[{"count":1,"href":"https:\/\/quehacerpolitico.mx\/index.php?rest_route=\/wp\/v2\/posts\/108097\/revisions"}],"predecessor-version":[{"id":108099,"href":"https:\/\/quehacerpolitico.mx\/index.php?rest_route=\/wp\/v2\/posts\/108097\/revisions\/108099"}],"wp:featuredmedia":[{"embeddable":true,"href":"https:\/\/quehacerpolitico.mx\/index.php?rest_route=\/wp\/v2\/media\/108098"}],"wp:attachment":[{"href":"https:\/\/quehacerpolitico.mx\/index.php?rest_route=%2Fwp%2Fv2%2Fmedia&parent=108097"}],"wp:term":[{"taxonomy":"category","embeddable":true,"href":"https:\/\/quehacerpolitico.mx\/index.php?rest_route=%2Fwp%2Fv2%2Fcategories&post=108097"},{"taxonomy":"post_tag","embeddable":true,"href":"https:\/\/quehacerpolitico.mx\/index.php?rest_route=%2Fwp%2Fv2%2Ftags&post=108097"}],"curies":[{"name":"wp","href":"https:\/\/api.w.org\/{rel}","templated":true}]}}