{"id":108066,"date":"2024-02-09T16:37:48","date_gmt":"2024-02-09T16:37:48","guid":{"rendered":"https:\/\/quehacerpolitico.mx\/?p=108066"},"modified":"2024-02-09T16:37:50","modified_gmt":"2024-02-09T16:37:50","slug":"tim-golden-no-ira-a-la-mananera-amlo-insiste-en-que-su-reportaje-es-una-calumnia-lo-vincula-con-la-dea-pero-descarta-acciones-legales","status":"publish","type":"post","link":"https:\/\/quehacerpolitico.mx\/?p=108066","title":{"rendered":"Tim Golden no ir\u00e1 a la &#8216;ma\u00f1anera&#8217; AMLO insiste en que su reportaje es una calumnia, lo vincula con la DEA, pero descarta acciones legales"},"content":{"rendered":"\n<p>Por Redacci\u00f3n QP<\/p>\n\n\n\n<p>El presidente L\u00f3pez Obrador dej\u00f3 en claro que el periodismo que realizaron tanto Tim Golden como el medio ProP\u00fablica no es independiente<\/p>\n\n\n\n<p>El presidente de M\u00e9xico,\u00a0<strong>Andres Manuel L\u00f3pez Obrador<\/strong>,\u00a0<strong>descart\u00f3<\/strong>\u00a0emprender\u00a0<strong>acciones legales<\/strong>\u00a0contra el periodista\u00a0<strong>Tim Golden<\/strong>\u00a0y contra el medio\u00a0<strong>ProP\u00fablica<\/strong>, tras la publicaci\u00f3n de un\u00a0reportaje en donde se\u00f1ala al tabasque\u00f1o por presuntamente recibir dinero del\u00a0<strong>narcotr\u00e1fico<\/strong>\u00a0en su campa\u00f1a presidencial del a\u00f1o 2006.<\/p>\n\n\n\n<p>No, no, no, no, es mejor el debate abierto, porque esto ayuda m\u00e1s, que se transparente, porque ten\u00edan enga\u00f1ados a muchos personas\u201d, indic\u00f3.<\/p>\n\n\n\n<p>Un reportaje del portal ProPublicado el pasado 31 de enero y con fuentes de la agencia estadounidense antidrogas (<strong>DEA<\/strong>), se\u00f1al\u00f3 que el\u00a0<strong>C\u00e1rtel de Sinaloa<\/strong>\u00a0habr\u00eda aportado dos millones de d\u00f3lares a la fallida campa\u00f1a de\u00a0<strong>L\u00f3pez Obrador<\/strong>\u00a0en las elecciones de 2006, algo que el mandatario ha calificado desde entonces como una \u201ccalumnia\u201d.<\/p>\n\n\n\n<figure class=\"wp-block-embed is-type-rich is-provider-twitter wp-block-embed-twitter\"><div class=\"wp-block-embed__wrapper\">\n<blockquote class=\"twitter-tweet\" data-width=\"550\" data-dnt=\"true\"><p lang=\"es\" dir=\"ltr\">Tim Golden no ir\u00e1 a la &#39;ma\u00f1anera&#39;<br><br>AMLO insiste en que su reportaje es una calumnia, lo vincula con la DEA, pero descarta acciones legales <a href=\"https:\/\/t.co\/ONMuYV9TyF\">pic.twitter.com\/ONMuYV9TyF<\/a><\/p>&mdash; Manuel Lopez San Martin (@MLopezSanMartin) <a href=\"https:\/\/twitter.com\/MLopezSanMartin\/status\/1755973123818586431?ref_src=twsrc%5Etfw\">February 9, 2024<\/a><\/blockquote><script async src=\"https:\/\/platform.twitter.com\/widgets.js\" charset=\"utf-8\"><\/script>\n<\/div><\/figure>\n\n\n\n<p>La fuente familiarizada confirm\u00f3 que el&nbsp;<strong>Departamento de Justicia<\/strong>&nbsp;estadounidense llev\u00f3 a cabo una indagaci\u00f3n hace 13 a\u00f1os que condujo bajo el \u201cprotocolo de manejo de investigaciones internacionales sensibles\u201d y que acab\u00f3 cerrando.<\/p>\n\n\n\n<p>En la conferencia matutina de&nbsp;<strong>Palacio Nacional<\/strong>,&nbsp;<strong>L\u00f3pez Obrador<\/strong>dej\u00f3 en claro que el periodismo que realizaron&nbsp;<strong>Tim<\/strong>&nbsp;<strong>Golden<\/strong>, quien es dos veces ganador del Premio Pulitzer, y&nbsp;<strong>ProP\u00fablica<\/strong>&nbsp;no es independiente.<\/p>\n\n\n\n<p>\u201cLo que respondieron ahora demuestra que est\u00e1n vinculados al gobierno de EE.UU., que no es un periodismo independiente. Ellos mismos dicen que les pidi\u00f3 la DEA no dar a conocer sus fuentes, y le hicieron caso, y hablan de una asociaci\u00f3n de esas llamadas no gubernamentales o de la sociedad civil, que son ap\u00e9ndices de las agencias, que reciben dinero del Gobierno\u201d, indic\u00f3.<\/p>\n\n\n\n<p>El mandatario mexicano critic\u00f3 la\u00a0respuesta que el medio estadounidense dio al explicar el reportaje, tras los se\u00f1alamientos del mandatario mexicano a ra\u00edz de la publicaci\u00f3n.<\/p>\n\n\n\n<p>\u201cLo m\u00e1s interesante de esto es que ellos se sit\u00faan como los jueces para ver en qu\u00e9 pa\u00eds hay corrupci\u00f3n, en qu\u00e9 pa\u00eds hay narcotr\u00e1fico, en qu\u00e9 pa\u00eds los pol\u00edticos son corruptos o est\u00e1n vinculados a los narcotraficantes, esa es su misi\u00f3n y pagan a estos periodistas para hacer el trabajo sucio, nada m\u00e1s que aqu\u00ed se toparon con pared\u201d, argument\u00f3.<\/p>\n\n\n\n<p>\u201cNosotros no somos corruptos ni tenemos relaciones de complicidad con nadie, y por eso se metieron en un problema, porque yo no voy a dejar de denunciarlos y no voy a dejar decir que ese periodista premiado dos veces es un calumniador, que estaba vinculado cuando fue corresponsal a Carlos Salinas, luego se fue y hasta ahora que regresa\u201d, declar\u00f3.<\/p>\n","protected":false},"excerpt":{"rendered":"<p>Por Redacci\u00f3n QP El presidente L\u00f3pez Obrador dej\u00f3 en claro que el periodismo que realizaron&#8230;<\/p>\n","protected":false},"author":2,"featured_media":108067,"comment_status":"open","ping_status":"open","sticky":false,"template":"","format":"standard","meta":{"_monsterinsights_skip_tracking":false,"_monsterinsights_sitenote_active":false,"_monsterinsights_sitenote_note":"","_monsterinsights_sitenote_category":0,"footnotes":""},"categories":[2],"tags":[],"class_list":["post-108066","post","type-post","status-publish","format-standard","has-post-thumbnail","hentry","category-noticias"],"yoast_head":"<!-- This site is optimized with the Yoast SEO plugin v27.3 - https:\/\/yoast.com\/product\/yoast-seo-wordpress\/ -->\n<title>Tim Golden no ir\u00e1 a la &#039;ma\u00f1anera&#039; AMLO insiste en que su reportaje es una calumnia, lo vincula con la DEA, pero descarta acciones legales -<\/title>\n<meta name=\"robots\" content=\"index, follow, max-snippet:-1, max-image-preview:large, max-video-preview:-1\" \/>\n<link rel=\"canonical\" href=\"https:\/\/quehacerpolitico.mx\/?p=108066\" \/>\n<meta property=\"og:locale\" content=\"es_MX\" \/>\n<meta property=\"og:type\" content=\"article\" \/>\n<meta property=\"og:title\" content=\"Tim Golden no ir\u00e1 a la &#039;ma\u00f1anera&#039; AMLO insiste en que su reportaje es una calumnia, lo vincula con la DEA, pero descarta acciones legales -\" \/>\n<meta property=\"og:description\" content=\"Por Redacci\u00f3n QP El presidente L\u00f3pez Obrador dej\u00f3 en claro que el periodismo que realizaron...\" \/>\n<meta property=\"og:url\" content=\"https:\/\/quehacerpolitico.mx\/?p=108066\" \/>\n<meta property=\"article:published_time\" content=\"2024-02-09T16:37:48+00:00\" \/>\n<meta property=\"article:modified_time\" content=\"2024-02-09T16:37:50+00:00\" \/>\n<meta property=\"og:image\" content=\"https:\/\/quehacerpolitico.mx\/wp-content\/uploads\/2024\/02\/IMG_3580.jpeg\" \/>\n\t<meta property=\"og:image:width\" content=\"1284\" \/>\n\t<meta property=\"og:image:height\" content=\"702\" \/>\n\t<meta property=\"og:image:type\" content=\"image\/jpeg\" \/>\n<meta name=\"author\" content=\"Redacci\u00f3n QP\" \/>\n<meta name=\"twitter:card\" content=\"summary_large_image\" \/>\n<meta name=\"twitter:label1\" content=\"Escrito por\" \/>\n\t<meta name=\"twitter:data1\" content=\"Redacci\u00f3n QP\" \/>\n\t<meta name=\"twitter:label2\" content=\"Tiempo de lectura\" \/>\n\t<meta name=\"twitter:data2\" content=\"2 minutos\" \/>\n<script type=\"application\/ld+json\" class=\"yoast-schema-graph\">{\"@context\":\"https:\\\/\\\/schema.org\",\"@graph\":[{\"@type\":\"Article\",\"@id\":\"https:\\\/\\\/quehacerpolitico.mx\\\/?p=108066#article\",\"isPartOf\":{\"@id\":\"https:\\\/\\\/quehacerpolitico.mx\\\/?p=108066\"},\"author\":{\"name\":\"Redacci\u00f3n QP\",\"@id\":\"https:\\\/\\\/quehacerpolitico.mx\\\/#\\\/schema\\\/person\\\/496d8ad2d1d3f8036101dca7ee39e585\"},\"headline\":\"Tim Golden no ir\u00e1 a la &#8216;ma\u00f1anera&#8217; AMLO insiste en que su reportaje es una calumnia, lo vincula con la DEA, pero descarta acciones legales\",\"datePublished\":\"2024-02-09T16:37:48+00:00\",\"dateModified\":\"2024-02-09T16:37:50+00:00\",\"mainEntityOfPage\":{\"@id\":\"https:\\\/\\\/quehacerpolitico.mx\\\/?p=108066\"},\"wordCount\":506,\"commentCount\":0,\"image\":{\"@id\":\"https:\\\/\\\/quehacerpolitico.mx\\\/?p=108066#primaryimage\"},\"thumbnailUrl\":\"https:\\\/\\\/quehacerpolitico.mx\\\/wp-content\\\/uploads\\\/2024\\\/02\\\/IMG_3580.jpeg\",\"articleSection\":[\"Noticias\"],\"inLanguage\":\"es\",\"potentialAction\":[{\"@type\":\"CommentAction\",\"name\":\"Comment\",\"target\":[\"https:\\\/\\\/quehacerpolitico.mx\\\/?p=108066#respond\"]}]},{\"@type\":\"WebPage\",\"@id\":\"https:\\\/\\\/quehacerpolitico.mx\\\/?p=108066\",\"url\":\"https:\\\/\\\/quehacerpolitico.mx\\\/?p=108066\",\"name\":\"Tim Golden no ir\u00e1 a la 'ma\u00f1anera' AMLO insiste en que su reportaje es una calumnia, lo vincula con la DEA, pero descarta acciones legales -\",\"isPartOf\":{\"@id\":\"https:\\\/\\\/quehacerpolitico.mx\\\/#website\"},\"primaryImageOfPage\":{\"@id\":\"https:\\\/\\\/quehacerpolitico.mx\\\/?p=108066#primaryimage\"},\"image\":{\"@id\":\"https:\\\/\\\/quehacerpolitico.mx\\\/?p=108066#primaryimage\"},\"thumbnailUrl\":\"https:\\\/\\\/quehacerpolitico.mx\\\/wp-content\\\/uploads\\\/2024\\\/02\\\/IMG_3580.jpeg\",\"datePublished\":\"2024-02-09T16:37:48+00:00\",\"dateModified\":\"2024-02-09T16:37:50+00:00\",\"author\":{\"@id\":\"https:\\\/\\\/quehacerpolitico.mx\\\/#\\\/schema\\\/person\\\/496d8ad2d1d3f8036101dca7ee39e585\"},\"breadcrumb\":{\"@id\":\"https:\\\/\\\/quehacerpolitico.mx\\\/?p=108066#breadcrumb\"},\"inLanguage\":\"es\",\"potentialAction\":[{\"@type\":\"ReadAction\",\"target\":[\"https:\\\/\\\/quehacerpolitico.mx\\\/?p=108066\"]}]},{\"@type\":\"ImageObject\",\"inLanguage\":\"es\",\"@id\":\"https:\\\/\\\/quehacerpolitico.mx\\\/?p=108066#primaryimage\",\"url\":\"https:\\\/\\\/quehacerpolitico.mx\\\/wp-content\\\/uploads\\\/2024\\\/02\\\/IMG_3580.jpeg\",\"contentUrl\":\"https:\\\/\\\/quehacerpolitico.mx\\\/wp-content\\\/uploads\\\/2024\\\/02\\\/IMG_3580.jpeg\",\"width\":1284,\"height\":702},{\"@type\":\"BreadcrumbList\",\"@id\":\"https:\\\/\\\/quehacerpolitico.mx\\\/?p=108066#breadcrumb\",\"itemListElement\":[{\"@type\":\"ListItem\",\"position\":1,\"name\":\"Inicio\",\"item\":\"https:\\\/\\\/quehacerpolitico.mx\\\/\"},{\"@type\":\"ListItem\",\"position\":2,\"name\":\"Tim Golden no ir\u00e1 a la &#8216;ma\u00f1anera&#8217; AMLO insiste en que su reportaje es una calumnia, lo vincula con la DEA, pero descarta acciones legales\"}]},{\"@type\":\"WebSite\",\"@id\":\"https:\\\/\\\/quehacerpolitico.mx\\\/#website\",\"url\":\"https:\\\/\\\/quehacerpolitico.mx\\\/\",\"name\":\"\",\"description\":\"\",\"potentialAction\":[{\"@type\":\"SearchAction\",\"target\":{\"@type\":\"EntryPoint\",\"urlTemplate\":\"https:\\\/\\\/quehacerpolitico.mx\\\/?s={search_term_string}\"},\"query-input\":{\"@type\":\"PropertyValueSpecification\",\"valueRequired\":true,\"valueName\":\"search_term_string\"}}],\"inLanguage\":\"es\"},{\"@type\":\"Person\",\"@id\":\"https:\\\/\\\/quehacerpolitico.mx\\\/#\\\/schema\\\/person\\\/496d8ad2d1d3f8036101dca7ee39e585\",\"name\":\"Redacci\u00f3n QP\",\"image\":{\"@type\":\"ImageObject\",\"inLanguage\":\"es\",\"@id\":\"https:\\\/\\\/secure.gravatar.com\\\/avatar\\\/c7164ed6fdec453195284ad24a5ae5b6e1eed2b848477fa2a4787ba9adf39a41?s=96&d=mm&r=g\",\"url\":\"https:\\\/\\\/secure.gravatar.com\\\/avatar\\\/c7164ed6fdec453195284ad24a5ae5b6e1eed2b848477fa2a4787ba9adf39a41?s=96&d=mm&r=g\",\"contentUrl\":\"https:\\\/\\\/secure.gravatar.com\\\/avatar\\\/c7164ed6fdec453195284ad24a5ae5b6e1eed2b848477fa2a4787ba9adf39a41?s=96&d=mm&r=g\",\"caption\":\"Redacci\u00f3n QP\"},\"url\":\"https:\\\/\\\/quehacerpolitico.mx\\\/?author=2\"}]}<\/script>\n<!-- \/ Yoast SEO plugin. -->","yoast_head_json":{"title":"Tim Golden no ir\u00e1 a la 'ma\u00f1anera' AMLO insiste en que su reportaje es una calumnia, lo vincula con la DEA, pero descarta acciones legales -","robots":{"index":"index","follow":"follow","max-snippet":"max-snippet:-1","max-image-preview":"max-image-preview:large","max-video-preview":"max-video-preview:-1"},"canonical":"https:\/\/quehacerpolitico.mx\/?p=108066","og_locale":"es_MX","og_type":"article","og_title":"Tim Golden no ir\u00e1 a la 'ma\u00f1anera' AMLO insiste en que su reportaje es una calumnia, lo vincula con la DEA, pero descarta acciones legales -","og_description":"Por Redacci\u00f3n QP El presidente L\u00f3pez Obrador dej\u00f3 en claro que el periodismo que realizaron...","og_url":"https:\/\/quehacerpolitico.mx\/?p=108066","article_published_time":"2024-02-09T16:37:48+00:00","article_modified_time":"2024-02-09T16:37:50+00:00","og_image":[{"width":1284,"height":702,"url":"https:\/\/quehacerpolitico.mx\/wp-content\/uploads\/2024\/02\/IMG_3580.jpeg","type":"image\/jpeg"}],"author":"Redacci\u00f3n QP","twitter_card":"summary_large_image","twitter_misc":{"Escrito por":"Redacci\u00f3n QP","Tiempo de lectura":"2 minutos"},"schema":{"@context":"https:\/\/schema.org","@graph":[{"@type":"Article","@id":"https:\/\/quehacerpolitico.mx\/?p=108066#article","isPartOf":{"@id":"https:\/\/quehacerpolitico.mx\/?p=108066"},"author":{"name":"Redacci\u00f3n QP","@id":"https:\/\/quehacerpolitico.mx\/#\/schema\/person\/496d8ad2d1d3f8036101dca7ee39e585"},"headline":"Tim Golden no ir\u00e1 a la &#8216;ma\u00f1anera&#8217; AMLO insiste en que su reportaje es una calumnia, lo vincula con la DEA, pero descarta acciones legales","datePublished":"2024-02-09T16:37:48+00:00","dateModified":"2024-02-09T16:37:50+00:00","mainEntityOfPage":{"@id":"https:\/\/quehacerpolitico.mx\/?p=108066"},"wordCount":506,"commentCount":0,"image":{"@id":"https:\/\/quehacerpolitico.mx\/?p=108066#primaryimage"},"thumbnailUrl":"https:\/\/quehacerpolitico.mx\/wp-content\/uploads\/2024\/02\/IMG_3580.jpeg","articleSection":["Noticias"],"inLanguage":"es","potentialAction":[{"@type":"CommentAction","name":"Comment","target":["https:\/\/quehacerpolitico.mx\/?p=108066#respond"]}]},{"@type":"WebPage","@id":"https:\/\/quehacerpolitico.mx\/?p=108066","url":"https:\/\/quehacerpolitico.mx\/?p=108066","name":"Tim Golden no ir\u00e1 a la 'ma\u00f1anera' AMLO insiste en que su reportaje es una calumnia, lo vincula con la DEA, pero descarta acciones legales -","isPartOf":{"@id":"https:\/\/quehacerpolitico.mx\/#website"},"primaryImageOfPage":{"@id":"https:\/\/quehacerpolitico.mx\/?p=108066#primaryimage"},"image":{"@id":"https:\/\/quehacerpolitico.mx\/?p=108066#primaryimage"},"thumbnailUrl":"https:\/\/quehacerpolitico.mx\/wp-content\/uploads\/2024\/02\/IMG_3580.jpeg","datePublished":"2024-02-09T16:37:48+00:00","dateModified":"2024-02-09T16:37:50+00:00","author":{"@id":"https:\/\/quehacerpolitico.mx\/#\/schema\/person\/496d8ad2d1d3f8036101dca7ee39e585"},"breadcrumb":{"@id":"https:\/\/quehacerpolitico.mx\/?p=108066#breadcrumb"},"inLanguage":"es","potentialAction":[{"@type":"ReadAction","target":["https:\/\/quehacerpolitico.mx\/?p=108066"]}]},{"@type":"ImageObject","inLanguage":"es","@id":"https:\/\/quehacerpolitico.mx\/?p=108066#primaryimage","url":"https:\/\/quehacerpolitico.mx\/wp-content\/uploads\/2024\/02\/IMG_3580.jpeg","contentUrl":"https:\/\/quehacerpolitico.mx\/wp-content\/uploads\/2024\/02\/IMG_3580.jpeg","width":1284,"height":702},{"@type":"BreadcrumbList","@id":"https:\/\/quehacerpolitico.mx\/?p=108066#breadcrumb","itemListElement":[{"@type":"ListItem","position":1,"name":"Inicio","item":"https:\/\/quehacerpolitico.mx\/"},{"@type":"ListItem","position":2,"name":"Tim Golden no ir\u00e1 a la &#8216;ma\u00f1anera&#8217; AMLO insiste en que su reportaje es una calumnia, lo vincula con la DEA, pero descarta acciones legales"}]},{"@type":"WebSite","@id":"https:\/\/quehacerpolitico.mx\/#website","url":"https:\/\/quehacerpolitico.mx\/","name":"","description":"","potentialAction":[{"@type":"SearchAction","target":{"@type":"EntryPoint","urlTemplate":"https:\/\/quehacerpolitico.mx\/?s={search_term_string}"},"query-input":{"@type":"PropertyValueSpecification","valueRequired":true,"valueName":"search_term_string"}}],"inLanguage":"es"},{"@type":"Person","@id":"https:\/\/quehacerpolitico.mx\/#\/schema\/person\/496d8ad2d1d3f8036101dca7ee39e585","name":"Redacci\u00f3n QP","image":{"@type":"ImageObject","inLanguage":"es","@id":"https:\/\/secure.gravatar.com\/avatar\/c7164ed6fdec453195284ad24a5ae5b6e1eed2b848477fa2a4787ba9adf39a41?s=96&d=mm&r=g","url":"https:\/\/secure.gravatar.com\/avatar\/c7164ed6fdec453195284ad24a5ae5b6e1eed2b848477fa2a4787ba9adf39a41?s=96&d=mm&r=g","contentUrl":"https:\/\/secure.gravatar.com\/avatar\/c7164ed6fdec453195284ad24a5ae5b6e1eed2b848477fa2a4787ba9adf39a41?s=96&d=mm&r=g","caption":"Redacci\u00f3n QP"},"url":"https:\/\/quehacerpolitico.mx\/?author=2"}]}},"featured_image_urls":{"full":["https:\/\/quehacerpolitico.mx\/wp-content\/uploads\/2024\/02\/IMG_3580.jpeg",1284,702,false],"thumbnail":["https:\/\/quehacerpolitico.mx\/wp-content\/uploads\/2024\/02\/IMG_3580-150x150.jpeg",150,150,true],"medium":["https:\/\/quehacerpolitico.mx\/wp-content\/uploads\/2024\/02\/IMG_3580-300x164.jpeg",300,164,true],"medium_large":["https:\/\/quehacerpolitico.mx\/wp-content\/uploads\/2024\/02\/IMG_3580-768x420.jpeg",640,350,true],"large":["https:\/\/quehacerpolitico.mx\/wp-content\/uploads\/2024\/02\/IMG_3580-1024x560.jpeg",640,350,true],"1536x1536":["https:\/\/quehacerpolitico.mx\/wp-content\/uploads\/2024\/02\/IMG_3580.jpeg",1284,702,false],"2048x2048":["https:\/\/quehacerpolitico.mx\/wp-content\/uploads\/2024\/02\/IMG_3580.jpeg",1284,702,false],"covernews-featured":["https:\/\/quehacerpolitico.mx\/wp-content\/uploads\/2024\/02\/IMG_3580.jpeg",1024,560,false],"covernews-medium":["https:\/\/quehacerpolitico.mx\/wp-content\/uploads\/2024\/02\/IMG_3580.jpeg",540,295,false]},"author_info":{"display_name":"Redacci\u00f3n QP","author_link":"https:\/\/quehacerpolitico.mx\/?author=2"},"category_info":"<a href=\"https:\/\/quehacerpolitico.mx\/?cat=2\" rel=\"category\">Noticias<\/a>","tag_info":"Noticias","comment_count":"0","_links":{"self":[{"href":"https:\/\/quehacerpolitico.mx\/index.php?rest_route=\/wp\/v2\/posts\/108066","targetHints":{"allow":["GET"]}}],"collection":[{"href":"https:\/\/quehacerpolitico.mx\/index.php?rest_route=\/wp\/v2\/posts"}],"about":[{"href":"https:\/\/quehacerpolitico.mx\/index.php?rest_route=\/wp\/v2\/types\/post"}],"author":[{"embeddable":true,"href":"https:\/\/quehacerpolitico.mx\/index.php?rest_route=\/wp\/v2\/users\/2"}],"replies":[{"embeddable":true,"href":"https:\/\/quehacerpolitico.mx\/index.php?rest_route=%2Fwp%2Fv2%2Fcomments&post=108066"}],"version-history":[{"count":1,"href":"https:\/\/quehacerpolitico.mx\/index.php?rest_route=\/wp\/v2\/posts\/108066\/revisions"}],"predecessor-version":[{"id":108068,"href":"https:\/\/quehacerpolitico.mx\/index.php?rest_route=\/wp\/v2\/posts\/108066\/revisions\/108068"}],"wp:featuredmedia":[{"embeddable":true,"href":"https:\/\/quehacerpolitico.mx\/index.php?rest_route=\/wp\/v2\/media\/108067"}],"wp:attachment":[{"href":"https:\/\/quehacerpolitico.mx\/index.php?rest_route=%2Fwp%2Fv2%2Fmedia&parent=108066"}],"wp:term":[{"taxonomy":"category","embeddable":true,"href":"https:\/\/quehacerpolitico.mx\/index.php?rest_route=%2Fwp%2Fv2%2Fcategories&post=108066"},{"taxonomy":"post_tag","embeddable":true,"href":"https:\/\/quehacerpolitico.mx\/index.php?rest_route=%2Fwp%2Fv2%2Ftags&post=108066"}],"curies":[{"name":"wp","href":"https:\/\/api.w.org\/{rel}","templated":true}]}}