{"id":10806,"date":"2018-12-03T14:18:23","date_gmt":"2018-12-03T14:18:23","guid":{"rendered":"http:\/\/quehacerpolitico.mx\/amlo-da-su-primera-conferencia-matutina-como-presidente-habla-de-los-43-seguridad-el-naim\/"},"modified":"2018-12-03T14:18:23","modified_gmt":"2018-12-03T14:18:23","slug":"amlo-da-su-primera-conferencia-matutina-como-presidente-habla-de-los-43-seguridad-el-naim","status":"publish","type":"post","link":"https:\/\/quehacerpolitico.mx\/?p=10806","title":{"rendered":"AMLO da su primera conferencia matutina como Presidente; habla de los 43, seguridad, el NAIM\u2026"},"content":{"rendered":"<h1>AMLO da su primera conferencia matutina como Presidente; habla de los 43, seguridad, el NAIM\u2026<\/h1>\n<p>Por Redacci\u00f3n QP<\/p>\n<p>El <strong>Presidente Andr\u00e9s Manuel L\u00f3pez Obrador<\/strong> ofreci\u00f3 esta ma\u00f1ana su <strong>primera conferencia de prensa<\/strong> matutina, en donde habl\u00f3 de distintos temas. Dijo que los primeros d\u00edas de <strong>Gobierno<\/strong> han transcurrido <strong>\u201csin problemas\u201d<\/strong>. La conferencia ser\u00e1 diaria y luego de su reuni\u00f3n con el Gabinete de Seguridad que se llevar\u00e1 a cabo en Palacio Nacional desde las 06:00 horas de lunes a viernes.<\/p>\n<p class=\"p1\"><span class=\"s1\">Ayer, Art\u00edculo 19 confirm\u00f3 el\u00a0<strong>asesinato<\/strong>\u00a0del\u00a0<strong>periodista<\/strong>\u00a0y director del medio\u00a0<em>Ori\u00f3n Informativo<\/em>,\u00a0<strong>Jes\u00fas Alejandro M\u00e1rquez Jim\u00e9nez<\/strong>, en\u00a0<strong>Nayarit<\/strong>, cuyo cuerpo fue hallado\u00a0en un ca\u00f1averal cercano al aeropuerto de Tepic. AMLO dijo que fue hallado en un hospital y que \u201cestar\u00e1 pendiente\u201d. Tambi\u00e9n dijo que ir\u00e1 en unos d\u00edas a Nayarit.\u00a0<\/span>Se\u00f1al\u00f3 que se ha decidido mantener vigilancia a los activistas y a los periodistas que est\u00e1n bajo amenaza.<\/p>\n<p>La organizaci\u00f3n exigi\u00f3 a la Fiscal\u00eda Especial para la Atenci\u00f3n de Delitos cometidos contra la Libertad de Expresi\u00f3n\u200b (FEADLE), al Mecanismo de Protecci\u00f3n y a la Comisi\u00f3n Ejecutiva de Atenci\u00f3n a V\u00edctimas investigar el caso; as\u00ed como proteger a su familia y colaboradores.<\/p>\n<div id=\"cerrar_principal\">\n<div id=\"texto\">El Presidente habl\u00f3 de la comisi\u00f3n para el caso Ayotzinapa; de las obras en\u00a0 el\u00a0 Nuevo Aeropuerto Internacional de M\u00e9xico (NAIM), que contin\u00faan; de seguridad. Apareci\u00f3 ante los medios acompa\u00f1ado de diversos miembros de su Gabinete de seguridad, entre ellos, el General Luis Crescencio Sandoval, Secretario de la Defensa; el Almirante Jos\u00e9 Rafael Ojeda, Secretario de Marina; la Secretaria de Gobernaci\u00f3n, Olga S\u00e1nchez Cordero, y el Secretario de Seguridad P\u00fablica, Alfonso Durazo.<\/div>\n<\/div>\n<div id=\"cerrar_principal\">\n<div id=\"texto\">\n<p>Del NAIM, dijo que est\u00e1n garantizadas las inversiones de accionistas y que se est\u00e1 llegando a acuerdos con las constructoras. A las 16:00 horas se reunir\u00e1 con el titular de la Secretar\u00eda de Hacienda para tratar el tema.<\/p>\n<\/div>\n<\/div>\n<p>Andr\u00e9s Manuel detall\u00f3 que lo que continuar\u00e1 ser\u00e1 el fideicomiso del NAIM para garantizar que los inversionistas no pierdan, pero que la cancelaci\u00f3n fue una decisi\u00f3n de los ciudadanos. Dijo que el fideicomiso continuar\u00e1 hasta que se termine el proceso de las inversiones y que incluso puede seguir a la par del inicio de la construcci\u00f3n de las dos pitas en Santa Luc\u00eda. \u201cEs mantener el fideicomiso, seg\u00fan entiendo, para respaldar los bonos, para que el Gobierno cumpla y es nuestra palabra, y que los accionistas no pierdan, que estas inversiones se garanticen. Esto tiene que ver con el fideicomiso, lo otro tiene que ver con la decisi\u00f3n que se tom\u00f3 entre los ciudadanos\u201d, explic\u00f3.<\/p>\n<p>\u201cEl fideicomiso va a seguir existiendo porque se tiene que solventar todos los compromisos, somos el aval y se va a garantizar a todos el respaldo de las acciones, para inversionistas y para los contratistas\u201d, a\u00f1adi\u00f3.<\/p>\n<p>Cuando se le pidi\u00f3 que dijera cu\u00e1ntos homicidios hubo en los primeros d\u00edas de su gobierno, dijo que \u201cse redujeron\u201d pero que hab\u00eda que verificar bien las fuentes de informaci\u00f3n.\u00a0\u201cC\u00f3mo empezamos: bien. Tengo las riendas del poder en las manos, es decir, hay Gobierno en M\u00e9xico. Y es un Gobierno para darle seguridad y protecci\u00f3n a los mexicanos, para que se mantenga la esperanza, que la expectativa que hay de cambios se va a convertir en realidad\u201d, dijo esta ma\u00f1ana el Presidente.<\/p>\n<p>L\u00f3pez Obrador inform\u00f3 que ayer se desplazaron 35 mil 745 elementos de la Polic\u00eda Militar, de la Polic\u00eda Naval, de la Polic\u00eda Federal en 150 coordinaciones del pa\u00eds y se est\u00e1n fortaleciendo estos agrupamientos con el apoyo de polic\u00edas estatales. Detall\u00f3 que la seguridad se est\u00e1 fortaleciendo tambi\u00e9n \u201ccon el apoyo de polic\u00edas estatales, municipales que voluntariamente por decisi\u00f3n de las autoridades locales se est\u00e1n tambi\u00e9n integrando a estas coordinaciones, estamos empezando a revisar la incidencia delictiva\u201d.<\/p>\n<p>\u201cTengo la informaci\u00f3n que se integraron los comit\u00e9s estatales en 29 estados y hoy se instalan dos m\u00e1s y se est\u00e1 llegando a acuerdo con los gobernadores\u201d, precis\u00f3. Detall\u00f3 que s\u00f3lo faltan los estados de Sonora y Baja California Sur, \u201cpero se instalan hoy\u201d, asegur\u00f3.<\/p>\n<p>\u201cHemos iniciado el Gobierno sin problemas. Desde el s\u00e1bado hemos estado trabajando\u201d, inform\u00f3 el Presidente. \u201cYa realizamos la reuni\u00f3n correspondiente al d\u00eda de hoy, es el inicio de este proceso de seguimiento que estoy encabezando personalmente\u201d, agreg\u00f3.\u00a0\u201cEse es un cambio. Por eso estamos muy bien, me siento seguro, protegido, apoyado sobre todo por los mexicanos para llevar a cabo la cuarta transformaci\u00f3n del pa\u00eds\u201d.<\/p>\n<p>Reiter\u00f3 que \u201ces tan importante el garantizar la paz en el pa\u00eds\u201d que no delegar\u00e1 la responsabilidad, \u201cla voy a atender de manera directa\u201d. Anunci\u00f3 tambi\u00e9n la reuni\u00f3n que sostendr\u00e1 con padres de los 43 normalistas de Ayotzinapa a las 10:00 de la ma\u00f1ana donde firmar\u00e1 el acuerdo para iniciar el proceso de b\u00fasqueda y de justicia en el caso.<\/p>\n<blockquote>\n<p>\u201cQue se conozca la verdad y se castigue a los responsables, autores materiales e intelectuales, desde luego con respeto a la autonom\u00eda del poder judicial y tambi\u00e9n con respeto a la Fiscal\u00eda general, que ser\u00e1 la instancia encargada de crear la comisi\u00f3n de la verdad\u201d, detall\u00f3.<\/p>\n<\/blockquote>\n<p>AMLO dijo que est\u00e1n revisando para tener una fuente confiable para revisar el comportamiento de los delitos cometidos en el pa\u00eds en la \u00faltimas 24 horas y poder dar un parte diario. Estim\u00f3 que los datos podr\u00edan estar listo en esta semana. \u201cEl informe va a tener esa caracter\u00edstica. Cu\u00e1ntos homicidios diarios, cu\u00e1ntos robos de veh\u00edculos, denuncias de secuestro. En fin todos los delitos cometidos, estamos haciendo una evaluaci\u00f3n de la fuente que se tiene de informes sobre estos delitos, para que sea confiable y que podamos entregarles informaci\u00f3n de calidad, sobre lo que va a ir sucediendo diariamente\u201d.<\/p>\n<p>El Presidente tambi\u00e9n inform\u00f3 que continuar\u00e1n trabajando en el Presupuesto de 2019, el cual se tiene que presentar ante el Congreso antes del pr\u00f3ximo 15 de diciembre.<\/p>\n<p>\u201cEn t\u00e9rminos generales est\u00e1 concluido pero faltan ajustas, porque queremos que en este presupuesto se refleje ya lo que ser\u00e1 el nuevo Gobierno, las prioridades del nuevo Gobierno, lo que tiene que ver con impulsar las actividades productivas, crear empleos, el que haya crecimiento de la econom\u00eda, que haya paz y tranquilidad\u201d, indic\u00f3.<\/p>\n<p>Ayer domingo, el Presidente tuvo su primera visita oficial a un estado, Veracruz. En la entidad encabez\u00f3 un mitin con el Gobernador Cuitl\u00e1huac Garc\u00eda quien ayer declar\u00f3 en Veracruz una crisis humanitaria por las desapariciones de personas.<\/p>\n<p>L\u00f3pez Obrador dijo que apoyar\u00e1 al estado en el problema de inseguridad que atraviesa.<\/p>\n<p>\u201cClaro que vamos a apoyar a Cuitl\u00e1huac con esta declaratoria de emergencia para encontrar a los desaparecidos y los vamos a seguir encontrando\u201d, asegur\u00f3 el Presidente desde la Plaza Lerdo, ubicada en Xalapa.<\/p>\n<p>https:\/\/www.facebook.com\/lopezobrador.org.mx\/videos\/347678642480043\/<\/p>\n","protected":false},"excerpt":{"rendered":"<p>AMLO da su primera conferencia matutina como Presidente; habla de los 43, seguridad, el NAIM\u2026<br \/>\nPor Redacci\u00f3n QP<\/p>\n","protected":false},"author":2,"featured_media":10805,"comment_status":"open","ping_status":"open","sticky":false,"template":"","format":"standard","meta":{"_monsterinsights_skip_tracking":false,"_monsterinsights_sitenote_active":false,"_monsterinsights_sitenote_note":"","_monsterinsights_sitenote_category":0,"footnotes":""},"categories":[2],"tags":[],"class_list":["post-10806","post","type-post","status-publish","format-standard","has-post-thumbnail","hentry","category-noticias"],"yoast_head":"<!-- This site is optimized with the Yoast SEO plugin v27.3 - https:\/\/yoast.com\/product\/yoast-seo-wordpress\/ -->\n<title>AMLO da su primera conferencia matutina como Presidente; habla de los 43, seguridad, el NAIM\u2026 -<\/title>\n<meta name=\"robots\" content=\"index, follow, max-snippet:-1, max-image-preview:large, max-video-preview:-1\" \/>\n<link rel=\"canonical\" href=\"https:\/\/quehacerpolitico.mx\/?p=10806\" \/>\n<meta property=\"og:locale\" content=\"es_MX\" \/>\n<meta property=\"og:type\" content=\"article\" \/>\n<meta property=\"og:title\" content=\"AMLO da su primera conferencia matutina como Presidente; habla de los 43, seguridad, el NAIM\u2026 -\" \/>\n<meta property=\"og:description\" content=\"AMLO da su primera conferencia matutina como Presidente; habla de los 43, seguridad, el NAIM\u2026 Por Redacci\u00f3n QP\" \/>\n<meta property=\"og:url\" content=\"https:\/\/quehacerpolitico.mx\/?p=10806\" \/>\n<meta property=\"article:published_time\" content=\"2018-12-03T14:18:23+00:00\" \/>\n<meta name=\"author\" content=\"Redacci\u00f3n QP\" \/>\n<meta name=\"twitter:card\" content=\"summary_large_image\" \/>\n<meta name=\"twitter:label1\" content=\"Escrito por\" \/>\n\t<meta name=\"twitter:data1\" content=\"Redacci\u00f3n QP\" \/>\n\t<meta name=\"twitter:label2\" content=\"Tiempo de lectura\" \/>\n\t<meta name=\"twitter:data2\" content=\"6 minutos\" \/>\n<script type=\"application\/ld+json\" class=\"yoast-schema-graph\">{\"@context\":\"https:\\\/\\\/schema.org\",\"@graph\":[{\"@type\":\"Article\",\"@id\":\"https:\\\/\\\/quehacerpolitico.mx\\\/?p=10806#article\",\"isPartOf\":{\"@id\":\"https:\\\/\\\/quehacerpolitico.mx\\\/?p=10806\"},\"author\":{\"name\":\"Redacci\u00f3n QP\",\"@id\":\"https:\\\/\\\/quehacerpolitico.mx\\\/#\\\/schema\\\/person\\\/496d8ad2d1d3f8036101dca7ee39e585\"},\"headline\":\"AMLO da su primera conferencia matutina como Presidente; habla de los 43, seguridad, el NAIM\u2026\",\"datePublished\":\"2018-12-03T14:18:23+00:00\",\"mainEntityOfPage\":{\"@id\":\"https:\\\/\\\/quehacerpolitico.mx\\\/?p=10806\"},\"wordCount\":1200,\"commentCount\":0,\"image\":{\"@id\":\"https:\\\/\\\/quehacerpolitico.mx\\\/?p=10806#primaryimage\"},\"thumbnailUrl\":\"\",\"articleSection\":[\"Noticias\"],\"inLanguage\":\"es\",\"potentialAction\":[{\"@type\":\"CommentAction\",\"name\":\"Comment\",\"target\":[\"https:\\\/\\\/quehacerpolitico.mx\\\/?p=10806#respond\"]}]},{\"@type\":\"WebPage\",\"@id\":\"https:\\\/\\\/quehacerpolitico.mx\\\/?p=10806\",\"url\":\"https:\\\/\\\/quehacerpolitico.mx\\\/?p=10806\",\"name\":\"AMLO da su primera conferencia matutina como Presidente; habla de los 43, seguridad, el NAIM\u2026 -\",\"isPartOf\":{\"@id\":\"https:\\\/\\\/quehacerpolitico.mx\\\/#website\"},\"primaryImageOfPage\":{\"@id\":\"https:\\\/\\\/quehacerpolitico.mx\\\/?p=10806#primaryimage\"},\"image\":{\"@id\":\"https:\\\/\\\/quehacerpolitico.mx\\\/?p=10806#primaryimage\"},\"thumbnailUrl\":\"\",\"datePublished\":\"2018-12-03T14:18:23+00:00\",\"author\":{\"@id\":\"https:\\\/\\\/quehacerpolitico.mx\\\/#\\\/schema\\\/person\\\/496d8ad2d1d3f8036101dca7ee39e585\"},\"breadcrumb\":{\"@id\":\"https:\\\/\\\/quehacerpolitico.mx\\\/?p=10806#breadcrumb\"},\"inLanguage\":\"es\",\"potentialAction\":[{\"@type\":\"ReadAction\",\"target\":[\"https:\\\/\\\/quehacerpolitico.mx\\\/?p=10806\"]}]},{\"@type\":\"ImageObject\",\"inLanguage\":\"es\",\"@id\":\"https:\\\/\\\/quehacerpolitico.mx\\\/?p=10806#primaryimage\",\"url\":\"\",\"contentUrl\":\"\"},{\"@type\":\"BreadcrumbList\",\"@id\":\"https:\\\/\\\/quehacerpolitico.mx\\\/?p=10806#breadcrumb\",\"itemListElement\":[{\"@type\":\"ListItem\",\"position\":1,\"name\":\"Inicio\",\"item\":\"https:\\\/\\\/quehacerpolitico.mx\\\/\"},{\"@type\":\"ListItem\",\"position\":2,\"name\":\"AMLO da su primera conferencia matutina como Presidente; habla de los 43, seguridad, el NAIM\u2026\"}]},{\"@type\":\"WebSite\",\"@id\":\"https:\\\/\\\/quehacerpolitico.mx\\\/#website\",\"url\":\"https:\\\/\\\/quehacerpolitico.mx\\\/\",\"name\":\"\",\"description\":\"\",\"potentialAction\":[{\"@type\":\"SearchAction\",\"target\":{\"@type\":\"EntryPoint\",\"urlTemplate\":\"https:\\\/\\\/quehacerpolitico.mx\\\/?s={search_term_string}\"},\"query-input\":{\"@type\":\"PropertyValueSpecification\",\"valueRequired\":true,\"valueName\":\"search_term_string\"}}],\"inLanguage\":\"es\"},{\"@type\":\"Person\",\"@id\":\"https:\\\/\\\/quehacerpolitico.mx\\\/#\\\/schema\\\/person\\\/496d8ad2d1d3f8036101dca7ee39e585\",\"name\":\"Redacci\u00f3n QP\",\"image\":{\"@type\":\"ImageObject\",\"inLanguage\":\"es\",\"@id\":\"https:\\\/\\\/secure.gravatar.com\\\/avatar\\\/c7164ed6fdec453195284ad24a5ae5b6e1eed2b848477fa2a4787ba9adf39a41?s=96&d=mm&r=g\",\"url\":\"https:\\\/\\\/secure.gravatar.com\\\/avatar\\\/c7164ed6fdec453195284ad24a5ae5b6e1eed2b848477fa2a4787ba9adf39a41?s=96&d=mm&r=g\",\"contentUrl\":\"https:\\\/\\\/secure.gravatar.com\\\/avatar\\\/c7164ed6fdec453195284ad24a5ae5b6e1eed2b848477fa2a4787ba9adf39a41?s=96&d=mm&r=g\",\"caption\":\"Redacci\u00f3n QP\"},\"url\":\"https:\\\/\\\/quehacerpolitico.mx\\\/?author=2\"}]}<\/script>\n<!-- \/ Yoast SEO plugin. -->","yoast_head_json":{"title":"AMLO da su primera conferencia matutina como Presidente; habla de los 43, seguridad, el NAIM\u2026 -","robots":{"index":"index","follow":"follow","max-snippet":"max-snippet:-1","max-image-preview":"max-image-preview:large","max-video-preview":"max-video-preview:-1"},"canonical":"https:\/\/quehacerpolitico.mx\/?p=10806","og_locale":"es_MX","og_type":"article","og_title":"AMLO da su primera conferencia matutina como Presidente; habla de los 43, seguridad, el NAIM\u2026 -","og_description":"AMLO da su primera conferencia matutina como Presidente; habla de los 43, seguridad, el NAIM\u2026 Por Redacci\u00f3n QP","og_url":"https:\/\/quehacerpolitico.mx\/?p=10806","article_published_time":"2018-12-03T14:18:23+00:00","author":"Redacci\u00f3n QP","twitter_card":"summary_large_image","twitter_misc":{"Escrito por":"Redacci\u00f3n QP","Tiempo de lectura":"6 minutos"},"schema":{"@context":"https:\/\/schema.org","@graph":[{"@type":"Article","@id":"https:\/\/quehacerpolitico.mx\/?p=10806#article","isPartOf":{"@id":"https:\/\/quehacerpolitico.mx\/?p=10806"},"author":{"name":"Redacci\u00f3n QP","@id":"https:\/\/quehacerpolitico.mx\/#\/schema\/person\/496d8ad2d1d3f8036101dca7ee39e585"},"headline":"AMLO da su primera conferencia matutina como Presidente; habla de los 43, seguridad, el NAIM\u2026","datePublished":"2018-12-03T14:18:23+00:00","mainEntityOfPage":{"@id":"https:\/\/quehacerpolitico.mx\/?p=10806"},"wordCount":1200,"commentCount":0,"image":{"@id":"https:\/\/quehacerpolitico.mx\/?p=10806#primaryimage"},"thumbnailUrl":"","articleSection":["Noticias"],"inLanguage":"es","potentialAction":[{"@type":"CommentAction","name":"Comment","target":["https:\/\/quehacerpolitico.mx\/?p=10806#respond"]}]},{"@type":"WebPage","@id":"https:\/\/quehacerpolitico.mx\/?p=10806","url":"https:\/\/quehacerpolitico.mx\/?p=10806","name":"AMLO da su primera conferencia matutina como Presidente; habla de los 43, seguridad, el NAIM\u2026 -","isPartOf":{"@id":"https:\/\/quehacerpolitico.mx\/#website"},"primaryImageOfPage":{"@id":"https:\/\/quehacerpolitico.mx\/?p=10806#primaryimage"},"image":{"@id":"https:\/\/quehacerpolitico.mx\/?p=10806#primaryimage"},"thumbnailUrl":"","datePublished":"2018-12-03T14:18:23+00:00","author":{"@id":"https:\/\/quehacerpolitico.mx\/#\/schema\/person\/496d8ad2d1d3f8036101dca7ee39e585"},"breadcrumb":{"@id":"https:\/\/quehacerpolitico.mx\/?p=10806#breadcrumb"},"inLanguage":"es","potentialAction":[{"@type":"ReadAction","target":["https:\/\/quehacerpolitico.mx\/?p=10806"]}]},{"@type":"ImageObject","inLanguage":"es","@id":"https:\/\/quehacerpolitico.mx\/?p=10806#primaryimage","url":"","contentUrl":""},{"@type":"BreadcrumbList","@id":"https:\/\/quehacerpolitico.mx\/?p=10806#breadcrumb","itemListElement":[{"@type":"ListItem","position":1,"name":"Inicio","item":"https:\/\/quehacerpolitico.mx\/"},{"@type":"ListItem","position":2,"name":"AMLO da su primera conferencia matutina como Presidente; habla de los 43, seguridad, el NAIM\u2026"}]},{"@type":"WebSite","@id":"https:\/\/quehacerpolitico.mx\/#website","url":"https:\/\/quehacerpolitico.mx\/","name":"","description":"","potentialAction":[{"@type":"SearchAction","target":{"@type":"EntryPoint","urlTemplate":"https:\/\/quehacerpolitico.mx\/?s={search_term_string}"},"query-input":{"@type":"PropertyValueSpecification","valueRequired":true,"valueName":"search_term_string"}}],"inLanguage":"es"},{"@type":"Person","@id":"https:\/\/quehacerpolitico.mx\/#\/schema\/person\/496d8ad2d1d3f8036101dca7ee39e585","name":"Redacci\u00f3n QP","image":{"@type":"ImageObject","inLanguage":"es","@id":"https:\/\/secure.gravatar.com\/avatar\/c7164ed6fdec453195284ad24a5ae5b6e1eed2b848477fa2a4787ba9adf39a41?s=96&d=mm&r=g","url":"https:\/\/secure.gravatar.com\/avatar\/c7164ed6fdec453195284ad24a5ae5b6e1eed2b848477fa2a4787ba9adf39a41?s=96&d=mm&r=g","contentUrl":"https:\/\/secure.gravatar.com\/avatar\/c7164ed6fdec453195284ad24a5ae5b6e1eed2b848477fa2a4787ba9adf39a41?s=96&d=mm&r=g","caption":"Redacci\u00f3n QP"},"url":"https:\/\/quehacerpolitico.mx\/?author=2"}]}},"featured_image_urls":{"full":"","thumbnail":"","medium":"","medium_large":"","large":"","1536x1536":"","2048x2048":"","covernews-featured":"","covernews-medium":""},"author_info":{"display_name":"Redacci\u00f3n QP","author_link":"https:\/\/quehacerpolitico.mx\/?author=2"},"category_info":"<a href=\"https:\/\/quehacerpolitico.mx\/?cat=2\" rel=\"category\">Noticias<\/a>","tag_info":"Noticias","comment_count":"0","_links":{"self":[{"href":"https:\/\/quehacerpolitico.mx\/index.php?rest_route=\/wp\/v2\/posts\/10806","targetHints":{"allow":["GET"]}}],"collection":[{"href":"https:\/\/quehacerpolitico.mx\/index.php?rest_route=\/wp\/v2\/posts"}],"about":[{"href":"https:\/\/quehacerpolitico.mx\/index.php?rest_route=\/wp\/v2\/types\/post"}],"author":[{"embeddable":true,"href":"https:\/\/quehacerpolitico.mx\/index.php?rest_route=\/wp\/v2\/users\/2"}],"replies":[{"embeddable":true,"href":"https:\/\/quehacerpolitico.mx\/index.php?rest_route=%2Fwp%2Fv2%2Fcomments&post=10806"}],"version-history":[{"count":0,"href":"https:\/\/quehacerpolitico.mx\/index.php?rest_route=\/wp\/v2\/posts\/10806\/revisions"}],"wp:featuredmedia":[{"embeddable":true,"href":"https:\/\/quehacerpolitico.mx\/index.php?rest_route=\/"}],"wp:attachment":[{"href":"https:\/\/quehacerpolitico.mx\/index.php?rest_route=%2Fwp%2Fv2%2Fmedia&parent=10806"}],"wp:term":[{"taxonomy":"category","embeddable":true,"href":"https:\/\/quehacerpolitico.mx\/index.php?rest_route=%2Fwp%2Fv2%2Fcategories&post=10806"},{"taxonomy":"post_tag","embeddable":true,"href":"https:\/\/quehacerpolitico.mx\/index.php?rest_route=%2Fwp%2Fv2%2Ftags&post=10806"}],"curies":[{"name":"wp","href":"https:\/\/api.w.org\/{rel}","templated":true}]}}