{"id":107942,"date":"2024-01-30T21:30:23","date_gmt":"2024-01-30T21:30:23","guid":{"rendered":"https:\/\/quehacerpolitico.mx\/?p=107942"},"modified":"2024-01-30T21:30:26","modified_gmt":"2024-01-30T21:30:26","slug":"la-manana-de-este-martes-fue-hallada-una-cabeza-humana-dentro-de-una-hielera-en-las-inmediaciones-del-reclusorio-norte","status":"publish","type":"post","link":"https:\/\/quehacerpolitico.mx\/?p=107942","title":{"rendered":"La ma\u00f1ana de este martes fue hallada una\u00a0cabeza\u00a0humana\u00a0dentro de una hielera en las inmediaciones del Reclusorio Norte"},"content":{"rendered":"\n<p>Por Redacci\u00f3n QP<\/p>\n\n\n\n<p>La ma\u00f1ana de este martes fue hallada una&nbsp;<strong>cabeza<\/strong>&nbsp;<strong>humana<\/strong>&nbsp;dentro de una hielera en las inmediaciones del Reclusorio Norte, ubicado en la alcald\u00eda Gustavo A. Madero.<\/p>\n\n\n\n<p>En un comunicado, la\u00a0<strong>Fiscal\u00eda<\/strong>\u00a0General de Justicia de la Ciudad de M\u00e9xico inform\u00f3 que ya lleva a cabo las indagatorias sobre el hallazgo de los restos humanos en la colonia Loma La Palma.<\/p>\n\n\n\n<p>Detall\u00f3 que aproximadamente a las 7:30 de la ma\u00f1ana, polic\u00edas preventivos fueron alertados de que en la avenida Tecnol\u00f3gico se encontraba una&nbsp;<strong>hielera<\/strong>&nbsp;en el pavimento.<\/p>\n\n\n\n<p>Al inspeccionar el contenedor, hallaron una cabeza humana, por lo que notificaron al Ministerio P\u00fablico de la Fiscal\u00eda de Investigaci\u00f3n Estrat\u00e9gica del Delito de Homicidio.<\/p>\n\n\n\n<figure class=\"wp-block-embed is-type-rich is-provider-twitter wp-block-embed-twitter\"><div class=\"wp-block-embed__wrapper\">\nhttps:\/\/twitter.com\/c4jimenez\/status\/1752363544564085099?s=46&#038;t=pyttrToxhaPYSt_hljQQ_g\n<\/div><\/figure>\n\n\n\n<p>Asimismo, pidieron la intervenci\u00f3n de la Polic\u00eda de Investigaci\u00f3n (PDI) para poder recabar datos de testigos, as\u00ed como ubicar las&nbsp;<strong>c\u00e1maras<\/strong>&nbsp;de videovigilancia del lugar.<\/p>\n\n\n\n<p>Adem\u00e1s, fueron requeridos peritos forenses para asegurar la extremidad humana y recolectar indicios de los hechos.<\/p>\n\n\n\n<p>De acuerdo con reportes de medios locales, la hielera se encontraba junto con una cartulina con un mensaje de presuntos integrantes del C\u00e1rtel Jalisco Nueva Generaci\u00f3n (<strong>CJNG<\/strong>).&nbsp;<\/p>\n\n\n\n<p>En el mensaje se acusaba a la v\u00edctima de pertenecer a un grupo delictivo que presuntamente se dedicaba, junto con&nbsp;<strong>presos<\/strong>del&nbsp;<strong>reclusorio<\/strong>, a extorsionar en dicha alcald\u00eda.<\/p>\n\n\n\n<p>Apenas este s\u00e1bado, tres personas murieron en un&nbsp;<strong>ataque<\/strong>&nbsp;<strong>armado<\/strong>&nbsp;con contra cuatro hombres que se encontraban en una calle de la colonia<strong>&nbsp;Nueva Atzacoalco<\/strong>, alcald\u00eda Gustavo A. Madero.<\/p>\n\n\n\n<p>El a\u00f1o pasado, se iniciaron 778 carpetas de investigaci\u00f3n por el delito de homicidio doloso en la Ciudad de M\u00e9xico, de acuerdo con datos del Secretariado Ejecutivo del Sistema Nacional de Seguridad P\u00fablica (SESNSP)<\/p>\n","protected":false},"excerpt":{"rendered":"<p>Por Redacci\u00f3n QP La ma\u00f1ana de este martes fue hallada una&nbsp;cabeza&nbsp;humana&nbsp;dentro de una hielera en&#8230;<\/p>\n","protected":false},"author":2,"featured_media":107943,"comment_status":"open","ping_status":"open","sticky":false,"template":"","format":"standard","meta":{"_monsterinsights_skip_tracking":false,"_monsterinsights_sitenote_active":false,"_monsterinsights_sitenote_note":"","_monsterinsights_sitenote_category":0,"footnotes":""},"categories":[55],"tags":[],"class_list":["post-107942","post","type-post","status-publish","format-standard","has-post-thumbnail","hentry","category-cdmx"],"yoast_head":"<!-- This site is optimized with the Yoast SEO plugin v27.3 - https:\/\/yoast.com\/product\/yoast-seo-wordpress\/ -->\n<title>La ma\u00f1ana de este martes fue hallada una\u00a0cabeza\u00a0humana\u00a0dentro de una hielera en las inmediaciones del Reclusorio Norte -<\/title>\n<meta name=\"robots\" content=\"index, follow, max-snippet:-1, max-image-preview:large, max-video-preview:-1\" \/>\n<link rel=\"canonical\" href=\"https:\/\/quehacerpolitico.mx\/?p=107942\" \/>\n<meta property=\"og:locale\" content=\"es_MX\" \/>\n<meta property=\"og:type\" content=\"article\" \/>\n<meta property=\"og:title\" content=\"La ma\u00f1ana de este martes fue hallada una\u00a0cabeza\u00a0humana\u00a0dentro de una hielera en las inmediaciones del Reclusorio Norte -\" \/>\n<meta property=\"og:description\" content=\"Por Redacci\u00f3n QP La ma\u00f1ana de este martes fue hallada una&nbsp;cabeza&nbsp;humana&nbsp;dentro de una hielera en...\" \/>\n<meta property=\"og:url\" content=\"https:\/\/quehacerpolitico.mx\/?p=107942\" \/>\n<meta property=\"article:published_time\" content=\"2024-01-30T21:30:23+00:00\" \/>\n<meta property=\"article:modified_time\" content=\"2024-01-30T21:30:26+00:00\" \/>\n<meta property=\"og:image\" content=\"https:\/\/quehacerpolitico.mx\/wp-content\/uploads\/2024\/01\/IMG_3404.jpeg\" \/>\n\t<meta property=\"og:image:width\" content=\"739\" \/>\n\t<meta property=\"og:image:height\" content=\"415\" \/>\n\t<meta property=\"og:image:type\" content=\"image\/jpeg\" \/>\n<meta name=\"author\" content=\"Redacci\u00f3n QP\" \/>\n<meta name=\"twitter:card\" content=\"summary_large_image\" \/>\n<meta name=\"twitter:label1\" content=\"Escrito por\" \/>\n\t<meta name=\"twitter:data1\" content=\"Redacci\u00f3n QP\" \/>\n\t<meta name=\"twitter:label2\" content=\"Tiempo de lectura\" \/>\n\t<meta name=\"twitter:data2\" content=\"2 minutos\" \/>\n<script type=\"application\/ld+json\" class=\"yoast-schema-graph\">{\"@context\":\"https:\\\/\\\/schema.org\",\"@graph\":[{\"@type\":\"Article\",\"@id\":\"https:\\\/\\\/quehacerpolitico.mx\\\/?p=107942#article\",\"isPartOf\":{\"@id\":\"https:\\\/\\\/quehacerpolitico.mx\\\/?p=107942\"},\"author\":{\"name\":\"Redacci\u00f3n QP\",\"@id\":\"https:\\\/\\\/quehacerpolitico.mx\\\/#\\\/schema\\\/person\\\/496d8ad2d1d3f8036101dca7ee39e585\"},\"headline\":\"La ma\u00f1ana de este martes fue hallada una\u00a0cabeza\u00a0humana\u00a0dentro de una hielera en las inmediaciones del Reclusorio Norte\",\"datePublished\":\"2024-01-30T21:30:23+00:00\",\"dateModified\":\"2024-01-30T21:30:26+00:00\",\"mainEntityOfPage\":{\"@id\":\"https:\\\/\\\/quehacerpolitico.mx\\\/?p=107942\"},\"wordCount\":345,\"commentCount\":0,\"image\":{\"@id\":\"https:\\\/\\\/quehacerpolitico.mx\\\/?p=107942#primaryimage\"},\"thumbnailUrl\":\"https:\\\/\\\/quehacerpolitico.mx\\\/wp-content\\\/uploads\\\/2024\\\/01\\\/IMG_3404.jpeg\",\"articleSection\":[\"CDMX\"],\"inLanguage\":\"es\",\"potentialAction\":[{\"@type\":\"CommentAction\",\"name\":\"Comment\",\"target\":[\"https:\\\/\\\/quehacerpolitico.mx\\\/?p=107942#respond\"]}]},{\"@type\":\"WebPage\",\"@id\":\"https:\\\/\\\/quehacerpolitico.mx\\\/?p=107942\",\"url\":\"https:\\\/\\\/quehacerpolitico.mx\\\/?p=107942\",\"name\":\"La ma\u00f1ana de este martes fue hallada una\u00a0cabeza\u00a0humana\u00a0dentro de una hielera en las inmediaciones del Reclusorio Norte -\",\"isPartOf\":{\"@id\":\"https:\\\/\\\/quehacerpolitico.mx\\\/#website\"},\"primaryImageOfPage\":{\"@id\":\"https:\\\/\\\/quehacerpolitico.mx\\\/?p=107942#primaryimage\"},\"image\":{\"@id\":\"https:\\\/\\\/quehacerpolitico.mx\\\/?p=107942#primaryimage\"},\"thumbnailUrl\":\"https:\\\/\\\/quehacerpolitico.mx\\\/wp-content\\\/uploads\\\/2024\\\/01\\\/IMG_3404.jpeg\",\"datePublished\":\"2024-01-30T21:30:23+00:00\",\"dateModified\":\"2024-01-30T21:30:26+00:00\",\"author\":{\"@id\":\"https:\\\/\\\/quehacerpolitico.mx\\\/#\\\/schema\\\/person\\\/496d8ad2d1d3f8036101dca7ee39e585\"},\"breadcrumb\":{\"@id\":\"https:\\\/\\\/quehacerpolitico.mx\\\/?p=107942#breadcrumb\"},\"inLanguage\":\"es\",\"potentialAction\":[{\"@type\":\"ReadAction\",\"target\":[\"https:\\\/\\\/quehacerpolitico.mx\\\/?p=107942\"]}]},{\"@type\":\"ImageObject\",\"inLanguage\":\"es\",\"@id\":\"https:\\\/\\\/quehacerpolitico.mx\\\/?p=107942#primaryimage\",\"url\":\"https:\\\/\\\/quehacerpolitico.mx\\\/wp-content\\\/uploads\\\/2024\\\/01\\\/IMG_3404.jpeg\",\"contentUrl\":\"https:\\\/\\\/quehacerpolitico.mx\\\/wp-content\\\/uploads\\\/2024\\\/01\\\/IMG_3404.jpeg\",\"width\":739,\"height\":415},{\"@type\":\"BreadcrumbList\",\"@id\":\"https:\\\/\\\/quehacerpolitico.mx\\\/?p=107942#breadcrumb\",\"itemListElement\":[{\"@type\":\"ListItem\",\"position\":1,\"name\":\"Inicio\",\"item\":\"https:\\\/\\\/quehacerpolitico.mx\\\/\"},{\"@type\":\"ListItem\",\"position\":2,\"name\":\"La ma\u00f1ana de este martes fue hallada una\u00a0cabeza\u00a0humana\u00a0dentro de una hielera en las inmediaciones del Reclusorio Norte\"}]},{\"@type\":\"WebSite\",\"@id\":\"https:\\\/\\\/quehacerpolitico.mx\\\/#website\",\"url\":\"https:\\\/\\\/quehacerpolitico.mx\\\/\",\"name\":\"\",\"description\":\"\",\"potentialAction\":[{\"@type\":\"SearchAction\",\"target\":{\"@type\":\"EntryPoint\",\"urlTemplate\":\"https:\\\/\\\/quehacerpolitico.mx\\\/?s={search_term_string}\"},\"query-input\":{\"@type\":\"PropertyValueSpecification\",\"valueRequired\":true,\"valueName\":\"search_term_string\"}}],\"inLanguage\":\"es\"},{\"@type\":\"Person\",\"@id\":\"https:\\\/\\\/quehacerpolitico.mx\\\/#\\\/schema\\\/person\\\/496d8ad2d1d3f8036101dca7ee39e585\",\"name\":\"Redacci\u00f3n QP\",\"image\":{\"@type\":\"ImageObject\",\"inLanguage\":\"es\",\"@id\":\"https:\\\/\\\/secure.gravatar.com\\\/avatar\\\/c7164ed6fdec453195284ad24a5ae5b6e1eed2b848477fa2a4787ba9adf39a41?s=96&d=mm&r=g\",\"url\":\"https:\\\/\\\/secure.gravatar.com\\\/avatar\\\/c7164ed6fdec453195284ad24a5ae5b6e1eed2b848477fa2a4787ba9adf39a41?s=96&d=mm&r=g\",\"contentUrl\":\"https:\\\/\\\/secure.gravatar.com\\\/avatar\\\/c7164ed6fdec453195284ad24a5ae5b6e1eed2b848477fa2a4787ba9adf39a41?s=96&d=mm&r=g\",\"caption\":\"Redacci\u00f3n QP\"},\"url\":\"https:\\\/\\\/quehacerpolitico.mx\\\/?author=2\"}]}<\/script>\n<!-- \/ Yoast SEO plugin. -->","yoast_head_json":{"title":"La ma\u00f1ana de este martes fue hallada una\u00a0cabeza\u00a0humana\u00a0dentro de una hielera en las inmediaciones del Reclusorio Norte -","robots":{"index":"index","follow":"follow","max-snippet":"max-snippet:-1","max-image-preview":"max-image-preview:large","max-video-preview":"max-video-preview:-1"},"canonical":"https:\/\/quehacerpolitico.mx\/?p=107942","og_locale":"es_MX","og_type":"article","og_title":"La ma\u00f1ana de este martes fue hallada una\u00a0cabeza\u00a0humana\u00a0dentro de una hielera en las inmediaciones del Reclusorio Norte -","og_description":"Por Redacci\u00f3n QP La ma\u00f1ana de este martes fue hallada una&nbsp;cabeza&nbsp;humana&nbsp;dentro de una hielera en...","og_url":"https:\/\/quehacerpolitico.mx\/?p=107942","article_published_time":"2024-01-30T21:30:23+00:00","article_modified_time":"2024-01-30T21:30:26+00:00","og_image":[{"width":739,"height":415,"url":"https:\/\/quehacerpolitico.mx\/wp-content\/uploads\/2024\/01\/IMG_3404.jpeg","type":"image\/jpeg"}],"author":"Redacci\u00f3n QP","twitter_card":"summary_large_image","twitter_misc":{"Escrito por":"Redacci\u00f3n QP","Tiempo de lectura":"2 minutos"},"schema":{"@context":"https:\/\/schema.org","@graph":[{"@type":"Article","@id":"https:\/\/quehacerpolitico.mx\/?p=107942#article","isPartOf":{"@id":"https:\/\/quehacerpolitico.mx\/?p=107942"},"author":{"name":"Redacci\u00f3n QP","@id":"https:\/\/quehacerpolitico.mx\/#\/schema\/person\/496d8ad2d1d3f8036101dca7ee39e585"},"headline":"La ma\u00f1ana de este martes fue hallada una\u00a0cabeza\u00a0humana\u00a0dentro de una hielera en las inmediaciones del Reclusorio Norte","datePublished":"2024-01-30T21:30:23+00:00","dateModified":"2024-01-30T21:30:26+00:00","mainEntityOfPage":{"@id":"https:\/\/quehacerpolitico.mx\/?p=107942"},"wordCount":345,"commentCount":0,"image":{"@id":"https:\/\/quehacerpolitico.mx\/?p=107942#primaryimage"},"thumbnailUrl":"https:\/\/quehacerpolitico.mx\/wp-content\/uploads\/2024\/01\/IMG_3404.jpeg","articleSection":["CDMX"],"inLanguage":"es","potentialAction":[{"@type":"CommentAction","name":"Comment","target":["https:\/\/quehacerpolitico.mx\/?p=107942#respond"]}]},{"@type":"WebPage","@id":"https:\/\/quehacerpolitico.mx\/?p=107942","url":"https:\/\/quehacerpolitico.mx\/?p=107942","name":"La ma\u00f1ana de este martes fue hallada una\u00a0cabeza\u00a0humana\u00a0dentro de una hielera en las inmediaciones del Reclusorio Norte -","isPartOf":{"@id":"https:\/\/quehacerpolitico.mx\/#website"},"primaryImageOfPage":{"@id":"https:\/\/quehacerpolitico.mx\/?p=107942#primaryimage"},"image":{"@id":"https:\/\/quehacerpolitico.mx\/?p=107942#primaryimage"},"thumbnailUrl":"https:\/\/quehacerpolitico.mx\/wp-content\/uploads\/2024\/01\/IMG_3404.jpeg","datePublished":"2024-01-30T21:30:23+00:00","dateModified":"2024-01-30T21:30:26+00:00","author":{"@id":"https:\/\/quehacerpolitico.mx\/#\/schema\/person\/496d8ad2d1d3f8036101dca7ee39e585"},"breadcrumb":{"@id":"https:\/\/quehacerpolitico.mx\/?p=107942#breadcrumb"},"inLanguage":"es","potentialAction":[{"@type":"ReadAction","target":["https:\/\/quehacerpolitico.mx\/?p=107942"]}]},{"@type":"ImageObject","inLanguage":"es","@id":"https:\/\/quehacerpolitico.mx\/?p=107942#primaryimage","url":"https:\/\/quehacerpolitico.mx\/wp-content\/uploads\/2024\/01\/IMG_3404.jpeg","contentUrl":"https:\/\/quehacerpolitico.mx\/wp-content\/uploads\/2024\/01\/IMG_3404.jpeg","width":739,"height":415},{"@type":"BreadcrumbList","@id":"https:\/\/quehacerpolitico.mx\/?p=107942#breadcrumb","itemListElement":[{"@type":"ListItem","position":1,"name":"Inicio","item":"https:\/\/quehacerpolitico.mx\/"},{"@type":"ListItem","position":2,"name":"La ma\u00f1ana de este martes fue hallada una\u00a0cabeza\u00a0humana\u00a0dentro de una hielera en las inmediaciones del Reclusorio Norte"}]},{"@type":"WebSite","@id":"https:\/\/quehacerpolitico.mx\/#website","url":"https:\/\/quehacerpolitico.mx\/","name":"","description":"","potentialAction":[{"@type":"SearchAction","target":{"@type":"EntryPoint","urlTemplate":"https:\/\/quehacerpolitico.mx\/?s={search_term_string}"},"query-input":{"@type":"PropertyValueSpecification","valueRequired":true,"valueName":"search_term_string"}}],"inLanguage":"es"},{"@type":"Person","@id":"https:\/\/quehacerpolitico.mx\/#\/schema\/person\/496d8ad2d1d3f8036101dca7ee39e585","name":"Redacci\u00f3n QP","image":{"@type":"ImageObject","inLanguage":"es","@id":"https:\/\/secure.gravatar.com\/avatar\/c7164ed6fdec453195284ad24a5ae5b6e1eed2b848477fa2a4787ba9adf39a41?s=96&d=mm&r=g","url":"https:\/\/secure.gravatar.com\/avatar\/c7164ed6fdec453195284ad24a5ae5b6e1eed2b848477fa2a4787ba9adf39a41?s=96&d=mm&r=g","contentUrl":"https:\/\/secure.gravatar.com\/avatar\/c7164ed6fdec453195284ad24a5ae5b6e1eed2b848477fa2a4787ba9adf39a41?s=96&d=mm&r=g","caption":"Redacci\u00f3n QP"},"url":"https:\/\/quehacerpolitico.mx\/?author=2"}]}},"featured_image_urls":{"full":["https:\/\/quehacerpolitico.mx\/wp-content\/uploads\/2024\/01\/IMG_3404.jpeg",739,415,false],"thumbnail":["https:\/\/quehacerpolitico.mx\/wp-content\/uploads\/2024\/01\/IMG_3404-150x150.jpeg",150,150,true],"medium":["https:\/\/quehacerpolitico.mx\/wp-content\/uploads\/2024\/01\/IMG_3404-300x168.jpeg",300,168,true],"medium_large":["https:\/\/quehacerpolitico.mx\/wp-content\/uploads\/2024\/01\/IMG_3404.jpeg",640,359,false],"large":["https:\/\/quehacerpolitico.mx\/wp-content\/uploads\/2024\/01\/IMG_3404.jpeg",640,359,false],"1536x1536":["https:\/\/quehacerpolitico.mx\/wp-content\/uploads\/2024\/01\/IMG_3404.jpeg",739,415,false],"2048x2048":["https:\/\/quehacerpolitico.mx\/wp-content\/uploads\/2024\/01\/IMG_3404.jpeg",739,415,false],"covernews-featured":["https:\/\/quehacerpolitico.mx\/wp-content\/uploads\/2024\/01\/IMG_3404.jpeg",739,415,false],"covernews-medium":["https:\/\/quehacerpolitico.mx\/wp-content\/uploads\/2024\/01\/IMG_3404.jpeg",540,303,false]},"author_info":{"display_name":"Redacci\u00f3n QP","author_link":"https:\/\/quehacerpolitico.mx\/?author=2"},"category_info":"<a href=\"https:\/\/quehacerpolitico.mx\/?cat=55\" rel=\"category\">CDMX<\/a>","tag_info":"CDMX","comment_count":"0","_links":{"self":[{"href":"https:\/\/quehacerpolitico.mx\/index.php?rest_route=\/wp\/v2\/posts\/107942","targetHints":{"allow":["GET"]}}],"collection":[{"href":"https:\/\/quehacerpolitico.mx\/index.php?rest_route=\/wp\/v2\/posts"}],"about":[{"href":"https:\/\/quehacerpolitico.mx\/index.php?rest_route=\/wp\/v2\/types\/post"}],"author":[{"embeddable":true,"href":"https:\/\/quehacerpolitico.mx\/index.php?rest_route=\/wp\/v2\/users\/2"}],"replies":[{"embeddable":true,"href":"https:\/\/quehacerpolitico.mx\/index.php?rest_route=%2Fwp%2Fv2%2Fcomments&post=107942"}],"version-history":[{"count":1,"href":"https:\/\/quehacerpolitico.mx\/index.php?rest_route=\/wp\/v2\/posts\/107942\/revisions"}],"predecessor-version":[{"id":107944,"href":"https:\/\/quehacerpolitico.mx\/index.php?rest_route=\/wp\/v2\/posts\/107942\/revisions\/107944"}],"wp:featuredmedia":[{"embeddable":true,"href":"https:\/\/quehacerpolitico.mx\/index.php?rest_route=\/wp\/v2\/media\/107943"}],"wp:attachment":[{"href":"https:\/\/quehacerpolitico.mx\/index.php?rest_route=%2Fwp%2Fv2%2Fmedia&parent=107942"}],"wp:term":[{"taxonomy":"category","embeddable":true,"href":"https:\/\/quehacerpolitico.mx\/index.php?rest_route=%2Fwp%2Fv2%2Fcategories&post=107942"},{"taxonomy":"post_tag","embeddable":true,"href":"https:\/\/quehacerpolitico.mx\/index.php?rest_route=%2Fwp%2Fv2%2Ftags&post=107942"}],"curies":[{"name":"wp","href":"https:\/\/api.w.org\/{rel}","templated":true}]}}