{"id":107926,"date":"2024-01-29T23:00:26","date_gmt":"2024-01-29T23:00:26","guid":{"rendered":"https:\/\/quehacerpolitico.mx\/?p=107926"},"modified":"2024-01-29T23:00:28","modified_gmt":"2024-01-29T23:00:28","slug":"xochitl-galvez-precandidata-presidencial-de-la-coalicion-fuerza-y-corazon-por-mexico-estreno-hoy-lunes-29-de-enero-las-conferencias-de-la-verdad","status":"publish","type":"post","link":"https:\/\/quehacerpolitico.mx\/?p=107926","title":{"rendered":"X\u00f3chitl G\u00e1lvez, precandidata presidencial de la coalici\u00f3n\u00a0Fuerza y Coraz\u00f3n por M\u00e9xico\u00a0estren\u00f3 hoy lunes 29 de enero las \u201cConferencias de la verdad\u201d"},"content":{"rendered":"\n<p>Por Redacci\u00f3n QP<\/p>\n\n\n\n<p><strong>X\u00f3chitl G\u00e1lvez<\/strong>, precandidata presidencial de la coalici\u00f3n<strong>&nbsp;Fuerza y Coraz\u00f3n por M\u00e9xico<\/strong>&nbsp;(PAN-PRI-PRD), estren\u00f3 hoy lunes 29 de enero las \u201cConferencias de la verdad\u201d, similares al presidente Andr\u00e9s Manuel L\u00f3pez Obrador.<\/p>\n\n\n\n<p>X\u00f3chitl G\u00e1lvez&nbsp; asegur\u00f3 que debatir\u00e1 los datos aportados por el Gobierno federal, adem\u00e1s de \u2018desmentir\u2019 las fake news.<\/p>\n\n\n\n<p>En el primer dato que brind\u00f3, asegur\u00f3 que este\u00a0<strong>es el sexenio m\u00e1s violento en la historia del pa\u00eds<\/strong>. Se\u00f1al\u00f3 que durante el sexenio de Felipe Calder\u00f3n se registr\u00f3 un promedio de 52 homicidios diarios; durante el de Enrique Pe\u00f1a Nieto, 66 y durante los primeros cinco a\u00f1os de gobierno de AMLO, 93.<\/p>\n\n\n\n<p><em>\u201cEstos datos comprueban que en materia de seguridad,<\/em><strong><em>&nbsp;M\u00e9xico est\u00e1 peor que nunca\u201d<\/em>,<\/strong>&nbsp;afirm\u00f3.<\/p>\n\n\n\n<p>G\u00e1lvez reiter\u00f3 postura en contra de mando militar de la Guardia Nacional, pero se\u00f1al\u00f3 que est\u00e1 a favor del fortalecimiento de polic\u00edas municipales.<\/p>\n\n\n\n<p><em>\u201cNo hay manera que polic\u00edas defiendan a ciudadanos si no hay piso m\u00ednimo de protecci\u00f3n\u201d,<\/em>\u00a0indic\u00f3.<\/p>\n\n\n\n<p>Por otro lado, &nbsp;G\u00e1lvez celebr\u00f3 subida de seis puntos en encuestas. Acus\u00f3 embestida por parte de portales de noticias afines al gobierno de L\u00f3pez Obrador.<\/p>\n\n\n\n<p><em>\u201cMillones de pesos pagados en portales para difamarme, agredirme, ridiculizarme, nadie dice de d\u00f3nde viene ese dinero y aun as\u00ed reflejo un crecimiento\u201d,<\/em>&nbsp;coment\u00f3.<\/p>\n\n\n\n<p>Tras las declaraciones de L\u00f3pez Obrador sobre sus conferencias matutinas, G\u00e1lvez afirm\u00f3 que\u00a0<strong>\u00e9l es \u00fanico hombre que se levanta temprano para \u201cfregar a los mexicanos\u201d.<\/strong><\/p>\n\n\n\n<figure class=\"wp-block-embed is-type-rich is-provider-twitter wp-block-embed-twitter\"><div class=\"wp-block-embed__wrapper\">\n<blockquote class=\"twitter-tweet\" data-width=\"550\" data-dnt=\"true\"><p lang=\"es\" dir=\"ltr\">\ud83d\udd34<a href=\"https:\/\/twitter.com\/hashtag\/EnVivo?src=hash&amp;ref_src=twsrc%5Etfw\">#EnVivo<\/a> <a href=\"https:\/\/twitter.com\/XochitlGalvez?ref_src=twsrc%5Etfw\">@XochitlGalvez<\/a> Anuncio las Conferencias de la Verdad<a href=\"https:\/\/t.co\/UGJWY7mi81\">https:\/\/t.co\/UGJWY7mi81<\/a><\/p>&mdash; Quehacer Pol\u00edtico (@QueHacerPolitic) <a href=\"https:\/\/twitter.com\/QueHacerPolitic\/status\/1752033691272929478?ref_src=twsrc%5Etfw\">January 29, 2024<\/a><\/blockquote><script async src=\"https:\/\/platform.twitter.com\/widgets.js\" charset=\"utf-8\"><\/script>\n<\/div><\/figure>\n","protected":false},"excerpt":{"rendered":"<p>Por Redacci\u00f3n QP X\u00f3chitl G\u00e1lvez, precandidata presidencial de la coalici\u00f3n&nbsp;Fuerza y Coraz\u00f3n por M\u00e9xico&nbsp;(PAN-PRI-PRD), estren\u00f3&#8230;<\/p>\n","protected":false},"author":2,"featured_media":107927,"comment_status":"open","ping_status":"open","sticky":false,"template":"","format":"standard","meta":{"_monsterinsights_skip_tracking":false,"_monsterinsights_sitenote_active":false,"_monsterinsights_sitenote_note":"","_monsterinsights_sitenote_category":0,"footnotes":""},"categories":[2],"tags":[],"class_list":["post-107926","post","type-post","status-publish","format-standard","has-post-thumbnail","hentry","category-noticias"],"yoast_head":"<!-- This site is optimized with the Yoast SEO plugin v27.3 - https:\/\/yoast.com\/product\/yoast-seo-wordpress\/ -->\n<title>X\u00f3chitl G\u00e1lvez, precandidata presidencial de la coalici\u00f3n\u00a0Fuerza y Coraz\u00f3n por M\u00e9xico\u00a0estren\u00f3 hoy lunes 29 de enero las \u201cConferencias de la verdad\u201d -<\/title>\n<meta name=\"robots\" content=\"index, follow, max-snippet:-1, max-image-preview:large, max-video-preview:-1\" \/>\n<link rel=\"canonical\" href=\"https:\/\/quehacerpolitico.mx\/?p=107926\" \/>\n<meta property=\"og:locale\" content=\"es_MX\" \/>\n<meta property=\"og:type\" content=\"article\" \/>\n<meta property=\"og:title\" content=\"X\u00f3chitl G\u00e1lvez, precandidata presidencial de la coalici\u00f3n\u00a0Fuerza y Coraz\u00f3n por M\u00e9xico\u00a0estren\u00f3 hoy lunes 29 de enero las \u201cConferencias de la verdad\u201d -\" \/>\n<meta property=\"og:description\" content=\"Por Redacci\u00f3n QP X\u00f3chitl G\u00e1lvez, precandidata presidencial de la coalici\u00f3n&nbsp;Fuerza y Coraz\u00f3n por M\u00e9xico&nbsp;(PAN-PRI-PRD), estren\u00f3...\" \/>\n<meta property=\"og:url\" content=\"https:\/\/quehacerpolitico.mx\/?p=107926\" \/>\n<meta property=\"article:published_time\" content=\"2024-01-29T23:00:26+00:00\" \/>\n<meta property=\"article:modified_time\" content=\"2024-01-29T23:00:28+00:00\" \/>\n<meta property=\"og:image\" content=\"https:\/\/quehacerpolitico.mx\/wp-content\/uploads\/2024\/01\/IMG_3394.jpeg\" \/>\n\t<meta property=\"og:image:width\" content=\"2048\" \/>\n\t<meta property=\"og:image:height\" content=\"1364\" \/>\n\t<meta property=\"og:image:type\" content=\"image\/jpeg\" \/>\n<meta name=\"author\" content=\"Redacci\u00f3n QP\" \/>\n<meta name=\"twitter:card\" content=\"summary_large_image\" \/>\n<meta name=\"twitter:label1\" content=\"Escrito por\" \/>\n\t<meta name=\"twitter:data1\" content=\"Redacci\u00f3n QP\" \/>\n\t<meta name=\"twitter:label2\" content=\"Tiempo de lectura\" \/>\n\t<meta name=\"twitter:data2\" content=\"1 minuto\" \/>\n<script type=\"application\/ld+json\" class=\"yoast-schema-graph\">{\"@context\":\"https:\\\/\\\/schema.org\",\"@graph\":[{\"@type\":\"Article\",\"@id\":\"https:\\\/\\\/quehacerpolitico.mx\\\/?p=107926#article\",\"isPartOf\":{\"@id\":\"https:\\\/\\\/quehacerpolitico.mx\\\/?p=107926\"},\"author\":{\"name\":\"Redacci\u00f3n QP\",\"@id\":\"https:\\\/\\\/quehacerpolitico.mx\\\/#\\\/schema\\\/person\\\/496d8ad2d1d3f8036101dca7ee39e585\"},\"headline\":\"X\u00f3chitl G\u00e1lvez, precandidata presidencial de la coalici\u00f3n\u00a0Fuerza y Coraz\u00f3n por M\u00e9xico\u00a0estren\u00f3 hoy lunes 29 de enero las \u201cConferencias de la verdad\u201d\",\"datePublished\":\"2024-01-29T23:00:26+00:00\",\"dateModified\":\"2024-01-29T23:00:28+00:00\",\"mainEntityOfPage\":{\"@id\":\"https:\\\/\\\/quehacerpolitico.mx\\\/?p=107926\"},\"wordCount\":303,\"commentCount\":0,\"image\":{\"@id\":\"https:\\\/\\\/quehacerpolitico.mx\\\/?p=107926#primaryimage\"},\"thumbnailUrl\":\"https:\\\/\\\/quehacerpolitico.mx\\\/wp-content\\\/uploads\\\/2024\\\/01\\\/IMG_3394.jpeg\",\"articleSection\":[\"Noticias\"],\"inLanguage\":\"es\",\"potentialAction\":[{\"@type\":\"CommentAction\",\"name\":\"Comment\",\"target\":[\"https:\\\/\\\/quehacerpolitico.mx\\\/?p=107926#respond\"]}]},{\"@type\":\"WebPage\",\"@id\":\"https:\\\/\\\/quehacerpolitico.mx\\\/?p=107926\",\"url\":\"https:\\\/\\\/quehacerpolitico.mx\\\/?p=107926\",\"name\":\"X\u00f3chitl G\u00e1lvez, precandidata presidencial de la coalici\u00f3n\u00a0Fuerza y Coraz\u00f3n por M\u00e9xico\u00a0estren\u00f3 hoy lunes 29 de enero las \u201cConferencias de la verdad\u201d -\",\"isPartOf\":{\"@id\":\"https:\\\/\\\/quehacerpolitico.mx\\\/#website\"},\"primaryImageOfPage\":{\"@id\":\"https:\\\/\\\/quehacerpolitico.mx\\\/?p=107926#primaryimage\"},\"image\":{\"@id\":\"https:\\\/\\\/quehacerpolitico.mx\\\/?p=107926#primaryimage\"},\"thumbnailUrl\":\"https:\\\/\\\/quehacerpolitico.mx\\\/wp-content\\\/uploads\\\/2024\\\/01\\\/IMG_3394.jpeg\",\"datePublished\":\"2024-01-29T23:00:26+00:00\",\"dateModified\":\"2024-01-29T23:00:28+00:00\",\"author\":{\"@id\":\"https:\\\/\\\/quehacerpolitico.mx\\\/#\\\/schema\\\/person\\\/496d8ad2d1d3f8036101dca7ee39e585\"},\"breadcrumb\":{\"@id\":\"https:\\\/\\\/quehacerpolitico.mx\\\/?p=107926#breadcrumb\"},\"inLanguage\":\"es\",\"potentialAction\":[{\"@type\":\"ReadAction\",\"target\":[\"https:\\\/\\\/quehacerpolitico.mx\\\/?p=107926\"]}]},{\"@type\":\"ImageObject\",\"inLanguage\":\"es\",\"@id\":\"https:\\\/\\\/quehacerpolitico.mx\\\/?p=107926#primaryimage\",\"url\":\"https:\\\/\\\/quehacerpolitico.mx\\\/wp-content\\\/uploads\\\/2024\\\/01\\\/IMG_3394.jpeg\",\"contentUrl\":\"https:\\\/\\\/quehacerpolitico.mx\\\/wp-content\\\/uploads\\\/2024\\\/01\\\/IMG_3394.jpeg\",\"width\":2048,\"height\":1364},{\"@type\":\"BreadcrumbList\",\"@id\":\"https:\\\/\\\/quehacerpolitico.mx\\\/?p=107926#breadcrumb\",\"itemListElement\":[{\"@type\":\"ListItem\",\"position\":1,\"name\":\"Inicio\",\"item\":\"https:\\\/\\\/quehacerpolitico.mx\\\/\"},{\"@type\":\"ListItem\",\"position\":2,\"name\":\"X\u00f3chitl G\u00e1lvez, precandidata presidencial de la coalici\u00f3n\u00a0Fuerza y Coraz\u00f3n por M\u00e9xico\u00a0estren\u00f3 hoy lunes 29 de enero las \u201cConferencias de la verdad\u201d\"}]},{\"@type\":\"WebSite\",\"@id\":\"https:\\\/\\\/quehacerpolitico.mx\\\/#website\",\"url\":\"https:\\\/\\\/quehacerpolitico.mx\\\/\",\"name\":\"\",\"description\":\"\",\"potentialAction\":[{\"@type\":\"SearchAction\",\"target\":{\"@type\":\"EntryPoint\",\"urlTemplate\":\"https:\\\/\\\/quehacerpolitico.mx\\\/?s={search_term_string}\"},\"query-input\":{\"@type\":\"PropertyValueSpecification\",\"valueRequired\":true,\"valueName\":\"search_term_string\"}}],\"inLanguage\":\"es\"},{\"@type\":\"Person\",\"@id\":\"https:\\\/\\\/quehacerpolitico.mx\\\/#\\\/schema\\\/person\\\/496d8ad2d1d3f8036101dca7ee39e585\",\"name\":\"Redacci\u00f3n QP\",\"image\":{\"@type\":\"ImageObject\",\"inLanguage\":\"es\",\"@id\":\"https:\\\/\\\/secure.gravatar.com\\\/avatar\\\/c7164ed6fdec453195284ad24a5ae5b6e1eed2b848477fa2a4787ba9adf39a41?s=96&d=mm&r=g\",\"url\":\"https:\\\/\\\/secure.gravatar.com\\\/avatar\\\/c7164ed6fdec453195284ad24a5ae5b6e1eed2b848477fa2a4787ba9adf39a41?s=96&d=mm&r=g\",\"contentUrl\":\"https:\\\/\\\/secure.gravatar.com\\\/avatar\\\/c7164ed6fdec453195284ad24a5ae5b6e1eed2b848477fa2a4787ba9adf39a41?s=96&d=mm&r=g\",\"caption\":\"Redacci\u00f3n QP\"},\"url\":\"https:\\\/\\\/quehacerpolitico.mx\\\/?author=2\"}]}<\/script>\n<!-- \/ Yoast SEO plugin. -->","yoast_head_json":{"title":"X\u00f3chitl G\u00e1lvez, precandidata presidencial de la coalici\u00f3n\u00a0Fuerza y Coraz\u00f3n por M\u00e9xico\u00a0estren\u00f3 hoy lunes 29 de enero las \u201cConferencias de la verdad\u201d -","robots":{"index":"index","follow":"follow","max-snippet":"max-snippet:-1","max-image-preview":"max-image-preview:large","max-video-preview":"max-video-preview:-1"},"canonical":"https:\/\/quehacerpolitico.mx\/?p=107926","og_locale":"es_MX","og_type":"article","og_title":"X\u00f3chitl G\u00e1lvez, precandidata presidencial de la coalici\u00f3n\u00a0Fuerza y Coraz\u00f3n por M\u00e9xico\u00a0estren\u00f3 hoy lunes 29 de enero las \u201cConferencias de la verdad\u201d -","og_description":"Por Redacci\u00f3n QP X\u00f3chitl G\u00e1lvez, precandidata presidencial de la coalici\u00f3n&nbsp;Fuerza y Coraz\u00f3n por M\u00e9xico&nbsp;(PAN-PRI-PRD), estren\u00f3...","og_url":"https:\/\/quehacerpolitico.mx\/?p=107926","article_published_time":"2024-01-29T23:00:26+00:00","article_modified_time":"2024-01-29T23:00:28+00:00","og_image":[{"width":2048,"height":1364,"url":"https:\/\/quehacerpolitico.mx\/wp-content\/uploads\/2024\/01\/IMG_3394.jpeg","type":"image\/jpeg"}],"author":"Redacci\u00f3n QP","twitter_card":"summary_large_image","twitter_misc":{"Escrito por":"Redacci\u00f3n QP","Tiempo de lectura":"1 minuto"},"schema":{"@context":"https:\/\/schema.org","@graph":[{"@type":"Article","@id":"https:\/\/quehacerpolitico.mx\/?p=107926#article","isPartOf":{"@id":"https:\/\/quehacerpolitico.mx\/?p=107926"},"author":{"name":"Redacci\u00f3n QP","@id":"https:\/\/quehacerpolitico.mx\/#\/schema\/person\/496d8ad2d1d3f8036101dca7ee39e585"},"headline":"X\u00f3chitl G\u00e1lvez, precandidata presidencial de la coalici\u00f3n\u00a0Fuerza y Coraz\u00f3n por M\u00e9xico\u00a0estren\u00f3 hoy lunes 29 de enero las \u201cConferencias de la verdad\u201d","datePublished":"2024-01-29T23:00:26+00:00","dateModified":"2024-01-29T23:00:28+00:00","mainEntityOfPage":{"@id":"https:\/\/quehacerpolitico.mx\/?p=107926"},"wordCount":303,"commentCount":0,"image":{"@id":"https:\/\/quehacerpolitico.mx\/?p=107926#primaryimage"},"thumbnailUrl":"https:\/\/quehacerpolitico.mx\/wp-content\/uploads\/2024\/01\/IMG_3394.jpeg","articleSection":["Noticias"],"inLanguage":"es","potentialAction":[{"@type":"CommentAction","name":"Comment","target":["https:\/\/quehacerpolitico.mx\/?p=107926#respond"]}]},{"@type":"WebPage","@id":"https:\/\/quehacerpolitico.mx\/?p=107926","url":"https:\/\/quehacerpolitico.mx\/?p=107926","name":"X\u00f3chitl G\u00e1lvez, precandidata presidencial de la coalici\u00f3n\u00a0Fuerza y Coraz\u00f3n por M\u00e9xico\u00a0estren\u00f3 hoy lunes 29 de enero las \u201cConferencias de la verdad\u201d -","isPartOf":{"@id":"https:\/\/quehacerpolitico.mx\/#website"},"primaryImageOfPage":{"@id":"https:\/\/quehacerpolitico.mx\/?p=107926#primaryimage"},"image":{"@id":"https:\/\/quehacerpolitico.mx\/?p=107926#primaryimage"},"thumbnailUrl":"https:\/\/quehacerpolitico.mx\/wp-content\/uploads\/2024\/01\/IMG_3394.jpeg","datePublished":"2024-01-29T23:00:26+00:00","dateModified":"2024-01-29T23:00:28+00:00","author":{"@id":"https:\/\/quehacerpolitico.mx\/#\/schema\/person\/496d8ad2d1d3f8036101dca7ee39e585"},"breadcrumb":{"@id":"https:\/\/quehacerpolitico.mx\/?p=107926#breadcrumb"},"inLanguage":"es","potentialAction":[{"@type":"ReadAction","target":["https:\/\/quehacerpolitico.mx\/?p=107926"]}]},{"@type":"ImageObject","inLanguage":"es","@id":"https:\/\/quehacerpolitico.mx\/?p=107926#primaryimage","url":"https:\/\/quehacerpolitico.mx\/wp-content\/uploads\/2024\/01\/IMG_3394.jpeg","contentUrl":"https:\/\/quehacerpolitico.mx\/wp-content\/uploads\/2024\/01\/IMG_3394.jpeg","width":2048,"height":1364},{"@type":"BreadcrumbList","@id":"https:\/\/quehacerpolitico.mx\/?p=107926#breadcrumb","itemListElement":[{"@type":"ListItem","position":1,"name":"Inicio","item":"https:\/\/quehacerpolitico.mx\/"},{"@type":"ListItem","position":2,"name":"X\u00f3chitl G\u00e1lvez, precandidata presidencial de la coalici\u00f3n\u00a0Fuerza y Coraz\u00f3n por M\u00e9xico\u00a0estren\u00f3 hoy lunes 29 de enero las \u201cConferencias de la verdad\u201d"}]},{"@type":"WebSite","@id":"https:\/\/quehacerpolitico.mx\/#website","url":"https:\/\/quehacerpolitico.mx\/","name":"","description":"","potentialAction":[{"@type":"SearchAction","target":{"@type":"EntryPoint","urlTemplate":"https:\/\/quehacerpolitico.mx\/?s={search_term_string}"},"query-input":{"@type":"PropertyValueSpecification","valueRequired":true,"valueName":"search_term_string"}}],"inLanguage":"es"},{"@type":"Person","@id":"https:\/\/quehacerpolitico.mx\/#\/schema\/person\/496d8ad2d1d3f8036101dca7ee39e585","name":"Redacci\u00f3n QP","image":{"@type":"ImageObject","inLanguage":"es","@id":"https:\/\/secure.gravatar.com\/avatar\/c7164ed6fdec453195284ad24a5ae5b6e1eed2b848477fa2a4787ba9adf39a41?s=96&d=mm&r=g","url":"https:\/\/secure.gravatar.com\/avatar\/c7164ed6fdec453195284ad24a5ae5b6e1eed2b848477fa2a4787ba9adf39a41?s=96&d=mm&r=g","contentUrl":"https:\/\/secure.gravatar.com\/avatar\/c7164ed6fdec453195284ad24a5ae5b6e1eed2b848477fa2a4787ba9adf39a41?s=96&d=mm&r=g","caption":"Redacci\u00f3n QP"},"url":"https:\/\/quehacerpolitico.mx\/?author=2"}]}},"featured_image_urls":{"full":["https:\/\/quehacerpolitico.mx\/wp-content\/uploads\/2024\/01\/IMG_3394.jpeg",2048,1364,false],"thumbnail":["https:\/\/quehacerpolitico.mx\/wp-content\/uploads\/2024\/01\/IMG_3394-150x150.jpeg",150,150,true],"medium":["https:\/\/quehacerpolitico.mx\/wp-content\/uploads\/2024\/01\/IMG_3394-300x200.jpeg",300,200,true],"medium_large":["https:\/\/quehacerpolitico.mx\/wp-content\/uploads\/2024\/01\/IMG_3394-768x512.jpeg",640,427,true],"large":["https:\/\/quehacerpolitico.mx\/wp-content\/uploads\/2024\/01\/IMG_3394-1024x682.jpeg",640,426,true],"1536x1536":["https:\/\/quehacerpolitico.mx\/wp-content\/uploads\/2024\/01\/IMG_3394-1536x1023.jpeg",1536,1023,true],"2048x2048":["https:\/\/quehacerpolitico.mx\/wp-content\/uploads\/2024\/01\/IMG_3394.jpeg",2048,1364,false],"covernews-featured":["https:\/\/quehacerpolitico.mx\/wp-content\/uploads\/2024\/01\/IMG_3394.jpeg",1024,682,false],"covernews-medium":["https:\/\/quehacerpolitico.mx\/wp-content\/uploads\/2024\/01\/IMG_3394.jpeg",510,340,false]},"author_info":{"display_name":"Redacci\u00f3n QP","author_link":"https:\/\/quehacerpolitico.mx\/?author=2"},"category_info":"<a href=\"https:\/\/quehacerpolitico.mx\/?cat=2\" rel=\"category\">Noticias<\/a>","tag_info":"Noticias","comment_count":"0","_links":{"self":[{"href":"https:\/\/quehacerpolitico.mx\/index.php?rest_route=\/wp\/v2\/posts\/107926","targetHints":{"allow":["GET"]}}],"collection":[{"href":"https:\/\/quehacerpolitico.mx\/index.php?rest_route=\/wp\/v2\/posts"}],"about":[{"href":"https:\/\/quehacerpolitico.mx\/index.php?rest_route=\/wp\/v2\/types\/post"}],"author":[{"embeddable":true,"href":"https:\/\/quehacerpolitico.mx\/index.php?rest_route=\/wp\/v2\/users\/2"}],"replies":[{"embeddable":true,"href":"https:\/\/quehacerpolitico.mx\/index.php?rest_route=%2Fwp%2Fv2%2Fcomments&post=107926"}],"version-history":[{"count":1,"href":"https:\/\/quehacerpolitico.mx\/index.php?rest_route=\/wp\/v2\/posts\/107926\/revisions"}],"predecessor-version":[{"id":107928,"href":"https:\/\/quehacerpolitico.mx\/index.php?rest_route=\/wp\/v2\/posts\/107926\/revisions\/107928"}],"wp:featuredmedia":[{"embeddable":true,"href":"https:\/\/quehacerpolitico.mx\/index.php?rest_route=\/wp\/v2\/media\/107927"}],"wp:attachment":[{"href":"https:\/\/quehacerpolitico.mx\/index.php?rest_route=%2Fwp%2Fv2%2Fmedia&parent=107926"}],"wp:term":[{"taxonomy":"category","embeddable":true,"href":"https:\/\/quehacerpolitico.mx\/index.php?rest_route=%2Fwp%2Fv2%2Fcategories&post=107926"},{"taxonomy":"post_tag","embeddable":true,"href":"https:\/\/quehacerpolitico.mx\/index.php?rest_route=%2Fwp%2Fv2%2Ftags&post=107926"}],"curies":[{"name":"wp","href":"https:\/\/api.w.org\/{rel}","templated":true}]}}