{"id":107905,"date":"2024-01-29T17:36:14","date_gmt":"2024-01-29T17:36:14","guid":{"rendered":"https:\/\/quehacerpolitico.mx\/?p=107905"},"modified":"2024-01-29T17:36:18","modified_gmt":"2024-01-29T17:36:18","slug":"la-propuesta-de-biden-de-cerrar-la-frontera-con-mexico-es-demagogica-y-se-debe-a-las-campanas-electorales-lopez-obrador","status":"publish","type":"post","link":"https:\/\/quehacerpolitico.mx\/?p=107905","title":{"rendered":"La propuesta de Biden de cerrar la frontera con M\u00e9xico es demag\u00f3gica y se debe a las campa\u00f1as electorales: L\u00f3pez Obrador"},"content":{"rendered":"\n<p>Por Redacci\u00f3n QP<\/p>\n\n\n\n<p>El presidente de M\u00e9xico,&nbsp;<strong>Andr\u00e9s Manuel L\u00f3pez Obrador<\/strong>, consider\u00f3 este lunes como&nbsp;<strong>demag\u00f3gica<\/strong>&nbsp;la postura del mandatario estadounidense,&nbsp;<strong>Joe Biden<\/strong>, de cerrar la frontera con&nbsp;<strong>M\u00e9xico<\/strong>&nbsp;si hay un exceso en el flujo migratorio.<\/p>\n\n\n\n<p>\u201cEs muy demag\u00f3gica la postura: vamos a cerrar las fronteras. S\u00ed, por ejemplo, lo respeto mucho al presidente\u00a0<strong>Biden<\/strong>, se ha portado muy bien, antes tambi\u00e9n lo hizo el presidente\u00a0<strong>Trump<\/strong>, entendemos las circunstancias, pero imag\u00ednense cerrar la frontera\u201d, declar\u00f3 en su conferencia matutina.<\/p>\n\n\n\n<figure class=\"wp-block-embed is-type-video is-provider-youtube wp-block-embed-youtube wp-embed-aspect-16-9 wp-has-aspect-ratio\"><div class=\"wp-block-embed__wrapper\">\n<iframe loading=\"lazy\" title=\"AMLO refuta plan de Biden en frontera\" width=\"640\" height=\"360\" src=\"https:\/\/www.youtube.com\/embed\/0pHyltOnkUA?feature=oembed\" frameborder=\"0\" allow=\"accelerometer; autoplay; clipboard-write; encrypted-media; gyroscope; picture-in-picture; web-share\" referrerpolicy=\"strict-origin-when-cross-origin\" allowfullscreen><\/iframe>\n<\/div><\/figure>\n\n\n\n<p><strong>L\u00f3pez Obrador<\/strong>&nbsp;expres\u00f3 que, \u201ccon un poco de luz en la frente, no se podr\u00eda pensar que esa es una soluci\u00f3n\u201d por el c<strong>omercio<\/strong>.<\/p>\n\n\n\n<p>\u201cImag\u00ednense el nivel de integraci\u00f3n econ\u00f3mica comercial, somos los principales socios comerciales de&nbsp;<strong>Estados Unidos<\/strong>&nbsp;en el mundo. \u00bfC\u00f3mo se va a cerrar la frontera? Es como lo de los muros\u201d, expuso.<\/p>\n\n\n\n<p>El mandatario federal se refiri\u00f3 a las declaraciones del fin de semana de&nbsp;<strong>Biden<\/strong>, quien prometi\u00f3 que \u201ccerrar\u00eda la frontera ahora mismo y la arreglar\u00eda r\u00e1pidamente\u201d, si el&nbsp;<strong>Congreso<\/strong>&nbsp;aprueba su acuerdo fronterizo, adem\u00e1s de que tambi\u00e9n desbloquear\u00eda la ayuda militar a&nbsp;<strong>Ucrania<\/strong>.<\/p>\n\n\n\n<p>El acuerdo permitir\u00eda que\u00a0<strong>Estados Unidos<\/strong> cierre su frontera con\u00a0<strong>M\u00e9xico\u00a0<\/strong>si 5 mil migrantes cruzan de forma irregular en un d\u00eda.<\/p>\n\n\n\n<p>L\u00f3pez Obrador, quien el 16 de enero respondi\u00f3 que no se puede cerrar la<strong>&nbsp;frontera<\/strong>&nbsp;tras una propuesta similar de&nbsp;<strong>Trump<\/strong>, argument\u00f3 que, por la temporada electoral, \u201ctanto los del Partido Republicano y los del Partido Dem\u00f3crata est\u00e1n sacando de las gavetas el archivo de la&nbsp;<strong>migraci\u00f3n<\/strong>&nbsp;y del narcotr\u00e1fico\u201d.<\/p>\n\n\n\n<p>\u201cPorque hay campa\u00f1as, entonces siempre buscan culpar a los&nbsp;<strong>migrantes<\/strong>, culpar a los mexicanos, les gusta mucho ver la paja en el ajeno y no la viga en el propio\u201d, critic\u00f3.<\/p>\n\n\n\n<p>Pese a que los dos principales partidos en&nbsp;<strong>Estados Unidos&nbsp;<\/strong>ahora coinciden en cerrar la frontera, L\u00f3pez Obrador pidi\u00f3 no alarmarse al considerar que la realidad cambiar\u00e1 tras las elecciones de noviembre.<\/p>\n\n\n\n<p>\u201c\u00bfPor qu\u00e9 estas propuestas? Porque hay&nbsp;<strong>elecciones<\/strong>, ya una vez que pasen las elecciones es otra la agenda, pero tenemos los mexicanos que conocer estos antecedentes, pol\u00edtica es tiempo, estamos en una&nbsp;<strong>temporada<\/strong>especial en M\u00e9xico y en&nbsp;<strong>Estados Unidos<\/strong>, todo esto para que no nos alarmemos, actuemos con tranquilidad\u201d, coment\u00f3.<\/p>\n\n\n\n<p>La presi\u00f3n se elev\u00f3 despu\u00e9s de que las autoridades estadounidenses detuvieron a m\u00e1s de 300 mil migrantes y solicitantes de asilo en la frontera con\u00a0<strong>M\u00e9xico\u00a0<\/strong>en diciembre, una cifra r\u00e9cord en los \u00faltimos tres a\u00f1os, divulg\u00f3 el viernes la Oficina de Aduanas y Control Fronterizo (<strong>CBP<\/strong>)<\/p>\n","protected":false},"excerpt":{"rendered":"<p>Por Redacci\u00f3n QP El presidente de M\u00e9xico,&nbsp;Andr\u00e9s Manuel L\u00f3pez Obrador, consider\u00f3 este lunes como&nbsp;demag\u00f3gica&nbsp;la postura&#8230;<\/p>\n","protected":false},"author":2,"featured_media":107906,"comment_status":"open","ping_status":"open","sticky":false,"template":"","format":"standard","meta":{"_monsterinsights_skip_tracking":false,"_monsterinsights_sitenote_active":false,"_monsterinsights_sitenote_note":"","_monsterinsights_sitenote_category":0,"footnotes":""},"categories":[2],"tags":[],"class_list":["post-107905","post","type-post","status-publish","format-standard","has-post-thumbnail","hentry","category-noticias"],"yoast_head":"<!-- This site is optimized with the Yoast SEO plugin v27.3 - https:\/\/yoast.com\/product\/yoast-seo-wordpress\/ -->\n<title>La propuesta de Biden de cerrar la frontera con M\u00e9xico es demag\u00f3gica y se debe a las campa\u00f1as electorales: L\u00f3pez Obrador -<\/title>\n<meta name=\"robots\" content=\"index, follow, max-snippet:-1, max-image-preview:large, max-video-preview:-1\" \/>\n<link rel=\"canonical\" href=\"https:\/\/quehacerpolitico.mx\/?p=107905\" \/>\n<meta property=\"og:locale\" content=\"es_MX\" \/>\n<meta property=\"og:type\" content=\"article\" \/>\n<meta property=\"og:title\" content=\"La propuesta de Biden de cerrar la frontera con M\u00e9xico es demag\u00f3gica y se debe a las campa\u00f1as electorales: L\u00f3pez Obrador -\" \/>\n<meta property=\"og:description\" content=\"Por Redacci\u00f3n QP El presidente de M\u00e9xico,&nbsp;Andr\u00e9s Manuel L\u00f3pez Obrador, consider\u00f3 este lunes como&nbsp;demag\u00f3gica&nbsp;la postura...\" \/>\n<meta property=\"og:url\" content=\"https:\/\/quehacerpolitico.mx\/?p=107905\" \/>\n<meta property=\"article:published_time\" content=\"2024-01-29T17:36:14+00:00\" \/>\n<meta property=\"article:modified_time\" content=\"2024-01-29T17:36:18+00:00\" \/>\n<meta property=\"og:image\" content=\"https:\/\/quehacerpolitico.mx\/wp-content\/uploads\/2024\/01\/IMG_3382.jpeg\" \/>\n\t<meta property=\"og:image:width\" content=\"739\" \/>\n\t<meta property=\"og:image:height\" content=\"415\" \/>\n\t<meta property=\"og:image:type\" content=\"image\/jpeg\" \/>\n<meta name=\"author\" content=\"Redacci\u00f3n QP\" \/>\n<meta name=\"twitter:card\" content=\"summary_large_image\" \/>\n<meta name=\"twitter:label1\" content=\"Escrito por\" \/>\n\t<meta name=\"twitter:data1\" content=\"Redacci\u00f3n QP\" \/>\n\t<meta name=\"twitter:label2\" content=\"Tiempo de lectura\" \/>\n\t<meta name=\"twitter:data2\" content=\"2 minutos\" \/>\n<script type=\"application\/ld+json\" class=\"yoast-schema-graph\">{\"@context\":\"https:\\\/\\\/schema.org\",\"@graph\":[{\"@type\":\"Article\",\"@id\":\"https:\\\/\\\/quehacerpolitico.mx\\\/?p=107905#article\",\"isPartOf\":{\"@id\":\"https:\\\/\\\/quehacerpolitico.mx\\\/?p=107905\"},\"author\":{\"name\":\"Redacci\u00f3n QP\",\"@id\":\"https:\\\/\\\/quehacerpolitico.mx\\\/#\\\/schema\\\/person\\\/496d8ad2d1d3f8036101dca7ee39e585\"},\"headline\":\"La propuesta de Biden de cerrar la frontera con M\u00e9xico es demag\u00f3gica y se debe a las campa\u00f1as electorales: L\u00f3pez Obrador\",\"datePublished\":\"2024-01-29T17:36:14+00:00\",\"dateModified\":\"2024-01-29T17:36:18+00:00\",\"mainEntityOfPage\":{\"@id\":\"https:\\\/\\\/quehacerpolitico.mx\\\/?p=107905\"},\"wordCount\":504,\"commentCount\":0,\"image\":{\"@id\":\"https:\\\/\\\/quehacerpolitico.mx\\\/?p=107905#primaryimage\"},\"thumbnailUrl\":\"https:\\\/\\\/quehacerpolitico.mx\\\/wp-content\\\/uploads\\\/2024\\\/01\\\/IMG_3382.jpeg\",\"articleSection\":[\"Noticias\"],\"inLanguage\":\"es\",\"potentialAction\":[{\"@type\":\"CommentAction\",\"name\":\"Comment\",\"target\":[\"https:\\\/\\\/quehacerpolitico.mx\\\/?p=107905#respond\"]}]},{\"@type\":\"WebPage\",\"@id\":\"https:\\\/\\\/quehacerpolitico.mx\\\/?p=107905\",\"url\":\"https:\\\/\\\/quehacerpolitico.mx\\\/?p=107905\",\"name\":\"La propuesta de Biden de cerrar la frontera con M\u00e9xico es demag\u00f3gica y se debe a las campa\u00f1as electorales: L\u00f3pez Obrador -\",\"isPartOf\":{\"@id\":\"https:\\\/\\\/quehacerpolitico.mx\\\/#website\"},\"primaryImageOfPage\":{\"@id\":\"https:\\\/\\\/quehacerpolitico.mx\\\/?p=107905#primaryimage\"},\"image\":{\"@id\":\"https:\\\/\\\/quehacerpolitico.mx\\\/?p=107905#primaryimage\"},\"thumbnailUrl\":\"https:\\\/\\\/quehacerpolitico.mx\\\/wp-content\\\/uploads\\\/2024\\\/01\\\/IMG_3382.jpeg\",\"datePublished\":\"2024-01-29T17:36:14+00:00\",\"dateModified\":\"2024-01-29T17:36:18+00:00\",\"author\":{\"@id\":\"https:\\\/\\\/quehacerpolitico.mx\\\/#\\\/schema\\\/person\\\/496d8ad2d1d3f8036101dca7ee39e585\"},\"breadcrumb\":{\"@id\":\"https:\\\/\\\/quehacerpolitico.mx\\\/?p=107905#breadcrumb\"},\"inLanguage\":\"es\",\"potentialAction\":[{\"@type\":\"ReadAction\",\"target\":[\"https:\\\/\\\/quehacerpolitico.mx\\\/?p=107905\"]}]},{\"@type\":\"ImageObject\",\"inLanguage\":\"es\",\"@id\":\"https:\\\/\\\/quehacerpolitico.mx\\\/?p=107905#primaryimage\",\"url\":\"https:\\\/\\\/quehacerpolitico.mx\\\/wp-content\\\/uploads\\\/2024\\\/01\\\/IMG_3382.jpeg\",\"contentUrl\":\"https:\\\/\\\/quehacerpolitico.mx\\\/wp-content\\\/uploads\\\/2024\\\/01\\\/IMG_3382.jpeg\",\"width\":739,\"height\":415},{\"@type\":\"BreadcrumbList\",\"@id\":\"https:\\\/\\\/quehacerpolitico.mx\\\/?p=107905#breadcrumb\",\"itemListElement\":[{\"@type\":\"ListItem\",\"position\":1,\"name\":\"Inicio\",\"item\":\"https:\\\/\\\/quehacerpolitico.mx\\\/\"},{\"@type\":\"ListItem\",\"position\":2,\"name\":\"La propuesta de Biden de cerrar la frontera con M\u00e9xico es demag\u00f3gica y se debe a las campa\u00f1as electorales: L\u00f3pez Obrador\"}]},{\"@type\":\"WebSite\",\"@id\":\"https:\\\/\\\/quehacerpolitico.mx\\\/#website\",\"url\":\"https:\\\/\\\/quehacerpolitico.mx\\\/\",\"name\":\"\",\"description\":\"\",\"potentialAction\":[{\"@type\":\"SearchAction\",\"target\":{\"@type\":\"EntryPoint\",\"urlTemplate\":\"https:\\\/\\\/quehacerpolitico.mx\\\/?s={search_term_string}\"},\"query-input\":{\"@type\":\"PropertyValueSpecification\",\"valueRequired\":true,\"valueName\":\"search_term_string\"}}],\"inLanguage\":\"es\"},{\"@type\":\"Person\",\"@id\":\"https:\\\/\\\/quehacerpolitico.mx\\\/#\\\/schema\\\/person\\\/496d8ad2d1d3f8036101dca7ee39e585\",\"name\":\"Redacci\u00f3n QP\",\"image\":{\"@type\":\"ImageObject\",\"inLanguage\":\"es\",\"@id\":\"https:\\\/\\\/secure.gravatar.com\\\/avatar\\\/c7164ed6fdec453195284ad24a5ae5b6e1eed2b848477fa2a4787ba9adf39a41?s=96&d=mm&r=g\",\"url\":\"https:\\\/\\\/secure.gravatar.com\\\/avatar\\\/c7164ed6fdec453195284ad24a5ae5b6e1eed2b848477fa2a4787ba9adf39a41?s=96&d=mm&r=g\",\"contentUrl\":\"https:\\\/\\\/secure.gravatar.com\\\/avatar\\\/c7164ed6fdec453195284ad24a5ae5b6e1eed2b848477fa2a4787ba9adf39a41?s=96&d=mm&r=g\",\"caption\":\"Redacci\u00f3n QP\"},\"url\":\"https:\\\/\\\/quehacerpolitico.mx\\\/?author=2\"}]}<\/script>\n<!-- \/ Yoast SEO plugin. -->","yoast_head_json":{"title":"La propuesta de Biden de cerrar la frontera con M\u00e9xico es demag\u00f3gica y se debe a las campa\u00f1as electorales: L\u00f3pez Obrador -","robots":{"index":"index","follow":"follow","max-snippet":"max-snippet:-1","max-image-preview":"max-image-preview:large","max-video-preview":"max-video-preview:-1"},"canonical":"https:\/\/quehacerpolitico.mx\/?p=107905","og_locale":"es_MX","og_type":"article","og_title":"La propuesta de Biden de cerrar la frontera con M\u00e9xico es demag\u00f3gica y se debe a las campa\u00f1as electorales: L\u00f3pez Obrador -","og_description":"Por Redacci\u00f3n QP El presidente de M\u00e9xico,&nbsp;Andr\u00e9s Manuel L\u00f3pez Obrador, consider\u00f3 este lunes como&nbsp;demag\u00f3gica&nbsp;la postura...","og_url":"https:\/\/quehacerpolitico.mx\/?p=107905","article_published_time":"2024-01-29T17:36:14+00:00","article_modified_time":"2024-01-29T17:36:18+00:00","og_image":[{"width":739,"height":415,"url":"https:\/\/quehacerpolitico.mx\/wp-content\/uploads\/2024\/01\/IMG_3382.jpeg","type":"image\/jpeg"}],"author":"Redacci\u00f3n QP","twitter_card":"summary_large_image","twitter_misc":{"Escrito por":"Redacci\u00f3n QP","Tiempo de lectura":"2 minutos"},"schema":{"@context":"https:\/\/schema.org","@graph":[{"@type":"Article","@id":"https:\/\/quehacerpolitico.mx\/?p=107905#article","isPartOf":{"@id":"https:\/\/quehacerpolitico.mx\/?p=107905"},"author":{"name":"Redacci\u00f3n QP","@id":"https:\/\/quehacerpolitico.mx\/#\/schema\/person\/496d8ad2d1d3f8036101dca7ee39e585"},"headline":"La propuesta de Biden de cerrar la frontera con M\u00e9xico es demag\u00f3gica y se debe a las campa\u00f1as electorales: L\u00f3pez Obrador","datePublished":"2024-01-29T17:36:14+00:00","dateModified":"2024-01-29T17:36:18+00:00","mainEntityOfPage":{"@id":"https:\/\/quehacerpolitico.mx\/?p=107905"},"wordCount":504,"commentCount":0,"image":{"@id":"https:\/\/quehacerpolitico.mx\/?p=107905#primaryimage"},"thumbnailUrl":"https:\/\/quehacerpolitico.mx\/wp-content\/uploads\/2024\/01\/IMG_3382.jpeg","articleSection":["Noticias"],"inLanguage":"es","potentialAction":[{"@type":"CommentAction","name":"Comment","target":["https:\/\/quehacerpolitico.mx\/?p=107905#respond"]}]},{"@type":"WebPage","@id":"https:\/\/quehacerpolitico.mx\/?p=107905","url":"https:\/\/quehacerpolitico.mx\/?p=107905","name":"La propuesta de Biden de cerrar la frontera con M\u00e9xico es demag\u00f3gica y se debe a las campa\u00f1as electorales: L\u00f3pez Obrador -","isPartOf":{"@id":"https:\/\/quehacerpolitico.mx\/#website"},"primaryImageOfPage":{"@id":"https:\/\/quehacerpolitico.mx\/?p=107905#primaryimage"},"image":{"@id":"https:\/\/quehacerpolitico.mx\/?p=107905#primaryimage"},"thumbnailUrl":"https:\/\/quehacerpolitico.mx\/wp-content\/uploads\/2024\/01\/IMG_3382.jpeg","datePublished":"2024-01-29T17:36:14+00:00","dateModified":"2024-01-29T17:36:18+00:00","author":{"@id":"https:\/\/quehacerpolitico.mx\/#\/schema\/person\/496d8ad2d1d3f8036101dca7ee39e585"},"breadcrumb":{"@id":"https:\/\/quehacerpolitico.mx\/?p=107905#breadcrumb"},"inLanguage":"es","potentialAction":[{"@type":"ReadAction","target":["https:\/\/quehacerpolitico.mx\/?p=107905"]}]},{"@type":"ImageObject","inLanguage":"es","@id":"https:\/\/quehacerpolitico.mx\/?p=107905#primaryimage","url":"https:\/\/quehacerpolitico.mx\/wp-content\/uploads\/2024\/01\/IMG_3382.jpeg","contentUrl":"https:\/\/quehacerpolitico.mx\/wp-content\/uploads\/2024\/01\/IMG_3382.jpeg","width":739,"height":415},{"@type":"BreadcrumbList","@id":"https:\/\/quehacerpolitico.mx\/?p=107905#breadcrumb","itemListElement":[{"@type":"ListItem","position":1,"name":"Inicio","item":"https:\/\/quehacerpolitico.mx\/"},{"@type":"ListItem","position":2,"name":"La propuesta de Biden de cerrar la frontera con M\u00e9xico es demag\u00f3gica y se debe a las campa\u00f1as electorales: L\u00f3pez Obrador"}]},{"@type":"WebSite","@id":"https:\/\/quehacerpolitico.mx\/#website","url":"https:\/\/quehacerpolitico.mx\/","name":"","description":"","potentialAction":[{"@type":"SearchAction","target":{"@type":"EntryPoint","urlTemplate":"https:\/\/quehacerpolitico.mx\/?s={search_term_string}"},"query-input":{"@type":"PropertyValueSpecification","valueRequired":true,"valueName":"search_term_string"}}],"inLanguage":"es"},{"@type":"Person","@id":"https:\/\/quehacerpolitico.mx\/#\/schema\/person\/496d8ad2d1d3f8036101dca7ee39e585","name":"Redacci\u00f3n QP","image":{"@type":"ImageObject","inLanguage":"es","@id":"https:\/\/secure.gravatar.com\/avatar\/c7164ed6fdec453195284ad24a5ae5b6e1eed2b848477fa2a4787ba9adf39a41?s=96&d=mm&r=g","url":"https:\/\/secure.gravatar.com\/avatar\/c7164ed6fdec453195284ad24a5ae5b6e1eed2b848477fa2a4787ba9adf39a41?s=96&d=mm&r=g","contentUrl":"https:\/\/secure.gravatar.com\/avatar\/c7164ed6fdec453195284ad24a5ae5b6e1eed2b848477fa2a4787ba9adf39a41?s=96&d=mm&r=g","caption":"Redacci\u00f3n QP"},"url":"https:\/\/quehacerpolitico.mx\/?author=2"}]}},"featured_image_urls":{"full":["https:\/\/quehacerpolitico.mx\/wp-content\/uploads\/2024\/01\/IMG_3382.jpeg",739,415,false],"thumbnail":["https:\/\/quehacerpolitico.mx\/wp-content\/uploads\/2024\/01\/IMG_3382-150x150.jpeg",150,150,true],"medium":["https:\/\/quehacerpolitico.mx\/wp-content\/uploads\/2024\/01\/IMG_3382-300x168.jpeg",300,168,true],"medium_large":["https:\/\/quehacerpolitico.mx\/wp-content\/uploads\/2024\/01\/IMG_3382.jpeg",640,359,false],"large":["https:\/\/quehacerpolitico.mx\/wp-content\/uploads\/2024\/01\/IMG_3382.jpeg",640,359,false],"1536x1536":["https:\/\/quehacerpolitico.mx\/wp-content\/uploads\/2024\/01\/IMG_3382.jpeg",739,415,false],"2048x2048":["https:\/\/quehacerpolitico.mx\/wp-content\/uploads\/2024\/01\/IMG_3382.jpeg",739,415,false],"covernews-featured":["https:\/\/quehacerpolitico.mx\/wp-content\/uploads\/2024\/01\/IMG_3382.jpeg",739,415,false],"covernews-medium":["https:\/\/quehacerpolitico.mx\/wp-content\/uploads\/2024\/01\/IMG_3382.jpeg",540,303,false]},"author_info":{"display_name":"Redacci\u00f3n QP","author_link":"https:\/\/quehacerpolitico.mx\/?author=2"},"category_info":"<a href=\"https:\/\/quehacerpolitico.mx\/?cat=2\" rel=\"category\">Noticias<\/a>","tag_info":"Noticias","comment_count":"0","_links":{"self":[{"href":"https:\/\/quehacerpolitico.mx\/index.php?rest_route=\/wp\/v2\/posts\/107905","targetHints":{"allow":["GET"]}}],"collection":[{"href":"https:\/\/quehacerpolitico.mx\/index.php?rest_route=\/wp\/v2\/posts"}],"about":[{"href":"https:\/\/quehacerpolitico.mx\/index.php?rest_route=\/wp\/v2\/types\/post"}],"author":[{"embeddable":true,"href":"https:\/\/quehacerpolitico.mx\/index.php?rest_route=\/wp\/v2\/users\/2"}],"replies":[{"embeddable":true,"href":"https:\/\/quehacerpolitico.mx\/index.php?rest_route=%2Fwp%2Fv2%2Fcomments&post=107905"}],"version-history":[{"count":1,"href":"https:\/\/quehacerpolitico.mx\/index.php?rest_route=\/wp\/v2\/posts\/107905\/revisions"}],"predecessor-version":[{"id":107907,"href":"https:\/\/quehacerpolitico.mx\/index.php?rest_route=\/wp\/v2\/posts\/107905\/revisions\/107907"}],"wp:featuredmedia":[{"embeddable":true,"href":"https:\/\/quehacerpolitico.mx\/index.php?rest_route=\/wp\/v2\/media\/107906"}],"wp:attachment":[{"href":"https:\/\/quehacerpolitico.mx\/index.php?rest_route=%2Fwp%2Fv2%2Fmedia&parent=107905"}],"wp:term":[{"taxonomy":"category","embeddable":true,"href":"https:\/\/quehacerpolitico.mx\/index.php?rest_route=%2Fwp%2Fv2%2Fcategories&post=107905"},{"taxonomy":"post_tag","embeddable":true,"href":"https:\/\/quehacerpolitico.mx\/index.php?rest_route=%2Fwp%2Fv2%2Ftags&post=107905"}],"curies":[{"name":"wp","href":"https:\/\/api.w.org\/{rel}","templated":true}]}}