{"id":107893,"date":"2024-01-29T15:54:46","date_gmt":"2024-01-29T15:54:46","guid":{"rendered":"https:\/\/quehacerpolitico.mx\/?p=107893"},"modified":"2024-01-29T17:15:16","modified_gmt":"2024-01-29T17:15:16","slug":"el-quehacer-politico-jose-alberto-prado-angeles-el-memorial-day-de-biden","status":"publish","type":"post","link":"https:\/\/quehacerpolitico.mx\/?p=107893","title":{"rendered":"El Quehacer Pol\u00edtico\/\/\/Jose Alberto Prado \u00c1ngeles\/\/\/El Memorial Day de Biden"},"content":{"rendered":"\n<p>Por Jos\u00e9 Alberto Prado \u00c1ngeles <\/p>\n\n\n\n<p>Director General y Editor<\/p>\n\n\n\n<p>El 29 de mayo del a\u00f1o pasado, con motivo de la celebraci\u00f3n del D\u00eda de los Ca\u00eddos en Guerra -Memorial Day- en el Anfiteatro Nacional del Cementerio de Arlington en Virginia, el presidente Joe Biden al elogiar a los soldados que han perdido la vida luchando por su pa\u00eds, dijo \u201ctodos los a\u00f1os los recordamos y nunca debemos de olvidar el precio que se pag\u00f3 por proteger nuestra democracia y nunca se vuelve m\u00e1s f\u00e1cil\u201d. Y en la siguiente celebraci\u00f3n -27 de mayo- a los que se le rindan los honores se deber\u00e1 de agregar a los tres soldados norteamericanos que murieron ayer en Jordania -cerca de la frontera con Siria- cuando aviones no tripulados de una milicia respaldados por Ir\u00e1n hicieron blanco en la instalaci\u00f3n militar, dejando adem\u00e1s una veintena de heridos.<\/p>\n\n\n\n<p>Hasta el momento de escribir esta reflexi\u00f3n en la Casa Blanca se estaba por tomar una decisi\u00f3n sobre la forma c\u00f3mo responder\u00e1 a esta agresi\u00f3n, que seguramente ser\u00e1 en las mismas dimensiones del ataque, pero con el alto riesgo de que la media desencaden\u00f3 el agravamiento de la crisis en Oriente Medio.<\/p>\n\n\n\n<p>Al margen de las respuesta norteamericana y de las consecuencias -que pudieran ser muy graves no solo para la regi\u00f3n, sino para el mundo-, la provocaci\u00f3n llega en el peor momento para la posici\u00f3n pol\u00edtica que tiene el presidente Biden, quien est\u00e1 en la antesala de una elecci\u00f3n -donde busca la reelecci\u00f3n-, con una percepci\u00f3n de desaprobaci\u00f3n por arriba del 50 por ciento y en sus manos una decisi\u00f3n que pudiera convertirse en el \u201cdetonador\u201d de una crisis mundial y catapultarlo o de otra manera, una respuesta m\u00e1s mesurada, atinada y pacificadora, pudiera llevarlo a la c\u00faspide y del conflicto sacar provecho para milagrosamente recuperar credibilidad y asegurar su permanencia en la oficina Oval de la Casa Blanca.<\/p>\n\n\n\n<p>Hasta el momento el presidente Biden ha calibrado cuidadosamente sus decisiones a m\u00e1s de 150 ataques de las milicias a las tropas norteamericanas en la regi\u00f3n desde el inicio del conflicto entre Israel y Hamas. Los contraataques han sido mesurados solo para contener la agresi\u00f3n. Pero lo que sucedi\u00f3 ayer, el ataque directo a las instalaciones militares y con la muerte de por lo menos tres soldados, es una provocaci\u00f3n que deber\u00e1 tener una respuesta severa, pero que de la misma depende la paz en la regi\u00f3n, en el mundo -\u201cnunca se vuelve m\u00e1s f\u00e1cil\u201d, parafraseandolo- y de paso su futuro pol\u00edtico que va en declive.<\/p>\n\n\n\n<p>As\u00ed el Quehacer Pol\u00edtico Desde 1980, inquiriendo en la pol\u00edtica de M\u00e9xico, cuestionando, exponiendo, revelando y razonando.Es cuanto.<\/p>\n","protected":false},"excerpt":{"rendered":"<p>Por Jos\u00e9 Alberto Prado \u00c1ngeles Director General y Editor El 29 de mayo del a\u00f1o&#8230;<\/p>\n","protected":false},"author":2,"featured_media":107894,"comment_status":"open","ping_status":"open","sticky":false,"template":"","format":"standard","meta":{"_monsterinsights_skip_tracking":false,"_monsterinsights_sitenote_active":false,"_monsterinsights_sitenote_note":"","_monsterinsights_sitenote_category":0,"footnotes":""},"categories":[1],"tags":[],"class_list":["post-107893","post","type-post","status-publish","format-standard","has-post-thumbnail","hentry","category-sin-categoria"],"yoast_head":"<!-- This site is optimized with the Yoast SEO plugin v27.3 - https:\/\/yoast.com\/product\/yoast-seo-wordpress\/ -->\n<title>El Quehacer Pol\u00edtico\/\/\/Jose Alberto Prado \u00c1ngeles\/\/\/El Memorial Day de Biden -<\/title>\n<meta name=\"robots\" content=\"index, follow, max-snippet:-1, max-image-preview:large, max-video-preview:-1\" \/>\n<link rel=\"canonical\" href=\"https:\/\/quehacerpolitico.mx\/?p=107893\" \/>\n<meta property=\"og:locale\" content=\"es_MX\" \/>\n<meta property=\"og:type\" content=\"article\" \/>\n<meta property=\"og:title\" content=\"El Quehacer Pol\u00edtico\/\/\/Jose Alberto Prado \u00c1ngeles\/\/\/El Memorial Day de Biden -\" \/>\n<meta property=\"og:description\" content=\"Por Jos\u00e9 Alberto Prado \u00c1ngeles Director General y Editor El 29 de mayo del a\u00f1o...\" \/>\n<meta property=\"og:url\" content=\"https:\/\/quehacerpolitico.mx\/?p=107893\" \/>\n<meta property=\"article:published_time\" content=\"2024-01-29T15:54:46+00:00\" \/>\n<meta property=\"article:modified_time\" content=\"2024-01-29T17:15:16+00:00\" \/>\n<meta property=\"og:image\" content=\"https:\/\/quehacerpolitico.mx\/wp-content\/uploads\/2024\/01\/511bc7b1-f34b-4418-b917-5120714f846d-4.jpeg\" \/>\n\t<meta property=\"og:image:width\" content=\"963\" \/>\n\t<meta property=\"og:image:height\" content=\"493\" \/>\n\t<meta property=\"og:image:type\" content=\"image\/jpeg\" \/>\n<meta name=\"author\" content=\"Redacci\u00f3n QP\" \/>\n<meta name=\"twitter:card\" content=\"summary_large_image\" \/>\n<meta name=\"twitter:label1\" content=\"Escrito por\" \/>\n\t<meta name=\"twitter:data1\" content=\"Redacci\u00f3n QP\" \/>\n\t<meta name=\"twitter:label2\" content=\"Tiempo de lectura\" \/>\n\t<meta name=\"twitter:data2\" content=\"2 minutos\" \/>\n<script type=\"application\/ld+json\" class=\"yoast-schema-graph\">{\"@context\":\"https:\\\/\\\/schema.org\",\"@graph\":[{\"@type\":\"Article\",\"@id\":\"https:\\\/\\\/quehacerpolitico.mx\\\/?p=107893#article\",\"isPartOf\":{\"@id\":\"https:\\\/\\\/quehacerpolitico.mx\\\/?p=107893\"},\"author\":{\"name\":\"Redacci\u00f3n QP\",\"@id\":\"https:\\\/\\\/quehacerpolitico.mx\\\/#\\\/schema\\\/person\\\/496d8ad2d1d3f8036101dca7ee39e585\"},\"headline\":\"El Quehacer Pol\u00edtico\\\/\\\/\\\/Jose Alberto Prado \u00c1ngeles\\\/\\\/\\\/El Memorial Day de Biden\",\"datePublished\":\"2024-01-29T15:54:46+00:00\",\"dateModified\":\"2024-01-29T17:15:16+00:00\",\"mainEntityOfPage\":{\"@id\":\"https:\\\/\\\/quehacerpolitico.mx\\\/?p=107893\"},\"wordCount\":485,\"commentCount\":0,\"image\":{\"@id\":\"https:\\\/\\\/quehacerpolitico.mx\\\/?p=107893#primaryimage\"},\"thumbnailUrl\":\"https:\\\/\\\/quehacerpolitico.mx\\\/wp-content\\\/uploads\\\/2024\\\/01\\\/511bc7b1-f34b-4418-b917-5120714f846d-4.jpeg\",\"articleSection\":[\"Internacionales\"],\"inLanguage\":\"es\",\"potentialAction\":[{\"@type\":\"CommentAction\",\"name\":\"Comment\",\"target\":[\"https:\\\/\\\/quehacerpolitico.mx\\\/?p=107893#respond\"]}]},{\"@type\":\"WebPage\",\"@id\":\"https:\\\/\\\/quehacerpolitico.mx\\\/?p=107893\",\"url\":\"https:\\\/\\\/quehacerpolitico.mx\\\/?p=107893\",\"name\":\"El Quehacer Pol\u00edtico\\\/\\\/\\\/Jose Alberto Prado \u00c1ngeles\\\/\\\/\\\/El Memorial Day de Biden -\",\"isPartOf\":{\"@id\":\"https:\\\/\\\/quehacerpolitico.mx\\\/#website\"},\"primaryImageOfPage\":{\"@id\":\"https:\\\/\\\/quehacerpolitico.mx\\\/?p=107893#primaryimage\"},\"image\":{\"@id\":\"https:\\\/\\\/quehacerpolitico.mx\\\/?p=107893#primaryimage\"},\"thumbnailUrl\":\"https:\\\/\\\/quehacerpolitico.mx\\\/wp-content\\\/uploads\\\/2024\\\/01\\\/511bc7b1-f34b-4418-b917-5120714f846d-4.jpeg\",\"datePublished\":\"2024-01-29T15:54:46+00:00\",\"dateModified\":\"2024-01-29T17:15:16+00:00\",\"author\":{\"@id\":\"https:\\\/\\\/quehacerpolitico.mx\\\/#\\\/schema\\\/person\\\/496d8ad2d1d3f8036101dca7ee39e585\"},\"breadcrumb\":{\"@id\":\"https:\\\/\\\/quehacerpolitico.mx\\\/?p=107893#breadcrumb\"},\"inLanguage\":\"es\",\"potentialAction\":[{\"@type\":\"ReadAction\",\"target\":[\"https:\\\/\\\/quehacerpolitico.mx\\\/?p=107893\"]}]},{\"@type\":\"ImageObject\",\"inLanguage\":\"es\",\"@id\":\"https:\\\/\\\/quehacerpolitico.mx\\\/?p=107893#primaryimage\",\"url\":\"https:\\\/\\\/quehacerpolitico.mx\\\/wp-content\\\/uploads\\\/2024\\\/01\\\/511bc7b1-f34b-4418-b917-5120714f846d-4.jpeg\",\"contentUrl\":\"https:\\\/\\\/quehacerpolitico.mx\\\/wp-content\\\/uploads\\\/2024\\\/01\\\/511bc7b1-f34b-4418-b917-5120714f846d-4.jpeg\",\"width\":963,\"height\":493},{\"@type\":\"BreadcrumbList\",\"@id\":\"https:\\\/\\\/quehacerpolitico.mx\\\/?p=107893#breadcrumb\",\"itemListElement\":[{\"@type\":\"ListItem\",\"position\":1,\"name\":\"Inicio\",\"item\":\"https:\\\/\\\/quehacerpolitico.mx\\\/\"},{\"@type\":\"ListItem\",\"position\":2,\"name\":\"El Quehacer Pol\u00edtico\\\/\\\/\\\/Jose Alberto Prado \u00c1ngeles\\\/\\\/\\\/El Memorial Day de Biden\"}]},{\"@type\":\"WebSite\",\"@id\":\"https:\\\/\\\/quehacerpolitico.mx\\\/#website\",\"url\":\"https:\\\/\\\/quehacerpolitico.mx\\\/\",\"name\":\"\",\"description\":\"\",\"potentialAction\":[{\"@type\":\"SearchAction\",\"target\":{\"@type\":\"EntryPoint\",\"urlTemplate\":\"https:\\\/\\\/quehacerpolitico.mx\\\/?s={search_term_string}\"},\"query-input\":{\"@type\":\"PropertyValueSpecification\",\"valueRequired\":true,\"valueName\":\"search_term_string\"}}],\"inLanguage\":\"es\"},{\"@type\":\"Person\",\"@id\":\"https:\\\/\\\/quehacerpolitico.mx\\\/#\\\/schema\\\/person\\\/496d8ad2d1d3f8036101dca7ee39e585\",\"name\":\"Redacci\u00f3n QP\",\"image\":{\"@type\":\"ImageObject\",\"inLanguage\":\"es\",\"@id\":\"https:\\\/\\\/secure.gravatar.com\\\/avatar\\\/c7164ed6fdec453195284ad24a5ae5b6e1eed2b848477fa2a4787ba9adf39a41?s=96&d=mm&r=g\",\"url\":\"https:\\\/\\\/secure.gravatar.com\\\/avatar\\\/c7164ed6fdec453195284ad24a5ae5b6e1eed2b848477fa2a4787ba9adf39a41?s=96&d=mm&r=g\",\"contentUrl\":\"https:\\\/\\\/secure.gravatar.com\\\/avatar\\\/c7164ed6fdec453195284ad24a5ae5b6e1eed2b848477fa2a4787ba9adf39a41?s=96&d=mm&r=g\",\"caption\":\"Redacci\u00f3n QP\"},\"url\":\"https:\\\/\\\/quehacerpolitico.mx\\\/?author=2\"}]}<\/script>\n<!-- \/ Yoast SEO plugin. -->","yoast_head_json":{"title":"El Quehacer Pol\u00edtico\/\/\/Jose Alberto Prado \u00c1ngeles\/\/\/El Memorial Day de Biden -","robots":{"index":"index","follow":"follow","max-snippet":"max-snippet:-1","max-image-preview":"max-image-preview:large","max-video-preview":"max-video-preview:-1"},"canonical":"https:\/\/quehacerpolitico.mx\/?p=107893","og_locale":"es_MX","og_type":"article","og_title":"El Quehacer Pol\u00edtico\/\/\/Jose Alberto Prado \u00c1ngeles\/\/\/El Memorial Day de Biden -","og_description":"Por Jos\u00e9 Alberto Prado \u00c1ngeles Director General y Editor El 29 de mayo del a\u00f1o...","og_url":"https:\/\/quehacerpolitico.mx\/?p=107893","article_published_time":"2024-01-29T15:54:46+00:00","article_modified_time":"2024-01-29T17:15:16+00:00","og_image":[{"width":963,"height":493,"url":"https:\/\/quehacerpolitico.mx\/wp-content\/uploads\/2024\/01\/511bc7b1-f34b-4418-b917-5120714f846d-4.jpeg","type":"image\/jpeg"}],"author":"Redacci\u00f3n QP","twitter_card":"summary_large_image","twitter_misc":{"Escrito por":"Redacci\u00f3n QP","Tiempo de lectura":"2 minutos"},"schema":{"@context":"https:\/\/schema.org","@graph":[{"@type":"Article","@id":"https:\/\/quehacerpolitico.mx\/?p=107893#article","isPartOf":{"@id":"https:\/\/quehacerpolitico.mx\/?p=107893"},"author":{"name":"Redacci\u00f3n QP","@id":"https:\/\/quehacerpolitico.mx\/#\/schema\/person\/496d8ad2d1d3f8036101dca7ee39e585"},"headline":"El Quehacer Pol\u00edtico\/\/\/Jose Alberto Prado \u00c1ngeles\/\/\/El Memorial Day de Biden","datePublished":"2024-01-29T15:54:46+00:00","dateModified":"2024-01-29T17:15:16+00:00","mainEntityOfPage":{"@id":"https:\/\/quehacerpolitico.mx\/?p=107893"},"wordCount":485,"commentCount":0,"image":{"@id":"https:\/\/quehacerpolitico.mx\/?p=107893#primaryimage"},"thumbnailUrl":"https:\/\/quehacerpolitico.mx\/wp-content\/uploads\/2024\/01\/511bc7b1-f34b-4418-b917-5120714f846d-4.jpeg","articleSection":["Internacionales"],"inLanguage":"es","potentialAction":[{"@type":"CommentAction","name":"Comment","target":["https:\/\/quehacerpolitico.mx\/?p=107893#respond"]}]},{"@type":"WebPage","@id":"https:\/\/quehacerpolitico.mx\/?p=107893","url":"https:\/\/quehacerpolitico.mx\/?p=107893","name":"El Quehacer Pol\u00edtico\/\/\/Jose Alberto Prado \u00c1ngeles\/\/\/El Memorial Day de Biden -","isPartOf":{"@id":"https:\/\/quehacerpolitico.mx\/#website"},"primaryImageOfPage":{"@id":"https:\/\/quehacerpolitico.mx\/?p=107893#primaryimage"},"image":{"@id":"https:\/\/quehacerpolitico.mx\/?p=107893#primaryimage"},"thumbnailUrl":"https:\/\/quehacerpolitico.mx\/wp-content\/uploads\/2024\/01\/511bc7b1-f34b-4418-b917-5120714f846d-4.jpeg","datePublished":"2024-01-29T15:54:46+00:00","dateModified":"2024-01-29T17:15:16+00:00","author":{"@id":"https:\/\/quehacerpolitico.mx\/#\/schema\/person\/496d8ad2d1d3f8036101dca7ee39e585"},"breadcrumb":{"@id":"https:\/\/quehacerpolitico.mx\/?p=107893#breadcrumb"},"inLanguage":"es","potentialAction":[{"@type":"ReadAction","target":["https:\/\/quehacerpolitico.mx\/?p=107893"]}]},{"@type":"ImageObject","inLanguage":"es","@id":"https:\/\/quehacerpolitico.mx\/?p=107893#primaryimage","url":"https:\/\/quehacerpolitico.mx\/wp-content\/uploads\/2024\/01\/511bc7b1-f34b-4418-b917-5120714f846d-4.jpeg","contentUrl":"https:\/\/quehacerpolitico.mx\/wp-content\/uploads\/2024\/01\/511bc7b1-f34b-4418-b917-5120714f846d-4.jpeg","width":963,"height":493},{"@type":"BreadcrumbList","@id":"https:\/\/quehacerpolitico.mx\/?p=107893#breadcrumb","itemListElement":[{"@type":"ListItem","position":1,"name":"Inicio","item":"https:\/\/quehacerpolitico.mx\/"},{"@type":"ListItem","position":2,"name":"El Quehacer Pol\u00edtico\/\/\/Jose Alberto Prado \u00c1ngeles\/\/\/El Memorial Day de Biden"}]},{"@type":"WebSite","@id":"https:\/\/quehacerpolitico.mx\/#website","url":"https:\/\/quehacerpolitico.mx\/","name":"","description":"","potentialAction":[{"@type":"SearchAction","target":{"@type":"EntryPoint","urlTemplate":"https:\/\/quehacerpolitico.mx\/?s={search_term_string}"},"query-input":{"@type":"PropertyValueSpecification","valueRequired":true,"valueName":"search_term_string"}}],"inLanguage":"es"},{"@type":"Person","@id":"https:\/\/quehacerpolitico.mx\/#\/schema\/person\/496d8ad2d1d3f8036101dca7ee39e585","name":"Redacci\u00f3n QP","image":{"@type":"ImageObject","inLanguage":"es","@id":"https:\/\/secure.gravatar.com\/avatar\/c7164ed6fdec453195284ad24a5ae5b6e1eed2b848477fa2a4787ba9adf39a41?s=96&d=mm&r=g","url":"https:\/\/secure.gravatar.com\/avatar\/c7164ed6fdec453195284ad24a5ae5b6e1eed2b848477fa2a4787ba9adf39a41?s=96&d=mm&r=g","contentUrl":"https:\/\/secure.gravatar.com\/avatar\/c7164ed6fdec453195284ad24a5ae5b6e1eed2b848477fa2a4787ba9adf39a41?s=96&d=mm&r=g","caption":"Redacci\u00f3n QP"},"url":"https:\/\/quehacerpolitico.mx\/?author=2"}]}},"featured_image_urls":{"full":["https:\/\/quehacerpolitico.mx\/wp-content\/uploads\/2024\/01\/511bc7b1-f34b-4418-b917-5120714f846d-4.jpeg",963,493,false],"thumbnail":["https:\/\/quehacerpolitico.mx\/wp-content\/uploads\/2024\/01\/511bc7b1-f34b-4418-b917-5120714f846d-4-150x150.jpeg",150,150,true],"medium":["https:\/\/quehacerpolitico.mx\/wp-content\/uploads\/2024\/01\/511bc7b1-f34b-4418-b917-5120714f846d-4-300x154.jpeg",300,154,true],"medium_large":["https:\/\/quehacerpolitico.mx\/wp-content\/uploads\/2024\/01\/511bc7b1-f34b-4418-b917-5120714f846d-4-768x393.jpeg",640,328,true],"large":["https:\/\/quehacerpolitico.mx\/wp-content\/uploads\/2024\/01\/511bc7b1-f34b-4418-b917-5120714f846d-4.jpeg",640,328,false],"1536x1536":["https:\/\/quehacerpolitico.mx\/wp-content\/uploads\/2024\/01\/511bc7b1-f34b-4418-b917-5120714f846d-4.jpeg",963,493,false],"2048x2048":["https:\/\/quehacerpolitico.mx\/wp-content\/uploads\/2024\/01\/511bc7b1-f34b-4418-b917-5120714f846d-4.jpeg",963,493,false],"covernews-featured":["https:\/\/quehacerpolitico.mx\/wp-content\/uploads\/2024\/01\/511bc7b1-f34b-4418-b917-5120714f846d-4.jpeg",963,493,false],"covernews-medium":["https:\/\/quehacerpolitico.mx\/wp-content\/uploads\/2024\/01\/511bc7b1-f34b-4418-b917-5120714f846d-4.jpeg",540,276,false]},"author_info":{"display_name":"Redacci\u00f3n QP","author_link":"https:\/\/quehacerpolitico.mx\/?author=2"},"category_info":"<a href=\"https:\/\/quehacerpolitico.mx\/?cat=1\" rel=\"category\">Internacionales<\/a>","tag_info":"Internacionales","comment_count":"0","_links":{"self":[{"href":"https:\/\/quehacerpolitico.mx\/index.php?rest_route=\/wp\/v2\/posts\/107893","targetHints":{"allow":["GET"]}}],"collection":[{"href":"https:\/\/quehacerpolitico.mx\/index.php?rest_route=\/wp\/v2\/posts"}],"about":[{"href":"https:\/\/quehacerpolitico.mx\/index.php?rest_route=\/wp\/v2\/types\/post"}],"author":[{"embeddable":true,"href":"https:\/\/quehacerpolitico.mx\/index.php?rest_route=\/wp\/v2\/users\/2"}],"replies":[{"embeddable":true,"href":"https:\/\/quehacerpolitico.mx\/index.php?rest_route=%2Fwp%2Fv2%2Fcomments&post=107893"}],"version-history":[{"count":1,"href":"https:\/\/quehacerpolitico.mx\/index.php?rest_route=\/wp\/v2\/posts\/107893\/revisions"}],"predecessor-version":[{"id":107895,"href":"https:\/\/quehacerpolitico.mx\/index.php?rest_route=\/wp\/v2\/posts\/107893\/revisions\/107895"}],"wp:featuredmedia":[{"embeddable":true,"href":"https:\/\/quehacerpolitico.mx\/index.php?rest_route=\/wp\/v2\/media\/107894"}],"wp:attachment":[{"href":"https:\/\/quehacerpolitico.mx\/index.php?rest_route=%2Fwp%2Fv2%2Fmedia&parent=107893"}],"wp:term":[{"taxonomy":"category","embeddable":true,"href":"https:\/\/quehacerpolitico.mx\/index.php?rest_route=%2Fwp%2Fv2%2Fcategories&post=107893"},{"taxonomy":"post_tag","embeddable":true,"href":"https:\/\/quehacerpolitico.mx\/index.php?rest_route=%2Fwp%2Fv2%2Ftags&post=107893"}],"curies":[{"name":"wp","href":"https:\/\/api.w.org\/{rel}","templated":true}]}}