{"id":107885,"date":"2024-01-26T20:53:42","date_gmt":"2024-01-26T20:53:42","guid":{"rendered":"https:\/\/quehacerpolitico.mx\/?p=107885"},"modified":"2024-01-26T20:53:46","modified_gmt":"2024-01-26T20:53:46","slug":"tras-sufrir-un-ataque-armado-que-sufrio-en-la-previa-el-fiscal-de-justicia-del-estado-de-mexico-fgjem-jose-luis-cervantes-martinez-se-reunio-este-viernes-junto-a-otros-funcionarios","status":"publish","type":"post","link":"https:\/\/quehacerpolitico.mx\/?p=107885","title":{"rendered":"Tras sufrir un\u00a0ataque armado que sufri\u00f3 en la previa, el\u00a0fiscal de Justicia del Estado de M\u00e9xico (FGJEM), Jos\u00e9 Luis Cervantes Mart\u00ednez\u00a0se reuni\u00f3 este viernes, junto a otros funcionarios"},"content":{"rendered":"\n<p>Por Redacci\u00f3n QP<\/p>\n\n\n\n<p>La reuni\u00f3n entre el fiscal del Edomex, Jos\u00e9 Luis Cervantes, y la gobernadora Delfina G\u00f3mez, se realiz\u00f3 esta ma\u00f1a en Toluca<\/p>\n\n\n\n<p>Tras sufrir un\u00a0ataque armado que sufri\u00f3 en la previa, el<strong>\u00a0fiscal de Justicia del Estado de M\u00e9xico (FGJEM), Jos\u00e9 Luis Cervantes Mart\u00ednez<\/strong>\u00a0se reuni\u00f3 este viernes, junto a otros funcionarios, con la gobernadora de la entidad, Delfina Gonez \u00c1lvarez <\/p>\n\n\n\n<p>En redes sociales, la mandataria estatal detall\u00f3 que \u201ccomo un solo equipo, cerramos filas en el Estado de M\u00e9xico\u201d.<\/p>\n\n\n\n<p>\u201cCon plena coordinaci\u00f3n, como un solo equipo, cerramos filas en el Estado de M\u00e9xico, bajo la gu\u00eda del Gobierno de M\u00e9xico, de nuestro Presidente Andr\u00e9s Manuel @lopezobrador_ y de la Secretaria de Seguridad federal, @rosaicela_\u201d, indic\u00f3.<\/p>\n\n\n\n<figure class=\"wp-block-embed is-type-rich is-provider-twitter wp-block-embed-twitter\"><div class=\"wp-block-embed__wrapper\">\n<blockquote class=\"twitter-tweet\" data-width=\"550\" data-dnt=\"true\"><p lang=\"es\" dir=\"ltr\">Con plena coordinaci\u00f3n, como un solo equipo, cerramos filas en el Estado de M\u00e9xico, bajo la gu\u00eda del Gobierno de M\u00e9xico, de nuestro Presidente Andr\u00e9s Manuel <a href=\"https:\/\/twitter.com\/lopezobrador_?ref_src=twsrc%5Etfw\">@lopezobrador_<\/a> y de la Secretaria de Seguridad federal, <a href=\"https:\/\/twitter.com\/rosaicela_?ref_src=twsrc%5Etfw\">@rosaicela_<\/a>. <br><br>Las autoridades federales y estatales colaboramos\u2026 <a href=\"https:\/\/t.co\/ThXuARwdxW\">pic.twitter.com\/ThXuARwdxW<\/a><\/p>&mdash; Delfina G\u00f3mez A. (@delfinagomeza) <a href=\"https:\/\/twitter.com\/delfinagomeza\/status\/1750930597466316834?ref_src=twsrc%5Etfw\">January 26, 2024<\/a><\/blockquote><script async src=\"https:\/\/platform.twitter.com\/widgets.js\" charset=\"utf-8\"><\/script>\n<\/div><\/figure>\n\n\n\n<p>\u201cLas autoridades federales y estatales colaboramos para el fortalecimiento de la seguridad, la procuraci\u00f3n de justicia y la cero impunidad en la entidad\u201d, puntualiz\u00f3 Delfina G\u00f3mez.<\/p>\n\n\n\n<p>Seg\u00fan medios locales, el fiscal del Edomex lleg\u00f3 al Palacio de Gobierno, ubicado en Toluca, en un convoy y no dio ninguna declaraci\u00f3n a los periodistas presentes en el sitio,<\/p>\n\n\n\n<p>El titular del Estado de M\u00e9xico,&nbsp;<strong>Jos\u00e9 Luis Cervantes Mart\u00ednez<\/strong>, sufri\u00f3 un&nbsp;<strong>atentado<\/strong>&nbsp;este jueves cuando viajaba sobre la autopista M\u00e9xico-Toluca, en el centro del pa\u00eds.<\/p>\n\n\n\n<p>En un mensaje en redes sociales, la Fiscal\u00eda estatal inform\u00f3 de la agresi\u00f3n y precis\u00f3 que el funcionario sali\u00f3 ileso del ataque y uno de sus escoltas result\u00f3 lesionado.<\/p>\n\n\n\n<p>\u201cLa Fiscal\u00eda Edomex informa: hoy aproximadamente a las 16:45 h local el convoy que trasladaba al fiscal general del estado en la autopista Toluca-M\u00e9xico sufri\u00f3 una agresi\u00f3n que fue repelida. Solo result\u00f3 lesionado un escolta del fiscal. Hay un detenido y asegurados un arma larga de fuego y un veh\u00edculo\u201d, expuso la instituci\u00f3n en un comunicado.<\/p>\n\n\n\n<p>La propia Fiscal\u00eda se\u00f1al\u00f3 que el detenido fue identificado como&nbsp;<strong>Julio C\u00e9sar \u201cN\u201d<\/strong>, quien fue trasladado a la sede central del ente, ubicada en la ciudad de Toluca, capital del Estado de M\u00e9xico.<\/p>\n\n\n\n<p>Seg\u00fan las primeras versiones, el convoy del Fiscal se dirig\u00eda hacia Ciudad de M\u00e9xico.<\/p>\n","protected":false},"excerpt":{"rendered":"<p>Por Redacci\u00f3n QP La reuni\u00f3n entre el fiscal del Edomex, Jos\u00e9 Luis Cervantes, y la&#8230;<\/p>\n","protected":false},"author":2,"featured_media":107886,"comment_status":"open","ping_status":"open","sticky":false,"template":"","format":"standard","meta":{"_monsterinsights_skip_tracking":false,"_monsterinsights_sitenote_active":false,"_monsterinsights_sitenote_note":"","_monsterinsights_sitenote_category":0,"footnotes":""},"categories":[2],"tags":[],"class_list":["post-107885","post","type-post","status-publish","format-standard","has-post-thumbnail","hentry","category-noticias"],"yoast_head":"<!-- This site is optimized with the Yoast SEO plugin v27.3 - https:\/\/yoast.com\/product\/yoast-seo-wordpress\/ -->\n<title>Tras sufrir un\u00a0ataque armado que sufri\u00f3 en la previa, el\u00a0fiscal de Justicia del Estado de M\u00e9xico (FGJEM), Jos\u00e9 Luis Cervantes Mart\u00ednez\u00a0se reuni\u00f3 este viernes, junto a otros funcionarios -<\/title>\n<meta name=\"robots\" content=\"index, follow, max-snippet:-1, max-image-preview:large, max-video-preview:-1\" \/>\n<link rel=\"canonical\" href=\"https:\/\/quehacerpolitico.mx\/?p=107885\" \/>\n<meta property=\"og:locale\" content=\"es_MX\" \/>\n<meta property=\"og:type\" content=\"article\" \/>\n<meta property=\"og:title\" content=\"Tras sufrir un\u00a0ataque armado que sufri\u00f3 en la previa, el\u00a0fiscal de Justicia del Estado de M\u00e9xico (FGJEM), Jos\u00e9 Luis Cervantes Mart\u00ednez\u00a0se reuni\u00f3 este viernes, junto a otros funcionarios -\" \/>\n<meta property=\"og:description\" content=\"Por Redacci\u00f3n QP La reuni\u00f3n entre el fiscal del Edomex, Jos\u00e9 Luis Cervantes, y la...\" \/>\n<meta property=\"og:url\" content=\"https:\/\/quehacerpolitico.mx\/?p=107885\" \/>\n<meta property=\"article:published_time\" content=\"2024-01-26T20:53:42+00:00\" \/>\n<meta property=\"article:modified_time\" content=\"2024-01-26T20:53:46+00:00\" \/>\n<meta property=\"og:image\" content=\"https:\/\/quehacerpolitico.mx\/wp-content\/uploads\/2024\/01\/IMG_3355.jpeg\" \/>\n\t<meta property=\"og:image:width\" content=\"1600\" \/>\n\t<meta property=\"og:image:height\" content=\"1066\" \/>\n\t<meta property=\"og:image:type\" content=\"image\/jpeg\" \/>\n<meta name=\"author\" content=\"Redacci\u00f3n QP\" \/>\n<meta name=\"twitter:card\" content=\"summary_large_image\" \/>\n<meta name=\"twitter:label1\" content=\"Escrito por\" \/>\n\t<meta name=\"twitter:data1\" content=\"Redacci\u00f3n QP\" \/>\n\t<meta name=\"twitter:label2\" content=\"Tiempo de lectura\" \/>\n\t<meta name=\"twitter:data2\" content=\"2 minutos\" \/>\n<script type=\"application\/ld+json\" class=\"yoast-schema-graph\">{\"@context\":\"https:\\\/\\\/schema.org\",\"@graph\":[{\"@type\":\"Article\",\"@id\":\"https:\\\/\\\/quehacerpolitico.mx\\\/?p=107885#article\",\"isPartOf\":{\"@id\":\"https:\\\/\\\/quehacerpolitico.mx\\\/?p=107885\"},\"author\":{\"name\":\"Redacci\u00f3n QP\",\"@id\":\"https:\\\/\\\/quehacerpolitico.mx\\\/#\\\/schema\\\/person\\\/496d8ad2d1d3f8036101dca7ee39e585\"},\"headline\":\"Tras sufrir un\u00a0ataque armado que sufri\u00f3 en la previa, el\u00a0fiscal de Justicia del Estado de M\u00e9xico (FGJEM), Jos\u00e9 Luis Cervantes Mart\u00ednez\u00a0se reuni\u00f3 este viernes, junto a otros funcionarios\",\"datePublished\":\"2024-01-26T20:53:42+00:00\",\"dateModified\":\"2024-01-26T20:53:46+00:00\",\"mainEntityOfPage\":{\"@id\":\"https:\\\/\\\/quehacerpolitico.mx\\\/?p=107885\"},\"wordCount\":414,\"commentCount\":0,\"image\":{\"@id\":\"https:\\\/\\\/quehacerpolitico.mx\\\/?p=107885#primaryimage\"},\"thumbnailUrl\":\"https:\\\/\\\/quehacerpolitico.mx\\\/wp-content\\\/uploads\\\/2024\\\/01\\\/IMG_3355.jpeg\",\"articleSection\":[\"Noticias\"],\"inLanguage\":\"es\",\"potentialAction\":[{\"@type\":\"CommentAction\",\"name\":\"Comment\",\"target\":[\"https:\\\/\\\/quehacerpolitico.mx\\\/?p=107885#respond\"]}]},{\"@type\":\"WebPage\",\"@id\":\"https:\\\/\\\/quehacerpolitico.mx\\\/?p=107885\",\"url\":\"https:\\\/\\\/quehacerpolitico.mx\\\/?p=107885\",\"name\":\"Tras sufrir un\u00a0ataque armado que sufri\u00f3 en la previa, el\u00a0fiscal de Justicia del Estado de M\u00e9xico (FGJEM), Jos\u00e9 Luis Cervantes Mart\u00ednez\u00a0se reuni\u00f3 este viernes, junto a otros funcionarios -\",\"isPartOf\":{\"@id\":\"https:\\\/\\\/quehacerpolitico.mx\\\/#website\"},\"primaryImageOfPage\":{\"@id\":\"https:\\\/\\\/quehacerpolitico.mx\\\/?p=107885#primaryimage\"},\"image\":{\"@id\":\"https:\\\/\\\/quehacerpolitico.mx\\\/?p=107885#primaryimage\"},\"thumbnailUrl\":\"https:\\\/\\\/quehacerpolitico.mx\\\/wp-content\\\/uploads\\\/2024\\\/01\\\/IMG_3355.jpeg\",\"datePublished\":\"2024-01-26T20:53:42+00:00\",\"dateModified\":\"2024-01-26T20:53:46+00:00\",\"author\":{\"@id\":\"https:\\\/\\\/quehacerpolitico.mx\\\/#\\\/schema\\\/person\\\/496d8ad2d1d3f8036101dca7ee39e585\"},\"breadcrumb\":{\"@id\":\"https:\\\/\\\/quehacerpolitico.mx\\\/?p=107885#breadcrumb\"},\"inLanguage\":\"es\",\"potentialAction\":[{\"@type\":\"ReadAction\",\"target\":[\"https:\\\/\\\/quehacerpolitico.mx\\\/?p=107885\"]}]},{\"@type\":\"ImageObject\",\"inLanguage\":\"es\",\"@id\":\"https:\\\/\\\/quehacerpolitico.mx\\\/?p=107885#primaryimage\",\"url\":\"https:\\\/\\\/quehacerpolitico.mx\\\/wp-content\\\/uploads\\\/2024\\\/01\\\/IMG_3355.jpeg\",\"contentUrl\":\"https:\\\/\\\/quehacerpolitico.mx\\\/wp-content\\\/uploads\\\/2024\\\/01\\\/IMG_3355.jpeg\",\"width\":1600,\"height\":1066},{\"@type\":\"BreadcrumbList\",\"@id\":\"https:\\\/\\\/quehacerpolitico.mx\\\/?p=107885#breadcrumb\",\"itemListElement\":[{\"@type\":\"ListItem\",\"position\":1,\"name\":\"Inicio\",\"item\":\"https:\\\/\\\/quehacerpolitico.mx\\\/\"},{\"@type\":\"ListItem\",\"position\":2,\"name\":\"Tras sufrir un\u00a0ataque armado que sufri\u00f3 en la previa, el\u00a0fiscal de Justicia del Estado de M\u00e9xico (FGJEM), Jos\u00e9 Luis Cervantes Mart\u00ednez\u00a0se reuni\u00f3 este viernes, junto a otros funcionarios\"}]},{\"@type\":\"WebSite\",\"@id\":\"https:\\\/\\\/quehacerpolitico.mx\\\/#website\",\"url\":\"https:\\\/\\\/quehacerpolitico.mx\\\/\",\"name\":\"\",\"description\":\"\",\"potentialAction\":[{\"@type\":\"SearchAction\",\"target\":{\"@type\":\"EntryPoint\",\"urlTemplate\":\"https:\\\/\\\/quehacerpolitico.mx\\\/?s={search_term_string}\"},\"query-input\":{\"@type\":\"PropertyValueSpecification\",\"valueRequired\":true,\"valueName\":\"search_term_string\"}}],\"inLanguage\":\"es\"},{\"@type\":\"Person\",\"@id\":\"https:\\\/\\\/quehacerpolitico.mx\\\/#\\\/schema\\\/person\\\/496d8ad2d1d3f8036101dca7ee39e585\",\"name\":\"Redacci\u00f3n QP\",\"image\":{\"@type\":\"ImageObject\",\"inLanguage\":\"es\",\"@id\":\"https:\\\/\\\/secure.gravatar.com\\\/avatar\\\/c7164ed6fdec453195284ad24a5ae5b6e1eed2b848477fa2a4787ba9adf39a41?s=96&d=mm&r=g\",\"url\":\"https:\\\/\\\/secure.gravatar.com\\\/avatar\\\/c7164ed6fdec453195284ad24a5ae5b6e1eed2b848477fa2a4787ba9adf39a41?s=96&d=mm&r=g\",\"contentUrl\":\"https:\\\/\\\/secure.gravatar.com\\\/avatar\\\/c7164ed6fdec453195284ad24a5ae5b6e1eed2b848477fa2a4787ba9adf39a41?s=96&d=mm&r=g\",\"caption\":\"Redacci\u00f3n QP\"},\"url\":\"https:\\\/\\\/quehacerpolitico.mx\\\/?author=2\"}]}<\/script>\n<!-- \/ Yoast SEO plugin. -->","yoast_head_json":{"title":"Tras sufrir un\u00a0ataque armado que sufri\u00f3 en la previa, el\u00a0fiscal de Justicia del Estado de M\u00e9xico (FGJEM), Jos\u00e9 Luis Cervantes Mart\u00ednez\u00a0se reuni\u00f3 este viernes, junto a otros funcionarios -","robots":{"index":"index","follow":"follow","max-snippet":"max-snippet:-1","max-image-preview":"max-image-preview:large","max-video-preview":"max-video-preview:-1"},"canonical":"https:\/\/quehacerpolitico.mx\/?p=107885","og_locale":"es_MX","og_type":"article","og_title":"Tras sufrir un\u00a0ataque armado que sufri\u00f3 en la previa, el\u00a0fiscal de Justicia del Estado de M\u00e9xico (FGJEM), Jos\u00e9 Luis Cervantes Mart\u00ednez\u00a0se reuni\u00f3 este viernes, junto a otros funcionarios -","og_description":"Por Redacci\u00f3n QP La reuni\u00f3n entre el fiscal del Edomex, Jos\u00e9 Luis Cervantes, y la...","og_url":"https:\/\/quehacerpolitico.mx\/?p=107885","article_published_time":"2024-01-26T20:53:42+00:00","article_modified_time":"2024-01-26T20:53:46+00:00","og_image":[{"width":1600,"height":1066,"url":"https:\/\/quehacerpolitico.mx\/wp-content\/uploads\/2024\/01\/IMG_3355.jpeg","type":"image\/jpeg"}],"author":"Redacci\u00f3n QP","twitter_card":"summary_large_image","twitter_misc":{"Escrito por":"Redacci\u00f3n QP","Tiempo de lectura":"2 minutos"},"schema":{"@context":"https:\/\/schema.org","@graph":[{"@type":"Article","@id":"https:\/\/quehacerpolitico.mx\/?p=107885#article","isPartOf":{"@id":"https:\/\/quehacerpolitico.mx\/?p=107885"},"author":{"name":"Redacci\u00f3n QP","@id":"https:\/\/quehacerpolitico.mx\/#\/schema\/person\/496d8ad2d1d3f8036101dca7ee39e585"},"headline":"Tras sufrir un\u00a0ataque armado que sufri\u00f3 en la previa, el\u00a0fiscal de Justicia del Estado de M\u00e9xico (FGJEM), Jos\u00e9 Luis Cervantes Mart\u00ednez\u00a0se reuni\u00f3 este viernes, junto a otros funcionarios","datePublished":"2024-01-26T20:53:42+00:00","dateModified":"2024-01-26T20:53:46+00:00","mainEntityOfPage":{"@id":"https:\/\/quehacerpolitico.mx\/?p=107885"},"wordCount":414,"commentCount":0,"image":{"@id":"https:\/\/quehacerpolitico.mx\/?p=107885#primaryimage"},"thumbnailUrl":"https:\/\/quehacerpolitico.mx\/wp-content\/uploads\/2024\/01\/IMG_3355.jpeg","articleSection":["Noticias"],"inLanguage":"es","potentialAction":[{"@type":"CommentAction","name":"Comment","target":["https:\/\/quehacerpolitico.mx\/?p=107885#respond"]}]},{"@type":"WebPage","@id":"https:\/\/quehacerpolitico.mx\/?p=107885","url":"https:\/\/quehacerpolitico.mx\/?p=107885","name":"Tras sufrir un\u00a0ataque armado que sufri\u00f3 en la previa, el\u00a0fiscal de Justicia del Estado de M\u00e9xico (FGJEM), Jos\u00e9 Luis Cervantes Mart\u00ednez\u00a0se reuni\u00f3 este viernes, junto a otros funcionarios -","isPartOf":{"@id":"https:\/\/quehacerpolitico.mx\/#website"},"primaryImageOfPage":{"@id":"https:\/\/quehacerpolitico.mx\/?p=107885#primaryimage"},"image":{"@id":"https:\/\/quehacerpolitico.mx\/?p=107885#primaryimage"},"thumbnailUrl":"https:\/\/quehacerpolitico.mx\/wp-content\/uploads\/2024\/01\/IMG_3355.jpeg","datePublished":"2024-01-26T20:53:42+00:00","dateModified":"2024-01-26T20:53:46+00:00","author":{"@id":"https:\/\/quehacerpolitico.mx\/#\/schema\/person\/496d8ad2d1d3f8036101dca7ee39e585"},"breadcrumb":{"@id":"https:\/\/quehacerpolitico.mx\/?p=107885#breadcrumb"},"inLanguage":"es","potentialAction":[{"@type":"ReadAction","target":["https:\/\/quehacerpolitico.mx\/?p=107885"]}]},{"@type":"ImageObject","inLanguage":"es","@id":"https:\/\/quehacerpolitico.mx\/?p=107885#primaryimage","url":"https:\/\/quehacerpolitico.mx\/wp-content\/uploads\/2024\/01\/IMG_3355.jpeg","contentUrl":"https:\/\/quehacerpolitico.mx\/wp-content\/uploads\/2024\/01\/IMG_3355.jpeg","width":1600,"height":1066},{"@type":"BreadcrumbList","@id":"https:\/\/quehacerpolitico.mx\/?p=107885#breadcrumb","itemListElement":[{"@type":"ListItem","position":1,"name":"Inicio","item":"https:\/\/quehacerpolitico.mx\/"},{"@type":"ListItem","position":2,"name":"Tras sufrir un\u00a0ataque armado que sufri\u00f3 en la previa, el\u00a0fiscal de Justicia del Estado de M\u00e9xico (FGJEM), Jos\u00e9 Luis Cervantes Mart\u00ednez\u00a0se reuni\u00f3 este viernes, junto a otros funcionarios"}]},{"@type":"WebSite","@id":"https:\/\/quehacerpolitico.mx\/#website","url":"https:\/\/quehacerpolitico.mx\/","name":"","description":"","potentialAction":[{"@type":"SearchAction","target":{"@type":"EntryPoint","urlTemplate":"https:\/\/quehacerpolitico.mx\/?s={search_term_string}"},"query-input":{"@type":"PropertyValueSpecification","valueRequired":true,"valueName":"search_term_string"}}],"inLanguage":"es"},{"@type":"Person","@id":"https:\/\/quehacerpolitico.mx\/#\/schema\/person\/496d8ad2d1d3f8036101dca7ee39e585","name":"Redacci\u00f3n QP","image":{"@type":"ImageObject","inLanguage":"es","@id":"https:\/\/secure.gravatar.com\/avatar\/c7164ed6fdec453195284ad24a5ae5b6e1eed2b848477fa2a4787ba9adf39a41?s=96&d=mm&r=g","url":"https:\/\/secure.gravatar.com\/avatar\/c7164ed6fdec453195284ad24a5ae5b6e1eed2b848477fa2a4787ba9adf39a41?s=96&d=mm&r=g","contentUrl":"https:\/\/secure.gravatar.com\/avatar\/c7164ed6fdec453195284ad24a5ae5b6e1eed2b848477fa2a4787ba9adf39a41?s=96&d=mm&r=g","caption":"Redacci\u00f3n QP"},"url":"https:\/\/quehacerpolitico.mx\/?author=2"}]}},"featured_image_urls":{"full":["https:\/\/quehacerpolitico.mx\/wp-content\/uploads\/2024\/01\/IMG_3355.jpeg",1600,1066,false],"thumbnail":["https:\/\/quehacerpolitico.mx\/wp-content\/uploads\/2024\/01\/IMG_3355-150x150.jpeg",150,150,true],"medium":["https:\/\/quehacerpolitico.mx\/wp-content\/uploads\/2024\/01\/IMG_3355-300x200.jpeg",300,200,true],"medium_large":["https:\/\/quehacerpolitico.mx\/wp-content\/uploads\/2024\/01\/IMG_3355-768x512.jpeg",640,427,true],"large":["https:\/\/quehacerpolitico.mx\/wp-content\/uploads\/2024\/01\/IMG_3355-1024x682.jpeg",640,426,true],"1536x1536":["https:\/\/quehacerpolitico.mx\/wp-content\/uploads\/2024\/01\/IMG_3355-1536x1023.jpeg",1536,1023,true],"2048x2048":["https:\/\/quehacerpolitico.mx\/wp-content\/uploads\/2024\/01\/IMG_3355.jpeg",1600,1066,false],"covernews-featured":["https:\/\/quehacerpolitico.mx\/wp-content\/uploads\/2024\/01\/IMG_3355.jpeg",1024,682,false],"covernews-medium":["https:\/\/quehacerpolitico.mx\/wp-content\/uploads\/2024\/01\/IMG_3355.jpeg",510,340,false]},"author_info":{"display_name":"Redacci\u00f3n QP","author_link":"https:\/\/quehacerpolitico.mx\/?author=2"},"category_info":"<a href=\"https:\/\/quehacerpolitico.mx\/?cat=2\" rel=\"category\">Noticias<\/a>","tag_info":"Noticias","comment_count":"0","_links":{"self":[{"href":"https:\/\/quehacerpolitico.mx\/index.php?rest_route=\/wp\/v2\/posts\/107885","targetHints":{"allow":["GET"]}}],"collection":[{"href":"https:\/\/quehacerpolitico.mx\/index.php?rest_route=\/wp\/v2\/posts"}],"about":[{"href":"https:\/\/quehacerpolitico.mx\/index.php?rest_route=\/wp\/v2\/types\/post"}],"author":[{"embeddable":true,"href":"https:\/\/quehacerpolitico.mx\/index.php?rest_route=\/wp\/v2\/users\/2"}],"replies":[{"embeddable":true,"href":"https:\/\/quehacerpolitico.mx\/index.php?rest_route=%2Fwp%2Fv2%2Fcomments&post=107885"}],"version-history":[{"count":1,"href":"https:\/\/quehacerpolitico.mx\/index.php?rest_route=\/wp\/v2\/posts\/107885\/revisions"}],"predecessor-version":[{"id":107887,"href":"https:\/\/quehacerpolitico.mx\/index.php?rest_route=\/wp\/v2\/posts\/107885\/revisions\/107887"}],"wp:featuredmedia":[{"embeddable":true,"href":"https:\/\/quehacerpolitico.mx\/index.php?rest_route=\/wp\/v2\/media\/107886"}],"wp:attachment":[{"href":"https:\/\/quehacerpolitico.mx\/index.php?rest_route=%2Fwp%2Fv2%2Fmedia&parent=107885"}],"wp:term":[{"taxonomy":"category","embeddable":true,"href":"https:\/\/quehacerpolitico.mx\/index.php?rest_route=%2Fwp%2Fv2%2Fcategories&post=107885"},{"taxonomy":"post_tag","embeddable":true,"href":"https:\/\/quehacerpolitico.mx\/index.php?rest_route=%2Fwp%2Fv2%2Ftags&post=107885"}],"curies":[{"name":"wp","href":"https:\/\/api.w.org\/{rel}","templated":true}]}}