{"id":107842,"date":"2024-01-26T03:08:53","date_gmt":"2024-01-26T03:08:53","guid":{"rendered":"https:\/\/quehacerpolitico.mx\/?p=107842"},"modified":"2024-01-26T03:08:57","modified_gmt":"2024-01-26T03:08:57","slug":"dave-canales-quien-tiene-raices-mexicanas-sera-el-entrenador-en-jefe-de-las-panthers-de-carolina","status":"publish","type":"post","link":"https:\/\/quehacerpolitico.mx\/?p=107842","title":{"rendered":"Dave Canales, quien tiene ra\u00edces mexicanas, ser\u00e1 el entrenador en jefe de las Panthers de Carolina"},"content":{"rendered":"\n<p>Por Redacci\u00f3n QP<\/p>\n\n\n\n<p>Las Panthers llegaron a un acuerdo para contratar a Dave Canales, coordinador ofensivo de los Buccaneers, como su nuevo entrenador en jefe.<\/p>\n\n\n\n<p>Las<strong>&nbsp;Panthers de Carolina<\/strong>&nbsp;llegaron a un<strong>acuerdo<\/strong>&nbsp;para&nbsp;<strong>contratar al coordinador ofensivo<\/strong>&nbsp;de los<strong>&nbsp;Buccaneers de Tampa Bay Dave Canales<\/strong>&nbsp;como su<strong>&nbsp;nuevo entrenador en jefe<\/strong>, de acuerdo con dos personas al tanto de la situaci\u00f3n.<\/p>\n\n\n\n<p><strong>Canales<\/strong>&nbsp;inform\u00f3 a Tampa Bay que&nbsp;<strong>aceptar\u00e1 el puesto<\/strong>, aunque todav\u00eda hay detalles que cerrar antes de que se anuncie el nombramiento de manera oficial, de acuerdo con fuentes que hablaron con The Associated Press el jueves bajo la condici\u00f3n de no ser identificadas.<\/p>\n\n\n\n<p><strong>Dave Canales<\/strong>&nbsp;ser\u00e1 el&nbsp;<strong>s\u00e9ptimo entrenador en jefe<\/strong>&nbsp;de las&nbsp;<strong>Panthers de Carolina<\/strong>&nbsp;desde que el propietario&nbsp;<strong>David Tepper<\/strong>&nbsp;asumi\u00f3 en 2018. Llegar\u00e1 a un equipo que tuvo marca de 2-15 la temporada pasada y que no tiene una selecci\u00f3n de primera ronda en el draft de 2024.<\/p>\n\n\n\n<p>De&nbsp;<strong>ra\u00edces mexicanas<\/strong>, Canales se une a&nbsp;<strong>Ron Rivera<\/strong>&nbsp;como el&nbsp;<strong>segundo entrenador en jefe<\/strong>de&nbsp;<strong>origen latino<\/strong>&nbsp;que es contratado por los Panthers.<\/p>\n\n\n\n<h2 class=\"wp-block-heading\" id=\"h-otros-casos\">OTROS CASOS<\/h2>\n\n\n\n<p>Canales ser\u00e1 la&nbsp;<strong>tercera contrataci\u00f3n<\/strong>&nbsp;de&nbsp;<strong>un entrenador de una minor\u00eda<\/strong>&nbsp;en este ciclo, acompa\u00f1ando a&nbsp;<strong>Jerod Mayo<\/strong>&nbsp;en Nueva Inglaterra y&nbsp;<strong>Antonio Pierce<\/strong>&nbsp;en Las Vegas. Ello eleva a ocho el total en la NFL, sum\u00e1ndose&nbsp;<strong>Mike Tomlin<\/strong>&nbsp;(Pittsburgh),<strong>&nbsp;DeMeco Ryans<\/strong>(Houston),<strong>&nbsp;Todd Bowles<\/strong>&nbsp;(Tampa Bay),&nbsp;<strong>Mike McDaniel<\/strong>&nbsp;(Miami) y<strong>&nbsp;Robert Saleh<\/strong>&nbsp;(Jets de Nueva York).<\/p>\n\n\n\n<p>Tres equipos de la NFL a\u00fan no han contratado a su m\u00e1ximo estratega: los\u00a0<strong>Falcons, Seahawks y Commanders<\/strong>.<\/p>\n\n\n\n<p>La contrataci\u00f3n corona un\u00a0<strong>ascenso mete\u00f3rico<\/strong> para Canales, de 42 a\u00f1os de edad y que se desempe\u00f1\u00f3 como coach de quarterbacks de los Seahawks de Seattle en 2022.<\/p>\n\n\n\n<p>Con informaci\u00f3n de AP<\/p>\n","protected":false},"excerpt":{"rendered":"<p>Por Redacci\u00f3n QP Las Panthers llegaron a un acuerdo para contratar a Dave Canales, coordinador&#8230;<\/p>\n","protected":false},"author":2,"featured_media":107843,"comment_status":"open","ping_status":"open","sticky":false,"template":"","format":"standard","meta":{"_monsterinsights_skip_tracking":false,"_monsterinsights_sitenote_active":false,"_monsterinsights_sitenote_note":"","_monsterinsights_sitenote_category":0,"footnotes":""},"categories":[54],"tags":[],"class_list":["post-107842","post","type-post","status-publish","format-standard","has-post-thumbnail","hentry","category-deportes"],"yoast_head":"<!-- This site is optimized with the Yoast SEO plugin v27.3 - https:\/\/yoast.com\/product\/yoast-seo-wordpress\/ -->\n<title>Dave Canales, quien tiene ra\u00edces mexicanas, ser\u00e1 el entrenador en jefe de las Panthers de Carolina -<\/title>\n<meta name=\"robots\" content=\"index, follow, max-snippet:-1, max-image-preview:large, max-video-preview:-1\" \/>\n<link rel=\"canonical\" href=\"https:\/\/quehacerpolitico.mx\/?p=107842\" \/>\n<meta property=\"og:locale\" content=\"es_MX\" \/>\n<meta property=\"og:type\" content=\"article\" \/>\n<meta property=\"og:title\" content=\"Dave Canales, quien tiene ra\u00edces mexicanas, ser\u00e1 el entrenador en jefe de las Panthers de Carolina -\" \/>\n<meta property=\"og:description\" content=\"Por Redacci\u00f3n QP Las Panthers llegaron a un acuerdo para contratar a Dave Canales, coordinador...\" \/>\n<meta property=\"og:url\" content=\"https:\/\/quehacerpolitico.mx\/?p=107842\" \/>\n<meta property=\"article:published_time\" content=\"2024-01-26T03:08:53+00:00\" \/>\n<meta property=\"article:modified_time\" content=\"2024-01-26T03:08:57+00:00\" \/>\n<meta property=\"og:image\" content=\"https:\/\/quehacerpolitico.mx\/wp-content\/uploads\/2024\/01\/IMG_3338.jpeg\" \/>\n\t<meta property=\"og:image:width\" content=\"763\" \/>\n\t<meta property=\"og:image:height\" content=\"402\" \/>\n\t<meta property=\"og:image:type\" content=\"image\/jpeg\" \/>\n<meta name=\"author\" content=\"Redacci\u00f3n QP\" \/>\n<meta name=\"twitter:card\" content=\"summary_large_image\" \/>\n<meta name=\"twitter:label1\" content=\"Escrito por\" \/>\n\t<meta name=\"twitter:data1\" content=\"Redacci\u00f3n QP\" \/>\n\t<meta name=\"twitter:label2\" content=\"Tiempo de lectura\" \/>\n\t<meta name=\"twitter:data2\" content=\"2 minutos\" \/>\n<script type=\"application\/ld+json\" class=\"yoast-schema-graph\">{\"@context\":\"https:\\\/\\\/schema.org\",\"@graph\":[{\"@type\":\"Article\",\"@id\":\"https:\\\/\\\/quehacerpolitico.mx\\\/?p=107842#article\",\"isPartOf\":{\"@id\":\"https:\\\/\\\/quehacerpolitico.mx\\\/?p=107842\"},\"author\":{\"name\":\"Redacci\u00f3n QP\",\"@id\":\"https:\\\/\\\/quehacerpolitico.mx\\\/#\\\/schema\\\/person\\\/496d8ad2d1d3f8036101dca7ee39e585\"},\"headline\":\"Dave Canales, quien tiene ra\u00edces mexicanas, ser\u00e1 el entrenador en jefe de las Panthers de Carolina\",\"datePublished\":\"2024-01-26T03:08:53+00:00\",\"dateModified\":\"2024-01-26T03:08:57+00:00\",\"mainEntityOfPage\":{\"@id\":\"https:\\\/\\\/quehacerpolitico.mx\\\/?p=107842\"},\"wordCount\":355,\"commentCount\":0,\"image\":{\"@id\":\"https:\\\/\\\/quehacerpolitico.mx\\\/?p=107842#primaryimage\"},\"thumbnailUrl\":\"https:\\\/\\\/quehacerpolitico.mx\\\/wp-content\\\/uploads\\\/2024\\\/01\\\/IMG_3338.jpeg\",\"articleSection\":[\"Deportes\"],\"inLanguage\":\"es\",\"potentialAction\":[{\"@type\":\"CommentAction\",\"name\":\"Comment\",\"target\":[\"https:\\\/\\\/quehacerpolitico.mx\\\/?p=107842#respond\"]}]},{\"@type\":\"WebPage\",\"@id\":\"https:\\\/\\\/quehacerpolitico.mx\\\/?p=107842\",\"url\":\"https:\\\/\\\/quehacerpolitico.mx\\\/?p=107842\",\"name\":\"Dave Canales, quien tiene ra\u00edces mexicanas, ser\u00e1 el entrenador en jefe de las Panthers de Carolina -\",\"isPartOf\":{\"@id\":\"https:\\\/\\\/quehacerpolitico.mx\\\/#website\"},\"primaryImageOfPage\":{\"@id\":\"https:\\\/\\\/quehacerpolitico.mx\\\/?p=107842#primaryimage\"},\"image\":{\"@id\":\"https:\\\/\\\/quehacerpolitico.mx\\\/?p=107842#primaryimage\"},\"thumbnailUrl\":\"https:\\\/\\\/quehacerpolitico.mx\\\/wp-content\\\/uploads\\\/2024\\\/01\\\/IMG_3338.jpeg\",\"datePublished\":\"2024-01-26T03:08:53+00:00\",\"dateModified\":\"2024-01-26T03:08:57+00:00\",\"author\":{\"@id\":\"https:\\\/\\\/quehacerpolitico.mx\\\/#\\\/schema\\\/person\\\/496d8ad2d1d3f8036101dca7ee39e585\"},\"breadcrumb\":{\"@id\":\"https:\\\/\\\/quehacerpolitico.mx\\\/?p=107842#breadcrumb\"},\"inLanguage\":\"es\",\"potentialAction\":[{\"@type\":\"ReadAction\",\"target\":[\"https:\\\/\\\/quehacerpolitico.mx\\\/?p=107842\"]}]},{\"@type\":\"ImageObject\",\"inLanguage\":\"es\",\"@id\":\"https:\\\/\\\/quehacerpolitico.mx\\\/?p=107842#primaryimage\",\"url\":\"https:\\\/\\\/quehacerpolitico.mx\\\/wp-content\\\/uploads\\\/2024\\\/01\\\/IMG_3338.jpeg\",\"contentUrl\":\"https:\\\/\\\/quehacerpolitico.mx\\\/wp-content\\\/uploads\\\/2024\\\/01\\\/IMG_3338.jpeg\",\"width\":763,\"height\":402},{\"@type\":\"BreadcrumbList\",\"@id\":\"https:\\\/\\\/quehacerpolitico.mx\\\/?p=107842#breadcrumb\",\"itemListElement\":[{\"@type\":\"ListItem\",\"position\":1,\"name\":\"Inicio\",\"item\":\"https:\\\/\\\/quehacerpolitico.mx\\\/\"},{\"@type\":\"ListItem\",\"position\":2,\"name\":\"Dave Canales, quien tiene ra\u00edces mexicanas, ser\u00e1 el entrenador en jefe de las Panthers de Carolina\"}]},{\"@type\":\"WebSite\",\"@id\":\"https:\\\/\\\/quehacerpolitico.mx\\\/#website\",\"url\":\"https:\\\/\\\/quehacerpolitico.mx\\\/\",\"name\":\"\",\"description\":\"\",\"potentialAction\":[{\"@type\":\"SearchAction\",\"target\":{\"@type\":\"EntryPoint\",\"urlTemplate\":\"https:\\\/\\\/quehacerpolitico.mx\\\/?s={search_term_string}\"},\"query-input\":{\"@type\":\"PropertyValueSpecification\",\"valueRequired\":true,\"valueName\":\"search_term_string\"}}],\"inLanguage\":\"es\"},{\"@type\":\"Person\",\"@id\":\"https:\\\/\\\/quehacerpolitico.mx\\\/#\\\/schema\\\/person\\\/496d8ad2d1d3f8036101dca7ee39e585\",\"name\":\"Redacci\u00f3n QP\",\"image\":{\"@type\":\"ImageObject\",\"inLanguage\":\"es\",\"@id\":\"https:\\\/\\\/secure.gravatar.com\\\/avatar\\\/c7164ed6fdec453195284ad24a5ae5b6e1eed2b848477fa2a4787ba9adf39a41?s=96&d=mm&r=g\",\"url\":\"https:\\\/\\\/secure.gravatar.com\\\/avatar\\\/c7164ed6fdec453195284ad24a5ae5b6e1eed2b848477fa2a4787ba9adf39a41?s=96&d=mm&r=g\",\"contentUrl\":\"https:\\\/\\\/secure.gravatar.com\\\/avatar\\\/c7164ed6fdec453195284ad24a5ae5b6e1eed2b848477fa2a4787ba9adf39a41?s=96&d=mm&r=g\",\"caption\":\"Redacci\u00f3n QP\"},\"url\":\"https:\\\/\\\/quehacerpolitico.mx\\\/?author=2\"}]}<\/script>\n<!-- \/ Yoast SEO plugin. -->","yoast_head_json":{"title":"Dave Canales, quien tiene ra\u00edces mexicanas, ser\u00e1 el entrenador en jefe de las Panthers de Carolina -","robots":{"index":"index","follow":"follow","max-snippet":"max-snippet:-1","max-image-preview":"max-image-preview:large","max-video-preview":"max-video-preview:-1"},"canonical":"https:\/\/quehacerpolitico.mx\/?p=107842","og_locale":"es_MX","og_type":"article","og_title":"Dave Canales, quien tiene ra\u00edces mexicanas, ser\u00e1 el entrenador en jefe de las Panthers de Carolina -","og_description":"Por Redacci\u00f3n QP Las Panthers llegaron a un acuerdo para contratar a Dave Canales, coordinador...","og_url":"https:\/\/quehacerpolitico.mx\/?p=107842","article_published_time":"2024-01-26T03:08:53+00:00","article_modified_time":"2024-01-26T03:08:57+00:00","og_image":[{"width":763,"height":402,"url":"https:\/\/quehacerpolitico.mx\/wp-content\/uploads\/2024\/01\/IMG_3338.jpeg","type":"image\/jpeg"}],"author":"Redacci\u00f3n QP","twitter_card":"summary_large_image","twitter_misc":{"Escrito por":"Redacci\u00f3n QP","Tiempo de lectura":"2 minutos"},"schema":{"@context":"https:\/\/schema.org","@graph":[{"@type":"Article","@id":"https:\/\/quehacerpolitico.mx\/?p=107842#article","isPartOf":{"@id":"https:\/\/quehacerpolitico.mx\/?p=107842"},"author":{"name":"Redacci\u00f3n QP","@id":"https:\/\/quehacerpolitico.mx\/#\/schema\/person\/496d8ad2d1d3f8036101dca7ee39e585"},"headline":"Dave Canales, quien tiene ra\u00edces mexicanas, ser\u00e1 el entrenador en jefe de las Panthers de Carolina","datePublished":"2024-01-26T03:08:53+00:00","dateModified":"2024-01-26T03:08:57+00:00","mainEntityOfPage":{"@id":"https:\/\/quehacerpolitico.mx\/?p=107842"},"wordCount":355,"commentCount":0,"image":{"@id":"https:\/\/quehacerpolitico.mx\/?p=107842#primaryimage"},"thumbnailUrl":"https:\/\/quehacerpolitico.mx\/wp-content\/uploads\/2024\/01\/IMG_3338.jpeg","articleSection":["Deportes"],"inLanguage":"es","potentialAction":[{"@type":"CommentAction","name":"Comment","target":["https:\/\/quehacerpolitico.mx\/?p=107842#respond"]}]},{"@type":"WebPage","@id":"https:\/\/quehacerpolitico.mx\/?p=107842","url":"https:\/\/quehacerpolitico.mx\/?p=107842","name":"Dave Canales, quien tiene ra\u00edces mexicanas, ser\u00e1 el entrenador en jefe de las Panthers de Carolina -","isPartOf":{"@id":"https:\/\/quehacerpolitico.mx\/#website"},"primaryImageOfPage":{"@id":"https:\/\/quehacerpolitico.mx\/?p=107842#primaryimage"},"image":{"@id":"https:\/\/quehacerpolitico.mx\/?p=107842#primaryimage"},"thumbnailUrl":"https:\/\/quehacerpolitico.mx\/wp-content\/uploads\/2024\/01\/IMG_3338.jpeg","datePublished":"2024-01-26T03:08:53+00:00","dateModified":"2024-01-26T03:08:57+00:00","author":{"@id":"https:\/\/quehacerpolitico.mx\/#\/schema\/person\/496d8ad2d1d3f8036101dca7ee39e585"},"breadcrumb":{"@id":"https:\/\/quehacerpolitico.mx\/?p=107842#breadcrumb"},"inLanguage":"es","potentialAction":[{"@type":"ReadAction","target":["https:\/\/quehacerpolitico.mx\/?p=107842"]}]},{"@type":"ImageObject","inLanguage":"es","@id":"https:\/\/quehacerpolitico.mx\/?p=107842#primaryimage","url":"https:\/\/quehacerpolitico.mx\/wp-content\/uploads\/2024\/01\/IMG_3338.jpeg","contentUrl":"https:\/\/quehacerpolitico.mx\/wp-content\/uploads\/2024\/01\/IMG_3338.jpeg","width":763,"height":402},{"@type":"BreadcrumbList","@id":"https:\/\/quehacerpolitico.mx\/?p=107842#breadcrumb","itemListElement":[{"@type":"ListItem","position":1,"name":"Inicio","item":"https:\/\/quehacerpolitico.mx\/"},{"@type":"ListItem","position":2,"name":"Dave Canales, quien tiene ra\u00edces mexicanas, ser\u00e1 el entrenador en jefe de las Panthers de Carolina"}]},{"@type":"WebSite","@id":"https:\/\/quehacerpolitico.mx\/#website","url":"https:\/\/quehacerpolitico.mx\/","name":"","description":"","potentialAction":[{"@type":"SearchAction","target":{"@type":"EntryPoint","urlTemplate":"https:\/\/quehacerpolitico.mx\/?s={search_term_string}"},"query-input":{"@type":"PropertyValueSpecification","valueRequired":true,"valueName":"search_term_string"}}],"inLanguage":"es"},{"@type":"Person","@id":"https:\/\/quehacerpolitico.mx\/#\/schema\/person\/496d8ad2d1d3f8036101dca7ee39e585","name":"Redacci\u00f3n QP","image":{"@type":"ImageObject","inLanguage":"es","@id":"https:\/\/secure.gravatar.com\/avatar\/c7164ed6fdec453195284ad24a5ae5b6e1eed2b848477fa2a4787ba9adf39a41?s=96&d=mm&r=g","url":"https:\/\/secure.gravatar.com\/avatar\/c7164ed6fdec453195284ad24a5ae5b6e1eed2b848477fa2a4787ba9adf39a41?s=96&d=mm&r=g","contentUrl":"https:\/\/secure.gravatar.com\/avatar\/c7164ed6fdec453195284ad24a5ae5b6e1eed2b848477fa2a4787ba9adf39a41?s=96&d=mm&r=g","caption":"Redacci\u00f3n QP"},"url":"https:\/\/quehacerpolitico.mx\/?author=2"}]}},"featured_image_urls":{"full":["https:\/\/quehacerpolitico.mx\/wp-content\/uploads\/2024\/01\/IMG_3338.jpeg",763,402,false],"thumbnail":["https:\/\/quehacerpolitico.mx\/wp-content\/uploads\/2024\/01\/IMG_3338-150x150.jpeg",150,150,true],"medium":["https:\/\/quehacerpolitico.mx\/wp-content\/uploads\/2024\/01\/IMG_3338-300x158.jpeg",300,158,true],"medium_large":["https:\/\/quehacerpolitico.mx\/wp-content\/uploads\/2024\/01\/IMG_3338.jpeg",640,337,false],"large":["https:\/\/quehacerpolitico.mx\/wp-content\/uploads\/2024\/01\/IMG_3338.jpeg",640,337,false],"1536x1536":["https:\/\/quehacerpolitico.mx\/wp-content\/uploads\/2024\/01\/IMG_3338.jpeg",763,402,false],"2048x2048":["https:\/\/quehacerpolitico.mx\/wp-content\/uploads\/2024\/01\/IMG_3338.jpeg",763,402,false],"covernews-featured":["https:\/\/quehacerpolitico.mx\/wp-content\/uploads\/2024\/01\/IMG_3338.jpeg",763,402,false],"covernews-medium":["https:\/\/quehacerpolitico.mx\/wp-content\/uploads\/2024\/01\/IMG_3338.jpeg",540,285,false]},"author_info":{"display_name":"Redacci\u00f3n QP","author_link":"https:\/\/quehacerpolitico.mx\/?author=2"},"category_info":"<a href=\"https:\/\/quehacerpolitico.mx\/?cat=54\" rel=\"category\">Deportes<\/a>","tag_info":"Deportes","comment_count":"0","_links":{"self":[{"href":"https:\/\/quehacerpolitico.mx\/index.php?rest_route=\/wp\/v2\/posts\/107842","targetHints":{"allow":["GET"]}}],"collection":[{"href":"https:\/\/quehacerpolitico.mx\/index.php?rest_route=\/wp\/v2\/posts"}],"about":[{"href":"https:\/\/quehacerpolitico.mx\/index.php?rest_route=\/wp\/v2\/types\/post"}],"author":[{"embeddable":true,"href":"https:\/\/quehacerpolitico.mx\/index.php?rest_route=\/wp\/v2\/users\/2"}],"replies":[{"embeddable":true,"href":"https:\/\/quehacerpolitico.mx\/index.php?rest_route=%2Fwp%2Fv2%2Fcomments&post=107842"}],"version-history":[{"count":1,"href":"https:\/\/quehacerpolitico.mx\/index.php?rest_route=\/wp\/v2\/posts\/107842\/revisions"}],"predecessor-version":[{"id":107844,"href":"https:\/\/quehacerpolitico.mx\/index.php?rest_route=\/wp\/v2\/posts\/107842\/revisions\/107844"}],"wp:featuredmedia":[{"embeddable":true,"href":"https:\/\/quehacerpolitico.mx\/index.php?rest_route=\/wp\/v2\/media\/107843"}],"wp:attachment":[{"href":"https:\/\/quehacerpolitico.mx\/index.php?rest_route=%2Fwp%2Fv2%2Fmedia&parent=107842"}],"wp:term":[{"taxonomy":"category","embeddable":true,"href":"https:\/\/quehacerpolitico.mx\/index.php?rest_route=%2Fwp%2Fv2%2Fcategories&post=107842"},{"taxonomy":"post_tag","embeddable":true,"href":"https:\/\/quehacerpolitico.mx\/index.php?rest_route=%2Fwp%2Fv2%2Ftags&post=107842"}],"curies":[{"name":"wp","href":"https:\/\/api.w.org\/{rel}","templated":true}]}}