{"id":107772,"date":"2024-01-22T19:32:46","date_gmt":"2024-01-22T19:32:46","guid":{"rendered":"https:\/\/quehacerpolitico.mx\/?p=107772"},"modified":"2024-01-22T19:32:49","modified_gmt":"2024-01-22T19:32:49","slug":"internacionales-carolina-alonso-romei-colectivos-opositores-cubanos-apoyaron-este-lunes-la-reciente-peticion-a-la-asamblea-nacional-de-una-ley-de-amnistia","status":"publish","type":"post","link":"https:\/\/quehacerpolitico.mx\/?p=107772","title":{"rendered":"Internacionales\/\/\/Carolina Alonso Romei\/\/\/Colectivos\u00a0opositores cubanos\u00a0apoyaron este lunes la reciente petici\u00f3n a la\u00a0Asamblea Nacional\u00a0de una ley de\u00a0amnist\u00eda"},"content":{"rendered":"\n<p>Por Carolina Alonso Romei<\/p>\n\n\n\n<p>Internacionalista <\/p>\n\n\n\n<p>Colectivos\u00a0<strong>opositores cubanos<\/strong>\u00a0apoyaron este lunes la reciente petici\u00f3n a la\u00a0<strong>Asamblea Nacional<\/strong>\u00a0de una ley de\u00a0<strong>amnist\u00eda<\/strong>, una\u00a0<strong>iniciativa<\/strong>\u00a0de una treintena de familiares de presos considerados pol\u00edticos o de conciencia por distintas ONG.<\/p>\n\n\n\n<p>El\u00a0Consejo para la Transici\u00f3n Democr\u00e1tica en Cuba (<strong>CTDC<\/strong>) y la plataforma\u00a0<strong>D\u2019Frente<\/strong>\u00a0consideraron en un comunicado conjunto que se trata de una iniciativa \u201cinteligente\u201d y \u201checha con apego a la legalidad vigente\u201d para lograr la amnist\u00eda, un \u201cpaso imprescindible para la reconstituci\u00f3n de la sociedad cubana\u201d.<\/p>\n\n\n\n<p>Agregaron que esta propuesta debe ser escuchada por la oposici\u00f3n que trabaja \u201cpor el cambio democr\u00e1tico en Cuba\u201d con \u201cliberaci\u00f3n\u201d, \u201cresponsabilidad\u201d y \u201csin venganzas\u201d; y por el Gobierno cubano, que debe aprovechar la \u201cposibilidad legal\u201d de \u201cliberar a quienes guardan prisi\u00f3n por el ejercicio de sus libertades\u201d.<\/p>\n\n\n\n<p>Subrayaron que este \u201ccamino de autoconfianza, madurez y altura de Estado\u201d cuenta con un amplio respaldo social en la isla: \u201cDe acuerdo a todas las se\u00f1ales que emiten las mayor\u00edas sociales, la sociedad cubana est\u00e1 lista para dar espacio y oportunidad a una salida pol\u00edtica y jur\u00eddicamente creativa\u201d.<\/p>\n\n\n\n<p>Los colectivos opositores aseguran que en este proceso se podr\u00eda contar con el apoyo de la Uni\u00f3n Europea, Am\u00e9rica Latina y el Vaticano.<\/p>\n\n\n\n<p>Familiares de 33 presos -condenados en su mayor\u00eda por participar en protestas antigubernamentales como la del 11 de julio de 2021 (11J)- entregaron este viernes una carta en la Asamblea Nacional en la que piden una ley de amnist\u00eda.<\/p>\n\n\n\n<p>Suscribieron el texto familiares de presos de alcance medi\u00e1tico como los disidentes Maykel Castillo y Luis Manuel Otero Alc\u00e1ntara, as\u00ed como opositores y activistas como F\u00e9lix Navarro, Lisandra G\u00f3ngora, Luis Robles y L\u00e1zaro Yuri Valle Roca.<\/p>\n\n\n\n<p>La ONG&nbsp;<strong>Observatorio Cubano de Derechos Humanos<\/strong>&nbsp;(<strong>OCDH<\/strong>), con sede en Madrid, elabor\u00f3 un documento en el que describ\u00eda ocho v\u00edas para liberar a los condenados por las protestas antigubernamentales de los \u00faltimos a\u00f1os.<\/p>\n\n\n\n<p>La&nbsp;<strong>Corte Interamericana de Derechos Humanos<\/strong>&nbsp;(<strong>CIDH<\/strong>) envi\u00f3 este documento recientemente a la Canciller\u00eda cubana.<\/p>\n\n\n\n<p>Solo por el 11J, las mayores protestas antigubernamentales de Cuba en d\u00e9cadas, se han registrado unas 700 sentencias de c\u00e1rcel, algunas de hasta 30 a\u00f1os, seg\u00fan registros de distintas ONG como Justicia 11J y Prisoners Defenders. Asimismo, estas organizaciones cifran por encima de mil los presos pol\u00edticos actualmente en el pa\u00eds.<\/p>\n\n\n\n<p>Justicia 11J ha documentado en estos \u00faltimos dos a\u00f1os la detenci\u00f3n de mil 887 manifestantes, de las que 793 contin\u00faan en prisi\u00f3n. M\u00e1s de 900 personas han sido sancionadas y cerca de un centenar han marchado al exilio.<\/p>\n\n\n\n<p>El Gobierno insular tach\u00f3 de \u201ccontrarrevolucionarios\u201d a los manifestantes del 11J procesados y asegur\u00f3 que estaban organizados y financiados desde el exterior con el objetivo de acabar con el sistema socialista imperante en la isla desde 1959.<\/p>\n\n\n\n<p>Con informaci\u00f3n de EFE<\/p>\n","protected":false},"excerpt":{"rendered":"<p>Por Carolina Alonso Romei Internacionalista Colectivos\u00a0opositores cubanos\u00a0apoyaron este lunes la reciente petici\u00f3n a la\u00a0Asamblea Nacional\u00a0de&#8230;<\/p>\n","protected":false},"author":2,"featured_media":107773,"comment_status":"open","ping_status":"open","sticky":false,"template":"","format":"standard","meta":{"_monsterinsights_skip_tracking":false,"_monsterinsights_sitenote_active":false,"_monsterinsights_sitenote_note":"","_monsterinsights_sitenote_category":0,"footnotes":""},"categories":[1],"tags":[],"class_list":["post-107772","post","type-post","status-publish","format-standard","has-post-thumbnail","hentry","category-sin-categoria"],"yoast_head":"<!-- This site is optimized with the Yoast SEO plugin v27.3 - https:\/\/yoast.com\/product\/yoast-seo-wordpress\/ -->\n<title>Internacionales\/\/\/Carolina Alonso Romei\/\/\/Colectivos\u00a0opositores cubanos\u00a0apoyaron este lunes la reciente petici\u00f3n a la\u00a0Asamblea Nacional\u00a0de una ley de\u00a0amnist\u00eda -<\/title>\n<meta name=\"robots\" content=\"index, follow, max-snippet:-1, max-image-preview:large, max-video-preview:-1\" \/>\n<link rel=\"canonical\" href=\"https:\/\/quehacerpolitico.mx\/?p=107772\" \/>\n<meta property=\"og:locale\" content=\"es_MX\" \/>\n<meta property=\"og:type\" content=\"article\" \/>\n<meta property=\"og:title\" content=\"Internacionales\/\/\/Carolina Alonso Romei\/\/\/Colectivos\u00a0opositores cubanos\u00a0apoyaron este lunes la reciente petici\u00f3n a la\u00a0Asamblea Nacional\u00a0de una ley de\u00a0amnist\u00eda -\" \/>\n<meta property=\"og:description\" content=\"Por Carolina Alonso Romei Internacionalista Colectivos\u00a0opositores cubanos\u00a0apoyaron este lunes la reciente petici\u00f3n a la\u00a0Asamblea Nacional\u00a0de...\" \/>\n<meta property=\"og:url\" content=\"https:\/\/quehacerpolitico.mx\/?p=107772\" \/>\n<meta property=\"article:published_time\" content=\"2024-01-22T19:32:46+00:00\" \/>\n<meta property=\"article:modified_time\" content=\"2024-01-22T19:32:49+00:00\" \/>\n<meta property=\"og:image\" content=\"https:\/\/quehacerpolitico.mx\/wp-content\/uploads\/2024\/01\/IMG_3290.jpeg\" \/>\n\t<meta property=\"og:image:width\" content=\"739\" \/>\n\t<meta property=\"og:image:height\" content=\"415\" \/>\n\t<meta property=\"og:image:type\" content=\"image\/jpeg\" \/>\n<meta name=\"author\" content=\"Redacci\u00f3n QP\" \/>\n<meta name=\"twitter:card\" content=\"summary_large_image\" \/>\n<meta name=\"twitter:label1\" content=\"Escrito por\" \/>\n\t<meta name=\"twitter:data1\" content=\"Redacci\u00f3n QP\" \/>\n\t<meta name=\"twitter:label2\" content=\"Tiempo de lectura\" \/>\n\t<meta name=\"twitter:data2\" content=\"2 minutos\" \/>\n<script type=\"application\/ld+json\" class=\"yoast-schema-graph\">{\"@context\":\"https:\\\/\\\/schema.org\",\"@graph\":[{\"@type\":\"Article\",\"@id\":\"https:\\\/\\\/quehacerpolitico.mx\\\/?p=107772#article\",\"isPartOf\":{\"@id\":\"https:\\\/\\\/quehacerpolitico.mx\\\/?p=107772\"},\"author\":{\"name\":\"Redacci\u00f3n QP\",\"@id\":\"https:\\\/\\\/quehacerpolitico.mx\\\/#\\\/schema\\\/person\\\/496d8ad2d1d3f8036101dca7ee39e585\"},\"headline\":\"Internacionales\\\/\\\/\\\/Carolina Alonso Romei\\\/\\\/\\\/Colectivos\u00a0opositores cubanos\u00a0apoyaron este lunes la reciente petici\u00f3n a la\u00a0Asamblea Nacional\u00a0de una ley de\u00a0amnist\u00eda\",\"datePublished\":\"2024-01-22T19:32:46+00:00\",\"dateModified\":\"2024-01-22T19:32:49+00:00\",\"mainEntityOfPage\":{\"@id\":\"https:\\\/\\\/quehacerpolitico.mx\\\/?p=107772\"},\"wordCount\":521,\"commentCount\":0,\"image\":{\"@id\":\"https:\\\/\\\/quehacerpolitico.mx\\\/?p=107772#primaryimage\"},\"thumbnailUrl\":\"https:\\\/\\\/quehacerpolitico.mx\\\/wp-content\\\/uploads\\\/2024\\\/01\\\/IMG_3290.jpeg\",\"articleSection\":[\"Internacionales\"],\"inLanguage\":\"es\",\"potentialAction\":[{\"@type\":\"CommentAction\",\"name\":\"Comment\",\"target\":[\"https:\\\/\\\/quehacerpolitico.mx\\\/?p=107772#respond\"]}]},{\"@type\":\"WebPage\",\"@id\":\"https:\\\/\\\/quehacerpolitico.mx\\\/?p=107772\",\"url\":\"https:\\\/\\\/quehacerpolitico.mx\\\/?p=107772\",\"name\":\"Internacionales\\\/\\\/\\\/Carolina Alonso Romei\\\/\\\/\\\/Colectivos\u00a0opositores cubanos\u00a0apoyaron este lunes la reciente petici\u00f3n a la\u00a0Asamblea Nacional\u00a0de una ley de\u00a0amnist\u00eda -\",\"isPartOf\":{\"@id\":\"https:\\\/\\\/quehacerpolitico.mx\\\/#website\"},\"primaryImageOfPage\":{\"@id\":\"https:\\\/\\\/quehacerpolitico.mx\\\/?p=107772#primaryimage\"},\"image\":{\"@id\":\"https:\\\/\\\/quehacerpolitico.mx\\\/?p=107772#primaryimage\"},\"thumbnailUrl\":\"https:\\\/\\\/quehacerpolitico.mx\\\/wp-content\\\/uploads\\\/2024\\\/01\\\/IMG_3290.jpeg\",\"datePublished\":\"2024-01-22T19:32:46+00:00\",\"dateModified\":\"2024-01-22T19:32:49+00:00\",\"author\":{\"@id\":\"https:\\\/\\\/quehacerpolitico.mx\\\/#\\\/schema\\\/person\\\/496d8ad2d1d3f8036101dca7ee39e585\"},\"breadcrumb\":{\"@id\":\"https:\\\/\\\/quehacerpolitico.mx\\\/?p=107772#breadcrumb\"},\"inLanguage\":\"es\",\"potentialAction\":[{\"@type\":\"ReadAction\",\"target\":[\"https:\\\/\\\/quehacerpolitico.mx\\\/?p=107772\"]}]},{\"@type\":\"ImageObject\",\"inLanguage\":\"es\",\"@id\":\"https:\\\/\\\/quehacerpolitico.mx\\\/?p=107772#primaryimage\",\"url\":\"https:\\\/\\\/quehacerpolitico.mx\\\/wp-content\\\/uploads\\\/2024\\\/01\\\/IMG_3290.jpeg\",\"contentUrl\":\"https:\\\/\\\/quehacerpolitico.mx\\\/wp-content\\\/uploads\\\/2024\\\/01\\\/IMG_3290.jpeg\",\"width\":739,\"height\":415},{\"@type\":\"BreadcrumbList\",\"@id\":\"https:\\\/\\\/quehacerpolitico.mx\\\/?p=107772#breadcrumb\",\"itemListElement\":[{\"@type\":\"ListItem\",\"position\":1,\"name\":\"Inicio\",\"item\":\"https:\\\/\\\/quehacerpolitico.mx\\\/\"},{\"@type\":\"ListItem\",\"position\":2,\"name\":\"Internacionales\\\/\\\/\\\/Carolina Alonso Romei\\\/\\\/\\\/Colectivos\u00a0opositores cubanos\u00a0apoyaron este lunes la reciente petici\u00f3n a la\u00a0Asamblea Nacional\u00a0de una ley de\u00a0amnist\u00eda\"}]},{\"@type\":\"WebSite\",\"@id\":\"https:\\\/\\\/quehacerpolitico.mx\\\/#website\",\"url\":\"https:\\\/\\\/quehacerpolitico.mx\\\/\",\"name\":\"\",\"description\":\"\",\"potentialAction\":[{\"@type\":\"SearchAction\",\"target\":{\"@type\":\"EntryPoint\",\"urlTemplate\":\"https:\\\/\\\/quehacerpolitico.mx\\\/?s={search_term_string}\"},\"query-input\":{\"@type\":\"PropertyValueSpecification\",\"valueRequired\":true,\"valueName\":\"search_term_string\"}}],\"inLanguage\":\"es\"},{\"@type\":\"Person\",\"@id\":\"https:\\\/\\\/quehacerpolitico.mx\\\/#\\\/schema\\\/person\\\/496d8ad2d1d3f8036101dca7ee39e585\",\"name\":\"Redacci\u00f3n QP\",\"image\":{\"@type\":\"ImageObject\",\"inLanguage\":\"es\",\"@id\":\"https:\\\/\\\/secure.gravatar.com\\\/avatar\\\/c7164ed6fdec453195284ad24a5ae5b6e1eed2b848477fa2a4787ba9adf39a41?s=96&d=mm&r=g\",\"url\":\"https:\\\/\\\/secure.gravatar.com\\\/avatar\\\/c7164ed6fdec453195284ad24a5ae5b6e1eed2b848477fa2a4787ba9adf39a41?s=96&d=mm&r=g\",\"contentUrl\":\"https:\\\/\\\/secure.gravatar.com\\\/avatar\\\/c7164ed6fdec453195284ad24a5ae5b6e1eed2b848477fa2a4787ba9adf39a41?s=96&d=mm&r=g\",\"caption\":\"Redacci\u00f3n QP\"},\"url\":\"https:\\\/\\\/quehacerpolitico.mx\\\/?author=2\"}]}<\/script>\n<!-- \/ Yoast SEO plugin. -->","yoast_head_json":{"title":"Internacionales\/\/\/Carolina Alonso Romei\/\/\/Colectivos\u00a0opositores cubanos\u00a0apoyaron este lunes la reciente petici\u00f3n a la\u00a0Asamblea Nacional\u00a0de una ley de\u00a0amnist\u00eda -","robots":{"index":"index","follow":"follow","max-snippet":"max-snippet:-1","max-image-preview":"max-image-preview:large","max-video-preview":"max-video-preview:-1"},"canonical":"https:\/\/quehacerpolitico.mx\/?p=107772","og_locale":"es_MX","og_type":"article","og_title":"Internacionales\/\/\/Carolina Alonso Romei\/\/\/Colectivos\u00a0opositores cubanos\u00a0apoyaron este lunes la reciente petici\u00f3n a la\u00a0Asamblea Nacional\u00a0de una ley de\u00a0amnist\u00eda -","og_description":"Por Carolina Alonso Romei Internacionalista Colectivos\u00a0opositores cubanos\u00a0apoyaron este lunes la reciente petici\u00f3n a la\u00a0Asamblea Nacional\u00a0de...","og_url":"https:\/\/quehacerpolitico.mx\/?p=107772","article_published_time":"2024-01-22T19:32:46+00:00","article_modified_time":"2024-01-22T19:32:49+00:00","og_image":[{"width":739,"height":415,"url":"https:\/\/quehacerpolitico.mx\/wp-content\/uploads\/2024\/01\/IMG_3290.jpeg","type":"image\/jpeg"}],"author":"Redacci\u00f3n QP","twitter_card":"summary_large_image","twitter_misc":{"Escrito por":"Redacci\u00f3n QP","Tiempo de lectura":"2 minutos"},"schema":{"@context":"https:\/\/schema.org","@graph":[{"@type":"Article","@id":"https:\/\/quehacerpolitico.mx\/?p=107772#article","isPartOf":{"@id":"https:\/\/quehacerpolitico.mx\/?p=107772"},"author":{"name":"Redacci\u00f3n QP","@id":"https:\/\/quehacerpolitico.mx\/#\/schema\/person\/496d8ad2d1d3f8036101dca7ee39e585"},"headline":"Internacionales\/\/\/Carolina Alonso Romei\/\/\/Colectivos\u00a0opositores cubanos\u00a0apoyaron este lunes la reciente petici\u00f3n a la\u00a0Asamblea Nacional\u00a0de una ley de\u00a0amnist\u00eda","datePublished":"2024-01-22T19:32:46+00:00","dateModified":"2024-01-22T19:32:49+00:00","mainEntityOfPage":{"@id":"https:\/\/quehacerpolitico.mx\/?p=107772"},"wordCount":521,"commentCount":0,"image":{"@id":"https:\/\/quehacerpolitico.mx\/?p=107772#primaryimage"},"thumbnailUrl":"https:\/\/quehacerpolitico.mx\/wp-content\/uploads\/2024\/01\/IMG_3290.jpeg","articleSection":["Internacionales"],"inLanguage":"es","potentialAction":[{"@type":"CommentAction","name":"Comment","target":["https:\/\/quehacerpolitico.mx\/?p=107772#respond"]}]},{"@type":"WebPage","@id":"https:\/\/quehacerpolitico.mx\/?p=107772","url":"https:\/\/quehacerpolitico.mx\/?p=107772","name":"Internacionales\/\/\/Carolina Alonso Romei\/\/\/Colectivos\u00a0opositores cubanos\u00a0apoyaron este lunes la reciente petici\u00f3n a la\u00a0Asamblea Nacional\u00a0de una ley de\u00a0amnist\u00eda -","isPartOf":{"@id":"https:\/\/quehacerpolitico.mx\/#website"},"primaryImageOfPage":{"@id":"https:\/\/quehacerpolitico.mx\/?p=107772#primaryimage"},"image":{"@id":"https:\/\/quehacerpolitico.mx\/?p=107772#primaryimage"},"thumbnailUrl":"https:\/\/quehacerpolitico.mx\/wp-content\/uploads\/2024\/01\/IMG_3290.jpeg","datePublished":"2024-01-22T19:32:46+00:00","dateModified":"2024-01-22T19:32:49+00:00","author":{"@id":"https:\/\/quehacerpolitico.mx\/#\/schema\/person\/496d8ad2d1d3f8036101dca7ee39e585"},"breadcrumb":{"@id":"https:\/\/quehacerpolitico.mx\/?p=107772#breadcrumb"},"inLanguage":"es","potentialAction":[{"@type":"ReadAction","target":["https:\/\/quehacerpolitico.mx\/?p=107772"]}]},{"@type":"ImageObject","inLanguage":"es","@id":"https:\/\/quehacerpolitico.mx\/?p=107772#primaryimage","url":"https:\/\/quehacerpolitico.mx\/wp-content\/uploads\/2024\/01\/IMG_3290.jpeg","contentUrl":"https:\/\/quehacerpolitico.mx\/wp-content\/uploads\/2024\/01\/IMG_3290.jpeg","width":739,"height":415},{"@type":"BreadcrumbList","@id":"https:\/\/quehacerpolitico.mx\/?p=107772#breadcrumb","itemListElement":[{"@type":"ListItem","position":1,"name":"Inicio","item":"https:\/\/quehacerpolitico.mx\/"},{"@type":"ListItem","position":2,"name":"Internacionales\/\/\/Carolina Alonso Romei\/\/\/Colectivos\u00a0opositores cubanos\u00a0apoyaron este lunes la reciente petici\u00f3n a la\u00a0Asamblea Nacional\u00a0de una ley de\u00a0amnist\u00eda"}]},{"@type":"WebSite","@id":"https:\/\/quehacerpolitico.mx\/#website","url":"https:\/\/quehacerpolitico.mx\/","name":"","description":"","potentialAction":[{"@type":"SearchAction","target":{"@type":"EntryPoint","urlTemplate":"https:\/\/quehacerpolitico.mx\/?s={search_term_string}"},"query-input":{"@type":"PropertyValueSpecification","valueRequired":true,"valueName":"search_term_string"}}],"inLanguage":"es"},{"@type":"Person","@id":"https:\/\/quehacerpolitico.mx\/#\/schema\/person\/496d8ad2d1d3f8036101dca7ee39e585","name":"Redacci\u00f3n QP","image":{"@type":"ImageObject","inLanguage":"es","@id":"https:\/\/secure.gravatar.com\/avatar\/c7164ed6fdec453195284ad24a5ae5b6e1eed2b848477fa2a4787ba9adf39a41?s=96&d=mm&r=g","url":"https:\/\/secure.gravatar.com\/avatar\/c7164ed6fdec453195284ad24a5ae5b6e1eed2b848477fa2a4787ba9adf39a41?s=96&d=mm&r=g","contentUrl":"https:\/\/secure.gravatar.com\/avatar\/c7164ed6fdec453195284ad24a5ae5b6e1eed2b848477fa2a4787ba9adf39a41?s=96&d=mm&r=g","caption":"Redacci\u00f3n QP"},"url":"https:\/\/quehacerpolitico.mx\/?author=2"}]}},"featured_image_urls":{"full":["https:\/\/quehacerpolitico.mx\/wp-content\/uploads\/2024\/01\/IMG_3290.jpeg",739,415,false],"thumbnail":["https:\/\/quehacerpolitico.mx\/wp-content\/uploads\/2024\/01\/IMG_3290-150x150.jpeg",150,150,true],"medium":["https:\/\/quehacerpolitico.mx\/wp-content\/uploads\/2024\/01\/IMG_3290-300x168.jpeg",300,168,true],"medium_large":["https:\/\/quehacerpolitico.mx\/wp-content\/uploads\/2024\/01\/IMG_3290.jpeg",640,359,false],"large":["https:\/\/quehacerpolitico.mx\/wp-content\/uploads\/2024\/01\/IMG_3290.jpeg",640,359,false],"1536x1536":["https:\/\/quehacerpolitico.mx\/wp-content\/uploads\/2024\/01\/IMG_3290.jpeg",739,415,false],"2048x2048":["https:\/\/quehacerpolitico.mx\/wp-content\/uploads\/2024\/01\/IMG_3290.jpeg",739,415,false],"covernews-featured":["https:\/\/quehacerpolitico.mx\/wp-content\/uploads\/2024\/01\/IMG_3290.jpeg",739,415,false],"covernews-medium":["https:\/\/quehacerpolitico.mx\/wp-content\/uploads\/2024\/01\/IMG_3290.jpeg",540,303,false]},"author_info":{"display_name":"Redacci\u00f3n QP","author_link":"https:\/\/quehacerpolitico.mx\/?author=2"},"category_info":"<a href=\"https:\/\/quehacerpolitico.mx\/?cat=1\" rel=\"category\">Internacionales<\/a>","tag_info":"Internacionales","comment_count":"0","_links":{"self":[{"href":"https:\/\/quehacerpolitico.mx\/index.php?rest_route=\/wp\/v2\/posts\/107772","targetHints":{"allow":["GET"]}}],"collection":[{"href":"https:\/\/quehacerpolitico.mx\/index.php?rest_route=\/wp\/v2\/posts"}],"about":[{"href":"https:\/\/quehacerpolitico.mx\/index.php?rest_route=\/wp\/v2\/types\/post"}],"author":[{"embeddable":true,"href":"https:\/\/quehacerpolitico.mx\/index.php?rest_route=\/wp\/v2\/users\/2"}],"replies":[{"embeddable":true,"href":"https:\/\/quehacerpolitico.mx\/index.php?rest_route=%2Fwp%2Fv2%2Fcomments&post=107772"}],"version-history":[{"count":1,"href":"https:\/\/quehacerpolitico.mx\/index.php?rest_route=\/wp\/v2\/posts\/107772\/revisions"}],"predecessor-version":[{"id":107774,"href":"https:\/\/quehacerpolitico.mx\/index.php?rest_route=\/wp\/v2\/posts\/107772\/revisions\/107774"}],"wp:featuredmedia":[{"embeddable":true,"href":"https:\/\/quehacerpolitico.mx\/index.php?rest_route=\/wp\/v2\/media\/107773"}],"wp:attachment":[{"href":"https:\/\/quehacerpolitico.mx\/index.php?rest_route=%2Fwp%2Fv2%2Fmedia&parent=107772"}],"wp:term":[{"taxonomy":"category","embeddable":true,"href":"https:\/\/quehacerpolitico.mx\/index.php?rest_route=%2Fwp%2Fv2%2Fcategories&post=107772"},{"taxonomy":"post_tag","embeddable":true,"href":"https:\/\/quehacerpolitico.mx\/index.php?rest_route=%2Fwp%2Fv2%2Ftags&post=107772"}],"curies":[{"name":"wp","href":"https:\/\/api.w.org\/{rel}","templated":true}]}}