{"id":107769,"date":"2024-01-22T19:16:54","date_gmt":"2024-01-22T19:16:54","guid":{"rendered":"https:\/\/quehacerpolitico.mx\/?p=107769"},"modified":"2024-01-22T19:16:56","modified_gmt":"2024-01-22T19:16:56","slug":"internacionales-carolina-alonso-romei-eu-otorgara-armamento-tecnologia-y-entrenamiento-a-ecuador-para-enfrentar-a-organizaciones-criminales-noboa","status":"publish","type":"post","link":"https:\/\/quehacerpolitico.mx\/?p=107769","title":{"rendered":"Internacionales\/\/\/Carolina Alonso Romei\/\/\/EU otorgar\u00e1 armamento, tecnolog\u00eda y entrenamiento a Ecuador para enfrentar a organizaciones criminales: Noboa"},"content":{"rendered":"\n<p>Por Carolina Alonso Romei<\/p>\n\n\n\n<p>Internacionalista <\/p>\n\n\n\n<p>El&nbsp;<strong>presidente<\/strong>&nbsp;ecuatoriano&nbsp;<strong>Daniel Noboa<\/strong>inform\u00f3 el lunes que espera&nbsp;<strong>armamento<\/strong>,&nbsp;<strong>tecnolog\u00eda<\/strong>&nbsp;y&nbsp;<strong>entrenamiento<\/strong>&nbsp;por parte de&nbsp;<strong>Estados<\/strong>&nbsp;<strong>Unidos<\/strong>&nbsp;para&nbsp;<strong>enfrentar<\/strong>&nbsp;a las&nbsp;<strong>organizaciones<\/strong>&nbsp;<strong>criminales<\/strong>&nbsp;que han desatado una incontenible espiral de&nbsp;<strong>violencia<\/strong>&nbsp;en las \u00faltimas semanas.<\/p>\n\n\n\n<p>Las m\u00e1s altas autoridades ecuatorianas tienen previsto recibir en las pr\u00f3ximas horas a una delegaci\u00f3n estadounidense presidida por el asesor presidencial Especial para las Am\u00e9ricas,\u00a0<strong>Christopher Dodd<\/strong>; la general del Ej\u00e9rcito,\u00a0<strong>Laura Richardson<\/strong>\u00a0y el subsecretario adjunto de la Oficina de Asuntos Antinarc\u00f3ticos y Aplicaci\u00f3n de la Ley,\u00a0<strong>Christopher Landberg<\/strong>.<\/p>\n\n\n\n<p><strong>\u201cEstados Unidos<\/strong>&nbsp;como el mundo han visto lo que est\u00e1 pasando en&nbsp;<strong>Ecuador<\/strong>&nbsp;y saben lo importante que es tener protegido a Ecuador\u201d, dijo Noboa en una entrevista con la red de televisi\u00f3n Teleamazonas en la que asever\u00f3 que el pa\u00eds \u201cse ha vuelto una&nbsp;<strong>pieza<\/strong>&nbsp;<strong>clave<\/strong>&nbsp;dentro de la&nbsp;<strong>estructura<\/strong>&nbsp;y las&nbsp;<strong>rutas<\/strong>&nbsp;de estos&nbsp;<strong>grupos<\/strong><strong>terroristas<\/strong>\u201d.<\/p>\n\n\n\n<p>Acerca del apoyo estadounidense,&nbsp;<strong>Noboa<\/strong>se\u00f1al\u00f3 que paralelamente Ecuador tambi\u00e9n necesita \u201calgo esencial:&nbsp;<strong>refinanciamiento<\/strong>&nbsp;de la&nbsp;<strong>deuda<\/strong>&nbsp;<strong>externa<\/strong>&nbsp;\u201cpara que mientras luchamos esta&nbsp;<strong>guerra<\/strong>&nbsp;no estemos&nbsp;<strong>ahorcados<\/strong><strong>financieramente<\/strong>\u201d.<\/p>\n\n\n\n<p>Desde inicios de 2021, bandas del crimen organizado ligadas al narcotr\u00e1fico han desencadenado una ola de&nbsp;<strong>inseguridad<\/strong>&nbsp;con&nbsp;<strong>muertes<\/strong>&nbsp;<strong>violentas<\/strong>,&nbsp;<strong>extorsiones<\/strong>,&nbsp;<strong>secuestros<\/strong>&nbsp;y reiterados&nbsp;<strong>motines<\/strong>&nbsp;en las&nbsp;<strong>c\u00e1rceles<\/strong>&nbsp;que pareci\u00f3 llegar a otro nivel la semana pasada cuando un grupo de&nbsp;<strong>encapuchados<\/strong>&nbsp;tom\u00f3 un canal de televisi\u00f3n con&nbsp;<strong>armas<\/strong>&nbsp;y&nbsp;<strong>explosivos<\/strong>, lo que fue transmitido en vivo.<\/p>\n\n\n\n<p>Unos d\u00edas antes desapareci\u00f3 de una c\u00e1rcel de\u00a0<strong>Guayaquil<\/strong>\u00a0Adolfo Macias, alias \u201c<strong>Fito<\/strong>\u201c, el peligroso l\u00edder de la mayor organizaci\u00f3n criminal del pa\u00eds,\u00a0<strong>Los<\/strong>\u00a0<strong>Choneros<\/strong>, y luego huy\u00f3 otro l\u00edder regional de otra banda, Fabricio Pico, quienes no ha podido ser localizados.<\/p>\n\n\n\n<p>Tras ello,\u00a0<strong>Noboa<\/strong>\u00a0decret\u00f3 el estado de\u00a0<strong>conflictob\u00e9lico<\/strong>\u00a0<strong>interno<\/strong>\u00a0para hacer frente a la desenfrenada violencia criminal con el apoyo de grupos combinados de\u00a0<strong>militares<\/strong>\u00a0y polic\u00edas que mantienen fuerte presencia en las calles.<\/p>\n\n\n\n<p>\u201cEstamos en&nbsp;<strong>guerra<\/strong>&nbsp;y logramos parar lo que era una avalancha de&nbsp;<strong>violencia<\/strong>&nbsp;y&nbsp;<strong>destrucci\u00f3n<\/strong>\u201d, dijo el mandatario ecuatoriano, quien destac\u00f3 que los indicadores de muertes&nbsp;<strong>violentas<\/strong>&nbsp;y criminalidad han&nbsp;<strong>bajado<\/strong>dram\u00e1ticamente.<\/p>\n\n\n\n<p>El gobierno espera la aprobaci\u00f3n por parte de la asamblea de una ley de extinci\u00f3n de dominio para usar los bienes y el dinero de los&nbsp;<strong>grupos<\/strong><strong>criminales<\/strong>&nbsp;en la lucha contra ellos. Adem\u00e1s, la&nbsp;<strong>Corte Constitucional<\/strong>&nbsp;debe aprobar un nuevo acuerdo con&nbsp;<strong>Estados Unidos<\/strong>&nbsp;para facilitar la lucha contra los grupos que el gobierno denomina&nbsp;<strong>narcoterroristas<\/strong>.<\/p>\n\n\n\n<p>Noboa insisti\u00f3 en la propuesta de liberar\u00a0<strong>espacios<\/strong>\u00a0en las\u00a0<strong>c\u00e1rceles<\/strong>\u00a0mediante la repatriaci\u00f3n de unos mil 500 presos, especialmente de\u00a0<strong>Colombia<\/strong>\u00a0y\u00a0<strong>Per\u00fa<\/strong>, para lo cual dijo que mantiene contactos con los gobiernos de esos pa\u00edses. Adem\u00e1s, confirm\u00f3 que mantiene la propuesta de construir dos nuevas c\u00e1rceles<\/p>\n\n\n\n<p>Para hacer frente a la situaci\u00f3n de conflicto, el\u00a0<strong>mandatario<\/strong>\u00a0dijo que se apresta a hacer recortes de mil millones de d\u00f3lares en la\u00a0<strong>estructura<\/strong>\u00a0<strong>estatal<\/strong>, especialmente en gastos administrativos y personal, \u201cporque el Estado tiene que apretar el cintur\u00f3n y hacer un\u00a0<strong>sacrificio<\/strong>\u00a0esencial\u201d.<\/p>\n\n\n\n<p>Con informaci\u00f3n de AP<\/p>\n","protected":false},"excerpt":{"rendered":"<p>Por Carolina Alonso Romei Internacionalista El&nbsp;presidente&nbsp;ecuatoriano&nbsp;Daniel Noboainform\u00f3 el lunes que espera&nbsp;armamento,&nbsp;tecnolog\u00eda&nbsp;y&nbsp;entrenamiento&nbsp;por parte de&nbsp;Estados&nbsp;Unidos&nbsp;para&nbsp;enfrentar&nbsp;a las&nbsp;organizaciones&nbsp;criminales&nbsp;que han&#8230;<\/p>\n","protected":false},"author":2,"featured_media":107770,"comment_status":"open","ping_status":"open","sticky":false,"template":"","format":"standard","meta":{"_monsterinsights_skip_tracking":false,"_monsterinsights_sitenote_active":false,"_monsterinsights_sitenote_note":"","_monsterinsights_sitenote_category":0,"footnotes":""},"categories":[1],"tags":[],"class_list":["post-107769","post","type-post","status-publish","format-standard","has-post-thumbnail","hentry","category-sin-categoria"],"yoast_head":"<!-- This site is optimized with the Yoast SEO plugin v27.3 - https:\/\/yoast.com\/product\/yoast-seo-wordpress\/ -->\n<title>Internacionales\/\/\/Carolina Alonso Romei\/\/\/EU otorgar\u00e1 armamento, tecnolog\u00eda y entrenamiento a Ecuador para enfrentar a organizaciones criminales: Noboa -<\/title>\n<meta name=\"robots\" content=\"index, follow, max-snippet:-1, max-image-preview:large, max-video-preview:-1\" \/>\n<link rel=\"canonical\" href=\"https:\/\/quehacerpolitico.mx\/?p=107769\" \/>\n<meta property=\"og:locale\" content=\"es_MX\" \/>\n<meta property=\"og:type\" content=\"article\" \/>\n<meta property=\"og:title\" content=\"Internacionales\/\/\/Carolina Alonso Romei\/\/\/EU otorgar\u00e1 armamento, tecnolog\u00eda y entrenamiento a Ecuador para enfrentar a organizaciones criminales: Noboa -\" \/>\n<meta property=\"og:description\" content=\"Por Carolina Alonso Romei Internacionalista El&nbsp;presidente&nbsp;ecuatoriano&nbsp;Daniel Noboainform\u00f3 el lunes que espera&nbsp;armamento,&nbsp;tecnolog\u00eda&nbsp;y&nbsp;entrenamiento&nbsp;por parte de&nbsp;Estados&nbsp;Unidos&nbsp;para&nbsp;enfrentar&nbsp;a las&nbsp;organizaciones&nbsp;criminales&nbsp;que han...\" \/>\n<meta property=\"og:url\" content=\"https:\/\/quehacerpolitico.mx\/?p=107769\" \/>\n<meta property=\"article:published_time\" content=\"2024-01-22T19:16:54+00:00\" \/>\n<meta property=\"article:modified_time\" content=\"2024-01-22T19:16:56+00:00\" \/>\n<meta property=\"og:image\" content=\"https:\/\/quehacerpolitico.mx\/wp-content\/uploads\/2024\/01\/IMG_3289.jpeg\" \/>\n\t<meta property=\"og:image:width\" content=\"678\" \/>\n\t<meta property=\"og:image:height\" content=\"453\" \/>\n\t<meta property=\"og:image:type\" content=\"image\/jpeg\" \/>\n<meta name=\"author\" content=\"Redacci\u00f3n QP\" \/>\n<meta name=\"twitter:card\" content=\"summary_large_image\" \/>\n<meta name=\"twitter:label1\" content=\"Escrito por\" \/>\n\t<meta name=\"twitter:data1\" content=\"Redacci\u00f3n QP\" \/>\n\t<meta name=\"twitter:label2\" content=\"Tiempo de lectura\" \/>\n\t<meta name=\"twitter:data2\" content=\"3 minutos\" \/>\n<script type=\"application\/ld+json\" class=\"yoast-schema-graph\">{\"@context\":\"https:\\\/\\\/schema.org\",\"@graph\":[{\"@type\":\"Article\",\"@id\":\"https:\\\/\\\/quehacerpolitico.mx\\\/?p=107769#article\",\"isPartOf\":{\"@id\":\"https:\\\/\\\/quehacerpolitico.mx\\\/?p=107769\"},\"author\":{\"name\":\"Redacci\u00f3n QP\",\"@id\":\"https:\\\/\\\/quehacerpolitico.mx\\\/#\\\/schema\\\/person\\\/496d8ad2d1d3f8036101dca7ee39e585\"},\"headline\":\"Internacionales\\\/\\\/\\\/Carolina Alonso Romei\\\/\\\/\\\/EU otorgar\u00e1 armamento, tecnolog\u00eda y entrenamiento a Ecuador para enfrentar a organizaciones criminales: Noboa\",\"datePublished\":\"2024-01-22T19:16:54+00:00\",\"dateModified\":\"2024-01-22T19:16:56+00:00\",\"mainEntityOfPage\":{\"@id\":\"https:\\\/\\\/quehacerpolitico.mx\\\/?p=107769\"},\"wordCount\":617,\"commentCount\":0,\"image\":{\"@id\":\"https:\\\/\\\/quehacerpolitico.mx\\\/?p=107769#primaryimage\"},\"thumbnailUrl\":\"https:\\\/\\\/quehacerpolitico.mx\\\/wp-content\\\/uploads\\\/2024\\\/01\\\/IMG_3289.jpeg\",\"articleSection\":[\"Internacionales\"],\"inLanguage\":\"es\",\"potentialAction\":[{\"@type\":\"CommentAction\",\"name\":\"Comment\",\"target\":[\"https:\\\/\\\/quehacerpolitico.mx\\\/?p=107769#respond\"]}]},{\"@type\":\"WebPage\",\"@id\":\"https:\\\/\\\/quehacerpolitico.mx\\\/?p=107769\",\"url\":\"https:\\\/\\\/quehacerpolitico.mx\\\/?p=107769\",\"name\":\"Internacionales\\\/\\\/\\\/Carolina Alonso Romei\\\/\\\/\\\/EU otorgar\u00e1 armamento, tecnolog\u00eda y entrenamiento a Ecuador para enfrentar a organizaciones criminales: Noboa -\",\"isPartOf\":{\"@id\":\"https:\\\/\\\/quehacerpolitico.mx\\\/#website\"},\"primaryImageOfPage\":{\"@id\":\"https:\\\/\\\/quehacerpolitico.mx\\\/?p=107769#primaryimage\"},\"image\":{\"@id\":\"https:\\\/\\\/quehacerpolitico.mx\\\/?p=107769#primaryimage\"},\"thumbnailUrl\":\"https:\\\/\\\/quehacerpolitico.mx\\\/wp-content\\\/uploads\\\/2024\\\/01\\\/IMG_3289.jpeg\",\"datePublished\":\"2024-01-22T19:16:54+00:00\",\"dateModified\":\"2024-01-22T19:16:56+00:00\",\"author\":{\"@id\":\"https:\\\/\\\/quehacerpolitico.mx\\\/#\\\/schema\\\/person\\\/496d8ad2d1d3f8036101dca7ee39e585\"},\"breadcrumb\":{\"@id\":\"https:\\\/\\\/quehacerpolitico.mx\\\/?p=107769#breadcrumb\"},\"inLanguage\":\"es\",\"potentialAction\":[{\"@type\":\"ReadAction\",\"target\":[\"https:\\\/\\\/quehacerpolitico.mx\\\/?p=107769\"]}]},{\"@type\":\"ImageObject\",\"inLanguage\":\"es\",\"@id\":\"https:\\\/\\\/quehacerpolitico.mx\\\/?p=107769#primaryimage\",\"url\":\"https:\\\/\\\/quehacerpolitico.mx\\\/wp-content\\\/uploads\\\/2024\\\/01\\\/IMG_3289.jpeg\",\"contentUrl\":\"https:\\\/\\\/quehacerpolitico.mx\\\/wp-content\\\/uploads\\\/2024\\\/01\\\/IMG_3289.jpeg\",\"width\":678,\"height\":453},{\"@type\":\"BreadcrumbList\",\"@id\":\"https:\\\/\\\/quehacerpolitico.mx\\\/?p=107769#breadcrumb\",\"itemListElement\":[{\"@type\":\"ListItem\",\"position\":1,\"name\":\"Inicio\",\"item\":\"https:\\\/\\\/quehacerpolitico.mx\\\/\"},{\"@type\":\"ListItem\",\"position\":2,\"name\":\"Internacionales\\\/\\\/\\\/Carolina Alonso Romei\\\/\\\/\\\/EU otorgar\u00e1 armamento, tecnolog\u00eda y entrenamiento a Ecuador para enfrentar a organizaciones criminales: Noboa\"}]},{\"@type\":\"WebSite\",\"@id\":\"https:\\\/\\\/quehacerpolitico.mx\\\/#website\",\"url\":\"https:\\\/\\\/quehacerpolitico.mx\\\/\",\"name\":\"\",\"description\":\"\",\"potentialAction\":[{\"@type\":\"SearchAction\",\"target\":{\"@type\":\"EntryPoint\",\"urlTemplate\":\"https:\\\/\\\/quehacerpolitico.mx\\\/?s={search_term_string}\"},\"query-input\":{\"@type\":\"PropertyValueSpecification\",\"valueRequired\":true,\"valueName\":\"search_term_string\"}}],\"inLanguage\":\"es\"},{\"@type\":\"Person\",\"@id\":\"https:\\\/\\\/quehacerpolitico.mx\\\/#\\\/schema\\\/person\\\/496d8ad2d1d3f8036101dca7ee39e585\",\"name\":\"Redacci\u00f3n QP\",\"image\":{\"@type\":\"ImageObject\",\"inLanguage\":\"es\",\"@id\":\"https:\\\/\\\/secure.gravatar.com\\\/avatar\\\/c7164ed6fdec453195284ad24a5ae5b6e1eed2b848477fa2a4787ba9adf39a41?s=96&d=mm&r=g\",\"url\":\"https:\\\/\\\/secure.gravatar.com\\\/avatar\\\/c7164ed6fdec453195284ad24a5ae5b6e1eed2b848477fa2a4787ba9adf39a41?s=96&d=mm&r=g\",\"contentUrl\":\"https:\\\/\\\/secure.gravatar.com\\\/avatar\\\/c7164ed6fdec453195284ad24a5ae5b6e1eed2b848477fa2a4787ba9adf39a41?s=96&d=mm&r=g\",\"caption\":\"Redacci\u00f3n QP\"},\"url\":\"https:\\\/\\\/quehacerpolitico.mx\\\/?author=2\"}]}<\/script>\n<!-- \/ Yoast SEO plugin. -->","yoast_head_json":{"title":"Internacionales\/\/\/Carolina Alonso Romei\/\/\/EU otorgar\u00e1 armamento, tecnolog\u00eda y entrenamiento a Ecuador para enfrentar a organizaciones criminales: Noboa -","robots":{"index":"index","follow":"follow","max-snippet":"max-snippet:-1","max-image-preview":"max-image-preview:large","max-video-preview":"max-video-preview:-1"},"canonical":"https:\/\/quehacerpolitico.mx\/?p=107769","og_locale":"es_MX","og_type":"article","og_title":"Internacionales\/\/\/Carolina Alonso Romei\/\/\/EU otorgar\u00e1 armamento, tecnolog\u00eda y entrenamiento a Ecuador para enfrentar a organizaciones criminales: Noboa -","og_description":"Por Carolina Alonso Romei Internacionalista El&nbsp;presidente&nbsp;ecuatoriano&nbsp;Daniel Noboainform\u00f3 el lunes que espera&nbsp;armamento,&nbsp;tecnolog\u00eda&nbsp;y&nbsp;entrenamiento&nbsp;por parte de&nbsp;Estados&nbsp;Unidos&nbsp;para&nbsp;enfrentar&nbsp;a las&nbsp;organizaciones&nbsp;criminales&nbsp;que han...","og_url":"https:\/\/quehacerpolitico.mx\/?p=107769","article_published_time":"2024-01-22T19:16:54+00:00","article_modified_time":"2024-01-22T19:16:56+00:00","og_image":[{"width":678,"height":453,"url":"https:\/\/quehacerpolitico.mx\/wp-content\/uploads\/2024\/01\/IMG_3289.jpeg","type":"image\/jpeg"}],"author":"Redacci\u00f3n QP","twitter_card":"summary_large_image","twitter_misc":{"Escrito por":"Redacci\u00f3n QP","Tiempo de lectura":"3 minutos"},"schema":{"@context":"https:\/\/schema.org","@graph":[{"@type":"Article","@id":"https:\/\/quehacerpolitico.mx\/?p=107769#article","isPartOf":{"@id":"https:\/\/quehacerpolitico.mx\/?p=107769"},"author":{"name":"Redacci\u00f3n QP","@id":"https:\/\/quehacerpolitico.mx\/#\/schema\/person\/496d8ad2d1d3f8036101dca7ee39e585"},"headline":"Internacionales\/\/\/Carolina Alonso Romei\/\/\/EU otorgar\u00e1 armamento, tecnolog\u00eda y entrenamiento a Ecuador para enfrentar a organizaciones criminales: Noboa","datePublished":"2024-01-22T19:16:54+00:00","dateModified":"2024-01-22T19:16:56+00:00","mainEntityOfPage":{"@id":"https:\/\/quehacerpolitico.mx\/?p=107769"},"wordCount":617,"commentCount":0,"image":{"@id":"https:\/\/quehacerpolitico.mx\/?p=107769#primaryimage"},"thumbnailUrl":"https:\/\/quehacerpolitico.mx\/wp-content\/uploads\/2024\/01\/IMG_3289.jpeg","articleSection":["Internacionales"],"inLanguage":"es","potentialAction":[{"@type":"CommentAction","name":"Comment","target":["https:\/\/quehacerpolitico.mx\/?p=107769#respond"]}]},{"@type":"WebPage","@id":"https:\/\/quehacerpolitico.mx\/?p=107769","url":"https:\/\/quehacerpolitico.mx\/?p=107769","name":"Internacionales\/\/\/Carolina Alonso Romei\/\/\/EU otorgar\u00e1 armamento, tecnolog\u00eda y entrenamiento a Ecuador para enfrentar a organizaciones criminales: Noboa -","isPartOf":{"@id":"https:\/\/quehacerpolitico.mx\/#website"},"primaryImageOfPage":{"@id":"https:\/\/quehacerpolitico.mx\/?p=107769#primaryimage"},"image":{"@id":"https:\/\/quehacerpolitico.mx\/?p=107769#primaryimage"},"thumbnailUrl":"https:\/\/quehacerpolitico.mx\/wp-content\/uploads\/2024\/01\/IMG_3289.jpeg","datePublished":"2024-01-22T19:16:54+00:00","dateModified":"2024-01-22T19:16:56+00:00","author":{"@id":"https:\/\/quehacerpolitico.mx\/#\/schema\/person\/496d8ad2d1d3f8036101dca7ee39e585"},"breadcrumb":{"@id":"https:\/\/quehacerpolitico.mx\/?p=107769#breadcrumb"},"inLanguage":"es","potentialAction":[{"@type":"ReadAction","target":["https:\/\/quehacerpolitico.mx\/?p=107769"]}]},{"@type":"ImageObject","inLanguage":"es","@id":"https:\/\/quehacerpolitico.mx\/?p=107769#primaryimage","url":"https:\/\/quehacerpolitico.mx\/wp-content\/uploads\/2024\/01\/IMG_3289.jpeg","contentUrl":"https:\/\/quehacerpolitico.mx\/wp-content\/uploads\/2024\/01\/IMG_3289.jpeg","width":678,"height":453},{"@type":"BreadcrumbList","@id":"https:\/\/quehacerpolitico.mx\/?p=107769#breadcrumb","itemListElement":[{"@type":"ListItem","position":1,"name":"Inicio","item":"https:\/\/quehacerpolitico.mx\/"},{"@type":"ListItem","position":2,"name":"Internacionales\/\/\/Carolina Alonso Romei\/\/\/EU otorgar\u00e1 armamento, tecnolog\u00eda y entrenamiento a Ecuador para enfrentar a organizaciones criminales: Noboa"}]},{"@type":"WebSite","@id":"https:\/\/quehacerpolitico.mx\/#website","url":"https:\/\/quehacerpolitico.mx\/","name":"","description":"","potentialAction":[{"@type":"SearchAction","target":{"@type":"EntryPoint","urlTemplate":"https:\/\/quehacerpolitico.mx\/?s={search_term_string}"},"query-input":{"@type":"PropertyValueSpecification","valueRequired":true,"valueName":"search_term_string"}}],"inLanguage":"es"},{"@type":"Person","@id":"https:\/\/quehacerpolitico.mx\/#\/schema\/person\/496d8ad2d1d3f8036101dca7ee39e585","name":"Redacci\u00f3n QP","image":{"@type":"ImageObject","inLanguage":"es","@id":"https:\/\/secure.gravatar.com\/avatar\/c7164ed6fdec453195284ad24a5ae5b6e1eed2b848477fa2a4787ba9adf39a41?s=96&d=mm&r=g","url":"https:\/\/secure.gravatar.com\/avatar\/c7164ed6fdec453195284ad24a5ae5b6e1eed2b848477fa2a4787ba9adf39a41?s=96&d=mm&r=g","contentUrl":"https:\/\/secure.gravatar.com\/avatar\/c7164ed6fdec453195284ad24a5ae5b6e1eed2b848477fa2a4787ba9adf39a41?s=96&d=mm&r=g","caption":"Redacci\u00f3n QP"},"url":"https:\/\/quehacerpolitico.mx\/?author=2"}]}},"featured_image_urls":{"full":["https:\/\/quehacerpolitico.mx\/wp-content\/uploads\/2024\/01\/IMG_3289.jpeg",678,453,false],"thumbnail":["https:\/\/quehacerpolitico.mx\/wp-content\/uploads\/2024\/01\/IMG_3289-150x150.jpeg",150,150,true],"medium":["https:\/\/quehacerpolitico.mx\/wp-content\/uploads\/2024\/01\/IMG_3289-300x200.jpeg",300,200,true],"medium_large":["https:\/\/quehacerpolitico.mx\/wp-content\/uploads\/2024\/01\/IMG_3289.jpeg",640,428,false],"large":["https:\/\/quehacerpolitico.mx\/wp-content\/uploads\/2024\/01\/IMG_3289.jpeg",640,428,false],"1536x1536":["https:\/\/quehacerpolitico.mx\/wp-content\/uploads\/2024\/01\/IMG_3289.jpeg",678,453,false],"2048x2048":["https:\/\/quehacerpolitico.mx\/wp-content\/uploads\/2024\/01\/IMG_3289.jpeg",678,453,false],"covernews-featured":["https:\/\/quehacerpolitico.mx\/wp-content\/uploads\/2024\/01\/IMG_3289.jpeg",678,453,false],"covernews-medium":["https:\/\/quehacerpolitico.mx\/wp-content\/uploads\/2024\/01\/IMG_3289.jpeg",509,340,false]},"author_info":{"display_name":"Redacci\u00f3n QP","author_link":"https:\/\/quehacerpolitico.mx\/?author=2"},"category_info":"<a href=\"https:\/\/quehacerpolitico.mx\/?cat=1\" rel=\"category\">Internacionales<\/a>","tag_info":"Internacionales","comment_count":"0","_links":{"self":[{"href":"https:\/\/quehacerpolitico.mx\/index.php?rest_route=\/wp\/v2\/posts\/107769","targetHints":{"allow":["GET"]}}],"collection":[{"href":"https:\/\/quehacerpolitico.mx\/index.php?rest_route=\/wp\/v2\/posts"}],"about":[{"href":"https:\/\/quehacerpolitico.mx\/index.php?rest_route=\/wp\/v2\/types\/post"}],"author":[{"embeddable":true,"href":"https:\/\/quehacerpolitico.mx\/index.php?rest_route=\/wp\/v2\/users\/2"}],"replies":[{"embeddable":true,"href":"https:\/\/quehacerpolitico.mx\/index.php?rest_route=%2Fwp%2Fv2%2Fcomments&post=107769"}],"version-history":[{"count":1,"href":"https:\/\/quehacerpolitico.mx\/index.php?rest_route=\/wp\/v2\/posts\/107769\/revisions"}],"predecessor-version":[{"id":107771,"href":"https:\/\/quehacerpolitico.mx\/index.php?rest_route=\/wp\/v2\/posts\/107769\/revisions\/107771"}],"wp:featuredmedia":[{"embeddable":true,"href":"https:\/\/quehacerpolitico.mx\/index.php?rest_route=\/wp\/v2\/media\/107770"}],"wp:attachment":[{"href":"https:\/\/quehacerpolitico.mx\/index.php?rest_route=%2Fwp%2Fv2%2Fmedia&parent=107769"}],"wp:term":[{"taxonomy":"category","embeddable":true,"href":"https:\/\/quehacerpolitico.mx\/index.php?rest_route=%2Fwp%2Fv2%2Fcategories&post=107769"},{"taxonomy":"post_tag","embeddable":true,"href":"https:\/\/quehacerpolitico.mx\/index.php?rest_route=%2Fwp%2Fv2%2Ftags&post=107769"}],"curies":[{"name":"wp","href":"https:\/\/api.w.org\/{rel}","templated":true}]}}