{"id":107732,"date":"2024-01-19T22:26:31","date_gmt":"2024-01-19T22:26:31","guid":{"rendered":"https:\/\/quehacerpolitico.mx\/?p=107732"},"modified":"2024-01-19T22:26:33","modified_gmt":"2024-01-19T22:26:33","slug":"internacionales-carolina-alonso-romei-joe-biden-promulga-la-nueva-prorroga-presupuestaria-que-evita-un-cierre-de-gobierno","status":"publish","type":"post","link":"https:\/\/quehacerpolitico.mx\/?p=107732","title":{"rendered":"Internacionales\/\/\/Carolina Alonso Romei\/\/\/Joe Biden promulga la nueva pr\u00f3rroga presupuestaria que evita un cierre de gobierno"},"content":{"rendered":"\n<p>Por Carolina Alonso Romei<\/p>\n\n\n\n<p>Internacionalista <\/p>\n\n\n\n<p>El presidente de Estados Unidos,<strong>&nbsp;Joe Biden<\/strong>, firm\u00f3 este viernes el proyecto de&nbsp;<strong>ley<\/strong>que prorroga el&nbsp;<strong>presupuesto<\/strong>&nbsp;y evita un&nbsp;<strong>cierre<\/strong>de gobierno por falta de fondos, conocido como \u201cshutdown\u201d.<\/p>\n\n\n\n<p>La portavoz de la Casa Blanca, Karine Jean-Pierre, anunci\u00f3 en una rueda de prensa que\u00a0<strong>Biden<\/strong>\u00a0ya hab\u00eda firmado el proyecto de ley, que entr\u00f3 en vigor autom\u00e1ticamente y evit\u00f3 que el gobierno se quedara sin fondos en la medianoche de este viernes.<\/p>\n\n\n\n<p>El proyecto de ley, aprobado ayer por ambas c\u00e1maras del&nbsp;<strong>Congreso<\/strong>, prorroga la&nbsp;<strong>financiaci\u00f3n<\/strong>&nbsp;para algunas agencias federales hasta el 1 de marzo y hasta el 8 de ese mismo mes para otras entidades&nbsp;<strong>gubernamentales<\/strong>.<\/p>\n\n\n\n<p>La&nbsp;<strong>C\u00e1mara de Representante<\/strong>s aprob\u00f3 con 314 votos a favor y 108 en contra la propuesta presupuestaria, superando los dos tercios que requer\u00eda la medida. Lo hizo poco despu\u00e9s de que el&nbsp;<strong>Senado<\/strong>&nbsp;tambi\u00e9n lo aprob\u00f3 con 77 votos a favor y 18 en contra.<\/p>\n\n\n\n<p>Esta es la tercera ocasi\u00f3n en que el&nbsp;<strong>Congreso<\/strong>ratifica una&nbsp;<strong>medida<\/strong>&nbsp;destinada a financiar de manera temporal a la administraci\u00f3n desde el inicio del a\u00f1o fiscal 2024, que comenz\u00f3 el 1 de octubre de 2023.<\/p>\n\n\n\n<p>Cada vez que un cierre administrativo est\u00e1 a menos de una semana de producirse, la\u00a0<strong>Casa Blanca<\/strong>\u00a0activa un protocolo para preparar a todos sus\u00a0<strong>departamentos<\/strong>.<\/p>\n\n\n\n<p>El\u00a0<strong>cierre<\/strong>\u00a0implica enviar a casa sin trabajo ni sueldo a cientos de miles de\u00a0<strong>empleados p\u00fablicos\u00a0<\/strong>y la paralizaci\u00f3n de multitud de servicios.<\/p>\n\n\n\n<p>El \u00faltimo cierre de este tipo ocurri\u00f3 durante la presidencia del republicano<strong>\u00a0Donald Trump\u00a0<\/strong>(2017-2021) y fue, con 35 d\u00edas (del 22 de diciembre de 2018 al 29 de enero de 2019), el m\u00e1s largo de la historia en plenas\u00a0<strong>fiestas navide\u00f1as<\/strong>.<\/p>\n\n\n\n<p>Con informaci\u00f3n de EFE<\/p>\n","protected":false},"excerpt":{"rendered":"<p>Por Carolina Alonso Romei Internacionalista El presidente de Estados Unidos,&nbsp;Joe Biden, firm\u00f3 este viernes el&#8230;<\/p>\n","protected":false},"author":2,"featured_media":107733,"comment_status":"open","ping_status":"open","sticky":false,"template":"","format":"standard","meta":{"_monsterinsights_skip_tracking":false,"_monsterinsights_sitenote_active":false,"_monsterinsights_sitenote_note":"","_monsterinsights_sitenote_category":0,"footnotes":""},"categories":[1],"tags":[],"class_list":["post-107732","post","type-post","status-publish","format-standard","has-post-thumbnail","hentry","category-sin-categoria"],"yoast_head":"<!-- This site is optimized with the Yoast SEO plugin v27.3 - https:\/\/yoast.com\/product\/yoast-seo-wordpress\/ -->\n<title>Internacionales\/\/\/Carolina Alonso Romei\/\/\/Joe Biden promulga la nueva pr\u00f3rroga presupuestaria que evita un cierre de gobierno -<\/title>\n<meta name=\"robots\" content=\"index, follow, max-snippet:-1, max-image-preview:large, max-video-preview:-1\" \/>\n<link rel=\"canonical\" href=\"https:\/\/quehacerpolitico.mx\/?p=107732\" \/>\n<meta property=\"og:locale\" content=\"es_MX\" \/>\n<meta property=\"og:type\" content=\"article\" \/>\n<meta property=\"og:title\" content=\"Internacionales\/\/\/Carolina Alonso Romei\/\/\/Joe Biden promulga la nueva pr\u00f3rroga presupuestaria que evita un cierre de gobierno -\" \/>\n<meta property=\"og:description\" content=\"Por Carolina Alonso Romei Internacionalista El presidente de Estados Unidos,&nbsp;Joe Biden, firm\u00f3 este viernes el...\" \/>\n<meta property=\"og:url\" content=\"https:\/\/quehacerpolitico.mx\/?p=107732\" \/>\n<meta property=\"article:published_time\" content=\"2024-01-19T22:26:31+00:00\" \/>\n<meta property=\"article:modified_time\" content=\"2024-01-19T22:26:33+00:00\" \/>\n<meta property=\"og:image\" content=\"https:\/\/quehacerpolitico.mx\/wp-content\/uploads\/2024\/01\/IMG_3254.jpeg\" \/>\n\t<meta property=\"og:image:width\" content=\"879\" \/>\n\t<meta property=\"og:image:height\" content=\"495\" \/>\n\t<meta property=\"og:image:type\" content=\"image\/jpeg\" \/>\n<meta name=\"author\" content=\"Redacci\u00f3n QP\" \/>\n<meta name=\"twitter:card\" content=\"summary_large_image\" \/>\n<meta name=\"twitter:label1\" content=\"Escrito por\" \/>\n\t<meta name=\"twitter:data1\" content=\"Redacci\u00f3n QP\" \/>\n\t<meta name=\"twitter:label2\" content=\"Tiempo de lectura\" \/>\n\t<meta name=\"twitter:data2\" content=\"2 minutos\" \/>\n<script type=\"application\/ld+json\" class=\"yoast-schema-graph\">{\"@context\":\"https:\\\/\\\/schema.org\",\"@graph\":[{\"@type\":\"Article\",\"@id\":\"https:\\\/\\\/quehacerpolitico.mx\\\/?p=107732#article\",\"isPartOf\":{\"@id\":\"https:\\\/\\\/quehacerpolitico.mx\\\/?p=107732\"},\"author\":{\"name\":\"Redacci\u00f3n QP\",\"@id\":\"https:\\\/\\\/quehacerpolitico.mx\\\/#\\\/schema\\\/person\\\/496d8ad2d1d3f8036101dca7ee39e585\"},\"headline\":\"Internacionales\\\/\\\/\\\/Carolina Alonso Romei\\\/\\\/\\\/Joe Biden promulga la nueva pr\u00f3rroga presupuestaria que evita un cierre de gobierno\",\"datePublished\":\"2024-01-19T22:26:31+00:00\",\"dateModified\":\"2024-01-19T22:26:33+00:00\",\"mainEntityOfPage\":{\"@id\":\"https:\\\/\\\/quehacerpolitico.mx\\\/?p=107732\"},\"wordCount\":324,\"commentCount\":0,\"image\":{\"@id\":\"https:\\\/\\\/quehacerpolitico.mx\\\/?p=107732#primaryimage\"},\"thumbnailUrl\":\"https:\\\/\\\/quehacerpolitico.mx\\\/wp-content\\\/uploads\\\/2024\\\/01\\\/IMG_3254.jpeg\",\"articleSection\":[\"Internacionales\"],\"inLanguage\":\"es\",\"potentialAction\":[{\"@type\":\"CommentAction\",\"name\":\"Comment\",\"target\":[\"https:\\\/\\\/quehacerpolitico.mx\\\/?p=107732#respond\"]}]},{\"@type\":\"WebPage\",\"@id\":\"https:\\\/\\\/quehacerpolitico.mx\\\/?p=107732\",\"url\":\"https:\\\/\\\/quehacerpolitico.mx\\\/?p=107732\",\"name\":\"Internacionales\\\/\\\/\\\/Carolina Alonso Romei\\\/\\\/\\\/Joe Biden promulga la nueva pr\u00f3rroga presupuestaria que evita un cierre de gobierno -\",\"isPartOf\":{\"@id\":\"https:\\\/\\\/quehacerpolitico.mx\\\/#website\"},\"primaryImageOfPage\":{\"@id\":\"https:\\\/\\\/quehacerpolitico.mx\\\/?p=107732#primaryimage\"},\"image\":{\"@id\":\"https:\\\/\\\/quehacerpolitico.mx\\\/?p=107732#primaryimage\"},\"thumbnailUrl\":\"https:\\\/\\\/quehacerpolitico.mx\\\/wp-content\\\/uploads\\\/2024\\\/01\\\/IMG_3254.jpeg\",\"datePublished\":\"2024-01-19T22:26:31+00:00\",\"dateModified\":\"2024-01-19T22:26:33+00:00\",\"author\":{\"@id\":\"https:\\\/\\\/quehacerpolitico.mx\\\/#\\\/schema\\\/person\\\/496d8ad2d1d3f8036101dca7ee39e585\"},\"breadcrumb\":{\"@id\":\"https:\\\/\\\/quehacerpolitico.mx\\\/?p=107732#breadcrumb\"},\"inLanguage\":\"es\",\"potentialAction\":[{\"@type\":\"ReadAction\",\"target\":[\"https:\\\/\\\/quehacerpolitico.mx\\\/?p=107732\"]}]},{\"@type\":\"ImageObject\",\"inLanguage\":\"es\",\"@id\":\"https:\\\/\\\/quehacerpolitico.mx\\\/?p=107732#primaryimage\",\"url\":\"https:\\\/\\\/quehacerpolitico.mx\\\/wp-content\\\/uploads\\\/2024\\\/01\\\/IMG_3254.jpeg\",\"contentUrl\":\"https:\\\/\\\/quehacerpolitico.mx\\\/wp-content\\\/uploads\\\/2024\\\/01\\\/IMG_3254.jpeg\",\"width\":879,\"height\":495},{\"@type\":\"BreadcrumbList\",\"@id\":\"https:\\\/\\\/quehacerpolitico.mx\\\/?p=107732#breadcrumb\",\"itemListElement\":[{\"@type\":\"ListItem\",\"position\":1,\"name\":\"Inicio\",\"item\":\"https:\\\/\\\/quehacerpolitico.mx\\\/\"},{\"@type\":\"ListItem\",\"position\":2,\"name\":\"Internacionales\\\/\\\/\\\/Carolina Alonso Romei\\\/\\\/\\\/Joe Biden promulga la nueva pr\u00f3rroga presupuestaria que evita un cierre de gobierno\"}]},{\"@type\":\"WebSite\",\"@id\":\"https:\\\/\\\/quehacerpolitico.mx\\\/#website\",\"url\":\"https:\\\/\\\/quehacerpolitico.mx\\\/\",\"name\":\"\",\"description\":\"\",\"potentialAction\":[{\"@type\":\"SearchAction\",\"target\":{\"@type\":\"EntryPoint\",\"urlTemplate\":\"https:\\\/\\\/quehacerpolitico.mx\\\/?s={search_term_string}\"},\"query-input\":{\"@type\":\"PropertyValueSpecification\",\"valueRequired\":true,\"valueName\":\"search_term_string\"}}],\"inLanguage\":\"es\"},{\"@type\":\"Person\",\"@id\":\"https:\\\/\\\/quehacerpolitico.mx\\\/#\\\/schema\\\/person\\\/496d8ad2d1d3f8036101dca7ee39e585\",\"name\":\"Redacci\u00f3n QP\",\"image\":{\"@type\":\"ImageObject\",\"inLanguage\":\"es\",\"@id\":\"https:\\\/\\\/secure.gravatar.com\\\/avatar\\\/c7164ed6fdec453195284ad24a5ae5b6e1eed2b848477fa2a4787ba9adf39a41?s=96&d=mm&r=g\",\"url\":\"https:\\\/\\\/secure.gravatar.com\\\/avatar\\\/c7164ed6fdec453195284ad24a5ae5b6e1eed2b848477fa2a4787ba9adf39a41?s=96&d=mm&r=g\",\"contentUrl\":\"https:\\\/\\\/secure.gravatar.com\\\/avatar\\\/c7164ed6fdec453195284ad24a5ae5b6e1eed2b848477fa2a4787ba9adf39a41?s=96&d=mm&r=g\",\"caption\":\"Redacci\u00f3n QP\"},\"url\":\"https:\\\/\\\/quehacerpolitico.mx\\\/?author=2\"}]}<\/script>\n<!-- \/ Yoast SEO plugin. -->","yoast_head_json":{"title":"Internacionales\/\/\/Carolina Alonso Romei\/\/\/Joe Biden promulga la nueva pr\u00f3rroga presupuestaria que evita un cierre de gobierno -","robots":{"index":"index","follow":"follow","max-snippet":"max-snippet:-1","max-image-preview":"max-image-preview:large","max-video-preview":"max-video-preview:-1"},"canonical":"https:\/\/quehacerpolitico.mx\/?p=107732","og_locale":"es_MX","og_type":"article","og_title":"Internacionales\/\/\/Carolina Alonso Romei\/\/\/Joe Biden promulga la nueva pr\u00f3rroga presupuestaria que evita un cierre de gobierno -","og_description":"Por Carolina Alonso Romei Internacionalista El presidente de Estados Unidos,&nbsp;Joe Biden, firm\u00f3 este viernes el...","og_url":"https:\/\/quehacerpolitico.mx\/?p=107732","article_published_time":"2024-01-19T22:26:31+00:00","article_modified_time":"2024-01-19T22:26:33+00:00","og_image":[{"width":879,"height":495,"url":"https:\/\/quehacerpolitico.mx\/wp-content\/uploads\/2024\/01\/IMG_3254.jpeg","type":"image\/jpeg"}],"author":"Redacci\u00f3n QP","twitter_card":"summary_large_image","twitter_misc":{"Escrito por":"Redacci\u00f3n QP","Tiempo de lectura":"2 minutos"},"schema":{"@context":"https:\/\/schema.org","@graph":[{"@type":"Article","@id":"https:\/\/quehacerpolitico.mx\/?p=107732#article","isPartOf":{"@id":"https:\/\/quehacerpolitico.mx\/?p=107732"},"author":{"name":"Redacci\u00f3n QP","@id":"https:\/\/quehacerpolitico.mx\/#\/schema\/person\/496d8ad2d1d3f8036101dca7ee39e585"},"headline":"Internacionales\/\/\/Carolina Alonso Romei\/\/\/Joe Biden promulga la nueva pr\u00f3rroga presupuestaria que evita un cierre de gobierno","datePublished":"2024-01-19T22:26:31+00:00","dateModified":"2024-01-19T22:26:33+00:00","mainEntityOfPage":{"@id":"https:\/\/quehacerpolitico.mx\/?p=107732"},"wordCount":324,"commentCount":0,"image":{"@id":"https:\/\/quehacerpolitico.mx\/?p=107732#primaryimage"},"thumbnailUrl":"https:\/\/quehacerpolitico.mx\/wp-content\/uploads\/2024\/01\/IMG_3254.jpeg","articleSection":["Internacionales"],"inLanguage":"es","potentialAction":[{"@type":"CommentAction","name":"Comment","target":["https:\/\/quehacerpolitico.mx\/?p=107732#respond"]}]},{"@type":"WebPage","@id":"https:\/\/quehacerpolitico.mx\/?p=107732","url":"https:\/\/quehacerpolitico.mx\/?p=107732","name":"Internacionales\/\/\/Carolina Alonso Romei\/\/\/Joe Biden promulga la nueva pr\u00f3rroga presupuestaria que evita un cierre de gobierno -","isPartOf":{"@id":"https:\/\/quehacerpolitico.mx\/#website"},"primaryImageOfPage":{"@id":"https:\/\/quehacerpolitico.mx\/?p=107732#primaryimage"},"image":{"@id":"https:\/\/quehacerpolitico.mx\/?p=107732#primaryimage"},"thumbnailUrl":"https:\/\/quehacerpolitico.mx\/wp-content\/uploads\/2024\/01\/IMG_3254.jpeg","datePublished":"2024-01-19T22:26:31+00:00","dateModified":"2024-01-19T22:26:33+00:00","author":{"@id":"https:\/\/quehacerpolitico.mx\/#\/schema\/person\/496d8ad2d1d3f8036101dca7ee39e585"},"breadcrumb":{"@id":"https:\/\/quehacerpolitico.mx\/?p=107732#breadcrumb"},"inLanguage":"es","potentialAction":[{"@type":"ReadAction","target":["https:\/\/quehacerpolitico.mx\/?p=107732"]}]},{"@type":"ImageObject","inLanguage":"es","@id":"https:\/\/quehacerpolitico.mx\/?p=107732#primaryimage","url":"https:\/\/quehacerpolitico.mx\/wp-content\/uploads\/2024\/01\/IMG_3254.jpeg","contentUrl":"https:\/\/quehacerpolitico.mx\/wp-content\/uploads\/2024\/01\/IMG_3254.jpeg","width":879,"height":495},{"@type":"BreadcrumbList","@id":"https:\/\/quehacerpolitico.mx\/?p=107732#breadcrumb","itemListElement":[{"@type":"ListItem","position":1,"name":"Inicio","item":"https:\/\/quehacerpolitico.mx\/"},{"@type":"ListItem","position":2,"name":"Internacionales\/\/\/Carolina Alonso Romei\/\/\/Joe Biden promulga la nueva pr\u00f3rroga presupuestaria que evita un cierre de gobierno"}]},{"@type":"WebSite","@id":"https:\/\/quehacerpolitico.mx\/#website","url":"https:\/\/quehacerpolitico.mx\/","name":"","description":"","potentialAction":[{"@type":"SearchAction","target":{"@type":"EntryPoint","urlTemplate":"https:\/\/quehacerpolitico.mx\/?s={search_term_string}"},"query-input":{"@type":"PropertyValueSpecification","valueRequired":true,"valueName":"search_term_string"}}],"inLanguage":"es"},{"@type":"Person","@id":"https:\/\/quehacerpolitico.mx\/#\/schema\/person\/496d8ad2d1d3f8036101dca7ee39e585","name":"Redacci\u00f3n QP","image":{"@type":"ImageObject","inLanguage":"es","@id":"https:\/\/secure.gravatar.com\/avatar\/c7164ed6fdec453195284ad24a5ae5b6e1eed2b848477fa2a4787ba9adf39a41?s=96&d=mm&r=g","url":"https:\/\/secure.gravatar.com\/avatar\/c7164ed6fdec453195284ad24a5ae5b6e1eed2b848477fa2a4787ba9adf39a41?s=96&d=mm&r=g","contentUrl":"https:\/\/secure.gravatar.com\/avatar\/c7164ed6fdec453195284ad24a5ae5b6e1eed2b848477fa2a4787ba9adf39a41?s=96&d=mm&r=g","caption":"Redacci\u00f3n QP"},"url":"https:\/\/quehacerpolitico.mx\/?author=2"}]}},"featured_image_urls":{"full":["https:\/\/quehacerpolitico.mx\/wp-content\/uploads\/2024\/01\/IMG_3254.jpeg",879,495,false],"thumbnail":["https:\/\/quehacerpolitico.mx\/wp-content\/uploads\/2024\/01\/IMG_3254-150x150.jpeg",150,150,true],"medium":["https:\/\/quehacerpolitico.mx\/wp-content\/uploads\/2024\/01\/IMG_3254-300x169.jpeg",300,169,true],"medium_large":["https:\/\/quehacerpolitico.mx\/wp-content\/uploads\/2024\/01\/IMG_3254-768x432.jpeg",640,360,true],"large":["https:\/\/quehacerpolitico.mx\/wp-content\/uploads\/2024\/01\/IMG_3254.jpeg",640,360,false],"1536x1536":["https:\/\/quehacerpolitico.mx\/wp-content\/uploads\/2024\/01\/IMG_3254.jpeg",879,495,false],"2048x2048":["https:\/\/quehacerpolitico.mx\/wp-content\/uploads\/2024\/01\/IMG_3254.jpeg",879,495,false],"covernews-featured":["https:\/\/quehacerpolitico.mx\/wp-content\/uploads\/2024\/01\/IMG_3254.jpeg",879,495,false],"covernews-medium":["https:\/\/quehacerpolitico.mx\/wp-content\/uploads\/2024\/01\/IMG_3254.jpeg",540,304,false]},"author_info":{"display_name":"Redacci\u00f3n QP","author_link":"https:\/\/quehacerpolitico.mx\/?author=2"},"category_info":"<a href=\"https:\/\/quehacerpolitico.mx\/?cat=1\" rel=\"category\">Internacionales<\/a>","tag_info":"Internacionales","comment_count":"0","_links":{"self":[{"href":"https:\/\/quehacerpolitico.mx\/index.php?rest_route=\/wp\/v2\/posts\/107732","targetHints":{"allow":["GET"]}}],"collection":[{"href":"https:\/\/quehacerpolitico.mx\/index.php?rest_route=\/wp\/v2\/posts"}],"about":[{"href":"https:\/\/quehacerpolitico.mx\/index.php?rest_route=\/wp\/v2\/types\/post"}],"author":[{"embeddable":true,"href":"https:\/\/quehacerpolitico.mx\/index.php?rest_route=\/wp\/v2\/users\/2"}],"replies":[{"embeddable":true,"href":"https:\/\/quehacerpolitico.mx\/index.php?rest_route=%2Fwp%2Fv2%2Fcomments&post=107732"}],"version-history":[{"count":1,"href":"https:\/\/quehacerpolitico.mx\/index.php?rest_route=\/wp\/v2\/posts\/107732\/revisions"}],"predecessor-version":[{"id":107734,"href":"https:\/\/quehacerpolitico.mx\/index.php?rest_route=\/wp\/v2\/posts\/107732\/revisions\/107734"}],"wp:featuredmedia":[{"embeddable":true,"href":"https:\/\/quehacerpolitico.mx\/index.php?rest_route=\/wp\/v2\/media\/107733"}],"wp:attachment":[{"href":"https:\/\/quehacerpolitico.mx\/index.php?rest_route=%2Fwp%2Fv2%2Fmedia&parent=107732"}],"wp:term":[{"taxonomy":"category","embeddable":true,"href":"https:\/\/quehacerpolitico.mx\/index.php?rest_route=%2Fwp%2Fv2%2Fcategories&post=107732"},{"taxonomy":"post_tag","embeddable":true,"href":"https:\/\/quehacerpolitico.mx\/index.php?rest_route=%2Fwp%2Fv2%2Ftags&post=107732"}],"curies":[{"name":"wp","href":"https:\/\/api.w.org\/{rel}","templated":true}]}}