{"id":107726,"date":"2024-01-19T20:31:04","date_gmt":"2024-01-19T20:31:04","guid":{"rendered":"https:\/\/quehacerpolitico.mx\/?p=107726"},"modified":"2024-01-19T20:31:07","modified_gmt":"2024-01-19T20:31:07","slug":"19-de-enero-de-2024-se-celebra-el-dia-mundial-de-las-palomitas-te-recomendamos-una-pelis","status":"publish","type":"post","link":"https:\/\/quehacerpolitico.mx\/?p=107726","title":{"rendered":"19 de enero de 2024 se celebra el d\u00eda mundial de las palomitas te recomendamos una Pelis"},"content":{"rendered":"\n<p>Por Redacci\u00f3n QP<\/p>\n\n\n\n<p>Hoy viernes 19 de enero es un excelente d\u00eda para ir al cine por la celebraci\u00f3n del D\u00eda mundial de las palomitas<\/p>\n\n\n\n<p><strong>Hoy viernes 19 de enero de 2024 se celebra el d\u00eda mundial de las palomitas<\/strong>. Y el hecho de que caiga en viernes deber\u00eda de ser una se\u00f1al del destino para que vayas al cine a ver alguna de las pel\u00edculas del momento.<\/p>\n\n\n\n<p><strong>Los Oscar a\u00fan se encuentran lejos de ser entregados, sin embargo, las pel\u00edculas favoritas ya desfilaron por los cines de M\u00e9xico<\/strong>. El a\u00f1o pasado vivimos la temporada de &#8220;<strong>Barbenheimer<\/strong>&#8220;. Sabemos que la ceremonia de este a\u00f1o se centrar\u00e1 en las pel\u00edculas de&nbsp;<strong>Gerwig&nbsp;<\/strong>y&nbsp;<strong>Nolan<\/strong>, pero hay otros filmes que pueden llevarse estatuillas.<\/p>\n\n\n\n<p><strong>En este momento se encuentran dos pel\u00edculas que se encuentran entre las favoritas para ingresar a la lista final de nominadas a mejor pel\u00edcula y que adem\u00e1s, parece que podr\u00e1n competir por llevarse alguna que otra estatuilla t\u00e9cnica.<\/strong><\/p>\n\n\n\n<p>\u00a1Ve por tus palomitas y entra a la sala de tu preferencia con la historia que m\u00e1s te atrape!<\/p>\n\n\n\n<h2 class=\"wp-block-heading\">Pobres criaturas<\/h2>\n\n\n\n<p>Es una pel\u00edcula de&nbsp;<strong>comedia negra<\/strong>&nbsp;basada en la novela hom\u00f3nima de Alasdair Gray. Ganadora del&nbsp;<strong>Le\u00f3n de Oro en Venecia<\/strong>, de los&nbsp;<strong>Globos de Oro<\/strong>por&nbsp;<strong>Mejor pel\u00edcula de comedia<\/strong>&nbsp;y&nbsp;<strong>Mejor actriz&nbsp;&nbsp;<\/strong>y seleccionada por los&nbsp;<strong>Critics Choice Awards&nbsp;<\/strong>y la&nbsp;<strong>National Board of Review<\/strong>&nbsp;como una de las&nbsp;<strong>mejores pel\u00edculas del 2023<\/strong>, la \u00faltima pel\u00edcula de&nbsp;<strong>Yorgos Lanthimos&nbsp;<\/strong>es una de las historias que m\u00e1s est\u00e1 dando de qu\u00e9 hablar en los cines del pa\u00eds.<\/p>\n\n\n\n<p>La premisa lo dice todo:\u00a0<strong>una joven embarazada decide suicidarse para evitar los maltratos de su marido. El cad\u00e1ver llega a un m\u00e9dico experimental que decide trasplantar el cerebro del feto al cuerpo de su madre.<\/strong><\/p>\n\n\n\n<figure class=\"wp-block-embed is-type-video is-provider-youtube wp-block-embed-youtube wp-embed-aspect-16-9 wp-has-aspect-ratio\"><div class=\"wp-block-embed__wrapper\">\n<iframe loading=\"lazy\" title=\"Pobres Criaturas | Tr\u00e1iler Oficial | Subtitulado\" width=\"640\" height=\"360\" src=\"https:\/\/www.youtube.com\/embed\/HGK_FyxBs2M?feature=oembed\" frameborder=\"0\" allow=\"accelerometer; autoplay; clipboard-write; encrypted-media; gyroscope; picture-in-picture; web-share\" referrerpolicy=\"strict-origin-when-cross-origin\" allowfullscreen><\/iframe>\n<\/div><\/figure>\n\n\n\n<h3 class=\"wp-block-heading\">Datos del filme:<\/h3>\n\n\n\n<ul class=\"wp-block-list\">\n<li><strong>Direcci\u00f3n<\/strong>: Yorgos Lanthimos<\/li>\n\n\n\n<li><strong>G\u00e9nero<\/strong>: comedia<\/li>\n\n\n\n<li><strong>Reparto principal<\/strong>: Emma Stone, Mark Ruffalo y Willem Dafoe<\/li>\n\n\n\n<li><strong>Duraci\u00f3n<\/strong>: 2 horas y 21 minutos&nbsp;<\/li>\n<\/ul>\n\n\n\n<h2 class=\"wp-block-heading\">Los que se quedan<\/h2>\n\n\n\n<p>&#8220;<strong>Los que se quedan&#8221; es una pel\u00edcula de comedia dram\u00e1tica dirigida por Alexander Payne y escrita por David Hemingson<\/strong>. Narra la vida de un profesor de historia que se ve obligado a cuidar y acompa\u00f1ar a unos estudiantes que no tienen d\u00f3nde pasar las vacaciones de Navidad.<\/p>\n\n\n\n<p>Lo que empieza por ser una narrativa destructiva entre alumnos y profesor, termina por ser una\u00a0<strong>historia de renovaci\u00f3n acerca de la convivencia humana entre generaciones<\/strong>: sobre el cari\u00f1o, la empat\u00eda y la ense\u00f1anza en comunidad.<\/p>\n\n\n\n<figure class=\"wp-block-embed is-type-video is-provider-youtube wp-block-embed-youtube wp-embed-aspect-16-9 wp-has-aspect-ratio\"><div class=\"wp-block-embed__wrapper\">\n<iframe loading=\"lazy\" title=\"THE HOLDOVERS - Official Trailer [HD] - In Select Theaters October 27, Everywhere November 10\" width=\"640\" height=\"360\" src=\"https:\/\/www.youtube.com\/embed\/AhKLpJmHhIg?feature=oembed\" frameborder=\"0\" allow=\"accelerometer; autoplay; clipboard-write; encrypted-media; gyroscope; picture-in-picture; web-share\" referrerpolicy=\"strict-origin-when-cross-origin\" allowfullscreen><\/iframe>\n<\/div><\/figure>\n\n\n\n<h3 class=\"wp-block-heading\">Datos del filme:<\/h3>\n\n\n\n<ul class=\"wp-block-list\">\n<li><strong>Direcci\u00f3n<\/strong>: Alexander Payne<\/li>\n\n\n\n<li><strong>G\u00e9nero<\/strong>: comedia<\/li>\n\n\n\n<li><strong>Reparto principal<\/strong>:&nbsp; Paul Giamatti,&nbsp; Da\u2019Vine Joy Randolph y&nbsp;Carrie Preston<\/li>\n\n\n\n<li><strong>Duraci\u00f3n<\/strong>: 2 horas y 13 minutos&nbsp;<\/li>\n<\/ul>\n","protected":false},"excerpt":{"rendered":"<p>Por Redacci\u00f3n QP Hoy viernes 19 de enero es un excelente d\u00eda para ir al&#8230;<\/p>\n","protected":false},"author":2,"featured_media":107727,"comment_status":"open","ping_status":"open","sticky":false,"template":"","format":"standard","meta":{"_monsterinsights_skip_tracking":false,"_monsterinsights_sitenote_active":false,"_monsterinsights_sitenote_note":"","_monsterinsights_sitenote_category":0,"footnotes":""},"categories":[58],"tags":[],"class_list":["post-107726","post","type-post","status-publish","format-standard","has-post-thumbnail","hentry","category-cultura"],"yoast_head":"<!-- This site is optimized with the Yoast SEO plugin v27.3 - https:\/\/yoast.com\/product\/yoast-seo-wordpress\/ -->\n<title>19 de enero de 2024 se celebra el d\u00eda mundial de las palomitas te recomendamos una Pelis -<\/title>\n<meta name=\"robots\" content=\"index, follow, max-snippet:-1, max-image-preview:large, max-video-preview:-1\" \/>\n<link rel=\"canonical\" href=\"https:\/\/quehacerpolitico.mx\/?p=107726\" \/>\n<meta property=\"og:locale\" content=\"es_MX\" \/>\n<meta property=\"og:type\" content=\"article\" \/>\n<meta property=\"og:title\" content=\"19 de enero de 2024 se celebra el d\u00eda mundial de las palomitas te recomendamos una Pelis -\" \/>\n<meta property=\"og:description\" content=\"Por Redacci\u00f3n QP Hoy viernes 19 de enero es un excelente d\u00eda para ir al...\" \/>\n<meta property=\"og:url\" content=\"https:\/\/quehacerpolitico.mx\/?p=107726\" \/>\n<meta property=\"article:published_time\" content=\"2024-01-19T20:31:04+00:00\" \/>\n<meta property=\"article:modified_time\" content=\"2024-01-19T20:31:07+00:00\" \/>\n<meta property=\"og:image\" content=\"https:\/\/quehacerpolitico.mx\/wp-content\/uploads\/2024\/01\/IMG_3246.jpeg\" \/>\n\t<meta property=\"og:image:width\" content=\"450\" \/>\n\t<meta property=\"og:image:height\" content=\"300\" \/>\n\t<meta property=\"og:image:type\" content=\"image\/jpeg\" \/>\n<meta name=\"author\" content=\"Redacci\u00f3n QP\" \/>\n<meta name=\"twitter:card\" content=\"summary_large_image\" \/>\n<meta name=\"twitter:label1\" content=\"Escrito por\" \/>\n\t<meta name=\"twitter:data1\" content=\"Redacci\u00f3n QP\" \/>\n\t<meta name=\"twitter:label2\" content=\"Tiempo de lectura\" \/>\n\t<meta name=\"twitter:data2\" content=\"3 minutos\" \/>\n<script type=\"application\/ld+json\" class=\"yoast-schema-graph\">{\"@context\":\"https:\\\/\\\/schema.org\",\"@graph\":[{\"@type\":\"Article\",\"@id\":\"https:\\\/\\\/quehacerpolitico.mx\\\/?p=107726#article\",\"isPartOf\":{\"@id\":\"https:\\\/\\\/quehacerpolitico.mx\\\/?p=107726\"},\"author\":{\"name\":\"Redacci\u00f3n QP\",\"@id\":\"https:\\\/\\\/quehacerpolitico.mx\\\/#\\\/schema\\\/person\\\/496d8ad2d1d3f8036101dca7ee39e585\"},\"headline\":\"19 de enero de 2024 se celebra el d\u00eda mundial de las palomitas te recomendamos una Pelis\",\"datePublished\":\"2024-01-19T20:31:04+00:00\",\"dateModified\":\"2024-01-19T20:31:07+00:00\",\"mainEntityOfPage\":{\"@id\":\"https:\\\/\\\/quehacerpolitico.mx\\\/?p=107726\"},\"wordCount\":523,\"commentCount\":0,\"image\":{\"@id\":\"https:\\\/\\\/quehacerpolitico.mx\\\/?p=107726#primaryimage\"},\"thumbnailUrl\":\"https:\\\/\\\/quehacerpolitico.mx\\\/wp-content\\\/uploads\\\/2024\\\/01\\\/IMG_3246.jpeg\",\"articleSection\":[\"Cultura y Entretenimiento\"],\"inLanguage\":\"es\",\"potentialAction\":[{\"@type\":\"CommentAction\",\"name\":\"Comment\",\"target\":[\"https:\\\/\\\/quehacerpolitico.mx\\\/?p=107726#respond\"]}]},{\"@type\":\"WebPage\",\"@id\":\"https:\\\/\\\/quehacerpolitico.mx\\\/?p=107726\",\"url\":\"https:\\\/\\\/quehacerpolitico.mx\\\/?p=107726\",\"name\":\"19 de enero de 2024 se celebra el d\u00eda mundial de las palomitas te recomendamos una Pelis -\",\"isPartOf\":{\"@id\":\"https:\\\/\\\/quehacerpolitico.mx\\\/#website\"},\"primaryImageOfPage\":{\"@id\":\"https:\\\/\\\/quehacerpolitico.mx\\\/?p=107726#primaryimage\"},\"image\":{\"@id\":\"https:\\\/\\\/quehacerpolitico.mx\\\/?p=107726#primaryimage\"},\"thumbnailUrl\":\"https:\\\/\\\/quehacerpolitico.mx\\\/wp-content\\\/uploads\\\/2024\\\/01\\\/IMG_3246.jpeg\",\"datePublished\":\"2024-01-19T20:31:04+00:00\",\"dateModified\":\"2024-01-19T20:31:07+00:00\",\"author\":{\"@id\":\"https:\\\/\\\/quehacerpolitico.mx\\\/#\\\/schema\\\/person\\\/496d8ad2d1d3f8036101dca7ee39e585\"},\"breadcrumb\":{\"@id\":\"https:\\\/\\\/quehacerpolitico.mx\\\/?p=107726#breadcrumb\"},\"inLanguage\":\"es\",\"potentialAction\":[{\"@type\":\"ReadAction\",\"target\":[\"https:\\\/\\\/quehacerpolitico.mx\\\/?p=107726\"]}]},{\"@type\":\"ImageObject\",\"inLanguage\":\"es\",\"@id\":\"https:\\\/\\\/quehacerpolitico.mx\\\/?p=107726#primaryimage\",\"url\":\"https:\\\/\\\/quehacerpolitico.mx\\\/wp-content\\\/uploads\\\/2024\\\/01\\\/IMG_3246.jpeg\",\"contentUrl\":\"https:\\\/\\\/quehacerpolitico.mx\\\/wp-content\\\/uploads\\\/2024\\\/01\\\/IMG_3246.jpeg\",\"width\":450,\"height\":300},{\"@type\":\"BreadcrumbList\",\"@id\":\"https:\\\/\\\/quehacerpolitico.mx\\\/?p=107726#breadcrumb\",\"itemListElement\":[{\"@type\":\"ListItem\",\"position\":1,\"name\":\"Inicio\",\"item\":\"https:\\\/\\\/quehacerpolitico.mx\\\/\"},{\"@type\":\"ListItem\",\"position\":2,\"name\":\"19 de enero de 2024 se celebra el d\u00eda mundial de las palomitas te recomendamos una Pelis\"}]},{\"@type\":\"WebSite\",\"@id\":\"https:\\\/\\\/quehacerpolitico.mx\\\/#website\",\"url\":\"https:\\\/\\\/quehacerpolitico.mx\\\/\",\"name\":\"\",\"description\":\"\",\"potentialAction\":[{\"@type\":\"SearchAction\",\"target\":{\"@type\":\"EntryPoint\",\"urlTemplate\":\"https:\\\/\\\/quehacerpolitico.mx\\\/?s={search_term_string}\"},\"query-input\":{\"@type\":\"PropertyValueSpecification\",\"valueRequired\":true,\"valueName\":\"search_term_string\"}}],\"inLanguage\":\"es\"},{\"@type\":\"Person\",\"@id\":\"https:\\\/\\\/quehacerpolitico.mx\\\/#\\\/schema\\\/person\\\/496d8ad2d1d3f8036101dca7ee39e585\",\"name\":\"Redacci\u00f3n QP\",\"image\":{\"@type\":\"ImageObject\",\"inLanguage\":\"es\",\"@id\":\"https:\\\/\\\/secure.gravatar.com\\\/avatar\\\/c7164ed6fdec453195284ad24a5ae5b6e1eed2b848477fa2a4787ba9adf39a41?s=96&d=mm&r=g\",\"url\":\"https:\\\/\\\/secure.gravatar.com\\\/avatar\\\/c7164ed6fdec453195284ad24a5ae5b6e1eed2b848477fa2a4787ba9adf39a41?s=96&d=mm&r=g\",\"contentUrl\":\"https:\\\/\\\/secure.gravatar.com\\\/avatar\\\/c7164ed6fdec453195284ad24a5ae5b6e1eed2b848477fa2a4787ba9adf39a41?s=96&d=mm&r=g\",\"caption\":\"Redacci\u00f3n QP\"},\"url\":\"https:\\\/\\\/quehacerpolitico.mx\\\/?author=2\"}]}<\/script>\n<!-- \/ Yoast SEO plugin. -->","yoast_head_json":{"title":"19 de enero de 2024 se celebra el d\u00eda mundial de las palomitas te recomendamos una Pelis -","robots":{"index":"index","follow":"follow","max-snippet":"max-snippet:-1","max-image-preview":"max-image-preview:large","max-video-preview":"max-video-preview:-1"},"canonical":"https:\/\/quehacerpolitico.mx\/?p=107726","og_locale":"es_MX","og_type":"article","og_title":"19 de enero de 2024 se celebra el d\u00eda mundial de las palomitas te recomendamos una Pelis -","og_description":"Por Redacci\u00f3n QP Hoy viernes 19 de enero es un excelente d\u00eda para ir al...","og_url":"https:\/\/quehacerpolitico.mx\/?p=107726","article_published_time":"2024-01-19T20:31:04+00:00","article_modified_time":"2024-01-19T20:31:07+00:00","og_image":[{"width":450,"height":300,"url":"https:\/\/quehacerpolitico.mx\/wp-content\/uploads\/2024\/01\/IMG_3246.jpeg","type":"image\/jpeg"}],"author":"Redacci\u00f3n QP","twitter_card":"summary_large_image","twitter_misc":{"Escrito por":"Redacci\u00f3n QP","Tiempo de lectura":"3 minutos"},"schema":{"@context":"https:\/\/schema.org","@graph":[{"@type":"Article","@id":"https:\/\/quehacerpolitico.mx\/?p=107726#article","isPartOf":{"@id":"https:\/\/quehacerpolitico.mx\/?p=107726"},"author":{"name":"Redacci\u00f3n QP","@id":"https:\/\/quehacerpolitico.mx\/#\/schema\/person\/496d8ad2d1d3f8036101dca7ee39e585"},"headline":"19 de enero de 2024 se celebra el d\u00eda mundial de las palomitas te recomendamos una Pelis","datePublished":"2024-01-19T20:31:04+00:00","dateModified":"2024-01-19T20:31:07+00:00","mainEntityOfPage":{"@id":"https:\/\/quehacerpolitico.mx\/?p=107726"},"wordCount":523,"commentCount":0,"image":{"@id":"https:\/\/quehacerpolitico.mx\/?p=107726#primaryimage"},"thumbnailUrl":"https:\/\/quehacerpolitico.mx\/wp-content\/uploads\/2024\/01\/IMG_3246.jpeg","articleSection":["Cultura y Entretenimiento"],"inLanguage":"es","potentialAction":[{"@type":"CommentAction","name":"Comment","target":["https:\/\/quehacerpolitico.mx\/?p=107726#respond"]}]},{"@type":"WebPage","@id":"https:\/\/quehacerpolitico.mx\/?p=107726","url":"https:\/\/quehacerpolitico.mx\/?p=107726","name":"19 de enero de 2024 se celebra el d\u00eda mundial de las palomitas te recomendamos una Pelis -","isPartOf":{"@id":"https:\/\/quehacerpolitico.mx\/#website"},"primaryImageOfPage":{"@id":"https:\/\/quehacerpolitico.mx\/?p=107726#primaryimage"},"image":{"@id":"https:\/\/quehacerpolitico.mx\/?p=107726#primaryimage"},"thumbnailUrl":"https:\/\/quehacerpolitico.mx\/wp-content\/uploads\/2024\/01\/IMG_3246.jpeg","datePublished":"2024-01-19T20:31:04+00:00","dateModified":"2024-01-19T20:31:07+00:00","author":{"@id":"https:\/\/quehacerpolitico.mx\/#\/schema\/person\/496d8ad2d1d3f8036101dca7ee39e585"},"breadcrumb":{"@id":"https:\/\/quehacerpolitico.mx\/?p=107726#breadcrumb"},"inLanguage":"es","potentialAction":[{"@type":"ReadAction","target":["https:\/\/quehacerpolitico.mx\/?p=107726"]}]},{"@type":"ImageObject","inLanguage":"es","@id":"https:\/\/quehacerpolitico.mx\/?p=107726#primaryimage","url":"https:\/\/quehacerpolitico.mx\/wp-content\/uploads\/2024\/01\/IMG_3246.jpeg","contentUrl":"https:\/\/quehacerpolitico.mx\/wp-content\/uploads\/2024\/01\/IMG_3246.jpeg","width":450,"height":300},{"@type":"BreadcrumbList","@id":"https:\/\/quehacerpolitico.mx\/?p=107726#breadcrumb","itemListElement":[{"@type":"ListItem","position":1,"name":"Inicio","item":"https:\/\/quehacerpolitico.mx\/"},{"@type":"ListItem","position":2,"name":"19 de enero de 2024 se celebra el d\u00eda mundial de las palomitas te recomendamos una Pelis"}]},{"@type":"WebSite","@id":"https:\/\/quehacerpolitico.mx\/#website","url":"https:\/\/quehacerpolitico.mx\/","name":"","description":"","potentialAction":[{"@type":"SearchAction","target":{"@type":"EntryPoint","urlTemplate":"https:\/\/quehacerpolitico.mx\/?s={search_term_string}"},"query-input":{"@type":"PropertyValueSpecification","valueRequired":true,"valueName":"search_term_string"}}],"inLanguage":"es"},{"@type":"Person","@id":"https:\/\/quehacerpolitico.mx\/#\/schema\/person\/496d8ad2d1d3f8036101dca7ee39e585","name":"Redacci\u00f3n QP","image":{"@type":"ImageObject","inLanguage":"es","@id":"https:\/\/secure.gravatar.com\/avatar\/c7164ed6fdec453195284ad24a5ae5b6e1eed2b848477fa2a4787ba9adf39a41?s=96&d=mm&r=g","url":"https:\/\/secure.gravatar.com\/avatar\/c7164ed6fdec453195284ad24a5ae5b6e1eed2b848477fa2a4787ba9adf39a41?s=96&d=mm&r=g","contentUrl":"https:\/\/secure.gravatar.com\/avatar\/c7164ed6fdec453195284ad24a5ae5b6e1eed2b848477fa2a4787ba9adf39a41?s=96&d=mm&r=g","caption":"Redacci\u00f3n QP"},"url":"https:\/\/quehacerpolitico.mx\/?author=2"}]}},"featured_image_urls":{"full":["https:\/\/quehacerpolitico.mx\/wp-content\/uploads\/2024\/01\/IMG_3246.jpeg",450,300,false],"thumbnail":["https:\/\/quehacerpolitico.mx\/wp-content\/uploads\/2024\/01\/IMG_3246-150x150.jpeg",150,150,true],"medium":["https:\/\/quehacerpolitico.mx\/wp-content\/uploads\/2024\/01\/IMG_3246-300x200.jpeg",300,200,true],"medium_large":["https:\/\/quehacerpolitico.mx\/wp-content\/uploads\/2024\/01\/IMG_3246.jpeg",450,300,false],"large":["https:\/\/quehacerpolitico.mx\/wp-content\/uploads\/2024\/01\/IMG_3246.jpeg",450,300,false],"1536x1536":["https:\/\/quehacerpolitico.mx\/wp-content\/uploads\/2024\/01\/IMG_3246.jpeg",450,300,false],"2048x2048":["https:\/\/quehacerpolitico.mx\/wp-content\/uploads\/2024\/01\/IMG_3246.jpeg",450,300,false],"covernews-featured":["https:\/\/quehacerpolitico.mx\/wp-content\/uploads\/2024\/01\/IMG_3246.jpeg",450,300,false],"covernews-medium":["https:\/\/quehacerpolitico.mx\/wp-content\/uploads\/2024\/01\/IMG_3246.jpeg",450,300,false]},"author_info":{"display_name":"Redacci\u00f3n QP","author_link":"https:\/\/quehacerpolitico.mx\/?author=2"},"category_info":"<a href=\"https:\/\/quehacerpolitico.mx\/?cat=58\" rel=\"category\">Cultura y Entretenimiento<\/a>","tag_info":"Cultura y Entretenimiento","comment_count":"0","_links":{"self":[{"href":"https:\/\/quehacerpolitico.mx\/index.php?rest_route=\/wp\/v2\/posts\/107726","targetHints":{"allow":["GET"]}}],"collection":[{"href":"https:\/\/quehacerpolitico.mx\/index.php?rest_route=\/wp\/v2\/posts"}],"about":[{"href":"https:\/\/quehacerpolitico.mx\/index.php?rest_route=\/wp\/v2\/types\/post"}],"author":[{"embeddable":true,"href":"https:\/\/quehacerpolitico.mx\/index.php?rest_route=\/wp\/v2\/users\/2"}],"replies":[{"embeddable":true,"href":"https:\/\/quehacerpolitico.mx\/index.php?rest_route=%2Fwp%2Fv2%2Fcomments&post=107726"}],"version-history":[{"count":1,"href":"https:\/\/quehacerpolitico.mx\/index.php?rest_route=\/wp\/v2\/posts\/107726\/revisions"}],"predecessor-version":[{"id":107728,"href":"https:\/\/quehacerpolitico.mx\/index.php?rest_route=\/wp\/v2\/posts\/107726\/revisions\/107728"}],"wp:featuredmedia":[{"embeddable":true,"href":"https:\/\/quehacerpolitico.mx\/index.php?rest_route=\/wp\/v2\/media\/107727"}],"wp:attachment":[{"href":"https:\/\/quehacerpolitico.mx\/index.php?rest_route=%2Fwp%2Fv2%2Fmedia&parent=107726"}],"wp:term":[{"taxonomy":"category","embeddable":true,"href":"https:\/\/quehacerpolitico.mx\/index.php?rest_route=%2Fwp%2Fv2%2Fcategories&post=107726"},{"taxonomy":"post_tag","embeddable":true,"href":"https:\/\/quehacerpolitico.mx\/index.php?rest_route=%2Fwp%2Fv2%2Ftags&post=107726"}],"curies":[{"name":"wp","href":"https:\/\/api.w.org\/{rel}","templated":true}]}}