{"id":107720,"date":"2024-01-19T19:27:52","date_gmt":"2024-01-19T19:27:52","guid":{"rendered":"https:\/\/quehacerpolitico.mx\/?p=107720"},"modified":"2024-01-19T19:27:54","modified_gmt":"2024-01-19T19:27:54","slug":"nayib-bukele-presume-que-lionel-messi-jugara-en-el-salvador-con-inter-de-miami","status":"publish","type":"post","link":"https:\/\/quehacerpolitico.mx\/?p=107720","title":{"rendered":"Nayib Bukele presume que Lionel Messi jugar\u00e1 en El Salvador con Inter de Miami"},"content":{"rendered":"\n<p>Por Redacci\u00f3n QP<\/p>\n\n\n\n<p>El duelo est\u00e1 programado para las 19:00 horas del 19 de enero en el Estadio Cuscatl\u00e1n<\/p>\n\n\n\n<p>El presidente de\u00a0El Salvador Nayib Bukele, hizo alarde de la participaci\u00f3n de Lionel Messi en el partido amistoso entre el Inter de Miami y la selecci\u00f3n nacional de El Salvador. El duelo deportivo est\u00e1 programado\u00a0<strong>para las 19:00 horas del 19 de enero en el Estadio Cuscatl\u00e1n.<\/strong><\/p>\n\n\n\n<p>A pesar de no emitir ninguna declaraci\u00f3n oficial, el pol\u00e9mico mandatario utiliz\u00f3 sus redes sociales para repostear en dos ocasiones publicaciones del Inter de Miami, equipo en el que destaca la figura del astro argentino. Estas acciones avivaron la atenci\u00f3n en torno a la presencia de\u00a0Messi en suelo salvadore\u00f1o.<\/p>\n\n\n\n<figure class=\"wp-block-embed is-type-rich is-provider-twitter wp-block-embed-twitter\"><div class=\"wp-block-embed__wrapper\">\n<blockquote class=\"twitter-tweet\" data-width=\"550\" data-dnt=\"true\"><p lang=\"es\" dir=\"ltr\">Pero, pero, si en El Salvador los j\u00f3venes viven atemorizados por la dictadura\u2026 <a href=\"https:\/\/t.co\/AsjMLc8SQW\">https:\/\/t.co\/AsjMLc8SQW<\/a><\/p>&mdash; Nayib Bukele (@nayibbukele) <a href=\"https:\/\/twitter.com\/nayibbukele\/status\/1748419478809981088?ref_src=twsrc%5Etfw\">January 19, 2024<\/a><\/blockquote><script async src=\"https:\/\/platform.twitter.com\/widgets.js\" charset=\"utf-8\"><\/script>\n<\/div><\/figure>\n\n\n\n<p>El equipo de la MLS League se enfrentar\u00e1 a la\u00a0Selecci\u00f3n de \u00c9l Salvador <strong>a las 19:00 horas en M\u00e9xico,<\/strong>\u00a0en un partido que despert\u00f3 gran expectaci\u00f3n entre los aficionados al futbol. Cientos de seguidores se congregaron para dar la bienvenida al\u00a0<strong>Inter de Miami<\/strong>\u00a0y expresar su entusiasmo ante la posibilidad de presenciar el juego con la participaci\u00f3n de Lionel Messi.<\/p>\n\n\n\n<p>La llegada del astro argentino gener\u00f3 un revuelo sin precedentes en el pa\u00eds centroamericano, convulsionando a la sociedad en la previa de este esperado enfrentamiento. El Estadio Cuscatl\u00e1n se prepara para acoger a una multitud de fan\u00e1ticos que esperan ansiosos la confirmaci\u00f3n de la presencia del \u00edcono del futbol mundial en el terreno de juego. Mientras tanto,\u00a0<strong>Nayib Bukele<\/strong>\u00a0contin\u00faa pavone\u00e1ndose en redes sociales, manteniendo la emoci\u00f3n de la participaci\u00f3n de Lionel Messi y capitalizando la atenci\u00f3n generada en la antesala de este partido amistoso.<\/p>\n\n\n\n<p>Con informaci\u00f3n de Notipress<\/p>\n","protected":false},"excerpt":{"rendered":"<p>Por Redacci\u00f3n QP El duelo est\u00e1 programado para las 19:00 horas del 19 de enero&#8230;<\/p>\n","protected":false},"author":2,"featured_media":107721,"comment_status":"open","ping_status":"open","sticky":false,"template":"","format":"standard","meta":{"_monsterinsights_skip_tracking":false,"_monsterinsights_sitenote_active":false,"_monsterinsights_sitenote_note":"","_monsterinsights_sitenote_category":0,"footnotes":""},"categories":[54],"tags":[],"class_list":["post-107720","post","type-post","status-publish","format-standard","has-post-thumbnail","hentry","category-deportes"],"yoast_head":"<!-- This site is optimized with the Yoast SEO plugin v27.3 - https:\/\/yoast.com\/product\/yoast-seo-wordpress\/ -->\n<title>Nayib Bukele presume que Lionel Messi jugar\u00e1 en El Salvador con Inter de Miami -<\/title>\n<meta name=\"robots\" content=\"index, follow, max-snippet:-1, max-image-preview:large, max-video-preview:-1\" \/>\n<link rel=\"canonical\" href=\"https:\/\/quehacerpolitico.mx\/?p=107720\" \/>\n<meta property=\"og:locale\" content=\"es_MX\" \/>\n<meta property=\"og:type\" content=\"article\" \/>\n<meta property=\"og:title\" content=\"Nayib Bukele presume que Lionel Messi jugar\u00e1 en El Salvador con Inter de Miami -\" \/>\n<meta property=\"og:description\" content=\"Por Redacci\u00f3n QP El duelo est\u00e1 programado para las 19:00 horas del 19 de enero...\" \/>\n<meta property=\"og:url\" content=\"https:\/\/quehacerpolitico.mx\/?p=107720\" \/>\n<meta property=\"article:published_time\" content=\"2024-01-19T19:27:52+00:00\" \/>\n<meta property=\"article:modified_time\" content=\"2024-01-19T19:27:54+00:00\" \/>\n<meta property=\"og:image\" content=\"https:\/\/quehacerpolitico.mx\/wp-content\/uploads\/2024\/01\/IMG_3242.jpeg\" \/>\n\t<meta property=\"og:image:width\" content=\"739\" \/>\n\t<meta property=\"og:image:height\" content=\"415\" \/>\n\t<meta property=\"og:image:type\" content=\"image\/jpeg\" \/>\n<meta name=\"author\" content=\"Redacci\u00f3n QP\" \/>\n<meta name=\"twitter:card\" content=\"summary_large_image\" \/>\n<meta name=\"twitter:label1\" content=\"Escrito por\" \/>\n\t<meta name=\"twitter:data1\" content=\"Redacci\u00f3n QP\" \/>\n\t<meta name=\"twitter:label2\" content=\"Tiempo de lectura\" \/>\n\t<meta name=\"twitter:data2\" content=\"1 minuto\" \/>\n<script type=\"application\/ld+json\" class=\"yoast-schema-graph\">{\"@context\":\"https:\\\/\\\/schema.org\",\"@graph\":[{\"@type\":\"Article\",\"@id\":\"https:\\\/\\\/quehacerpolitico.mx\\\/?p=107720#article\",\"isPartOf\":{\"@id\":\"https:\\\/\\\/quehacerpolitico.mx\\\/?p=107720\"},\"author\":{\"name\":\"Redacci\u00f3n QP\",\"@id\":\"https:\\\/\\\/quehacerpolitico.mx\\\/#\\\/schema\\\/person\\\/496d8ad2d1d3f8036101dca7ee39e585\"},\"headline\":\"Nayib Bukele presume que Lionel Messi jugar\u00e1 en El Salvador con Inter de Miami\",\"datePublished\":\"2024-01-19T19:27:52+00:00\",\"dateModified\":\"2024-01-19T19:27:54+00:00\",\"mainEntityOfPage\":{\"@id\":\"https:\\\/\\\/quehacerpolitico.mx\\\/?p=107720\"},\"wordCount\":311,\"commentCount\":0,\"image\":{\"@id\":\"https:\\\/\\\/quehacerpolitico.mx\\\/?p=107720#primaryimage\"},\"thumbnailUrl\":\"https:\\\/\\\/quehacerpolitico.mx\\\/wp-content\\\/uploads\\\/2024\\\/01\\\/IMG_3242.jpeg\",\"articleSection\":[\"Deportes\"],\"inLanguage\":\"es\",\"potentialAction\":[{\"@type\":\"CommentAction\",\"name\":\"Comment\",\"target\":[\"https:\\\/\\\/quehacerpolitico.mx\\\/?p=107720#respond\"]}]},{\"@type\":\"WebPage\",\"@id\":\"https:\\\/\\\/quehacerpolitico.mx\\\/?p=107720\",\"url\":\"https:\\\/\\\/quehacerpolitico.mx\\\/?p=107720\",\"name\":\"Nayib Bukele presume que Lionel Messi jugar\u00e1 en El Salvador con Inter de Miami -\",\"isPartOf\":{\"@id\":\"https:\\\/\\\/quehacerpolitico.mx\\\/#website\"},\"primaryImageOfPage\":{\"@id\":\"https:\\\/\\\/quehacerpolitico.mx\\\/?p=107720#primaryimage\"},\"image\":{\"@id\":\"https:\\\/\\\/quehacerpolitico.mx\\\/?p=107720#primaryimage\"},\"thumbnailUrl\":\"https:\\\/\\\/quehacerpolitico.mx\\\/wp-content\\\/uploads\\\/2024\\\/01\\\/IMG_3242.jpeg\",\"datePublished\":\"2024-01-19T19:27:52+00:00\",\"dateModified\":\"2024-01-19T19:27:54+00:00\",\"author\":{\"@id\":\"https:\\\/\\\/quehacerpolitico.mx\\\/#\\\/schema\\\/person\\\/496d8ad2d1d3f8036101dca7ee39e585\"},\"breadcrumb\":{\"@id\":\"https:\\\/\\\/quehacerpolitico.mx\\\/?p=107720#breadcrumb\"},\"inLanguage\":\"es\",\"potentialAction\":[{\"@type\":\"ReadAction\",\"target\":[\"https:\\\/\\\/quehacerpolitico.mx\\\/?p=107720\"]}]},{\"@type\":\"ImageObject\",\"inLanguage\":\"es\",\"@id\":\"https:\\\/\\\/quehacerpolitico.mx\\\/?p=107720#primaryimage\",\"url\":\"https:\\\/\\\/quehacerpolitico.mx\\\/wp-content\\\/uploads\\\/2024\\\/01\\\/IMG_3242.jpeg\",\"contentUrl\":\"https:\\\/\\\/quehacerpolitico.mx\\\/wp-content\\\/uploads\\\/2024\\\/01\\\/IMG_3242.jpeg\",\"width\":739,\"height\":415},{\"@type\":\"BreadcrumbList\",\"@id\":\"https:\\\/\\\/quehacerpolitico.mx\\\/?p=107720#breadcrumb\",\"itemListElement\":[{\"@type\":\"ListItem\",\"position\":1,\"name\":\"Inicio\",\"item\":\"https:\\\/\\\/quehacerpolitico.mx\\\/\"},{\"@type\":\"ListItem\",\"position\":2,\"name\":\"Nayib Bukele presume que Lionel Messi jugar\u00e1 en El Salvador con Inter de Miami\"}]},{\"@type\":\"WebSite\",\"@id\":\"https:\\\/\\\/quehacerpolitico.mx\\\/#website\",\"url\":\"https:\\\/\\\/quehacerpolitico.mx\\\/\",\"name\":\"\",\"description\":\"\",\"potentialAction\":[{\"@type\":\"SearchAction\",\"target\":{\"@type\":\"EntryPoint\",\"urlTemplate\":\"https:\\\/\\\/quehacerpolitico.mx\\\/?s={search_term_string}\"},\"query-input\":{\"@type\":\"PropertyValueSpecification\",\"valueRequired\":true,\"valueName\":\"search_term_string\"}}],\"inLanguage\":\"es\"},{\"@type\":\"Person\",\"@id\":\"https:\\\/\\\/quehacerpolitico.mx\\\/#\\\/schema\\\/person\\\/496d8ad2d1d3f8036101dca7ee39e585\",\"name\":\"Redacci\u00f3n QP\",\"image\":{\"@type\":\"ImageObject\",\"inLanguage\":\"es\",\"@id\":\"https:\\\/\\\/secure.gravatar.com\\\/avatar\\\/c7164ed6fdec453195284ad24a5ae5b6e1eed2b848477fa2a4787ba9adf39a41?s=96&d=mm&r=g\",\"url\":\"https:\\\/\\\/secure.gravatar.com\\\/avatar\\\/c7164ed6fdec453195284ad24a5ae5b6e1eed2b848477fa2a4787ba9adf39a41?s=96&d=mm&r=g\",\"contentUrl\":\"https:\\\/\\\/secure.gravatar.com\\\/avatar\\\/c7164ed6fdec453195284ad24a5ae5b6e1eed2b848477fa2a4787ba9adf39a41?s=96&d=mm&r=g\",\"caption\":\"Redacci\u00f3n QP\"},\"url\":\"https:\\\/\\\/quehacerpolitico.mx\\\/?author=2\"}]}<\/script>\n<!-- \/ Yoast SEO plugin. -->","yoast_head_json":{"title":"Nayib Bukele presume que Lionel Messi jugar\u00e1 en El Salvador con Inter de Miami -","robots":{"index":"index","follow":"follow","max-snippet":"max-snippet:-1","max-image-preview":"max-image-preview:large","max-video-preview":"max-video-preview:-1"},"canonical":"https:\/\/quehacerpolitico.mx\/?p=107720","og_locale":"es_MX","og_type":"article","og_title":"Nayib Bukele presume que Lionel Messi jugar\u00e1 en El Salvador con Inter de Miami -","og_description":"Por Redacci\u00f3n QP El duelo est\u00e1 programado para las 19:00 horas del 19 de enero...","og_url":"https:\/\/quehacerpolitico.mx\/?p=107720","article_published_time":"2024-01-19T19:27:52+00:00","article_modified_time":"2024-01-19T19:27:54+00:00","og_image":[{"width":739,"height":415,"url":"https:\/\/quehacerpolitico.mx\/wp-content\/uploads\/2024\/01\/IMG_3242.jpeg","type":"image\/jpeg"}],"author":"Redacci\u00f3n QP","twitter_card":"summary_large_image","twitter_misc":{"Escrito por":"Redacci\u00f3n QP","Tiempo de lectura":"1 minuto"},"schema":{"@context":"https:\/\/schema.org","@graph":[{"@type":"Article","@id":"https:\/\/quehacerpolitico.mx\/?p=107720#article","isPartOf":{"@id":"https:\/\/quehacerpolitico.mx\/?p=107720"},"author":{"name":"Redacci\u00f3n QP","@id":"https:\/\/quehacerpolitico.mx\/#\/schema\/person\/496d8ad2d1d3f8036101dca7ee39e585"},"headline":"Nayib Bukele presume que Lionel Messi jugar\u00e1 en El Salvador con Inter de Miami","datePublished":"2024-01-19T19:27:52+00:00","dateModified":"2024-01-19T19:27:54+00:00","mainEntityOfPage":{"@id":"https:\/\/quehacerpolitico.mx\/?p=107720"},"wordCount":311,"commentCount":0,"image":{"@id":"https:\/\/quehacerpolitico.mx\/?p=107720#primaryimage"},"thumbnailUrl":"https:\/\/quehacerpolitico.mx\/wp-content\/uploads\/2024\/01\/IMG_3242.jpeg","articleSection":["Deportes"],"inLanguage":"es","potentialAction":[{"@type":"CommentAction","name":"Comment","target":["https:\/\/quehacerpolitico.mx\/?p=107720#respond"]}]},{"@type":"WebPage","@id":"https:\/\/quehacerpolitico.mx\/?p=107720","url":"https:\/\/quehacerpolitico.mx\/?p=107720","name":"Nayib Bukele presume que Lionel Messi jugar\u00e1 en El Salvador con Inter de Miami -","isPartOf":{"@id":"https:\/\/quehacerpolitico.mx\/#website"},"primaryImageOfPage":{"@id":"https:\/\/quehacerpolitico.mx\/?p=107720#primaryimage"},"image":{"@id":"https:\/\/quehacerpolitico.mx\/?p=107720#primaryimage"},"thumbnailUrl":"https:\/\/quehacerpolitico.mx\/wp-content\/uploads\/2024\/01\/IMG_3242.jpeg","datePublished":"2024-01-19T19:27:52+00:00","dateModified":"2024-01-19T19:27:54+00:00","author":{"@id":"https:\/\/quehacerpolitico.mx\/#\/schema\/person\/496d8ad2d1d3f8036101dca7ee39e585"},"breadcrumb":{"@id":"https:\/\/quehacerpolitico.mx\/?p=107720#breadcrumb"},"inLanguage":"es","potentialAction":[{"@type":"ReadAction","target":["https:\/\/quehacerpolitico.mx\/?p=107720"]}]},{"@type":"ImageObject","inLanguage":"es","@id":"https:\/\/quehacerpolitico.mx\/?p=107720#primaryimage","url":"https:\/\/quehacerpolitico.mx\/wp-content\/uploads\/2024\/01\/IMG_3242.jpeg","contentUrl":"https:\/\/quehacerpolitico.mx\/wp-content\/uploads\/2024\/01\/IMG_3242.jpeg","width":739,"height":415},{"@type":"BreadcrumbList","@id":"https:\/\/quehacerpolitico.mx\/?p=107720#breadcrumb","itemListElement":[{"@type":"ListItem","position":1,"name":"Inicio","item":"https:\/\/quehacerpolitico.mx\/"},{"@type":"ListItem","position":2,"name":"Nayib Bukele presume que Lionel Messi jugar\u00e1 en El Salvador con Inter de Miami"}]},{"@type":"WebSite","@id":"https:\/\/quehacerpolitico.mx\/#website","url":"https:\/\/quehacerpolitico.mx\/","name":"","description":"","potentialAction":[{"@type":"SearchAction","target":{"@type":"EntryPoint","urlTemplate":"https:\/\/quehacerpolitico.mx\/?s={search_term_string}"},"query-input":{"@type":"PropertyValueSpecification","valueRequired":true,"valueName":"search_term_string"}}],"inLanguage":"es"},{"@type":"Person","@id":"https:\/\/quehacerpolitico.mx\/#\/schema\/person\/496d8ad2d1d3f8036101dca7ee39e585","name":"Redacci\u00f3n QP","image":{"@type":"ImageObject","inLanguage":"es","@id":"https:\/\/secure.gravatar.com\/avatar\/c7164ed6fdec453195284ad24a5ae5b6e1eed2b848477fa2a4787ba9adf39a41?s=96&d=mm&r=g","url":"https:\/\/secure.gravatar.com\/avatar\/c7164ed6fdec453195284ad24a5ae5b6e1eed2b848477fa2a4787ba9adf39a41?s=96&d=mm&r=g","contentUrl":"https:\/\/secure.gravatar.com\/avatar\/c7164ed6fdec453195284ad24a5ae5b6e1eed2b848477fa2a4787ba9adf39a41?s=96&d=mm&r=g","caption":"Redacci\u00f3n QP"},"url":"https:\/\/quehacerpolitico.mx\/?author=2"}]}},"featured_image_urls":{"full":["https:\/\/quehacerpolitico.mx\/wp-content\/uploads\/2024\/01\/IMG_3242.jpeg",739,415,false],"thumbnail":["https:\/\/quehacerpolitico.mx\/wp-content\/uploads\/2024\/01\/IMG_3242-150x150.jpeg",150,150,true],"medium":["https:\/\/quehacerpolitico.mx\/wp-content\/uploads\/2024\/01\/IMG_3242-300x168.jpeg",300,168,true],"medium_large":["https:\/\/quehacerpolitico.mx\/wp-content\/uploads\/2024\/01\/IMG_3242.jpeg",640,359,false],"large":["https:\/\/quehacerpolitico.mx\/wp-content\/uploads\/2024\/01\/IMG_3242.jpeg",640,359,false],"1536x1536":["https:\/\/quehacerpolitico.mx\/wp-content\/uploads\/2024\/01\/IMG_3242.jpeg",739,415,false],"2048x2048":["https:\/\/quehacerpolitico.mx\/wp-content\/uploads\/2024\/01\/IMG_3242.jpeg",739,415,false],"covernews-featured":["https:\/\/quehacerpolitico.mx\/wp-content\/uploads\/2024\/01\/IMG_3242.jpeg",739,415,false],"covernews-medium":["https:\/\/quehacerpolitico.mx\/wp-content\/uploads\/2024\/01\/IMG_3242.jpeg",540,303,false]},"author_info":{"display_name":"Redacci\u00f3n QP","author_link":"https:\/\/quehacerpolitico.mx\/?author=2"},"category_info":"<a href=\"https:\/\/quehacerpolitico.mx\/?cat=54\" rel=\"category\">Deportes<\/a>","tag_info":"Deportes","comment_count":"0","_links":{"self":[{"href":"https:\/\/quehacerpolitico.mx\/index.php?rest_route=\/wp\/v2\/posts\/107720","targetHints":{"allow":["GET"]}}],"collection":[{"href":"https:\/\/quehacerpolitico.mx\/index.php?rest_route=\/wp\/v2\/posts"}],"about":[{"href":"https:\/\/quehacerpolitico.mx\/index.php?rest_route=\/wp\/v2\/types\/post"}],"author":[{"embeddable":true,"href":"https:\/\/quehacerpolitico.mx\/index.php?rest_route=\/wp\/v2\/users\/2"}],"replies":[{"embeddable":true,"href":"https:\/\/quehacerpolitico.mx\/index.php?rest_route=%2Fwp%2Fv2%2Fcomments&post=107720"}],"version-history":[{"count":1,"href":"https:\/\/quehacerpolitico.mx\/index.php?rest_route=\/wp\/v2\/posts\/107720\/revisions"}],"predecessor-version":[{"id":107722,"href":"https:\/\/quehacerpolitico.mx\/index.php?rest_route=\/wp\/v2\/posts\/107720\/revisions\/107722"}],"wp:featuredmedia":[{"embeddable":true,"href":"https:\/\/quehacerpolitico.mx\/index.php?rest_route=\/wp\/v2\/media\/107721"}],"wp:attachment":[{"href":"https:\/\/quehacerpolitico.mx\/index.php?rest_route=%2Fwp%2Fv2%2Fmedia&parent=107720"}],"wp:term":[{"taxonomy":"category","embeddable":true,"href":"https:\/\/quehacerpolitico.mx\/index.php?rest_route=%2Fwp%2Fv2%2Fcategories&post=107720"},{"taxonomy":"post_tag","embeddable":true,"href":"https:\/\/quehacerpolitico.mx\/index.php?rest_route=%2Fwp%2Fv2%2Ftags&post=107720"}],"curies":[{"name":"wp","href":"https:\/\/api.w.org\/{rel}","templated":true}]}}