{"id":107717,"date":"2024-01-19T19:09:00","date_gmt":"2024-01-19T19:09:00","guid":{"rendered":"https:\/\/quehacerpolitico.mx\/?p=107717"},"modified":"2024-01-19T19:09:04","modified_gmt":"2024-01-19T19:09:04","slug":"viernes-de-palomitas-y-los-estrenos-imperdibles-en-netflix","status":"publish","type":"post","link":"https:\/\/quehacerpolitico.mx\/?p=107717","title":{"rendered":"Viernes de palomitas y los estrenos imperdibles en Netflix"},"content":{"rendered":"\n<p>Por Redacci\u00f3n QP<\/p>\n\n\n\n<p>Este viernes hay nuevos lanzamientos en el servicio de\u00a0<em>streaming<\/em>\u00a0en Netflix<\/p>\n\n\n\n<p>Este viernes 19 de enero hay nuevos contenidos en Netflix, la plataforma de&nbsp;<em>streaming<\/em>&nbsp;con m\u00e1s suscriptores y de mayor alcance en el mundo.<\/p>\n\n\n\n<p><strong>Y para el comienzo del fin de semana los nuevos lanzamientos de Netflix consisten en un interesante&nbsp;<em>reality show<\/em>, una pel\u00edcula y una mini serie<\/strong>, si no tienes plan de salir puedes preparar tu espacio preferido en casa, tus snacks o botanas saludables y ver alguna de estas historias.<\/p>\n\n\n\n<figure class=\"wp-block-image\"><img decoding=\"async\" src=\"https:\/\/www.informador.mx\/__export\/1705676400537\/sites\/elinformador\/img\/2024\/01\/18\/el_amor_en_el_espectro_autista_2_2_crop1705618621985.jpg_71210540.jpg\" alt=\"\"\/><figcaption class=\"wp-element-caption\"><em>El amor en el espectro autista: Temporada 2<\/em>. ESPECIAL\/NETFLIX.&nbsp;<\/figcaption><\/figure>\n\n\n\n<h4 class=\"wp-block-heading\">El amor en el espectro autista: Temporada 2<\/h4>\n\n\n\n<figure class=\"wp-block-embed is-type-video is-provider-youtube wp-block-embed-youtube wp-embed-aspect-16-9 wp-has-aspect-ratio\"><div class=\"wp-block-embed__wrapper\">\n<iframe loading=\"lazy\" title=\"Amor en el espectro (Temporada 2 Clip) | Tr\u00e1iler en Espa\u00f1ol | Netflix\" width=\"640\" height=\"360\" src=\"https:\/\/www.youtube.com\/embed\/PD82wjo8ROg?feature=oembed\" frameborder=\"0\" allow=\"accelerometer; autoplay; clipboard-write; encrypted-media; gyroscope; picture-in-picture; web-share\" referrerpolicy=\"strict-origin-when-cross-origin\" allowfullscreen><\/iframe>\n<\/div><\/figure>\n\n\n\n<p>La segunda temporada de esta serie y\u00a0<em>reality show\u00a0<\/em>se estrena hoy en Netflix. El reality galardonado con el premio Emmy\u00ae,\u00a0<strong>es una serie genuina y emotiva que sigue a j\u00f3venes con trastornos del espectro autista, mientras exploran el mundo de las citas y las relaciones amorosas<\/strong>. En su temporada dos, esta versi\u00f3n basada en Estados Unidos cuenta las historias de un \u00fanico y diverso grupo de personas \u2014algunas de ellas nuevas, otras ya conocidas\u2014 que buscan lo que todos deseamos encontrar: El amor.<\/p>\n\n\n\n<figure class=\"wp-block-image\"><img decoding=\"async\" src=\"https:\/\/www.informador.mx\/__export\/1705676400379\/sites\/elinformador\/img\/2024\/01\/18\/60_minutos_1_crop1705618758693.jpg_1615138806.jpg\" alt=\"\"\/><figcaption class=\"wp-element-caption\"><strong>60 Minutos<\/strong>. ESPECIAL\/NETFLIX.&nbsp;<\/figcaption><\/figure>\n\n\n\n<h4 class=\"wp-block-heading\">60 Minutos<\/h4>\n\n\n\n<figure class=\"wp-block-embed is-type-video is-provider-youtube wp-block-embed-youtube wp-embed-aspect-16-9 wp-has-aspect-ratio\"><div class=\"wp-block-embed__wrapper\">\n<iframe loading=\"lazy\" title=\"Sixty Minutes | Official Trailer | Netflix\" width=\"640\" height=\"360\" src=\"https:\/\/www.youtube.com\/embed\/uiyZW82Rxf8?feature=oembed\" frameborder=\"0\" allow=\"accelerometer; autoplay; clipboard-write; encrypted-media; gyroscope; picture-in-picture; web-share\" referrerpolicy=\"strict-origin-when-cross-origin\" allowfullscreen><\/iframe>\n<\/div><\/figure>\n\n\n\n<p>Es una pel\u00edcula alemana de acci\u00f3n que a partir de hoy est\u00e1 disponible en Netflix.\u00a0<strong>El luchador de artes marciales mixtas\u00a0<em>Octavio<\/em>\u00a0Bergmann se entera s\u00fabitamente de que tiene solo 60 minutos para llegar a la fiesta de cumplea\u00f1os de su hija. Si no lo hace, puede perder la custodia de la ni\u00f1a para siempre<\/strong>. Pero tras abandonar una pelea para cumplir su cometido, otra lucha espera: Escapar de peligrosos criminales en una carrera contra el tiempo en medio del caos de la ciudad. Dirigida por Oliver Kienle, con las actuaciones de Emilio Sakraya, Dennis Mojen, Marie Mouroum y Florian Schmidtke.<\/p>\n\n\n\n<figure class=\"wp-block-image\"><img decoding=\"async\" src=\"https:\/\/www.informador.mx\/__export\/1705676400604\/sites\/elinformador\/img\/2024\/01\/18\/el_legado_1_crop1705618842461.jpg_158945035.jpg\" alt=\"\"\/><figcaption class=\"wp-element-caption\"><em>El Legado<\/em>. ESPECIAL\/NETFLIX.&nbsp;<\/figcaption><\/figure>\n\n\n\n<h4 class=\"wp-block-heading\">El Legado<\/h4>\n\n\n\n<figure class=\"wp-block-embed is-type-video is-provider-youtube wp-block-embed-youtube wp-embed-aspect-16-9 wp-has-aspect-ratio\"><div class=\"wp-block-embed__wrapper\">\n<iframe loading=\"lazy\" title=\"El legado (Temporada 1 Avance) | Tr\u00e1iler en Espa\u00f1ol | Netflix\" width=\"640\" height=\"360\" src=\"https:\/\/www.youtube.com\/embed\/XgJ8XCfeUBY?feature=oembed\" frameborder=\"0\" allow=\"accelerometer; autoplay; clipboard-write; encrypted-media; gyroscope; picture-in-picture; web-share\" referrerpolicy=\"strict-origin-when-cross-origin\" allowfullscreen><\/iframe>\n<\/div><\/figure>\n\n\n\n<p>Es una serie de misterio y&nbsp;<em>thrillers<\/em>&nbsp;que a partir de hoy se puede ver en Netflix. La producci\u00f3n de Corea del Sur aborda la vida de&nbsp;<em>Yoon Seo\u2011ha<\/em>, una profesora universitaria que sue\u00f1a con mejorar su condici\u00f3n salarial convirti\u00e9ndose en titular.&nbsp;<strong>Un d\u00eda, recibe una noticia: Un t\u00edo paterno, a quien no recuerda, ha fallecido y la nombr\u00f3 heredera \u00fanica del cementerio familiar. La noticia toma por sorpresa a&nbsp;<em>Seo\u2011ha<\/em>&nbsp;y despierta recuerdos desagradables<\/strong>. En el funeral del t\u00edo,&nbsp;<em>Kim Young\u2011ho<\/em>, el medio hermano de&nbsp;<em>Seo\u2011ha<\/em>, arma un esc\u00e1ndalo exigiendo que lo incluyan en la herencia. Para&nbsp;<em>Seo\u2011ha<\/em>, \u00e9l es simplemente el hijo de un padre infiel y para empeorar las cosas, varios sucesos inquietantes y sobrecogedores perturban su vida cotidiana. Por su parte,&nbsp;<em>Choi Sung\u2011jun<\/em>&nbsp;\u2014un detective que investiga un homicidio en el pueblo\u2014 percibe un comportamiento extra\u00f1o en los lugare\u00f1os y entiende que no se trata de un simple asesinato, pero la investigaci\u00f3n solo parece conducir a callejones sin salida. Adem\u00e1s,&nbsp;<em>Park Sang\u2011min<\/em>, el capit\u00e1n de la estaci\u00f3n de polic\u00eda, ve con malos ojos a&nbsp;<em>Sung\u2011jun<\/em>&nbsp;y lo excluye del caso, pero su investigaci\u00f3n, enfocada en perfiles clave relacionados con el cementerio tampoco conduce a nada. Poco despu\u00e9s, aparece una nueva v\u00edctima y el caos se apodera del pueblo. Bajo la direcci\u00f3n de Min Hong-nam y la participaci\u00f3n de Kim Hyun-joo, Park Hee-soon, Park Byung-eun y Ryu Kyung-soo.<\/p>\n","protected":false},"excerpt":{"rendered":"<p>Por Redacci\u00f3n QP Este viernes hay nuevos lanzamientos en el servicio de\u00a0streaming\u00a0en Netflix Este viernes&#8230;<\/p>\n","protected":false},"author":2,"featured_media":107718,"comment_status":"open","ping_status":"open","sticky":false,"template":"","format":"standard","meta":{"_monsterinsights_skip_tracking":false,"_monsterinsights_sitenote_active":false,"_monsterinsights_sitenote_note":"","_monsterinsights_sitenote_category":0,"footnotes":""},"categories":[58],"tags":[],"class_list":["post-107717","post","type-post","status-publish","format-standard","has-post-thumbnail","hentry","category-cultura"],"yoast_head":"<!-- This site is optimized with the Yoast SEO plugin v27.3 - https:\/\/yoast.com\/product\/yoast-seo-wordpress\/ -->\n<title>Viernes de palomitas y los estrenos imperdibles en Netflix -<\/title>\n<meta name=\"robots\" content=\"index, follow, max-snippet:-1, max-image-preview:large, max-video-preview:-1\" \/>\n<link rel=\"canonical\" href=\"https:\/\/quehacerpolitico.mx\/?p=107717\" \/>\n<meta property=\"og:locale\" content=\"es_MX\" \/>\n<meta property=\"og:type\" content=\"article\" \/>\n<meta property=\"og:title\" content=\"Viernes de palomitas y los estrenos imperdibles en Netflix -\" \/>\n<meta property=\"og:description\" content=\"Por Redacci\u00f3n QP Este viernes hay nuevos lanzamientos en el servicio de\u00a0streaming\u00a0en Netflix Este viernes...\" \/>\n<meta property=\"og:url\" content=\"https:\/\/quehacerpolitico.mx\/?p=107717\" \/>\n<meta property=\"article:published_time\" content=\"2024-01-19T19:09:00+00:00\" \/>\n<meta property=\"article:modified_time\" content=\"2024-01-19T19:09:04+00:00\" \/>\n<meta property=\"og:image\" content=\"https:\/\/quehacerpolitico.mx\/wp-content\/uploads\/2024\/01\/IMG_3241.jpeg\" \/>\n\t<meta property=\"og:image:width\" content=\"1280\" \/>\n\t<meta property=\"og:image:height\" content=\"720\" \/>\n\t<meta property=\"og:image:type\" content=\"image\/jpeg\" \/>\n<meta name=\"author\" content=\"Redacci\u00f3n QP\" \/>\n<meta name=\"twitter:card\" content=\"summary_large_image\" \/>\n<meta name=\"twitter:label1\" content=\"Escrito por\" \/>\n\t<meta name=\"twitter:data1\" content=\"Redacci\u00f3n QP\" \/>\n\t<meta name=\"twitter:label2\" content=\"Tiempo de lectura\" \/>\n\t<meta name=\"twitter:data2\" content=\"3 minutos\" \/>\n<script type=\"application\/ld+json\" class=\"yoast-schema-graph\">{\"@context\":\"https:\\\/\\\/schema.org\",\"@graph\":[{\"@type\":\"Article\",\"@id\":\"https:\\\/\\\/quehacerpolitico.mx\\\/?p=107717#article\",\"isPartOf\":{\"@id\":\"https:\\\/\\\/quehacerpolitico.mx\\\/?p=107717\"},\"author\":{\"name\":\"Redacci\u00f3n QP\",\"@id\":\"https:\\\/\\\/quehacerpolitico.mx\\\/#\\\/schema\\\/person\\\/496d8ad2d1d3f8036101dca7ee39e585\"},\"headline\":\"Viernes de palomitas y los estrenos imperdibles en Netflix\",\"datePublished\":\"2024-01-19T19:09:00+00:00\",\"dateModified\":\"2024-01-19T19:09:04+00:00\",\"mainEntityOfPage\":{\"@id\":\"https:\\\/\\\/quehacerpolitico.mx\\\/?p=107717\"},\"wordCount\":625,\"commentCount\":0,\"image\":{\"@id\":\"https:\\\/\\\/quehacerpolitico.mx\\\/?p=107717#primaryimage\"},\"thumbnailUrl\":\"https:\\\/\\\/quehacerpolitico.mx\\\/wp-content\\\/uploads\\\/2024\\\/01\\\/IMG_3241.jpeg\",\"articleSection\":[\"Cultura y Entretenimiento\"],\"inLanguage\":\"es\",\"potentialAction\":[{\"@type\":\"CommentAction\",\"name\":\"Comment\",\"target\":[\"https:\\\/\\\/quehacerpolitico.mx\\\/?p=107717#respond\"]}]},{\"@type\":\"WebPage\",\"@id\":\"https:\\\/\\\/quehacerpolitico.mx\\\/?p=107717\",\"url\":\"https:\\\/\\\/quehacerpolitico.mx\\\/?p=107717\",\"name\":\"Viernes de palomitas y los estrenos imperdibles en Netflix -\",\"isPartOf\":{\"@id\":\"https:\\\/\\\/quehacerpolitico.mx\\\/#website\"},\"primaryImageOfPage\":{\"@id\":\"https:\\\/\\\/quehacerpolitico.mx\\\/?p=107717#primaryimage\"},\"image\":{\"@id\":\"https:\\\/\\\/quehacerpolitico.mx\\\/?p=107717#primaryimage\"},\"thumbnailUrl\":\"https:\\\/\\\/quehacerpolitico.mx\\\/wp-content\\\/uploads\\\/2024\\\/01\\\/IMG_3241.jpeg\",\"datePublished\":\"2024-01-19T19:09:00+00:00\",\"dateModified\":\"2024-01-19T19:09:04+00:00\",\"author\":{\"@id\":\"https:\\\/\\\/quehacerpolitico.mx\\\/#\\\/schema\\\/person\\\/496d8ad2d1d3f8036101dca7ee39e585\"},\"breadcrumb\":{\"@id\":\"https:\\\/\\\/quehacerpolitico.mx\\\/?p=107717#breadcrumb\"},\"inLanguage\":\"es\",\"potentialAction\":[{\"@type\":\"ReadAction\",\"target\":[\"https:\\\/\\\/quehacerpolitico.mx\\\/?p=107717\"]}]},{\"@type\":\"ImageObject\",\"inLanguage\":\"es\",\"@id\":\"https:\\\/\\\/quehacerpolitico.mx\\\/?p=107717#primaryimage\",\"url\":\"https:\\\/\\\/quehacerpolitico.mx\\\/wp-content\\\/uploads\\\/2024\\\/01\\\/IMG_3241.jpeg\",\"contentUrl\":\"https:\\\/\\\/quehacerpolitico.mx\\\/wp-content\\\/uploads\\\/2024\\\/01\\\/IMG_3241.jpeg\",\"width\":1280,\"height\":720},{\"@type\":\"BreadcrumbList\",\"@id\":\"https:\\\/\\\/quehacerpolitico.mx\\\/?p=107717#breadcrumb\",\"itemListElement\":[{\"@type\":\"ListItem\",\"position\":1,\"name\":\"Inicio\",\"item\":\"https:\\\/\\\/quehacerpolitico.mx\\\/\"},{\"@type\":\"ListItem\",\"position\":2,\"name\":\"Viernes de palomitas y los estrenos imperdibles en Netflix\"}]},{\"@type\":\"WebSite\",\"@id\":\"https:\\\/\\\/quehacerpolitico.mx\\\/#website\",\"url\":\"https:\\\/\\\/quehacerpolitico.mx\\\/\",\"name\":\"\",\"description\":\"\",\"potentialAction\":[{\"@type\":\"SearchAction\",\"target\":{\"@type\":\"EntryPoint\",\"urlTemplate\":\"https:\\\/\\\/quehacerpolitico.mx\\\/?s={search_term_string}\"},\"query-input\":{\"@type\":\"PropertyValueSpecification\",\"valueRequired\":true,\"valueName\":\"search_term_string\"}}],\"inLanguage\":\"es\"},{\"@type\":\"Person\",\"@id\":\"https:\\\/\\\/quehacerpolitico.mx\\\/#\\\/schema\\\/person\\\/496d8ad2d1d3f8036101dca7ee39e585\",\"name\":\"Redacci\u00f3n QP\",\"image\":{\"@type\":\"ImageObject\",\"inLanguage\":\"es\",\"@id\":\"https:\\\/\\\/secure.gravatar.com\\\/avatar\\\/c7164ed6fdec453195284ad24a5ae5b6e1eed2b848477fa2a4787ba9adf39a41?s=96&d=mm&r=g\",\"url\":\"https:\\\/\\\/secure.gravatar.com\\\/avatar\\\/c7164ed6fdec453195284ad24a5ae5b6e1eed2b848477fa2a4787ba9adf39a41?s=96&d=mm&r=g\",\"contentUrl\":\"https:\\\/\\\/secure.gravatar.com\\\/avatar\\\/c7164ed6fdec453195284ad24a5ae5b6e1eed2b848477fa2a4787ba9adf39a41?s=96&d=mm&r=g\",\"caption\":\"Redacci\u00f3n QP\"},\"url\":\"https:\\\/\\\/quehacerpolitico.mx\\\/?author=2\"}]}<\/script>\n<!-- \/ Yoast SEO plugin. -->","yoast_head_json":{"title":"Viernes de palomitas y los estrenos imperdibles en Netflix -","robots":{"index":"index","follow":"follow","max-snippet":"max-snippet:-1","max-image-preview":"max-image-preview:large","max-video-preview":"max-video-preview:-1"},"canonical":"https:\/\/quehacerpolitico.mx\/?p=107717","og_locale":"es_MX","og_type":"article","og_title":"Viernes de palomitas y los estrenos imperdibles en Netflix -","og_description":"Por Redacci\u00f3n QP Este viernes hay nuevos lanzamientos en el servicio de\u00a0streaming\u00a0en Netflix Este viernes...","og_url":"https:\/\/quehacerpolitico.mx\/?p=107717","article_published_time":"2024-01-19T19:09:00+00:00","article_modified_time":"2024-01-19T19:09:04+00:00","og_image":[{"width":1280,"height":720,"url":"https:\/\/quehacerpolitico.mx\/wp-content\/uploads\/2024\/01\/IMG_3241.jpeg","type":"image\/jpeg"}],"author":"Redacci\u00f3n QP","twitter_card":"summary_large_image","twitter_misc":{"Escrito por":"Redacci\u00f3n QP","Tiempo de lectura":"3 minutos"},"schema":{"@context":"https:\/\/schema.org","@graph":[{"@type":"Article","@id":"https:\/\/quehacerpolitico.mx\/?p=107717#article","isPartOf":{"@id":"https:\/\/quehacerpolitico.mx\/?p=107717"},"author":{"name":"Redacci\u00f3n QP","@id":"https:\/\/quehacerpolitico.mx\/#\/schema\/person\/496d8ad2d1d3f8036101dca7ee39e585"},"headline":"Viernes de palomitas y los estrenos imperdibles en Netflix","datePublished":"2024-01-19T19:09:00+00:00","dateModified":"2024-01-19T19:09:04+00:00","mainEntityOfPage":{"@id":"https:\/\/quehacerpolitico.mx\/?p=107717"},"wordCount":625,"commentCount":0,"image":{"@id":"https:\/\/quehacerpolitico.mx\/?p=107717#primaryimage"},"thumbnailUrl":"https:\/\/quehacerpolitico.mx\/wp-content\/uploads\/2024\/01\/IMG_3241.jpeg","articleSection":["Cultura y Entretenimiento"],"inLanguage":"es","potentialAction":[{"@type":"CommentAction","name":"Comment","target":["https:\/\/quehacerpolitico.mx\/?p=107717#respond"]}]},{"@type":"WebPage","@id":"https:\/\/quehacerpolitico.mx\/?p=107717","url":"https:\/\/quehacerpolitico.mx\/?p=107717","name":"Viernes de palomitas y los estrenos imperdibles en Netflix -","isPartOf":{"@id":"https:\/\/quehacerpolitico.mx\/#website"},"primaryImageOfPage":{"@id":"https:\/\/quehacerpolitico.mx\/?p=107717#primaryimage"},"image":{"@id":"https:\/\/quehacerpolitico.mx\/?p=107717#primaryimage"},"thumbnailUrl":"https:\/\/quehacerpolitico.mx\/wp-content\/uploads\/2024\/01\/IMG_3241.jpeg","datePublished":"2024-01-19T19:09:00+00:00","dateModified":"2024-01-19T19:09:04+00:00","author":{"@id":"https:\/\/quehacerpolitico.mx\/#\/schema\/person\/496d8ad2d1d3f8036101dca7ee39e585"},"breadcrumb":{"@id":"https:\/\/quehacerpolitico.mx\/?p=107717#breadcrumb"},"inLanguage":"es","potentialAction":[{"@type":"ReadAction","target":["https:\/\/quehacerpolitico.mx\/?p=107717"]}]},{"@type":"ImageObject","inLanguage":"es","@id":"https:\/\/quehacerpolitico.mx\/?p=107717#primaryimage","url":"https:\/\/quehacerpolitico.mx\/wp-content\/uploads\/2024\/01\/IMG_3241.jpeg","contentUrl":"https:\/\/quehacerpolitico.mx\/wp-content\/uploads\/2024\/01\/IMG_3241.jpeg","width":1280,"height":720},{"@type":"BreadcrumbList","@id":"https:\/\/quehacerpolitico.mx\/?p=107717#breadcrumb","itemListElement":[{"@type":"ListItem","position":1,"name":"Inicio","item":"https:\/\/quehacerpolitico.mx\/"},{"@type":"ListItem","position":2,"name":"Viernes de palomitas y los estrenos imperdibles en Netflix"}]},{"@type":"WebSite","@id":"https:\/\/quehacerpolitico.mx\/#website","url":"https:\/\/quehacerpolitico.mx\/","name":"","description":"","potentialAction":[{"@type":"SearchAction","target":{"@type":"EntryPoint","urlTemplate":"https:\/\/quehacerpolitico.mx\/?s={search_term_string}"},"query-input":{"@type":"PropertyValueSpecification","valueRequired":true,"valueName":"search_term_string"}}],"inLanguage":"es"},{"@type":"Person","@id":"https:\/\/quehacerpolitico.mx\/#\/schema\/person\/496d8ad2d1d3f8036101dca7ee39e585","name":"Redacci\u00f3n QP","image":{"@type":"ImageObject","inLanguage":"es","@id":"https:\/\/secure.gravatar.com\/avatar\/c7164ed6fdec453195284ad24a5ae5b6e1eed2b848477fa2a4787ba9adf39a41?s=96&d=mm&r=g","url":"https:\/\/secure.gravatar.com\/avatar\/c7164ed6fdec453195284ad24a5ae5b6e1eed2b848477fa2a4787ba9adf39a41?s=96&d=mm&r=g","contentUrl":"https:\/\/secure.gravatar.com\/avatar\/c7164ed6fdec453195284ad24a5ae5b6e1eed2b848477fa2a4787ba9adf39a41?s=96&d=mm&r=g","caption":"Redacci\u00f3n QP"},"url":"https:\/\/quehacerpolitico.mx\/?author=2"}]}},"featured_image_urls":{"full":["https:\/\/quehacerpolitico.mx\/wp-content\/uploads\/2024\/01\/IMG_3241.jpeg",1280,720,false],"thumbnail":["https:\/\/quehacerpolitico.mx\/wp-content\/uploads\/2024\/01\/IMG_3241-150x150.jpeg",150,150,true],"medium":["https:\/\/quehacerpolitico.mx\/wp-content\/uploads\/2024\/01\/IMG_3241-300x169.jpeg",300,169,true],"medium_large":["https:\/\/quehacerpolitico.mx\/wp-content\/uploads\/2024\/01\/IMG_3241-768x432.jpeg",640,360,true],"large":["https:\/\/quehacerpolitico.mx\/wp-content\/uploads\/2024\/01\/IMG_3241-1024x576.jpeg",640,360,true],"1536x1536":["https:\/\/quehacerpolitico.mx\/wp-content\/uploads\/2024\/01\/IMG_3241.jpeg",1280,720,false],"2048x2048":["https:\/\/quehacerpolitico.mx\/wp-content\/uploads\/2024\/01\/IMG_3241.jpeg",1280,720,false],"covernews-featured":["https:\/\/quehacerpolitico.mx\/wp-content\/uploads\/2024\/01\/IMG_3241.jpeg",1024,576,false],"covernews-medium":["https:\/\/quehacerpolitico.mx\/wp-content\/uploads\/2024\/01\/IMG_3241.jpeg",540,304,false]},"author_info":{"display_name":"Redacci\u00f3n QP","author_link":"https:\/\/quehacerpolitico.mx\/?author=2"},"category_info":"<a href=\"https:\/\/quehacerpolitico.mx\/?cat=58\" rel=\"category\">Cultura y Entretenimiento<\/a>","tag_info":"Cultura y Entretenimiento","comment_count":"0","_links":{"self":[{"href":"https:\/\/quehacerpolitico.mx\/index.php?rest_route=\/wp\/v2\/posts\/107717","targetHints":{"allow":["GET"]}}],"collection":[{"href":"https:\/\/quehacerpolitico.mx\/index.php?rest_route=\/wp\/v2\/posts"}],"about":[{"href":"https:\/\/quehacerpolitico.mx\/index.php?rest_route=\/wp\/v2\/types\/post"}],"author":[{"embeddable":true,"href":"https:\/\/quehacerpolitico.mx\/index.php?rest_route=\/wp\/v2\/users\/2"}],"replies":[{"embeddable":true,"href":"https:\/\/quehacerpolitico.mx\/index.php?rest_route=%2Fwp%2Fv2%2Fcomments&post=107717"}],"version-history":[{"count":1,"href":"https:\/\/quehacerpolitico.mx\/index.php?rest_route=\/wp\/v2\/posts\/107717\/revisions"}],"predecessor-version":[{"id":107719,"href":"https:\/\/quehacerpolitico.mx\/index.php?rest_route=\/wp\/v2\/posts\/107717\/revisions\/107719"}],"wp:featuredmedia":[{"embeddable":true,"href":"https:\/\/quehacerpolitico.mx\/index.php?rest_route=\/wp\/v2\/media\/107718"}],"wp:attachment":[{"href":"https:\/\/quehacerpolitico.mx\/index.php?rest_route=%2Fwp%2Fv2%2Fmedia&parent=107717"}],"wp:term":[{"taxonomy":"category","embeddable":true,"href":"https:\/\/quehacerpolitico.mx\/index.php?rest_route=%2Fwp%2Fv2%2Fcategories&post=107717"},{"taxonomy":"post_tag","embeddable":true,"href":"https:\/\/quehacerpolitico.mx\/index.php?rest_route=%2Fwp%2Fv2%2Ftags&post=107717"}],"curies":[{"name":"wp","href":"https:\/\/api.w.org\/{rel}","templated":true}]}}