{"id":107680,"date":"2024-01-18T16:45:47","date_gmt":"2024-01-18T16:45:47","guid":{"rendered":"https:\/\/quehacerpolitico.mx\/?p=107680"},"modified":"2024-01-18T16:45:50","modified_gmt":"2024-01-18T16:45:50","slug":"prohiben-a-los-atletas-que-compitan-en-paris-2024-expresar-su-opinion-en-ceremonias-podio-competiciones-y-la-villa-olimpica","status":"publish","type":"post","link":"https:\/\/quehacerpolitico.mx\/?p=107680","title":{"rendered":"Proh\u00edben a los atletas que compitan en Par\u00eds 2024 expresar su opini\u00f3n en ceremonias, podio, competiciones y la Villa Ol\u00edmpica"},"content":{"rendered":"\n<p>Por Redacci\u00f3n QP<\/p>\n\n\n\n<p>El COI public\u00f3 las normas de comportamiento para los atletas de Par\u00eds 2024, quienes no podr\u00e1n expresar su opini\u00f3n en cuatro escenarios.<\/p>\n\n\n\n<p>Los\u00a0<strong>atletas<\/strong>\u00a0que participen en los\u00a0<strong>Juegos Ol\u00edmpicos de Par\u00eds 2024<\/strong>\u00a0podr\u00e1n\u00a0<strong>expresar libremente su opini\u00f3n<\/strong>\u00a0sobre cualquier asunto en todos los escenarios salvo en cuatro: las\u00a0<strong>ceremonias de inauguraci\u00f3n y clausura<\/strong>, las\u00a0<strong>entregas de medallas<\/strong>, durante la\u00a0<strong>competici\u00f3n<\/strong> y durante su estancia en la\u00a0<strong>Villa Ol\u00edmpica<\/strong>.<\/p>\n\n\n\n<p id=\"h-las-zonas-mixtas-en-las-que-atienden-a-los-medios-de-comunicacion-los-centros-de-prensa-las-conferencias-de-prensa-las-entrevistas-las-reuniones-de-equipo-los-medios-tradicionales-o-digitales-las-redes-sociales-y-los-momentos-previos-a-la-competicion-camara-de-llamadas-presentacion-de-los-deportistas-seran-el-lugar-adecuado-para-que-los-atletas-de-paris-2024-defiendan-sus-puntos-de-vista-y-opinion-pero-aun-asi-bajo-ciertas-condiciones\">Las&nbsp;<strong>zonas mixtas<\/strong>&nbsp;en las que atienden a los medios de comunicaci\u00f3n, los centros de prensa, las conferencias de prensa, las entrevistas, las reuniones de equipo, los medios tradicionales o digitales, las redes sociales y los momentos previos a la competici\u00f3n (c\u00e1mara de llamadas, presentaci\u00f3n de los deportistas\u2026) ser\u00e1n el&nbsp;<strong>lugar adecuado<\/strong>para que los atletas de Par\u00eds 2024&nbsp;<strong>defiendan sus puntos de vista y opini\u00f3n<\/strong>, pero aun as\u00ed&nbsp;<strong>bajo ciertas condiciones<\/strong>.<\/p>\n\n\n\n<p id=\"h-entre-ellas-que-respeten-los-principios-fundamentales-del-olimpismo-que-no-ataquen-a-personas-organismos-o-paises-que-no-contravengan-lo-que-disponga-su-comite-olimpico-o-federacion-o-que-no-sean-disruptivos-segun-las-normas-que-publico-hoy-el-coi\">Entre ellas, que&nbsp;<strong>respeten los principios fundamentales del olimpismo<\/strong>, que no ataquen a personas, organismos o pa\u00edses, que no contravengan lo que disponga su comit\u00e9 ol\u00edmpico o federaci\u00f3n o que no sean \u201c<strong>disruptivos<\/strong>\u201c, seg\u00fan las&nbsp;<a href=\"https:\/\/x.com\/iocmedia\/status\/1747920172864634924?s=20\"><strong>normas<\/strong><\/a>&nbsp;que public\u00f3 hoy el COI.<\/p>\n\n\n\n<h2 class=\"wp-block-heading\" id=\"h-expresiones\">EXPRESIONES<\/h2>\n\n\n\n<p id=\"h-por-actitudes-disruptivas-el-coi-entiende-por-ejemplo-expresiones-durante-la-presentacion-o-el-himno-de-otros-atletas-o-desplegar-una-bandera-o-un-cartel-en-ese-momento\">Por actitudes disruptivas el COI entiende, por ejemplo, \u201c<strong>expresiones durante la presentaci\u00f3n o el himno\u201d de otros atletas<\/strong>&nbsp;o desplegar una bandera o un cartel en ese momento.<\/p>\n\n\n\n<p id=\"h-no-respetar-estas-reglas-puede-dar-origen-a-medidas-disciplinarias-que-seran-proporcionales-a-la-infraccion\">No respetar estas\u00a0<strong>reglas<\/strong>\u00a0puede dar origen a\u00a0<strong>medidas disciplinarias<\/strong>, que ser\u00e1n proporcionales a la infracci\u00f3n.<\/p>\n\n\n\n<p>En los\u00a0<strong>Juegos de Tokio<\/strong>\u00a0se abri\u00f3 la puerta a la expresi\u00f3n de opini\u00f3n de los atletas en escenarios ol\u00edmpicos, antes totalmente prohibidas. Las jugadoras de las selecciones femeninas de futbol de Gran Breta\u00f1a, Chile, Estados Unidos, Suecia y Nueva Zelanda hincaron la rodilla en el c\u00e9sped antes de comenzar algunos partidos como se\u00f1al de protesta contra el racismo.<\/p>\n\n\n\n<p>Con informaci\u00f3n de EFE<\/p>\n","protected":false},"excerpt":{"rendered":"<p>Por Redacci\u00f3n QP El COI public\u00f3 las normas de comportamiento para los atletas de Par\u00eds&#8230;<\/p>\n","protected":false},"author":2,"featured_media":107681,"comment_status":"open","ping_status":"open","sticky":false,"template":"","format":"standard","meta":{"_monsterinsights_skip_tracking":false,"_monsterinsights_sitenote_active":false,"_monsterinsights_sitenote_note":"","_monsterinsights_sitenote_category":0,"footnotes":""},"categories":[54],"tags":[],"class_list":["post-107680","post","type-post","status-publish","format-standard","has-post-thumbnail","hentry","category-deportes"],"yoast_head":"<!-- This site is optimized with the Yoast SEO plugin v27.3 - https:\/\/yoast.com\/product\/yoast-seo-wordpress\/ -->\n<title>Proh\u00edben a los atletas que compitan en Par\u00eds 2024 expresar su opini\u00f3n en ceremonias, podio, competiciones y la Villa Ol\u00edmpica -<\/title>\n<meta name=\"robots\" content=\"index, follow, max-snippet:-1, max-image-preview:large, max-video-preview:-1\" \/>\n<link rel=\"canonical\" href=\"https:\/\/quehacerpolitico.mx\/?p=107680\" \/>\n<meta property=\"og:locale\" content=\"es_MX\" \/>\n<meta property=\"og:type\" content=\"article\" \/>\n<meta property=\"og:title\" content=\"Proh\u00edben a los atletas que compitan en Par\u00eds 2024 expresar su opini\u00f3n en ceremonias, podio, competiciones y la Villa Ol\u00edmpica -\" \/>\n<meta property=\"og:description\" content=\"Por Redacci\u00f3n QP El COI public\u00f3 las normas de comportamiento para los atletas de Par\u00eds...\" \/>\n<meta property=\"og:url\" content=\"https:\/\/quehacerpolitico.mx\/?p=107680\" \/>\n<meta property=\"article:published_time\" content=\"2024-01-18T16:45:47+00:00\" \/>\n<meta property=\"article:modified_time\" content=\"2024-01-18T16:45:50+00:00\" \/>\n<meta property=\"og:image\" content=\"https:\/\/quehacerpolitico.mx\/wp-content\/uploads\/2024\/01\/IMG_3207.jpeg\" \/>\n\t<meta property=\"og:image:width\" content=\"725\" \/>\n\t<meta property=\"og:image:height\" content=\"423\" \/>\n\t<meta property=\"og:image:type\" content=\"image\/jpeg\" \/>\n<meta name=\"author\" content=\"Redacci\u00f3n QP\" \/>\n<meta name=\"twitter:card\" content=\"summary_large_image\" \/>\n<meta name=\"twitter:label1\" content=\"Escrito por\" \/>\n\t<meta name=\"twitter:data1\" content=\"Redacci\u00f3n QP\" \/>\n\t<meta name=\"twitter:label2\" content=\"Tiempo de lectura\" \/>\n\t<meta name=\"twitter:data2\" content=\"2 minutos\" \/>\n<script type=\"application\/ld+json\" class=\"yoast-schema-graph\">{\"@context\":\"https:\\\/\\\/schema.org\",\"@graph\":[{\"@type\":\"Article\",\"@id\":\"https:\\\/\\\/quehacerpolitico.mx\\\/?p=107680#article\",\"isPartOf\":{\"@id\":\"https:\\\/\\\/quehacerpolitico.mx\\\/?p=107680\"},\"author\":{\"name\":\"Redacci\u00f3n QP\",\"@id\":\"https:\\\/\\\/quehacerpolitico.mx\\\/#\\\/schema\\\/person\\\/496d8ad2d1d3f8036101dca7ee39e585\"},\"headline\":\"Proh\u00edben a los atletas que compitan en Par\u00eds 2024 expresar su opini\u00f3n en ceremonias, podio, competiciones y la Villa Ol\u00edmpica\",\"datePublished\":\"2024-01-18T16:45:47+00:00\",\"dateModified\":\"2024-01-18T16:45:50+00:00\",\"mainEntityOfPage\":{\"@id\":\"https:\\\/\\\/quehacerpolitico.mx\\\/?p=107680\"},\"wordCount\":353,\"commentCount\":0,\"image\":{\"@id\":\"https:\\\/\\\/quehacerpolitico.mx\\\/?p=107680#primaryimage\"},\"thumbnailUrl\":\"https:\\\/\\\/quehacerpolitico.mx\\\/wp-content\\\/uploads\\\/2024\\\/01\\\/IMG_3207.jpeg\",\"articleSection\":[\"Deportes\"],\"inLanguage\":\"es\",\"potentialAction\":[{\"@type\":\"CommentAction\",\"name\":\"Comment\",\"target\":[\"https:\\\/\\\/quehacerpolitico.mx\\\/?p=107680#respond\"]}]},{\"@type\":\"WebPage\",\"@id\":\"https:\\\/\\\/quehacerpolitico.mx\\\/?p=107680\",\"url\":\"https:\\\/\\\/quehacerpolitico.mx\\\/?p=107680\",\"name\":\"Proh\u00edben a los atletas que compitan en Par\u00eds 2024 expresar su opini\u00f3n en ceremonias, podio, competiciones y la Villa Ol\u00edmpica -\",\"isPartOf\":{\"@id\":\"https:\\\/\\\/quehacerpolitico.mx\\\/#website\"},\"primaryImageOfPage\":{\"@id\":\"https:\\\/\\\/quehacerpolitico.mx\\\/?p=107680#primaryimage\"},\"image\":{\"@id\":\"https:\\\/\\\/quehacerpolitico.mx\\\/?p=107680#primaryimage\"},\"thumbnailUrl\":\"https:\\\/\\\/quehacerpolitico.mx\\\/wp-content\\\/uploads\\\/2024\\\/01\\\/IMG_3207.jpeg\",\"datePublished\":\"2024-01-18T16:45:47+00:00\",\"dateModified\":\"2024-01-18T16:45:50+00:00\",\"author\":{\"@id\":\"https:\\\/\\\/quehacerpolitico.mx\\\/#\\\/schema\\\/person\\\/496d8ad2d1d3f8036101dca7ee39e585\"},\"breadcrumb\":{\"@id\":\"https:\\\/\\\/quehacerpolitico.mx\\\/?p=107680#breadcrumb\"},\"inLanguage\":\"es\",\"potentialAction\":[{\"@type\":\"ReadAction\",\"target\":[\"https:\\\/\\\/quehacerpolitico.mx\\\/?p=107680\"]}]},{\"@type\":\"ImageObject\",\"inLanguage\":\"es\",\"@id\":\"https:\\\/\\\/quehacerpolitico.mx\\\/?p=107680#primaryimage\",\"url\":\"https:\\\/\\\/quehacerpolitico.mx\\\/wp-content\\\/uploads\\\/2024\\\/01\\\/IMG_3207.jpeg\",\"contentUrl\":\"https:\\\/\\\/quehacerpolitico.mx\\\/wp-content\\\/uploads\\\/2024\\\/01\\\/IMG_3207.jpeg\",\"width\":725,\"height\":423},{\"@type\":\"BreadcrumbList\",\"@id\":\"https:\\\/\\\/quehacerpolitico.mx\\\/?p=107680#breadcrumb\",\"itemListElement\":[{\"@type\":\"ListItem\",\"position\":1,\"name\":\"Inicio\",\"item\":\"https:\\\/\\\/quehacerpolitico.mx\\\/\"},{\"@type\":\"ListItem\",\"position\":2,\"name\":\"Proh\u00edben a los atletas que compitan en Par\u00eds 2024 expresar su opini\u00f3n en ceremonias, podio, competiciones y la Villa Ol\u00edmpica\"}]},{\"@type\":\"WebSite\",\"@id\":\"https:\\\/\\\/quehacerpolitico.mx\\\/#website\",\"url\":\"https:\\\/\\\/quehacerpolitico.mx\\\/\",\"name\":\"\",\"description\":\"\",\"potentialAction\":[{\"@type\":\"SearchAction\",\"target\":{\"@type\":\"EntryPoint\",\"urlTemplate\":\"https:\\\/\\\/quehacerpolitico.mx\\\/?s={search_term_string}\"},\"query-input\":{\"@type\":\"PropertyValueSpecification\",\"valueRequired\":true,\"valueName\":\"search_term_string\"}}],\"inLanguage\":\"es\"},{\"@type\":\"Person\",\"@id\":\"https:\\\/\\\/quehacerpolitico.mx\\\/#\\\/schema\\\/person\\\/496d8ad2d1d3f8036101dca7ee39e585\",\"name\":\"Redacci\u00f3n QP\",\"image\":{\"@type\":\"ImageObject\",\"inLanguage\":\"es\",\"@id\":\"https:\\\/\\\/secure.gravatar.com\\\/avatar\\\/c7164ed6fdec453195284ad24a5ae5b6e1eed2b848477fa2a4787ba9adf39a41?s=96&d=mm&r=g\",\"url\":\"https:\\\/\\\/secure.gravatar.com\\\/avatar\\\/c7164ed6fdec453195284ad24a5ae5b6e1eed2b848477fa2a4787ba9adf39a41?s=96&d=mm&r=g\",\"contentUrl\":\"https:\\\/\\\/secure.gravatar.com\\\/avatar\\\/c7164ed6fdec453195284ad24a5ae5b6e1eed2b848477fa2a4787ba9adf39a41?s=96&d=mm&r=g\",\"caption\":\"Redacci\u00f3n QP\"},\"url\":\"https:\\\/\\\/quehacerpolitico.mx\\\/?author=2\"}]}<\/script>\n<!-- \/ Yoast SEO plugin. -->","yoast_head_json":{"title":"Proh\u00edben a los atletas que compitan en Par\u00eds 2024 expresar su opini\u00f3n en ceremonias, podio, competiciones y la Villa Ol\u00edmpica -","robots":{"index":"index","follow":"follow","max-snippet":"max-snippet:-1","max-image-preview":"max-image-preview:large","max-video-preview":"max-video-preview:-1"},"canonical":"https:\/\/quehacerpolitico.mx\/?p=107680","og_locale":"es_MX","og_type":"article","og_title":"Proh\u00edben a los atletas que compitan en Par\u00eds 2024 expresar su opini\u00f3n en ceremonias, podio, competiciones y la Villa Ol\u00edmpica -","og_description":"Por Redacci\u00f3n QP El COI public\u00f3 las normas de comportamiento para los atletas de Par\u00eds...","og_url":"https:\/\/quehacerpolitico.mx\/?p=107680","article_published_time":"2024-01-18T16:45:47+00:00","article_modified_time":"2024-01-18T16:45:50+00:00","og_image":[{"width":725,"height":423,"url":"https:\/\/quehacerpolitico.mx\/wp-content\/uploads\/2024\/01\/IMG_3207.jpeg","type":"image\/jpeg"}],"author":"Redacci\u00f3n QP","twitter_card":"summary_large_image","twitter_misc":{"Escrito por":"Redacci\u00f3n QP","Tiempo de lectura":"2 minutos"},"schema":{"@context":"https:\/\/schema.org","@graph":[{"@type":"Article","@id":"https:\/\/quehacerpolitico.mx\/?p=107680#article","isPartOf":{"@id":"https:\/\/quehacerpolitico.mx\/?p=107680"},"author":{"name":"Redacci\u00f3n QP","@id":"https:\/\/quehacerpolitico.mx\/#\/schema\/person\/496d8ad2d1d3f8036101dca7ee39e585"},"headline":"Proh\u00edben a los atletas que compitan en Par\u00eds 2024 expresar su opini\u00f3n en ceremonias, podio, competiciones y la Villa Ol\u00edmpica","datePublished":"2024-01-18T16:45:47+00:00","dateModified":"2024-01-18T16:45:50+00:00","mainEntityOfPage":{"@id":"https:\/\/quehacerpolitico.mx\/?p=107680"},"wordCount":353,"commentCount":0,"image":{"@id":"https:\/\/quehacerpolitico.mx\/?p=107680#primaryimage"},"thumbnailUrl":"https:\/\/quehacerpolitico.mx\/wp-content\/uploads\/2024\/01\/IMG_3207.jpeg","articleSection":["Deportes"],"inLanguage":"es","potentialAction":[{"@type":"CommentAction","name":"Comment","target":["https:\/\/quehacerpolitico.mx\/?p=107680#respond"]}]},{"@type":"WebPage","@id":"https:\/\/quehacerpolitico.mx\/?p=107680","url":"https:\/\/quehacerpolitico.mx\/?p=107680","name":"Proh\u00edben a los atletas que compitan en Par\u00eds 2024 expresar su opini\u00f3n en ceremonias, podio, competiciones y la Villa Ol\u00edmpica -","isPartOf":{"@id":"https:\/\/quehacerpolitico.mx\/#website"},"primaryImageOfPage":{"@id":"https:\/\/quehacerpolitico.mx\/?p=107680#primaryimage"},"image":{"@id":"https:\/\/quehacerpolitico.mx\/?p=107680#primaryimage"},"thumbnailUrl":"https:\/\/quehacerpolitico.mx\/wp-content\/uploads\/2024\/01\/IMG_3207.jpeg","datePublished":"2024-01-18T16:45:47+00:00","dateModified":"2024-01-18T16:45:50+00:00","author":{"@id":"https:\/\/quehacerpolitico.mx\/#\/schema\/person\/496d8ad2d1d3f8036101dca7ee39e585"},"breadcrumb":{"@id":"https:\/\/quehacerpolitico.mx\/?p=107680#breadcrumb"},"inLanguage":"es","potentialAction":[{"@type":"ReadAction","target":["https:\/\/quehacerpolitico.mx\/?p=107680"]}]},{"@type":"ImageObject","inLanguage":"es","@id":"https:\/\/quehacerpolitico.mx\/?p=107680#primaryimage","url":"https:\/\/quehacerpolitico.mx\/wp-content\/uploads\/2024\/01\/IMG_3207.jpeg","contentUrl":"https:\/\/quehacerpolitico.mx\/wp-content\/uploads\/2024\/01\/IMG_3207.jpeg","width":725,"height":423},{"@type":"BreadcrumbList","@id":"https:\/\/quehacerpolitico.mx\/?p=107680#breadcrumb","itemListElement":[{"@type":"ListItem","position":1,"name":"Inicio","item":"https:\/\/quehacerpolitico.mx\/"},{"@type":"ListItem","position":2,"name":"Proh\u00edben a los atletas que compitan en Par\u00eds 2024 expresar su opini\u00f3n en ceremonias, podio, competiciones y la Villa Ol\u00edmpica"}]},{"@type":"WebSite","@id":"https:\/\/quehacerpolitico.mx\/#website","url":"https:\/\/quehacerpolitico.mx\/","name":"","description":"","potentialAction":[{"@type":"SearchAction","target":{"@type":"EntryPoint","urlTemplate":"https:\/\/quehacerpolitico.mx\/?s={search_term_string}"},"query-input":{"@type":"PropertyValueSpecification","valueRequired":true,"valueName":"search_term_string"}}],"inLanguage":"es"},{"@type":"Person","@id":"https:\/\/quehacerpolitico.mx\/#\/schema\/person\/496d8ad2d1d3f8036101dca7ee39e585","name":"Redacci\u00f3n QP","image":{"@type":"ImageObject","inLanguage":"es","@id":"https:\/\/secure.gravatar.com\/avatar\/c7164ed6fdec453195284ad24a5ae5b6e1eed2b848477fa2a4787ba9adf39a41?s=96&d=mm&r=g","url":"https:\/\/secure.gravatar.com\/avatar\/c7164ed6fdec453195284ad24a5ae5b6e1eed2b848477fa2a4787ba9adf39a41?s=96&d=mm&r=g","contentUrl":"https:\/\/secure.gravatar.com\/avatar\/c7164ed6fdec453195284ad24a5ae5b6e1eed2b848477fa2a4787ba9adf39a41?s=96&d=mm&r=g","caption":"Redacci\u00f3n QP"},"url":"https:\/\/quehacerpolitico.mx\/?author=2"}]}},"featured_image_urls":{"full":["https:\/\/quehacerpolitico.mx\/wp-content\/uploads\/2024\/01\/IMG_3207.jpeg",725,423,false],"thumbnail":["https:\/\/quehacerpolitico.mx\/wp-content\/uploads\/2024\/01\/IMG_3207-150x150.jpeg",150,150,true],"medium":["https:\/\/quehacerpolitico.mx\/wp-content\/uploads\/2024\/01\/IMG_3207-300x175.jpeg",300,175,true],"medium_large":["https:\/\/quehacerpolitico.mx\/wp-content\/uploads\/2024\/01\/IMG_3207.jpeg",640,373,false],"large":["https:\/\/quehacerpolitico.mx\/wp-content\/uploads\/2024\/01\/IMG_3207.jpeg",640,373,false],"1536x1536":["https:\/\/quehacerpolitico.mx\/wp-content\/uploads\/2024\/01\/IMG_3207.jpeg",725,423,false],"2048x2048":["https:\/\/quehacerpolitico.mx\/wp-content\/uploads\/2024\/01\/IMG_3207.jpeg",725,423,false],"covernews-featured":["https:\/\/quehacerpolitico.mx\/wp-content\/uploads\/2024\/01\/IMG_3207.jpeg",725,423,false],"covernews-medium":["https:\/\/quehacerpolitico.mx\/wp-content\/uploads\/2024\/01\/IMG_3207.jpeg",540,315,false]},"author_info":{"display_name":"Redacci\u00f3n QP","author_link":"https:\/\/quehacerpolitico.mx\/?author=2"},"category_info":"<a href=\"https:\/\/quehacerpolitico.mx\/?cat=54\" rel=\"category\">Deportes<\/a>","tag_info":"Deportes","comment_count":"0","_links":{"self":[{"href":"https:\/\/quehacerpolitico.mx\/index.php?rest_route=\/wp\/v2\/posts\/107680","targetHints":{"allow":["GET"]}}],"collection":[{"href":"https:\/\/quehacerpolitico.mx\/index.php?rest_route=\/wp\/v2\/posts"}],"about":[{"href":"https:\/\/quehacerpolitico.mx\/index.php?rest_route=\/wp\/v2\/types\/post"}],"author":[{"embeddable":true,"href":"https:\/\/quehacerpolitico.mx\/index.php?rest_route=\/wp\/v2\/users\/2"}],"replies":[{"embeddable":true,"href":"https:\/\/quehacerpolitico.mx\/index.php?rest_route=%2Fwp%2Fv2%2Fcomments&post=107680"}],"version-history":[{"count":1,"href":"https:\/\/quehacerpolitico.mx\/index.php?rest_route=\/wp\/v2\/posts\/107680\/revisions"}],"predecessor-version":[{"id":107682,"href":"https:\/\/quehacerpolitico.mx\/index.php?rest_route=\/wp\/v2\/posts\/107680\/revisions\/107682"}],"wp:featuredmedia":[{"embeddable":true,"href":"https:\/\/quehacerpolitico.mx\/index.php?rest_route=\/wp\/v2\/media\/107681"}],"wp:attachment":[{"href":"https:\/\/quehacerpolitico.mx\/index.php?rest_route=%2Fwp%2Fv2%2Fmedia&parent=107680"}],"wp:term":[{"taxonomy":"category","embeddable":true,"href":"https:\/\/quehacerpolitico.mx\/index.php?rest_route=%2Fwp%2Fv2%2Fcategories&post=107680"},{"taxonomy":"post_tag","embeddable":true,"href":"https:\/\/quehacerpolitico.mx\/index.php?rest_route=%2Fwp%2Fv2%2Ftags&post=107680"}],"curies":[{"name":"wp","href":"https:\/\/api.w.org\/{rel}","templated":true}]}}