{"id":107665,"date":"2024-01-17T17:05:55","date_gmt":"2024-01-17T17:05:55","guid":{"rendered":"https:\/\/quehacerpolitico.mx\/?p=107665"},"modified":"2024-01-17T17:05:58","modified_gmt":"2024-01-17T17:05:58","slug":"pueden-prepararme-una-emboscada-para-ofenderme-amlo-dice-que-sigue-sin-ir-a-colonias-afectadas-por-otis-para-evitar-ofensas","status":"publish","type":"post","link":"https:\/\/quehacerpolitico.mx\/?p=107665","title":{"rendered":"&#8220;Pueden prepararme una emboscada para ofenderme&#8221; AMLO dice que sigue sin ir a colonias afectadas por #Otis para evitar ofensas"},"content":{"rendered":"\n<p>Por Redacci\u00f3n QP<\/p>\n\n\n\n<p>El presidente L\u00f3pez Obrador dio sus razones para no visitar las zonas afectadas por el hurac\u00e1n Otis en Guerrero<\/p>\n\n\n\n<p><strong>Andres Manuel L\u00f3pez Obrador<\/strong>, presidente de M\u00e9xico, asever\u00f3 que no visita las zonas afectadas por el\u00a0hurac\u00e1n Otis en\u00a0<strong>Acapulco y Coyuca de Ben\u00edtez<\/strong>, en Guerrero, para que los \u201c<strong>conservadores corruptos<\/strong>\u201d no le tiendan una\u00a0<strong>emboscada<\/strong>\u00a0y lo ofendan.<\/p>\n\n\n\n<p>En la conferencia matutina de\u00a0<strong>Palacio Nacional<\/strong>,\u00a0<strong>L\u00f3pez Obrador<\/strong> detall\u00f3 que solo asiste a la\u00a0<strong>Base Naval<\/strong>\u00a0que se encuentra en el puerto de\u00a0<strong>Acapulco<\/strong>\u00a0debido a que en dicho lugar se encuentra el centro de coordinaci\u00f3n y mando para atender los da\u00f1os ocasionados por\u00a0<strong>Otis<\/strong>.<\/p>\n\n\n\n<figure class=\"wp-block-embed is-type-rich is-provider-twitter wp-block-embed-twitter\"><div class=\"wp-block-embed__wrapper\">\n<blockquote class=\"twitter-tweet\" data-width=\"550\" data-dnt=\"true\"><p lang=\"es\" dir=\"ltr\">&quot;Pueden prepararme una emboscada para ofenderme&quot; \ud83e\udd14<br><br>AMLO dice que sigue sin ir a colonias afectadas por <a href=\"https:\/\/twitter.com\/hashtag\/Otis?src=hash&amp;ref_src=twsrc%5Etfw\">#Otis<\/a> para evitar ofensas <a href=\"https:\/\/t.co\/hkByT8llaJ\">pic.twitter.com\/hkByT8llaJ<\/a><\/p>&mdash; Manuel Lopez San Martin (@MLopezSanMartin) <a href=\"https:\/\/twitter.com\/MLopezSanMartin\/status\/1747645847545041125?ref_src=twsrc%5Etfw\">January 17, 2024<\/a><\/blockquote><script async src=\"https:\/\/platform.twitter.com\/widgets.js\" charset=\"utf-8\"><\/script>\n<\/div><\/figure>\n\n\n\n<p>Acerca de que por qu\u00e9 voy a la Base Naval, es porque ah\u00ed tenemos el centro de coordinaci\u00f3n y mando, y voy a trabajar y para qu\u00e9 voy a ir a exponerme a una colonia si est\u00e1n molestos, molestos, molestos los conservadores corruptos y pueden prepararme una emboscada para ofenderme y que se convierta en una gran noticia nacional\u201d, dijo.<\/p>\n\n\n\n<p>\u201cVean lo de ayer, lo que comentaba hoy en la ma\u00f1ana: un accidente al colocar una trabe de una gr\u00faa que fall\u00f3, afortunadamente no hubo heridos, pero son accidente, estamos hablando de obras muy grandes\u201d, puntualiz\u00f3.<\/p>\n\n\n\n<p>\u201cSon accidentes se venci\u00f3 una gr\u00faa, qu\u00e9 bueno que se tuvo suerte y que nadie perdi\u00f3 la vida ni nadie sali\u00f3 herido. Ya basta, vamos a debatir con argumentos, sin odios\u201d, explic\u00f3 en el&nbsp;<strong>Sal\u00f3n Tesorer\u00eda<\/strong>.<\/p>\n\n\n\n<p><strong>Otis<\/strong>&nbsp;se ha consolidado como el segundo hurac\u00e1n de mayor impacto para las aseguradoras en&nbsp;<strong>M\u00e9xico<\/strong>, afirm\u00f3 la&nbsp;<strong>Asociaci\u00f3n Mexicana de Instituciones de Seguros<\/strong>&nbsp;(<strong>AMIS<\/strong>), que estim\u00f3 35 mil 468 millones de pesos (mil 940 millones de d\u00f3lares) en da\u00f1os en bienes asegurados.<\/p>\n\n\n\n<p>Las afectaciones de&nbsp;<strong>Otis<\/strong>&nbsp;est\u00e1n solo por debajo de los dos mil 402 millones de d\u00f3lares en bienes asegurados del hurac\u00e1n&nbsp;<strong>Wilma<\/strong>&nbsp;en octubre de 2005 y ya son casi el doble del tercero m\u00e1s devastador,&nbsp;<strong>Odile<\/strong>, con un costo de mil 292 millones de d\u00f3lares en septiembre de 2014, seg\u00fan detall\u00f3 la AMIS en un comunicado.<\/p>\n\n\n\n<p>\u201cOtis es hasta ahora el segundo hurac\u00e1n de mayor impacto en bienes asegurados. Tenemos una industria aseguradora que cuenta con tres veces el capital requerido por la regulaci\u00f3n mexicana en materia de solvencia, por lo que es fuerte y s\u00f3lida para responder\u201d, asegur\u00f3\u00a0<strong>Norma Alicia Rodr\u00edguez<\/strong>, directora general de la AMIS.<\/p>\n\n\n\n<p>Otis rompi\u00f3 el 25 de octubre pasado el r\u00e9cord de intensificaci\u00f3n para un cicl\u00f3n en M\u00e9xico por crecer de tormenta tropical a hurac\u00e1n categor\u00eda 5 en menos de 12 horas antes de tocar tierra en Guerrero, donde dej\u00f3 m\u00e1s de 50 muertos y 250 mil viviendas da\u00f1adas, seg\u00fan el Gobierno.<\/p>\n\n\n\n<p>En una visita del presidente L\u00f3pez Obrador a la zona afectada, la secretaria de Gobernaci\u00f3n (<strong>Segob<\/strong>),&nbsp;<strong>Luisa Mar\u00eda Alcalde<\/strong>, asegur\u00f3 que el Gobierno ha invertido ya 25 mil 689 millones de pesos (casi mil 500 millones de d\u00f3lares), de los 61 mil 313 millones de pesos (cerca de 3 mil 400 millones de d\u00f3lares) que hab\u00eda prometido para la recuperaci\u00f3n de Acapulco.<\/p>\n","protected":false},"excerpt":{"rendered":"<p>Por Redacci\u00f3n QP El presidente L\u00f3pez Obrador dio sus razones para no visitar las zonas&#8230;<\/p>\n","protected":false},"author":2,"featured_media":107666,"comment_status":"open","ping_status":"open","sticky":false,"template":"","format":"standard","meta":{"_monsterinsights_skip_tracking":false,"_monsterinsights_sitenote_active":false,"_monsterinsights_sitenote_note":"","_monsterinsights_sitenote_category":0,"footnotes":""},"categories":[2],"tags":[],"class_list":["post-107665","post","type-post","status-publish","format-standard","has-post-thumbnail","hentry","category-noticias"],"yoast_head":"<!-- This site is optimized with the Yoast SEO plugin v27.3 - https:\/\/yoast.com\/product\/yoast-seo-wordpress\/ -->\n<title>&quot;Pueden prepararme una emboscada para ofenderme&quot; AMLO dice que sigue sin ir a colonias afectadas por #Otis para evitar ofensas -<\/title>\n<meta name=\"robots\" content=\"index, follow, max-snippet:-1, max-image-preview:large, max-video-preview:-1\" \/>\n<link rel=\"canonical\" href=\"https:\/\/quehacerpolitico.mx\/?p=107665\" \/>\n<meta property=\"og:locale\" content=\"es_MX\" \/>\n<meta property=\"og:type\" content=\"article\" \/>\n<meta property=\"og:title\" content=\"&quot;Pueden prepararme una emboscada para ofenderme&quot; AMLO dice que sigue sin ir a colonias afectadas por #Otis para evitar ofensas -\" \/>\n<meta property=\"og:description\" content=\"Por Redacci\u00f3n QP El presidente L\u00f3pez Obrador dio sus razones para no visitar las zonas...\" \/>\n<meta property=\"og:url\" content=\"https:\/\/quehacerpolitico.mx\/?p=107665\" \/>\n<meta property=\"article:published_time\" content=\"2024-01-17T17:05:55+00:00\" \/>\n<meta property=\"article:modified_time\" content=\"2024-01-17T17:05:58+00:00\" \/>\n<meta property=\"og:image\" content=\"https:\/\/quehacerpolitico.mx\/wp-content\/uploads\/2024\/01\/IMG_3191.jpeg\" \/>\n\t<meta property=\"og:image:width\" content=\"1284\" \/>\n\t<meta property=\"og:image:height\" content=\"715\" \/>\n\t<meta property=\"og:image:type\" content=\"image\/jpeg\" \/>\n<meta name=\"author\" content=\"Redacci\u00f3n QP\" \/>\n<meta name=\"twitter:card\" content=\"summary_large_image\" \/>\n<meta name=\"twitter:label1\" content=\"Escrito por\" \/>\n\t<meta name=\"twitter:data1\" content=\"Redacci\u00f3n QP\" \/>\n\t<meta name=\"twitter:label2\" content=\"Tiempo de lectura\" \/>\n\t<meta name=\"twitter:data2\" content=\"3 minutos\" \/>\n<script type=\"application\/ld+json\" class=\"yoast-schema-graph\">{\"@context\":\"https:\\\/\\\/schema.org\",\"@graph\":[{\"@type\":\"Article\",\"@id\":\"https:\\\/\\\/quehacerpolitico.mx\\\/?p=107665#article\",\"isPartOf\":{\"@id\":\"https:\\\/\\\/quehacerpolitico.mx\\\/?p=107665\"},\"author\":{\"name\":\"Redacci\u00f3n QP\",\"@id\":\"https:\\\/\\\/quehacerpolitico.mx\\\/#\\\/schema\\\/person\\\/496d8ad2d1d3f8036101dca7ee39e585\"},\"headline\":\"&#8220;Pueden prepararme una emboscada para ofenderme&#8221; AMLO dice que sigue sin ir a colonias afectadas por #Otis para evitar ofensas\",\"datePublished\":\"2024-01-17T17:05:55+00:00\",\"dateModified\":\"2024-01-17T17:05:58+00:00\",\"mainEntityOfPage\":{\"@id\":\"https:\\\/\\\/quehacerpolitico.mx\\\/?p=107665\"},\"wordCount\":573,\"commentCount\":0,\"image\":{\"@id\":\"https:\\\/\\\/quehacerpolitico.mx\\\/?p=107665#primaryimage\"},\"thumbnailUrl\":\"https:\\\/\\\/quehacerpolitico.mx\\\/wp-content\\\/uploads\\\/2024\\\/01\\\/IMG_3191.jpeg\",\"articleSection\":[\"Noticias\"],\"inLanguage\":\"es\",\"potentialAction\":[{\"@type\":\"CommentAction\",\"name\":\"Comment\",\"target\":[\"https:\\\/\\\/quehacerpolitico.mx\\\/?p=107665#respond\"]}]},{\"@type\":\"WebPage\",\"@id\":\"https:\\\/\\\/quehacerpolitico.mx\\\/?p=107665\",\"url\":\"https:\\\/\\\/quehacerpolitico.mx\\\/?p=107665\",\"name\":\"\\\"Pueden prepararme una emboscada para ofenderme\\\" AMLO dice que sigue sin ir a colonias afectadas por #Otis para evitar ofensas -\",\"isPartOf\":{\"@id\":\"https:\\\/\\\/quehacerpolitico.mx\\\/#website\"},\"primaryImageOfPage\":{\"@id\":\"https:\\\/\\\/quehacerpolitico.mx\\\/?p=107665#primaryimage\"},\"image\":{\"@id\":\"https:\\\/\\\/quehacerpolitico.mx\\\/?p=107665#primaryimage\"},\"thumbnailUrl\":\"https:\\\/\\\/quehacerpolitico.mx\\\/wp-content\\\/uploads\\\/2024\\\/01\\\/IMG_3191.jpeg\",\"datePublished\":\"2024-01-17T17:05:55+00:00\",\"dateModified\":\"2024-01-17T17:05:58+00:00\",\"author\":{\"@id\":\"https:\\\/\\\/quehacerpolitico.mx\\\/#\\\/schema\\\/person\\\/496d8ad2d1d3f8036101dca7ee39e585\"},\"breadcrumb\":{\"@id\":\"https:\\\/\\\/quehacerpolitico.mx\\\/?p=107665#breadcrumb\"},\"inLanguage\":\"es\",\"potentialAction\":[{\"@type\":\"ReadAction\",\"target\":[\"https:\\\/\\\/quehacerpolitico.mx\\\/?p=107665\"]}]},{\"@type\":\"ImageObject\",\"inLanguage\":\"es\",\"@id\":\"https:\\\/\\\/quehacerpolitico.mx\\\/?p=107665#primaryimage\",\"url\":\"https:\\\/\\\/quehacerpolitico.mx\\\/wp-content\\\/uploads\\\/2024\\\/01\\\/IMG_3191.jpeg\",\"contentUrl\":\"https:\\\/\\\/quehacerpolitico.mx\\\/wp-content\\\/uploads\\\/2024\\\/01\\\/IMG_3191.jpeg\",\"width\":1284,\"height\":715},{\"@type\":\"BreadcrumbList\",\"@id\":\"https:\\\/\\\/quehacerpolitico.mx\\\/?p=107665#breadcrumb\",\"itemListElement\":[{\"@type\":\"ListItem\",\"position\":1,\"name\":\"Inicio\",\"item\":\"https:\\\/\\\/quehacerpolitico.mx\\\/\"},{\"@type\":\"ListItem\",\"position\":2,\"name\":\"&#8220;Pueden prepararme una emboscada para ofenderme&#8221; AMLO dice que sigue sin ir a colonias afectadas por #Otis para evitar ofensas\"}]},{\"@type\":\"WebSite\",\"@id\":\"https:\\\/\\\/quehacerpolitico.mx\\\/#website\",\"url\":\"https:\\\/\\\/quehacerpolitico.mx\\\/\",\"name\":\"\",\"description\":\"\",\"potentialAction\":[{\"@type\":\"SearchAction\",\"target\":{\"@type\":\"EntryPoint\",\"urlTemplate\":\"https:\\\/\\\/quehacerpolitico.mx\\\/?s={search_term_string}\"},\"query-input\":{\"@type\":\"PropertyValueSpecification\",\"valueRequired\":true,\"valueName\":\"search_term_string\"}}],\"inLanguage\":\"es\"},{\"@type\":\"Person\",\"@id\":\"https:\\\/\\\/quehacerpolitico.mx\\\/#\\\/schema\\\/person\\\/496d8ad2d1d3f8036101dca7ee39e585\",\"name\":\"Redacci\u00f3n QP\",\"image\":{\"@type\":\"ImageObject\",\"inLanguage\":\"es\",\"@id\":\"https:\\\/\\\/secure.gravatar.com\\\/avatar\\\/c7164ed6fdec453195284ad24a5ae5b6e1eed2b848477fa2a4787ba9adf39a41?s=96&d=mm&r=g\",\"url\":\"https:\\\/\\\/secure.gravatar.com\\\/avatar\\\/c7164ed6fdec453195284ad24a5ae5b6e1eed2b848477fa2a4787ba9adf39a41?s=96&d=mm&r=g\",\"contentUrl\":\"https:\\\/\\\/secure.gravatar.com\\\/avatar\\\/c7164ed6fdec453195284ad24a5ae5b6e1eed2b848477fa2a4787ba9adf39a41?s=96&d=mm&r=g\",\"caption\":\"Redacci\u00f3n QP\"},\"url\":\"https:\\\/\\\/quehacerpolitico.mx\\\/?author=2\"}]}<\/script>\n<!-- \/ Yoast SEO plugin. -->","yoast_head_json":{"title":"\"Pueden prepararme una emboscada para ofenderme\" AMLO dice que sigue sin ir a colonias afectadas por #Otis para evitar ofensas -","robots":{"index":"index","follow":"follow","max-snippet":"max-snippet:-1","max-image-preview":"max-image-preview:large","max-video-preview":"max-video-preview:-1"},"canonical":"https:\/\/quehacerpolitico.mx\/?p=107665","og_locale":"es_MX","og_type":"article","og_title":"\"Pueden prepararme una emboscada para ofenderme\" AMLO dice que sigue sin ir a colonias afectadas por #Otis para evitar ofensas -","og_description":"Por Redacci\u00f3n QP El presidente L\u00f3pez Obrador dio sus razones para no visitar las zonas...","og_url":"https:\/\/quehacerpolitico.mx\/?p=107665","article_published_time":"2024-01-17T17:05:55+00:00","article_modified_time":"2024-01-17T17:05:58+00:00","og_image":[{"width":1284,"height":715,"url":"https:\/\/quehacerpolitico.mx\/wp-content\/uploads\/2024\/01\/IMG_3191.jpeg","type":"image\/jpeg"}],"author":"Redacci\u00f3n QP","twitter_card":"summary_large_image","twitter_misc":{"Escrito por":"Redacci\u00f3n QP","Tiempo de lectura":"3 minutos"},"schema":{"@context":"https:\/\/schema.org","@graph":[{"@type":"Article","@id":"https:\/\/quehacerpolitico.mx\/?p=107665#article","isPartOf":{"@id":"https:\/\/quehacerpolitico.mx\/?p=107665"},"author":{"name":"Redacci\u00f3n QP","@id":"https:\/\/quehacerpolitico.mx\/#\/schema\/person\/496d8ad2d1d3f8036101dca7ee39e585"},"headline":"&#8220;Pueden prepararme una emboscada para ofenderme&#8221; AMLO dice que sigue sin ir a colonias afectadas por #Otis para evitar ofensas","datePublished":"2024-01-17T17:05:55+00:00","dateModified":"2024-01-17T17:05:58+00:00","mainEntityOfPage":{"@id":"https:\/\/quehacerpolitico.mx\/?p=107665"},"wordCount":573,"commentCount":0,"image":{"@id":"https:\/\/quehacerpolitico.mx\/?p=107665#primaryimage"},"thumbnailUrl":"https:\/\/quehacerpolitico.mx\/wp-content\/uploads\/2024\/01\/IMG_3191.jpeg","articleSection":["Noticias"],"inLanguage":"es","potentialAction":[{"@type":"CommentAction","name":"Comment","target":["https:\/\/quehacerpolitico.mx\/?p=107665#respond"]}]},{"@type":"WebPage","@id":"https:\/\/quehacerpolitico.mx\/?p=107665","url":"https:\/\/quehacerpolitico.mx\/?p=107665","name":"\"Pueden prepararme una emboscada para ofenderme\" AMLO dice que sigue sin ir a colonias afectadas por #Otis para evitar ofensas -","isPartOf":{"@id":"https:\/\/quehacerpolitico.mx\/#website"},"primaryImageOfPage":{"@id":"https:\/\/quehacerpolitico.mx\/?p=107665#primaryimage"},"image":{"@id":"https:\/\/quehacerpolitico.mx\/?p=107665#primaryimage"},"thumbnailUrl":"https:\/\/quehacerpolitico.mx\/wp-content\/uploads\/2024\/01\/IMG_3191.jpeg","datePublished":"2024-01-17T17:05:55+00:00","dateModified":"2024-01-17T17:05:58+00:00","author":{"@id":"https:\/\/quehacerpolitico.mx\/#\/schema\/person\/496d8ad2d1d3f8036101dca7ee39e585"},"breadcrumb":{"@id":"https:\/\/quehacerpolitico.mx\/?p=107665#breadcrumb"},"inLanguage":"es","potentialAction":[{"@type":"ReadAction","target":["https:\/\/quehacerpolitico.mx\/?p=107665"]}]},{"@type":"ImageObject","inLanguage":"es","@id":"https:\/\/quehacerpolitico.mx\/?p=107665#primaryimage","url":"https:\/\/quehacerpolitico.mx\/wp-content\/uploads\/2024\/01\/IMG_3191.jpeg","contentUrl":"https:\/\/quehacerpolitico.mx\/wp-content\/uploads\/2024\/01\/IMG_3191.jpeg","width":1284,"height":715},{"@type":"BreadcrumbList","@id":"https:\/\/quehacerpolitico.mx\/?p=107665#breadcrumb","itemListElement":[{"@type":"ListItem","position":1,"name":"Inicio","item":"https:\/\/quehacerpolitico.mx\/"},{"@type":"ListItem","position":2,"name":"&#8220;Pueden prepararme una emboscada para ofenderme&#8221; AMLO dice que sigue sin ir a colonias afectadas por #Otis para evitar ofensas"}]},{"@type":"WebSite","@id":"https:\/\/quehacerpolitico.mx\/#website","url":"https:\/\/quehacerpolitico.mx\/","name":"","description":"","potentialAction":[{"@type":"SearchAction","target":{"@type":"EntryPoint","urlTemplate":"https:\/\/quehacerpolitico.mx\/?s={search_term_string}"},"query-input":{"@type":"PropertyValueSpecification","valueRequired":true,"valueName":"search_term_string"}}],"inLanguage":"es"},{"@type":"Person","@id":"https:\/\/quehacerpolitico.mx\/#\/schema\/person\/496d8ad2d1d3f8036101dca7ee39e585","name":"Redacci\u00f3n QP","image":{"@type":"ImageObject","inLanguage":"es","@id":"https:\/\/secure.gravatar.com\/avatar\/c7164ed6fdec453195284ad24a5ae5b6e1eed2b848477fa2a4787ba9adf39a41?s=96&d=mm&r=g","url":"https:\/\/secure.gravatar.com\/avatar\/c7164ed6fdec453195284ad24a5ae5b6e1eed2b848477fa2a4787ba9adf39a41?s=96&d=mm&r=g","contentUrl":"https:\/\/secure.gravatar.com\/avatar\/c7164ed6fdec453195284ad24a5ae5b6e1eed2b848477fa2a4787ba9adf39a41?s=96&d=mm&r=g","caption":"Redacci\u00f3n QP"},"url":"https:\/\/quehacerpolitico.mx\/?author=2"}]}},"featured_image_urls":{"full":["https:\/\/quehacerpolitico.mx\/wp-content\/uploads\/2024\/01\/IMG_3191.jpeg",1284,715,false],"thumbnail":["https:\/\/quehacerpolitico.mx\/wp-content\/uploads\/2024\/01\/IMG_3191-150x150.jpeg",150,150,true],"medium":["https:\/\/quehacerpolitico.mx\/wp-content\/uploads\/2024\/01\/IMG_3191-300x167.jpeg",300,167,true],"medium_large":["https:\/\/quehacerpolitico.mx\/wp-content\/uploads\/2024\/01\/IMG_3191-768x428.jpeg",640,357,true],"large":["https:\/\/quehacerpolitico.mx\/wp-content\/uploads\/2024\/01\/IMG_3191-1024x570.jpeg",640,356,true],"1536x1536":["https:\/\/quehacerpolitico.mx\/wp-content\/uploads\/2024\/01\/IMG_3191.jpeg",1284,715,false],"2048x2048":["https:\/\/quehacerpolitico.mx\/wp-content\/uploads\/2024\/01\/IMG_3191.jpeg",1284,715,false],"covernews-featured":["https:\/\/quehacerpolitico.mx\/wp-content\/uploads\/2024\/01\/IMG_3191.jpeg",1024,570,false],"covernews-medium":["https:\/\/quehacerpolitico.mx\/wp-content\/uploads\/2024\/01\/IMG_3191.jpeg",540,301,false]},"author_info":{"display_name":"Redacci\u00f3n QP","author_link":"https:\/\/quehacerpolitico.mx\/?author=2"},"category_info":"<a href=\"https:\/\/quehacerpolitico.mx\/?cat=2\" rel=\"category\">Noticias<\/a>","tag_info":"Noticias","comment_count":"0","_links":{"self":[{"href":"https:\/\/quehacerpolitico.mx\/index.php?rest_route=\/wp\/v2\/posts\/107665","targetHints":{"allow":["GET"]}}],"collection":[{"href":"https:\/\/quehacerpolitico.mx\/index.php?rest_route=\/wp\/v2\/posts"}],"about":[{"href":"https:\/\/quehacerpolitico.mx\/index.php?rest_route=\/wp\/v2\/types\/post"}],"author":[{"embeddable":true,"href":"https:\/\/quehacerpolitico.mx\/index.php?rest_route=\/wp\/v2\/users\/2"}],"replies":[{"embeddable":true,"href":"https:\/\/quehacerpolitico.mx\/index.php?rest_route=%2Fwp%2Fv2%2Fcomments&post=107665"}],"version-history":[{"count":1,"href":"https:\/\/quehacerpolitico.mx\/index.php?rest_route=\/wp\/v2\/posts\/107665\/revisions"}],"predecessor-version":[{"id":107667,"href":"https:\/\/quehacerpolitico.mx\/index.php?rest_route=\/wp\/v2\/posts\/107665\/revisions\/107667"}],"wp:featuredmedia":[{"embeddable":true,"href":"https:\/\/quehacerpolitico.mx\/index.php?rest_route=\/wp\/v2\/media\/107666"}],"wp:attachment":[{"href":"https:\/\/quehacerpolitico.mx\/index.php?rest_route=%2Fwp%2Fv2%2Fmedia&parent=107665"}],"wp:term":[{"taxonomy":"category","embeddable":true,"href":"https:\/\/quehacerpolitico.mx\/index.php?rest_route=%2Fwp%2Fv2%2Fcategories&post=107665"},{"taxonomy":"post_tag","embeddable":true,"href":"https:\/\/quehacerpolitico.mx\/index.php?rest_route=%2Fwp%2Fv2%2Ftags&post=107665"}],"curies":[{"name":"wp","href":"https:\/\/api.w.org\/{rel}","templated":true}]}}