{"id":107625,"date":"2024-01-16T15:53:26","date_gmt":"2024-01-16T15:53:26","guid":{"rendered":"https:\/\/quehacerpolitico.mx\/?p=107625"},"modified":"2024-01-16T15:53:30","modified_gmt":"2024-01-16T15:53:30","slug":"internacionales-carolina-alonso-romei-bajas-temperaturas-afectan-a-gran-parte-del-territorio-de-estados-unidos","status":"publish","type":"post","link":"https:\/\/quehacerpolitico.mx\/?p=107625","title":{"rendered":"Internacionales\/\/\/Carolina Alonso Romei\/\/\/Bajas temperaturas afectan a gran parte del territorio de Estados Unidos"},"content":{"rendered":"\n<p>Por Carolina Alonso Romei<\/p>\n\n\n\n<p>Internacionalista <\/p>\n\n\n\n<p>Cerca de 150 millones de habitantes sufren los estragos por las tormentas invernales<\/p>\n\n\n\n<p>Temperaturas brutalmente bajas y peligrosos vientos helados segu\u00edan azotando gran parte de Estados Unidos (EU) ayer, lo que&nbsp;provoc\u00f3 afectaciones a los viajes y puso a prueba la determinaci\u00f3n de los aficionados de la&nbsp;NFL&nbsp;en&nbsp;Buffalo&nbsp;para un partido de&nbsp;Playoffs&nbsp;que tuvo que postergarse debido a una tormenta de nieve.<\/p>\n\n\n\n<p><strong>Alrededor de 150 millones de estadounidenses se encontraban bajo alerta de vientos helados, o de fr\u00edo y vientos peligrosos<\/strong>, dijo Zack Taylor, meteor\u00f3logo del Servicio Meteorol\u00f3gico Nacional en College Park, Maryland, mientras una masa de aire \u00e1rtico se extend\u00eda hacia el Sur y el Este de Estados Unidos.<\/p>\n\n\n\n<p>El domingo por la ma\u00f1ana se registraron temperaturas que oscilaron desde los -6.7 grados Celsius hasta los -40 grados Celsius en el Norte y Noreste de Montana. En la localidad de Saco, Montana, se registr\u00f3 una temperatura de -46 grados Celsius. Las temperaturas bajo cero tambi\u00e9n azotaron al Sur del pa\u00eds, llegando a lugares como Kansas, Missouri, Illinois y partes de Indiana, dijo Taylor.<\/p>\n\n\n\n<figure class=\"wp-block-embed is-type-video is-provider-youtube wp-block-embed-youtube wp-embed-aspect-16-9 wp-has-aspect-ratio\"><div class=\"wp-block-embed__wrapper\">\n<iframe loading=\"lazy\" title=\"ESTADOS UNIDOS | Explosi\u00f3n \u00e1rtica genera tormentas, nieve y temperatura bajo cero | EL PA\u00cdS\" width=\"640\" height=\"360\" src=\"https:\/\/www.youtube.com\/embed\/eK2oADPSvEI?feature=oembed\" frameborder=\"0\" allow=\"accelerometer; autoplay; clipboard-write; encrypted-media; gyroscope; picture-in-picture; web-share\" referrerpolicy=\"strict-origin-when-cross-origin\" allowfullscreen><\/iframe>\n<\/div><\/figure>\n\n\n\n<p>Unos 114 mil hogares y negocios en Estados Unidos estaban sin luz ayer, la mayor parte de ellos en&nbsp;Oregon, despu\u00e9s de los extensos apagones que comenzaron el s\u00e1bado.&nbsp;<strong>Portland General Electric advirti\u00f3 la amenaza de una tormenta de hielo y hoy podr\u00edan retrasar las labores para restaurar el servicio.<\/strong><\/p>\n\n\n\n<p>Las clases para hoy quedaron suspendidas en ciudades como\u00a0Chicago,\u00a0Denver, Dallas y\u00a0FortWorth.<\/p>\n\n\n\n<p><strong>A la tormenta se le atribuyeron al menos cuatro decesos durante el fin de semana en las inmediaciones de Portland, incluidas dos personas que aparentemente habr\u00edan fallecido por hipotermia.<\/strong>&nbsp;Otra persona muri\u00f3 luego que un \u00e1rbol cay\u00f3 sobre su casa y una mujer perdi\u00f3 la vida en un incendio que se propag\u00f3 desde una estufa a fuego abierto luego de que un \u00e1rbol cay\u00f3 sobre una casa rodante.<\/p>\n\n\n\n<p>En Utah, donde cayeron casi 1.2 metros de nieve en las monta\u00f1as durante un periodo de 24 horas, una persona a bordo de una motonieve muri\u00f3 la noche del domingo despu\u00e9s de chocar con un tr\u00e1iler a unos 113 kil\u00f3metros al Sureste de Salt Lake City, seg\u00fan la Patrulla de Caminos de Utah. La v\u00edctima intentaba atravesar la autopista federal 40.<\/p>\n\n\n\n<figure class=\"wp-block-embed is-type-video is-provider-youtube wp-block-embed-youtube wp-embed-aspect-16-9 wp-has-aspect-ratio\"><div class=\"wp-block-embed__wrapper\">\n<iframe loading=\"lazy\" title=\"Con temperaturas de -40 grados, Estados Unidos se congela\" width=\"640\" height=\"360\" src=\"https:\/\/www.youtube.com\/embed\/yfXDtIBByLo?feature=oembed\" frameborder=\"0\" allow=\"accelerometer; autoplay; clipboard-write; encrypted-media; gyroscope; picture-in-picture; web-share\" referrerpolicy=\"strict-origin-when-cross-origin\" allowfullscreen><\/iframe>\n<\/div><\/figure>\n\n\n\n<p>En Wyoming, un esquiador a campo traviesa muri\u00f3 luego de desatar una avalancha de 15 metros de ancho. La v\u00edctima fue arrastrada hacia un barranco a trav\u00e9s de matorrales y \u00e1rboles, y luego permaneci\u00f3 enterrada por unos 15 minutos antes de ser localizada por un compa\u00f1ero en las monta\u00f1as al Sur de Alpine la tarde del domingo, seg\u00fan el Centro de Avalanchas Bridger-Teton.<\/p>\n\n\n\n<h4 class=\"wp-block-heading\"><strong>En M\u00e9xico tambi\u00e9n baja la temperatura<\/strong><\/h4>\n\n\n\n<p>El Servicio Meteorol\u00f3gico Nacional (SMN) advirti\u00f3 ayer de la entrada de aire \u00e1rtico, con posible ca\u00edda de nieve y temperaturas m\u00ednimas de hasta -10 grados en el Norte del pa\u00eds.<\/p>\n\n\n\n<p>El organismo pronostic\u00f3 temperaturas m\u00ednimas de -10 a -5 grados y heladas en las sierras de Chihuahua, Coahuila, Durango y Sonora.<\/p>\n\n\n\n<p>Tambi\u00e9n estim\u00f3 un ambiente de \u201cfr\u00edo a muy fr\u00edo\u201d con temperaturas m\u00ednimas de -5 a 0 grados y heladas en Baja California, Estado de M\u00e9xico, Hidalgo, Nuevo Le\u00f3n, Puebla, San Luis Potos\u00ed, Tamaulipas, Tlaxcala, Veracruz y Zacatecas.<\/p>\n\n\n\n<p>Y prev\u00e9 de 0 a 5 grados en las monta\u00f1as de Aguascalientes, Baja California Sur, Ciudad de M\u00e9xico, Guanajuato, Jalisco, Michoac\u00e1n, Morelos, Oaxaca y Sinaloa.<\/p>\n\n\n\n<p>El clima, agreg\u00f3 el pron\u00f3stico, podr\u00eda traer ca\u00edda de nieve, aguanieve o lluvia engelante en zonas de Coahuila, Nuevo Le\u00f3n y Tamaulipas.<\/p>\n\n\n\n<p>Agencias<\/p>\n\n\n\n<h4 class=\"wp-block-heading\"><strong>Alerta por posible crisis de energ\u00eda&nbsp;<\/strong><\/h4>\n\n\n\n<p>El Presidente Andr\u00e9s Manuel L\u00f3pez Obrador admiti\u00f3 que existe una \u201ccierta emergencia\u201d energ\u00e9tica por el fr\u00edo en Estados Unidos, donde la onda g\u00e9lida podr\u00eda interrumpir el suministro de gas que usan las plantas el\u00e9ctricas de M\u00e9xico.<\/p>\n\n\n\n<p>\u201cAhora estamos en una situaci\u00f3n tambi\u00e9n de cierta emergencia, pero actuando de manera preventiva, por los problemas de las tormentas invernales en Estados Unidos, que afectan sobre todo la producci\u00f3n y la distribuci\u00f3n del gas, y la energ\u00eda el\u00e9ctrica se produce en plantas que requieren gas\u201d, expuso.<\/p>\n\n\n\n<p>\u201cYa estamos actuando para que el consumidor no padezca, que no haya apagones y que no aumente el precio de la luz, es algo parecido, no igual de intenso, y adem\u00e1s ojal\u00e1 y no se agrave, a lo que sucedi\u00f3 hace como dos a\u00f1os de fuertes nevadas en Texas, que ellos tardaron sin luz como un mes, sufriendo\u201d, apunt\u00f3.<\/p>\n\n\n\n<p><strong>El Presidente afirm\u00f3 que su Gobierno resolvi\u00f3 el problema &#8220;en una semana&#8221; porque intervino la Comisi\u00f3n Federal de Electricidad.<\/strong><\/p>\n\n\n\n<p>Agencias<\/p>\n\n\n\n<h4 class=\"wp-block-heading\"><strong>Tel\u00f3n de fondo<br>En 2021 M\u00e9xico sufri\u00f3 por falta de gas&nbsp;<\/strong><\/h4>\n\n\n\n<p>El 15 de febrero de 2021 se desconectaron centrales el\u00e9ctricas del Norte y Noreste del pa\u00eds, inform\u00f3 el Centro Nacional de Control de Energ\u00eda (Cenace) a consecuencia de una tormenta invernal en Texas, lo que provoc\u00f3 que una parte de la regi\u00f3n Norte y Noroeste del pa\u00eds se quedar\u00e1 sin energ\u00eda.<\/p>\n\n\n\n<p>En aquella ocasi\u00f3n, la falta de gas natural que proven\u00eda de la red de distribuci\u00f3n que se origina en&nbsp;Texas&nbsp;se paraliz\u00f3 por las bajas temperaturas que congelaron los ductos.&nbsp;<strong>La crisis por falta de energ\u00eda dur\u00f3 tres d\u00edas.&nbsp;<\/strong><\/p>\n\n\n\n<p>Este a\u00f1o el presidente de la Concamin, Jos\u00e9 Abugaber, explic\u00f3 ayer que: \u201cDerivado del fr\u00edo y las heladas en Estados Unidos no se prev\u00e9n afectaciones a las importaciones de gas, porque se han reforzado los sistemas en Estados Unidos para evitar que los fr\u00edos afecten las instalaciones\u201d.<\/p>\n\n\n\n<p>\u201cEn M\u00e9xico se emiti\u00f3 una alerta, pero \u00e9sta solo fue para estar prevenidos, pero lo cierto es que no habr\u00e1 afectaciones. Adem\u00e1s, la regi\u00f3n que exporta gas a nuestro pa\u00eds es la menos afectada. En resumen, no se prev\u00e9n problemas en las importaciones de gas a nuestro pa\u00eds\u201d.<\/p>\n\n\n\n<p>Agencias<\/p>\n","protected":false},"excerpt":{"rendered":"<p>Por Carolina Alonso Romei Internacionalista Cerca de 150 millones de habitantes sufren los estragos por&#8230;<\/p>\n","protected":false},"author":2,"featured_media":107626,"comment_status":"open","ping_status":"open","sticky":false,"template":"","format":"standard","meta":{"_monsterinsights_skip_tracking":false,"_monsterinsights_sitenote_active":false,"_monsterinsights_sitenote_note":"","_monsterinsights_sitenote_category":0,"footnotes":""},"categories":[1],"tags":[],"class_list":["post-107625","post","type-post","status-publish","format-standard","has-post-thumbnail","hentry","category-sin-categoria"],"yoast_head":"<!-- This site is optimized with the Yoast SEO plugin v27.3 - https:\/\/yoast.com\/product\/yoast-seo-wordpress\/ -->\n<title>Internacionales\/\/\/Carolina Alonso Romei\/\/\/Bajas temperaturas afectan a gran parte del territorio de Estados Unidos -<\/title>\n<meta name=\"robots\" content=\"index, follow, max-snippet:-1, max-image-preview:large, max-video-preview:-1\" \/>\n<link rel=\"canonical\" href=\"https:\/\/quehacerpolitico.mx\/?p=107625\" \/>\n<meta property=\"og:locale\" content=\"es_MX\" \/>\n<meta property=\"og:type\" content=\"article\" \/>\n<meta property=\"og:title\" content=\"Internacionales\/\/\/Carolina Alonso Romei\/\/\/Bajas temperaturas afectan a gran parte del territorio de Estados Unidos -\" \/>\n<meta property=\"og:description\" content=\"Por Carolina Alonso Romei Internacionalista Cerca de 150 millones de habitantes sufren los estragos por...\" \/>\n<meta property=\"og:url\" content=\"https:\/\/quehacerpolitico.mx\/?p=107625\" \/>\n<meta property=\"article:published_time\" content=\"2024-01-16T15:53:26+00:00\" \/>\n<meta property=\"article:modified_time\" content=\"2024-01-16T15:53:30+00:00\" \/>\n<meta property=\"og:image\" content=\"https:\/\/quehacerpolitico.mx\/wp-content\/uploads\/2024\/01\/IMG_3167.jpeg\" \/>\n\t<meta property=\"og:image:width\" content=\"712\" \/>\n\t<meta property=\"og:image:height\" content=\"431\" \/>\n\t<meta property=\"og:image:type\" content=\"image\/jpeg\" \/>\n<meta name=\"author\" content=\"Redacci\u00f3n QP\" \/>\n<meta name=\"twitter:card\" content=\"summary_large_image\" \/>\n<meta name=\"twitter:label1\" content=\"Escrito por\" \/>\n\t<meta name=\"twitter:data1\" content=\"Redacci\u00f3n QP\" \/>\n\t<meta name=\"twitter:label2\" content=\"Tiempo de lectura\" \/>\n\t<meta name=\"twitter:data2\" content=\"5 minutos\" \/>\n<script type=\"application\/ld+json\" class=\"yoast-schema-graph\">{\"@context\":\"https:\\\/\\\/schema.org\",\"@graph\":[{\"@type\":\"Article\",\"@id\":\"https:\\\/\\\/quehacerpolitico.mx\\\/?p=107625#article\",\"isPartOf\":{\"@id\":\"https:\\\/\\\/quehacerpolitico.mx\\\/?p=107625\"},\"author\":{\"name\":\"Redacci\u00f3n QP\",\"@id\":\"https:\\\/\\\/quehacerpolitico.mx\\\/#\\\/schema\\\/person\\\/496d8ad2d1d3f8036101dca7ee39e585\"},\"headline\":\"Internacionales\\\/\\\/\\\/Carolina Alonso Romei\\\/\\\/\\\/Bajas temperaturas afectan a gran parte del territorio de Estados Unidos\",\"datePublished\":\"2024-01-16T15:53:26+00:00\",\"dateModified\":\"2024-01-16T15:53:30+00:00\",\"mainEntityOfPage\":{\"@id\":\"https:\\\/\\\/quehacerpolitico.mx\\\/?p=107625\"},\"wordCount\":1060,\"commentCount\":0,\"image\":{\"@id\":\"https:\\\/\\\/quehacerpolitico.mx\\\/?p=107625#primaryimage\"},\"thumbnailUrl\":\"https:\\\/\\\/quehacerpolitico.mx\\\/wp-content\\\/uploads\\\/2024\\\/01\\\/IMG_3167.jpeg\",\"articleSection\":[\"Internacionales\"],\"inLanguage\":\"es\",\"potentialAction\":[{\"@type\":\"CommentAction\",\"name\":\"Comment\",\"target\":[\"https:\\\/\\\/quehacerpolitico.mx\\\/?p=107625#respond\"]}]},{\"@type\":\"WebPage\",\"@id\":\"https:\\\/\\\/quehacerpolitico.mx\\\/?p=107625\",\"url\":\"https:\\\/\\\/quehacerpolitico.mx\\\/?p=107625\",\"name\":\"Internacionales\\\/\\\/\\\/Carolina Alonso Romei\\\/\\\/\\\/Bajas temperaturas afectan a gran parte del territorio de Estados Unidos -\",\"isPartOf\":{\"@id\":\"https:\\\/\\\/quehacerpolitico.mx\\\/#website\"},\"primaryImageOfPage\":{\"@id\":\"https:\\\/\\\/quehacerpolitico.mx\\\/?p=107625#primaryimage\"},\"image\":{\"@id\":\"https:\\\/\\\/quehacerpolitico.mx\\\/?p=107625#primaryimage\"},\"thumbnailUrl\":\"https:\\\/\\\/quehacerpolitico.mx\\\/wp-content\\\/uploads\\\/2024\\\/01\\\/IMG_3167.jpeg\",\"datePublished\":\"2024-01-16T15:53:26+00:00\",\"dateModified\":\"2024-01-16T15:53:30+00:00\",\"author\":{\"@id\":\"https:\\\/\\\/quehacerpolitico.mx\\\/#\\\/schema\\\/person\\\/496d8ad2d1d3f8036101dca7ee39e585\"},\"breadcrumb\":{\"@id\":\"https:\\\/\\\/quehacerpolitico.mx\\\/?p=107625#breadcrumb\"},\"inLanguage\":\"es\",\"potentialAction\":[{\"@type\":\"ReadAction\",\"target\":[\"https:\\\/\\\/quehacerpolitico.mx\\\/?p=107625\"]}]},{\"@type\":\"ImageObject\",\"inLanguage\":\"es\",\"@id\":\"https:\\\/\\\/quehacerpolitico.mx\\\/?p=107625#primaryimage\",\"url\":\"https:\\\/\\\/quehacerpolitico.mx\\\/wp-content\\\/uploads\\\/2024\\\/01\\\/IMG_3167.jpeg\",\"contentUrl\":\"https:\\\/\\\/quehacerpolitico.mx\\\/wp-content\\\/uploads\\\/2024\\\/01\\\/IMG_3167.jpeg\",\"width\":712,\"height\":431},{\"@type\":\"BreadcrumbList\",\"@id\":\"https:\\\/\\\/quehacerpolitico.mx\\\/?p=107625#breadcrumb\",\"itemListElement\":[{\"@type\":\"ListItem\",\"position\":1,\"name\":\"Inicio\",\"item\":\"https:\\\/\\\/quehacerpolitico.mx\\\/\"},{\"@type\":\"ListItem\",\"position\":2,\"name\":\"Internacionales\\\/\\\/\\\/Carolina Alonso Romei\\\/\\\/\\\/Bajas temperaturas afectan a gran parte del territorio de Estados Unidos\"}]},{\"@type\":\"WebSite\",\"@id\":\"https:\\\/\\\/quehacerpolitico.mx\\\/#website\",\"url\":\"https:\\\/\\\/quehacerpolitico.mx\\\/\",\"name\":\"\",\"description\":\"\",\"potentialAction\":[{\"@type\":\"SearchAction\",\"target\":{\"@type\":\"EntryPoint\",\"urlTemplate\":\"https:\\\/\\\/quehacerpolitico.mx\\\/?s={search_term_string}\"},\"query-input\":{\"@type\":\"PropertyValueSpecification\",\"valueRequired\":true,\"valueName\":\"search_term_string\"}}],\"inLanguage\":\"es\"},{\"@type\":\"Person\",\"@id\":\"https:\\\/\\\/quehacerpolitico.mx\\\/#\\\/schema\\\/person\\\/496d8ad2d1d3f8036101dca7ee39e585\",\"name\":\"Redacci\u00f3n QP\",\"image\":{\"@type\":\"ImageObject\",\"inLanguage\":\"es\",\"@id\":\"https:\\\/\\\/secure.gravatar.com\\\/avatar\\\/c7164ed6fdec453195284ad24a5ae5b6e1eed2b848477fa2a4787ba9adf39a41?s=96&d=mm&r=g\",\"url\":\"https:\\\/\\\/secure.gravatar.com\\\/avatar\\\/c7164ed6fdec453195284ad24a5ae5b6e1eed2b848477fa2a4787ba9adf39a41?s=96&d=mm&r=g\",\"contentUrl\":\"https:\\\/\\\/secure.gravatar.com\\\/avatar\\\/c7164ed6fdec453195284ad24a5ae5b6e1eed2b848477fa2a4787ba9adf39a41?s=96&d=mm&r=g\",\"caption\":\"Redacci\u00f3n QP\"},\"url\":\"https:\\\/\\\/quehacerpolitico.mx\\\/?author=2\"}]}<\/script>\n<!-- \/ Yoast SEO plugin. -->","yoast_head_json":{"title":"Internacionales\/\/\/Carolina Alonso Romei\/\/\/Bajas temperaturas afectan a gran parte del territorio de Estados Unidos -","robots":{"index":"index","follow":"follow","max-snippet":"max-snippet:-1","max-image-preview":"max-image-preview:large","max-video-preview":"max-video-preview:-1"},"canonical":"https:\/\/quehacerpolitico.mx\/?p=107625","og_locale":"es_MX","og_type":"article","og_title":"Internacionales\/\/\/Carolina Alonso Romei\/\/\/Bajas temperaturas afectan a gran parte del territorio de Estados Unidos -","og_description":"Por Carolina Alonso Romei Internacionalista Cerca de 150 millones de habitantes sufren los estragos por...","og_url":"https:\/\/quehacerpolitico.mx\/?p=107625","article_published_time":"2024-01-16T15:53:26+00:00","article_modified_time":"2024-01-16T15:53:30+00:00","og_image":[{"width":712,"height":431,"url":"https:\/\/quehacerpolitico.mx\/wp-content\/uploads\/2024\/01\/IMG_3167.jpeg","type":"image\/jpeg"}],"author":"Redacci\u00f3n QP","twitter_card":"summary_large_image","twitter_misc":{"Escrito por":"Redacci\u00f3n QP","Tiempo de lectura":"5 minutos"},"schema":{"@context":"https:\/\/schema.org","@graph":[{"@type":"Article","@id":"https:\/\/quehacerpolitico.mx\/?p=107625#article","isPartOf":{"@id":"https:\/\/quehacerpolitico.mx\/?p=107625"},"author":{"name":"Redacci\u00f3n QP","@id":"https:\/\/quehacerpolitico.mx\/#\/schema\/person\/496d8ad2d1d3f8036101dca7ee39e585"},"headline":"Internacionales\/\/\/Carolina Alonso Romei\/\/\/Bajas temperaturas afectan a gran parte del territorio de Estados Unidos","datePublished":"2024-01-16T15:53:26+00:00","dateModified":"2024-01-16T15:53:30+00:00","mainEntityOfPage":{"@id":"https:\/\/quehacerpolitico.mx\/?p=107625"},"wordCount":1060,"commentCount":0,"image":{"@id":"https:\/\/quehacerpolitico.mx\/?p=107625#primaryimage"},"thumbnailUrl":"https:\/\/quehacerpolitico.mx\/wp-content\/uploads\/2024\/01\/IMG_3167.jpeg","articleSection":["Internacionales"],"inLanguage":"es","potentialAction":[{"@type":"CommentAction","name":"Comment","target":["https:\/\/quehacerpolitico.mx\/?p=107625#respond"]}]},{"@type":"WebPage","@id":"https:\/\/quehacerpolitico.mx\/?p=107625","url":"https:\/\/quehacerpolitico.mx\/?p=107625","name":"Internacionales\/\/\/Carolina Alonso Romei\/\/\/Bajas temperaturas afectan a gran parte del territorio de Estados Unidos -","isPartOf":{"@id":"https:\/\/quehacerpolitico.mx\/#website"},"primaryImageOfPage":{"@id":"https:\/\/quehacerpolitico.mx\/?p=107625#primaryimage"},"image":{"@id":"https:\/\/quehacerpolitico.mx\/?p=107625#primaryimage"},"thumbnailUrl":"https:\/\/quehacerpolitico.mx\/wp-content\/uploads\/2024\/01\/IMG_3167.jpeg","datePublished":"2024-01-16T15:53:26+00:00","dateModified":"2024-01-16T15:53:30+00:00","author":{"@id":"https:\/\/quehacerpolitico.mx\/#\/schema\/person\/496d8ad2d1d3f8036101dca7ee39e585"},"breadcrumb":{"@id":"https:\/\/quehacerpolitico.mx\/?p=107625#breadcrumb"},"inLanguage":"es","potentialAction":[{"@type":"ReadAction","target":["https:\/\/quehacerpolitico.mx\/?p=107625"]}]},{"@type":"ImageObject","inLanguage":"es","@id":"https:\/\/quehacerpolitico.mx\/?p=107625#primaryimage","url":"https:\/\/quehacerpolitico.mx\/wp-content\/uploads\/2024\/01\/IMG_3167.jpeg","contentUrl":"https:\/\/quehacerpolitico.mx\/wp-content\/uploads\/2024\/01\/IMG_3167.jpeg","width":712,"height":431},{"@type":"BreadcrumbList","@id":"https:\/\/quehacerpolitico.mx\/?p=107625#breadcrumb","itemListElement":[{"@type":"ListItem","position":1,"name":"Inicio","item":"https:\/\/quehacerpolitico.mx\/"},{"@type":"ListItem","position":2,"name":"Internacionales\/\/\/Carolina Alonso Romei\/\/\/Bajas temperaturas afectan a gran parte del territorio de Estados Unidos"}]},{"@type":"WebSite","@id":"https:\/\/quehacerpolitico.mx\/#website","url":"https:\/\/quehacerpolitico.mx\/","name":"","description":"","potentialAction":[{"@type":"SearchAction","target":{"@type":"EntryPoint","urlTemplate":"https:\/\/quehacerpolitico.mx\/?s={search_term_string}"},"query-input":{"@type":"PropertyValueSpecification","valueRequired":true,"valueName":"search_term_string"}}],"inLanguage":"es"},{"@type":"Person","@id":"https:\/\/quehacerpolitico.mx\/#\/schema\/person\/496d8ad2d1d3f8036101dca7ee39e585","name":"Redacci\u00f3n QP","image":{"@type":"ImageObject","inLanguage":"es","@id":"https:\/\/secure.gravatar.com\/avatar\/c7164ed6fdec453195284ad24a5ae5b6e1eed2b848477fa2a4787ba9adf39a41?s=96&d=mm&r=g","url":"https:\/\/secure.gravatar.com\/avatar\/c7164ed6fdec453195284ad24a5ae5b6e1eed2b848477fa2a4787ba9adf39a41?s=96&d=mm&r=g","contentUrl":"https:\/\/secure.gravatar.com\/avatar\/c7164ed6fdec453195284ad24a5ae5b6e1eed2b848477fa2a4787ba9adf39a41?s=96&d=mm&r=g","caption":"Redacci\u00f3n QP"},"url":"https:\/\/quehacerpolitico.mx\/?author=2"}]}},"featured_image_urls":{"full":["https:\/\/quehacerpolitico.mx\/wp-content\/uploads\/2024\/01\/IMG_3167.jpeg",712,431,false],"thumbnail":["https:\/\/quehacerpolitico.mx\/wp-content\/uploads\/2024\/01\/IMG_3167-150x150.jpeg",150,150,true],"medium":["https:\/\/quehacerpolitico.mx\/wp-content\/uploads\/2024\/01\/IMG_3167-300x182.jpeg",300,182,true],"medium_large":["https:\/\/quehacerpolitico.mx\/wp-content\/uploads\/2024\/01\/IMG_3167.jpeg",640,387,false],"large":["https:\/\/quehacerpolitico.mx\/wp-content\/uploads\/2024\/01\/IMG_3167.jpeg",640,387,false],"1536x1536":["https:\/\/quehacerpolitico.mx\/wp-content\/uploads\/2024\/01\/IMG_3167.jpeg",712,431,false],"2048x2048":["https:\/\/quehacerpolitico.mx\/wp-content\/uploads\/2024\/01\/IMG_3167.jpeg",712,431,false],"covernews-featured":["https:\/\/quehacerpolitico.mx\/wp-content\/uploads\/2024\/01\/IMG_3167.jpeg",712,431,false],"covernews-medium":["https:\/\/quehacerpolitico.mx\/wp-content\/uploads\/2024\/01\/IMG_3167.jpeg",540,327,false]},"author_info":{"display_name":"Redacci\u00f3n QP","author_link":"https:\/\/quehacerpolitico.mx\/?author=2"},"category_info":"<a href=\"https:\/\/quehacerpolitico.mx\/?cat=1\" rel=\"category\">Internacionales<\/a>","tag_info":"Internacionales","comment_count":"0","_links":{"self":[{"href":"https:\/\/quehacerpolitico.mx\/index.php?rest_route=\/wp\/v2\/posts\/107625","targetHints":{"allow":["GET"]}}],"collection":[{"href":"https:\/\/quehacerpolitico.mx\/index.php?rest_route=\/wp\/v2\/posts"}],"about":[{"href":"https:\/\/quehacerpolitico.mx\/index.php?rest_route=\/wp\/v2\/types\/post"}],"author":[{"embeddable":true,"href":"https:\/\/quehacerpolitico.mx\/index.php?rest_route=\/wp\/v2\/users\/2"}],"replies":[{"embeddable":true,"href":"https:\/\/quehacerpolitico.mx\/index.php?rest_route=%2Fwp%2Fv2%2Fcomments&post=107625"}],"version-history":[{"count":1,"href":"https:\/\/quehacerpolitico.mx\/index.php?rest_route=\/wp\/v2\/posts\/107625\/revisions"}],"predecessor-version":[{"id":107627,"href":"https:\/\/quehacerpolitico.mx\/index.php?rest_route=\/wp\/v2\/posts\/107625\/revisions\/107627"}],"wp:featuredmedia":[{"embeddable":true,"href":"https:\/\/quehacerpolitico.mx\/index.php?rest_route=\/wp\/v2\/media\/107626"}],"wp:attachment":[{"href":"https:\/\/quehacerpolitico.mx\/index.php?rest_route=%2Fwp%2Fv2%2Fmedia&parent=107625"}],"wp:term":[{"taxonomy":"category","embeddable":true,"href":"https:\/\/quehacerpolitico.mx\/index.php?rest_route=%2Fwp%2Fv2%2Fcategories&post=107625"},{"taxonomy":"post_tag","embeddable":true,"href":"https:\/\/quehacerpolitico.mx\/index.php?rest_route=%2Fwp%2Fv2%2Ftags&post=107625"}],"curies":[{"name":"wp","href":"https:\/\/api.w.org\/{rel}","templated":true}]}}