{"id":10760,"date":"2018-12-02T17:12:41","date_gmt":"2018-12-02T17:12:41","guid":{"rendered":"http:\/\/quehacerpolitico.mx\/amlo-anuncia-una-fuerza-de-60-mil-elementos-para-enfrentar-la-inseguridad-y-sera-aun-mayor\/"},"modified":"2018-12-02T17:12:41","modified_gmt":"2018-12-02T17:12:41","slug":"amlo-anuncia-una-fuerza-de-60-mil-elementos-para-enfrentar-la-inseguridad-y-sera-aun-mayor","status":"publish","type":"post","link":"https:\/\/quehacerpolitico.mx\/?p=10760","title":{"rendered":"AMLO anuncia una fuerza de 60 mil elementos para enfrentar la inseguridad. Y ser\u00e1 a\u00fan mayor"},"content":{"rendered":"<h1>AMLO anuncia una fuerza de 60 mil elementos para enfrentar la inseguridad. Y ser\u00e1 a\u00fan mayor<\/h1>\n<p>Por Redacci\u00f3n QP<\/p>\n<p>El <strong>Presidente Andr\u00e9s Manuel L\u00f3pez Obrador<\/strong> ha <strong>pasado revista<\/strong> de las <strong>Fuerzas Armadas<\/strong> esta ma\u00f1ana en <strong>Campo Marte<\/strong>, el primer acto oficial que realiza cada seis a\u00f1os el Comandante Supremo despu\u00e9s de colocarse la Banda Presidencial. El Jefe del Ejecutivo cruz\u00f3 en una unidad, acompa\u00f1ado de los secretarios de Defensa Nacional, Luis Crescencio Sandoval Gonz\u00e1lez, y de la Marina Armada de M\u00e9xico, Jos\u00e9 Rafael Ojeda.<\/p>\n<p>All\u00ed anunci\u00f3 que crear\u00e1 una fuerza de 60 mil mujeres y hombres para enfrentar el problema de la inseguridad. Pero dijo que va por m\u00e1s: en una siguiente etapa, ya con la Guardia Nacional, planea incorporar j\u00f3venes reclutas y nuevos elementos de Ej\u00e9rcito y Marina.<\/p>\n<p>\u201cSi esto se permite, ya tendr\u00edamos de entrada m\u00e1s elementos\u201d, indic\u00f3. Detall\u00f3 que hay 30 mil polic\u00edas militares y 10 mil de la Polic\u00eda Naval, m\u00e1s los 20 mil de la Federal. Con ello, dijo, \u201cya tendr\u00edamos un cuerpo para atender el problema de seguridad de alrededor de 60 mil elementos\u201d.<\/p>\n<blockquote>\n<p>\u201cEso ser\u00eda en el corte plazo, porque en una segunda etapa convocar\u00edamos a que miembros del Ej\u00e9rcito y Marina tambi\u00e9n se alinearan a esta Guardia Nacional, en las mismas condiciones laborales, respetando grados, disciplinas, asensos, antig\u00fcedad, ingresos, como otra fuerza de la Secretar\u00eda de la Defensa\u201d, explic\u00f3. \u201cY en una tercera etapa, ampliar la convocatoria y reclutar a j\u00f3venes para cubrir todo el territorio nacional, con la creaci\u00f3n de 266 coordinaciones ubicadas en las distintas regiones de M\u00e9xico para que se garantice la paz y la tranquilidad\u201d, agreg\u00f3 el Presidente mexicano.<\/p>\n<\/blockquote>\n<p>Unos dos mil doscientos integrantes de las Fuerzas Armadas integraron la ceremonia de esta ma\u00f1ana. La salutaci\u00f3n es una ceremonia tradicional. Los marinos y soldados reconocen al Presidente Constitucional como su Comandante Supremo. El Presidente suele saludar a los altos oficiales (generales y almirantes) y a la tropa, a veces de mano, con fondo de la Banda de Guerra.\u00a0Olga S\u00e1nchez Cordero, la primera Secretaria de Gobernaci\u00f3n en la historia de M\u00e9xico, lo acompa\u00f1\u00f3 en la ceremonia. Tambi\u00e9n Claudia Sheinbaum Pardo, la primera Alcaldesa electa en la capital mexicana.<\/p>\n<div id=\"attachment_3505606\" class=\"wp-caption alignnone\"><img loading=\"lazy\" decoding=\"async\" class=\"size-full wp-image-3505606\" src=\"https:\/\/www.sinembargo.mx\/wp-content\/uploads\/2018\/12\/image-2018-12-02-105651.jpg\" sizes=\"auto, (max-width: 700px) 100vw, 700px\" srcset=\"https:\/\/www.sinembargo.mx\/wp-content\/uploads\/2018\/12\/image-2018-12-02-105651.jpg 700w, https:\/\/www.sinembargo.mx\/wp-content\/uploads\/2018\/12\/image-2018-12-02-105651-300x113.jpg 300w\" alt=\"\" width=\"700\" height=\"264\" \/><\/p>\n<p class=\"wp-caption-text\">El Presidente con los oficiales de las Fuerzas Armadas. Foto tomada de video<\/p>\n<\/div>\n<blockquote>\n<p>AMLO les pidi\u00f3 a los militares que le ayuden, \u201csi as\u00ed lo decide el Congreso\u201d, para integrar la Guardia Nacional.\u00a0\u201cSon pocos los elementos que se tienen para atender el problema grave de inseguridad que se tiene en el pa\u00eds\u201d, reconoci\u00f3.<\/p>\n<\/blockquote>\n<p>Reiter\u00f3 que son pocos los elementos que se tienen para atender el problema grave de inseguridad que se tiene en el pa\u00eds. Dijo que hace 20 a\u00f1os se cre\u00f3 la Polic\u00eda Federal para que Ej\u00e9rcito y Marina no intervinieran en la seguridad p\u00fablica del pa\u00eds. Pero fall\u00f3. \u201cEsto no puede continuar as\u00ed. Con todo realismo, hablando de manera directa y transparente, estamos planteando que se reforme la Constituci\u00f3n para que el Ej\u00e9rcito y la Marina puedan ayudarnos en labores de seguridad p\u00fablica\u201d, dijo.<\/p>\n<blockquote>\n<p>L\u00f3pez Obrador destac\u00f3 que \u201clos generales, los almirante no forman parte de la oligarqu\u00eda como suele pasar en otros pa\u00edses. En la revisi\u00f3n de los expediente ven\u00eda que los generales, cuando mucho, dos casas, un departamento, otra casa, dos carros, no hay oficiales millonarios, mucho menos multimillonarios\u201d.<\/p>\n<\/blockquote>\n<p>El Presidente llam\u00f3 a los soldados a \u201cque todos juntos logremos resolver el problema de la inseguridad y de la violencia. Y que se disipen las dudas pensando que esta decisi\u00f3n tiene que ver con medidas autoritarias, represivas\u201d.<\/p>\n<p>\u201cEsta es una gran instituci\u00f3n y tiene escuelas para formar a sus integrantes, sus miembros, de acuerdo a las nuevas circunstancias, a los nuevos tiempos. Estoy seguro que se va a reforzar la formaci\u00f3n en todo lo que tiene que ver con el respeto a los derechos humanos, y se va tambi\u00e9n a reforzar la formaci\u00f3n para cumplir con los protocolos en el uso de la fuerza\u201d, asegur\u00f3.<\/p>\n<p>\u201cEs un giro, un cambio, una reforma, para bien de M\u00e9xico y tambi\u00e9n para bien del Ej\u00e9rcito, que sigue teniendo a pesar de que en los \u00faltimos tiempos ha sido utilizado para tareas ingratas que le han producido ciertos desgastes, a pesar de todo eso, son las instituciones con m\u00e1s apoyo popular\u201d, a\u00f1adi\u00f3.<\/p>\n<blockquote>\n<p>\u201cMe da gusto que en este segundo d\u00eda estemos aqu\u00ed con ustedes, quienes integran dos instituciones fundamentales de nuestro sistema pol\u00edtico democr\u00e1tica, la Secretar\u00eda de la Defensa y la de Marina. Instituciones que son fundamentales para garantizar la seguridad nacional, la defensa de nuestra territorio, tambi\u00e9n para garantizar la seguridad interior\u201d, dijo L\u00f3pez Obrador al iniciar su mensaje esta ma\u00f1ana.<\/p>\n<\/blockquote>\n<p>El titular de la Sedena, Luis Crescencio Sandoval, dijo: \u201clos soldados nos encontramos con el \u00e1nimo renovado para coadyuvar con el Gobierno y al ciudadan\u00eda\u201d.<\/p>\n<blockquote>\n<p>\u201cNuestra raz\u00f3n de ser es el pueblo porque de \u00e9l provenimos\u201d, a\u00f1adi\u00f3 en su mensaje esta ma\u00f1ana.<\/p>\n<\/blockquote>\n<p>El titular de la Marina, Jos\u00e9 Rafael Ojeda, destac\u00f3: \u201ccomo bien he ha dicho una \u00e9poca de cambios, \u00e9ste nuevo M\u00e9xico que hoy renace se hace acompa\u00f1ado de un presidente que entra\u00f1a justamente la esperanza de toda una naci\u00f3n, de todo un pueblo\u201d.<\/p>\n<blockquote>\n<p>\u201cEs para m\u00ed un honor hacer uso de la palabra a nombre de los Marinos, reciba usted una cordial y muy merecida felicitaci\u00f3n por esta noble encomienda que hoy inicia. Cuente con nuestra f\u00e9rrea voluntad, capacidad, y sobre todo con nuestro amor patrio para lograr ser la Naci\u00f3n que todos nos merecemos\u201d, a\u00f1adi\u00f3.<\/p>\n<\/blockquote>\n<div id=\"attachment_3505607\" class=\"wp-caption alignnone\"><img loading=\"lazy\" decoding=\"async\" class=\"size-full wp-image-3505607\" src=\"https:\/\/www.sinembargo.mx\/wp-content\/uploads\/2018\/12\/image-2018-12-02-105747.jpg\" sizes=\"auto, (max-width: 700px) 100vw, 700px\" srcset=\"https:\/\/www.sinembargo.mx\/wp-content\/uploads\/2018\/12\/image-2018-12-02-105747.jpg 700w, https:\/\/www.sinembargo.mx\/wp-content\/uploads\/2018\/12\/image-2018-12-02-105747-300x147.jpg 300w\" alt=\"\" width=\"700\" height=\"343\" \/><\/p>\n<p class=\"wp-caption-text\">El Secretario de la Marina Armada de M\u00e9xico. Foto tomada de video<\/p>\n<\/div>\n<p>Agradeci\u00f3 la designaci\u00f3n para integrarse en el Gabinete, una distinci\u00f3n que es, dijo, el \u201cm\u00e1s grande orgullo y el m\u00e1s grande reto\u201d que ha tenido.<\/p>\n<blockquote>\n<p>\u201cNadie por encima de la Ley\u201d, dijo Ojeda y destac\u00f3 que se respetar\u00e1n los derechos humanos.<\/p>\n<\/blockquote>\n<p>L\u00f3pez Obrador se reuni\u00f3 como Presidente electo con las Fuerzas Armadas, hace apenas una semana, y all\u00ed les pidi\u00f3 su apoyo para el combate al crimen organizado. M\u00e9xico sufre un brote de violencia desde que el 6 de diciembre de 2006 Felipe Calder\u00f3n Hinojosa declar\u00f3 la guerra al narcotr\u00e1fico.<\/p>\n<p>El pasado 25 de noviembre, AMLO estuvo con el General Salvador Cienfuegos Zepeda y Almirante Vidal Francisco Sober\u00f3n Sanz. Estuvieron con \u00e9l Olga S\u00e1nchez Cordero y Claudia Sheinbaum.<\/p>\n<p>\u201c\u00bfPor que esta reuni\u00f3n? Porque vengo a convocarles para que juntos, de conformidad con la Constituci\u00f3n, que es la Ley suprema, podamos enfrentar el grave problema de la inseguridad y de la violencia en nuestro pa\u00eds\u201d, dijo L\u00f3pez Obrador.<\/p>\n<blockquote>\n<p>Ante 20 mil elementos, AMLO dijo que el Ej\u00e9rcito es nacionalista, revolucionario. \u201cReconozco su profesionalismo\u201d, agreg\u00f3. Luego dijo: \u201cVengo a pedirles su apoyo. Desde luego que podr\u00eda ser una orden, pero no vamos a imponer nada. Estoy seguro que voy a contar con el apoyo de ustedes porque sus familias, ustedes mismos saben que tenemos que combatir la violencia\u201d.<\/p>\n<\/blockquote>\n<p>Tambi\u00e9n les pidi\u00f3 defender los derechos humanos. \u201cVan a mantener sus sueldos; a veces se mal interpretan las cosas. No, es as\u00ed. Vamos a bajarle a los de arriba, los de abajo van a ganar m\u00e1s\u201d, dijo, y recibi\u00f3 un aplauso. \u201cLes agradezco que est\u00e9n aqu\u00ed. Les invito en la tarde-noche en el Z\u00f3calo [el 1 de diciembre]. Est\u00e1n invitados\u201d, se\u00f1al\u00f3.<\/p>\n<p>El Presidente L\u00f3pez Obrador estar\u00e1 este d\u00eda con Cuitl\u00e1huac Garc\u00eda en Veracruz. Garc\u00eda, miembro de su mismo partido, asume como Gobernador Constitucional. Se espera que all\u00ed dirija un mensaje.<\/p>\n<blockquote class=\"twitter-tweet\" data-width=\"550\" data-dnt=\"true\">\n<p lang=\"es\" dir=\"ltr\">Mensaje del presidente Andr\u00e9s Manuel L\u00f3pez Obrador a las Fuerzas Armadas en el Campo Marte. <a href=\"https:\/\/t.co\/AQLyo1JKDq\">https:\/\/t.co\/AQLyo1JKDq<\/a><\/p>\n<p>&mdash; Exc\u00e9lsior (@Excelsior) <a href=\"https:\/\/twitter.com\/Excelsior\/status\/1069275931066298369?ref_src=twsrc%5Etfw\">December 2, 2018<\/a><\/p><\/blockquote>\n<p><script async src=\"https:\/\/platform.twitter.com\/widgets.js\" charset=\"utf-8\"><\/script><\/p>\n","protected":false},"excerpt":{"rendered":"<p>AMLO anuncia una fuerza de 60 mil elementos para enfrentar la inseguridad. Y ser\u00e1 a\u00fan mayor<br \/>\nPor Redacci\u00f3n QP<\/p>\n","protected":false},"author":2,"featured_media":10759,"comment_status":"open","ping_status":"open","sticky":false,"template":"","format":"standard","meta":{"_monsterinsights_skip_tracking":false,"_monsterinsights_sitenote_active":false,"_monsterinsights_sitenote_note":"","_monsterinsights_sitenote_category":0,"footnotes":""},"categories":[2],"tags":[],"class_list":["post-10760","post","type-post","status-publish","format-standard","has-post-thumbnail","hentry","category-noticias"],"yoast_head":"<!-- This site is optimized with the Yoast SEO plugin v27.3 - https:\/\/yoast.com\/product\/yoast-seo-wordpress\/ -->\n<title>AMLO anuncia una fuerza de 60 mil elementos para enfrentar la inseguridad. Y ser\u00e1 a\u00fan mayor -<\/title>\n<meta name=\"robots\" content=\"index, follow, max-snippet:-1, max-image-preview:large, max-video-preview:-1\" \/>\n<link rel=\"canonical\" href=\"https:\/\/quehacerpolitico.mx\/?p=10760\" \/>\n<meta property=\"og:locale\" content=\"es_MX\" \/>\n<meta property=\"og:type\" content=\"article\" \/>\n<meta property=\"og:title\" content=\"AMLO anuncia una fuerza de 60 mil elementos para enfrentar la inseguridad. Y ser\u00e1 a\u00fan mayor -\" \/>\n<meta property=\"og:description\" content=\"AMLO anuncia una fuerza de 60 mil elementos para enfrentar la inseguridad. Y ser\u00e1 a\u00fan mayor Por Redacci\u00f3n QP\" \/>\n<meta property=\"og:url\" content=\"https:\/\/quehacerpolitico.mx\/?p=10760\" \/>\n<meta property=\"article:published_time\" content=\"2018-12-02T17:12:41+00:00\" \/>\n<meta name=\"author\" content=\"Redacci\u00f3n QP\" \/>\n<meta name=\"twitter:card\" content=\"summary_large_image\" \/>\n<meta name=\"twitter:label1\" content=\"Escrito por\" \/>\n\t<meta name=\"twitter:data1\" content=\"Redacci\u00f3n QP\" \/>\n\t<meta name=\"twitter:label2\" content=\"Tiempo de lectura\" \/>\n\t<meta name=\"twitter:data2\" content=\"7 minutos\" \/>\n<script type=\"application\/ld+json\" class=\"yoast-schema-graph\">{\"@context\":\"https:\\\/\\\/schema.org\",\"@graph\":[{\"@type\":\"Article\",\"@id\":\"https:\\\/\\\/quehacerpolitico.mx\\\/?p=10760#article\",\"isPartOf\":{\"@id\":\"https:\\\/\\\/quehacerpolitico.mx\\\/?p=10760\"},\"author\":{\"name\":\"Redacci\u00f3n QP\",\"@id\":\"https:\\\/\\\/quehacerpolitico.mx\\\/#\\\/schema\\\/person\\\/496d8ad2d1d3f8036101dca7ee39e585\"},\"headline\":\"AMLO anuncia una fuerza de 60 mil elementos para enfrentar la inseguridad. Y ser\u00e1 a\u00fan mayor\",\"datePublished\":\"2018-12-02T17:12:41+00:00\",\"mainEntityOfPage\":{\"@id\":\"https:\\\/\\\/quehacerpolitico.mx\\\/?p=10760\"},\"wordCount\":1335,\"commentCount\":0,\"image\":{\"@id\":\"https:\\\/\\\/quehacerpolitico.mx\\\/?p=10760#primaryimage\"},\"thumbnailUrl\":\"\",\"articleSection\":[\"Noticias\"],\"inLanguage\":\"es\",\"potentialAction\":[{\"@type\":\"CommentAction\",\"name\":\"Comment\",\"target\":[\"https:\\\/\\\/quehacerpolitico.mx\\\/?p=10760#respond\"]}]},{\"@type\":\"WebPage\",\"@id\":\"https:\\\/\\\/quehacerpolitico.mx\\\/?p=10760\",\"url\":\"https:\\\/\\\/quehacerpolitico.mx\\\/?p=10760\",\"name\":\"AMLO anuncia una fuerza de 60 mil elementos para enfrentar la inseguridad. Y ser\u00e1 a\u00fan mayor -\",\"isPartOf\":{\"@id\":\"https:\\\/\\\/quehacerpolitico.mx\\\/#website\"},\"primaryImageOfPage\":{\"@id\":\"https:\\\/\\\/quehacerpolitico.mx\\\/?p=10760#primaryimage\"},\"image\":{\"@id\":\"https:\\\/\\\/quehacerpolitico.mx\\\/?p=10760#primaryimage\"},\"thumbnailUrl\":\"\",\"datePublished\":\"2018-12-02T17:12:41+00:00\",\"author\":{\"@id\":\"https:\\\/\\\/quehacerpolitico.mx\\\/#\\\/schema\\\/person\\\/496d8ad2d1d3f8036101dca7ee39e585\"},\"breadcrumb\":{\"@id\":\"https:\\\/\\\/quehacerpolitico.mx\\\/?p=10760#breadcrumb\"},\"inLanguage\":\"es\",\"potentialAction\":[{\"@type\":\"ReadAction\",\"target\":[\"https:\\\/\\\/quehacerpolitico.mx\\\/?p=10760\"]}]},{\"@type\":\"ImageObject\",\"inLanguage\":\"es\",\"@id\":\"https:\\\/\\\/quehacerpolitico.mx\\\/?p=10760#primaryimage\",\"url\":\"\",\"contentUrl\":\"\"},{\"@type\":\"BreadcrumbList\",\"@id\":\"https:\\\/\\\/quehacerpolitico.mx\\\/?p=10760#breadcrumb\",\"itemListElement\":[{\"@type\":\"ListItem\",\"position\":1,\"name\":\"Inicio\",\"item\":\"https:\\\/\\\/quehacerpolitico.mx\\\/\"},{\"@type\":\"ListItem\",\"position\":2,\"name\":\"AMLO anuncia una fuerza de 60 mil elementos para enfrentar la inseguridad. Y ser\u00e1 a\u00fan mayor\"}]},{\"@type\":\"WebSite\",\"@id\":\"https:\\\/\\\/quehacerpolitico.mx\\\/#website\",\"url\":\"https:\\\/\\\/quehacerpolitico.mx\\\/\",\"name\":\"\",\"description\":\"\",\"potentialAction\":[{\"@type\":\"SearchAction\",\"target\":{\"@type\":\"EntryPoint\",\"urlTemplate\":\"https:\\\/\\\/quehacerpolitico.mx\\\/?s={search_term_string}\"},\"query-input\":{\"@type\":\"PropertyValueSpecification\",\"valueRequired\":true,\"valueName\":\"search_term_string\"}}],\"inLanguage\":\"es\"},{\"@type\":\"Person\",\"@id\":\"https:\\\/\\\/quehacerpolitico.mx\\\/#\\\/schema\\\/person\\\/496d8ad2d1d3f8036101dca7ee39e585\",\"name\":\"Redacci\u00f3n QP\",\"image\":{\"@type\":\"ImageObject\",\"inLanguage\":\"es\",\"@id\":\"https:\\\/\\\/secure.gravatar.com\\\/avatar\\\/c7164ed6fdec453195284ad24a5ae5b6e1eed2b848477fa2a4787ba9adf39a41?s=96&d=mm&r=g\",\"url\":\"https:\\\/\\\/secure.gravatar.com\\\/avatar\\\/c7164ed6fdec453195284ad24a5ae5b6e1eed2b848477fa2a4787ba9adf39a41?s=96&d=mm&r=g\",\"contentUrl\":\"https:\\\/\\\/secure.gravatar.com\\\/avatar\\\/c7164ed6fdec453195284ad24a5ae5b6e1eed2b848477fa2a4787ba9adf39a41?s=96&d=mm&r=g\",\"caption\":\"Redacci\u00f3n QP\"},\"url\":\"https:\\\/\\\/quehacerpolitico.mx\\\/?author=2\"}]}<\/script>\n<!-- \/ Yoast SEO plugin. -->","yoast_head_json":{"title":"AMLO anuncia una fuerza de 60 mil elementos para enfrentar la inseguridad. Y ser\u00e1 a\u00fan mayor -","robots":{"index":"index","follow":"follow","max-snippet":"max-snippet:-1","max-image-preview":"max-image-preview:large","max-video-preview":"max-video-preview:-1"},"canonical":"https:\/\/quehacerpolitico.mx\/?p=10760","og_locale":"es_MX","og_type":"article","og_title":"AMLO anuncia una fuerza de 60 mil elementos para enfrentar la inseguridad. Y ser\u00e1 a\u00fan mayor -","og_description":"AMLO anuncia una fuerza de 60 mil elementos para enfrentar la inseguridad. Y ser\u00e1 a\u00fan mayor Por Redacci\u00f3n QP","og_url":"https:\/\/quehacerpolitico.mx\/?p=10760","article_published_time":"2018-12-02T17:12:41+00:00","author":"Redacci\u00f3n QP","twitter_card":"summary_large_image","twitter_misc":{"Escrito por":"Redacci\u00f3n QP","Tiempo de lectura":"7 minutos"},"schema":{"@context":"https:\/\/schema.org","@graph":[{"@type":"Article","@id":"https:\/\/quehacerpolitico.mx\/?p=10760#article","isPartOf":{"@id":"https:\/\/quehacerpolitico.mx\/?p=10760"},"author":{"name":"Redacci\u00f3n QP","@id":"https:\/\/quehacerpolitico.mx\/#\/schema\/person\/496d8ad2d1d3f8036101dca7ee39e585"},"headline":"AMLO anuncia una fuerza de 60 mil elementos para enfrentar la inseguridad. Y ser\u00e1 a\u00fan mayor","datePublished":"2018-12-02T17:12:41+00:00","mainEntityOfPage":{"@id":"https:\/\/quehacerpolitico.mx\/?p=10760"},"wordCount":1335,"commentCount":0,"image":{"@id":"https:\/\/quehacerpolitico.mx\/?p=10760#primaryimage"},"thumbnailUrl":"","articleSection":["Noticias"],"inLanguage":"es","potentialAction":[{"@type":"CommentAction","name":"Comment","target":["https:\/\/quehacerpolitico.mx\/?p=10760#respond"]}]},{"@type":"WebPage","@id":"https:\/\/quehacerpolitico.mx\/?p=10760","url":"https:\/\/quehacerpolitico.mx\/?p=10760","name":"AMLO anuncia una fuerza de 60 mil elementos para enfrentar la inseguridad. Y ser\u00e1 a\u00fan mayor -","isPartOf":{"@id":"https:\/\/quehacerpolitico.mx\/#website"},"primaryImageOfPage":{"@id":"https:\/\/quehacerpolitico.mx\/?p=10760#primaryimage"},"image":{"@id":"https:\/\/quehacerpolitico.mx\/?p=10760#primaryimage"},"thumbnailUrl":"","datePublished":"2018-12-02T17:12:41+00:00","author":{"@id":"https:\/\/quehacerpolitico.mx\/#\/schema\/person\/496d8ad2d1d3f8036101dca7ee39e585"},"breadcrumb":{"@id":"https:\/\/quehacerpolitico.mx\/?p=10760#breadcrumb"},"inLanguage":"es","potentialAction":[{"@type":"ReadAction","target":["https:\/\/quehacerpolitico.mx\/?p=10760"]}]},{"@type":"ImageObject","inLanguage":"es","@id":"https:\/\/quehacerpolitico.mx\/?p=10760#primaryimage","url":"","contentUrl":""},{"@type":"BreadcrumbList","@id":"https:\/\/quehacerpolitico.mx\/?p=10760#breadcrumb","itemListElement":[{"@type":"ListItem","position":1,"name":"Inicio","item":"https:\/\/quehacerpolitico.mx\/"},{"@type":"ListItem","position":2,"name":"AMLO anuncia una fuerza de 60 mil elementos para enfrentar la inseguridad. Y ser\u00e1 a\u00fan mayor"}]},{"@type":"WebSite","@id":"https:\/\/quehacerpolitico.mx\/#website","url":"https:\/\/quehacerpolitico.mx\/","name":"","description":"","potentialAction":[{"@type":"SearchAction","target":{"@type":"EntryPoint","urlTemplate":"https:\/\/quehacerpolitico.mx\/?s={search_term_string}"},"query-input":{"@type":"PropertyValueSpecification","valueRequired":true,"valueName":"search_term_string"}}],"inLanguage":"es"},{"@type":"Person","@id":"https:\/\/quehacerpolitico.mx\/#\/schema\/person\/496d8ad2d1d3f8036101dca7ee39e585","name":"Redacci\u00f3n QP","image":{"@type":"ImageObject","inLanguage":"es","@id":"https:\/\/secure.gravatar.com\/avatar\/c7164ed6fdec453195284ad24a5ae5b6e1eed2b848477fa2a4787ba9adf39a41?s=96&d=mm&r=g","url":"https:\/\/secure.gravatar.com\/avatar\/c7164ed6fdec453195284ad24a5ae5b6e1eed2b848477fa2a4787ba9adf39a41?s=96&d=mm&r=g","contentUrl":"https:\/\/secure.gravatar.com\/avatar\/c7164ed6fdec453195284ad24a5ae5b6e1eed2b848477fa2a4787ba9adf39a41?s=96&d=mm&r=g","caption":"Redacci\u00f3n QP"},"url":"https:\/\/quehacerpolitico.mx\/?author=2"}]}},"featured_image_urls":{"full":"","thumbnail":"","medium":"","medium_large":"","large":"","1536x1536":"","2048x2048":"","covernews-featured":"","covernews-medium":""},"author_info":{"display_name":"Redacci\u00f3n QP","author_link":"https:\/\/quehacerpolitico.mx\/?author=2"},"category_info":"<a href=\"https:\/\/quehacerpolitico.mx\/?cat=2\" rel=\"category\">Noticias<\/a>","tag_info":"Noticias","comment_count":"0","_links":{"self":[{"href":"https:\/\/quehacerpolitico.mx\/index.php?rest_route=\/wp\/v2\/posts\/10760","targetHints":{"allow":["GET"]}}],"collection":[{"href":"https:\/\/quehacerpolitico.mx\/index.php?rest_route=\/wp\/v2\/posts"}],"about":[{"href":"https:\/\/quehacerpolitico.mx\/index.php?rest_route=\/wp\/v2\/types\/post"}],"author":[{"embeddable":true,"href":"https:\/\/quehacerpolitico.mx\/index.php?rest_route=\/wp\/v2\/users\/2"}],"replies":[{"embeddable":true,"href":"https:\/\/quehacerpolitico.mx\/index.php?rest_route=%2Fwp%2Fv2%2Fcomments&post=10760"}],"version-history":[{"count":0,"href":"https:\/\/quehacerpolitico.mx\/index.php?rest_route=\/wp\/v2\/posts\/10760\/revisions"}],"wp:featuredmedia":[{"embeddable":true,"href":"https:\/\/quehacerpolitico.mx\/index.php?rest_route=\/"}],"wp:attachment":[{"href":"https:\/\/quehacerpolitico.mx\/index.php?rest_route=%2Fwp%2Fv2%2Fmedia&parent=10760"}],"wp:term":[{"taxonomy":"category","embeddable":true,"href":"https:\/\/quehacerpolitico.mx\/index.php?rest_route=%2Fwp%2Fv2%2Fcategories&post=10760"},{"taxonomy":"post_tag","embeddable":true,"href":"https:\/\/quehacerpolitico.mx\/index.php?rest_route=%2Fwp%2Fv2%2Ftags&post=10760"}],"curies":[{"name":"wp","href":"https:\/\/api.w.org\/{rel}","templated":true}]}}