{"id":107562,"date":"2024-01-12T19:53:32","date_gmt":"2024-01-12T19:53:32","guid":{"rendered":"https:\/\/quehacerpolitico.mx\/?p=107562"},"modified":"2024-01-12T19:53:36","modified_gmt":"2024-01-12T19:53:36","slug":"julio-cesar-chavez-jr-se-sincera-tras-pagar-fianza-y-salir-de-prision-cada-quien-tiene-lo-que-se-merece","status":"publish","type":"post","link":"https:\/\/quehacerpolitico.mx\/?p=107562","title":{"rendered":"Julio C\u00e9sar Ch\u00e1vez Jr. se sincera tras pagar fianza y salir de prisi\u00f3n: \u201cCada quien tiene lo que se merece\u201d"},"content":{"rendered":"\n<p>Por Redacci\u00f3n QP<\/p>\n\n\n\n<p>En sus primeras declaraciones tras salir de prisi\u00f3n, Ch\u00e1vez J\u00fanior dijo sentirse bien, aunque se\u00f1al\u00f3 que &#8220;cada quien tiene lo que se merece&#8221;.<\/p>\n\n\n\n<p>El boxeador mexicano\u00a0<strong>Julio Cesar Chavez Jr, sali\u00f3 de prisi\u00f3n<\/strong>\u00a0en Los \u00c1ngeles, California, la noche del jueves tras\u00a0<strong>pagar una fianza<\/strong>,\u00a0luego de ser\u00a0<strong>detenido<\/strong>\u00a0por\u00a0<strong>portaci\u00f3n ilegal de un arma<\/strong>,\u00a0y al hacerlo ofreci\u00f3 unas\u00a0<strong>breves declaraciones<\/strong>\u00a0en las que se mostr\u00f3 positivo, aunque asegur\u00f3 que \u201c<strong>cada quien tiene lo que se merece<\/strong>\u201c.<\/p>\n\n\n\n<figure class=\"wp-block-embed is-type-video is-provider-youtube wp-block-embed-youtube wp-embed-aspect-16-9 wp-has-aspect-ratio\"><div class=\"wp-block-embed__wrapper\">\n<iframe loading=\"lazy\" title=\"Julio C\u00e9sar Ch\u00e1vez Jr. sale de prisi\u00f3n bajo fianza\" width=\"640\" height=\"360\" src=\"https:\/\/www.youtube.com\/embed\/Jj7wOtkbIHk?feature=oembed\" frameborder=\"0\" allow=\"accelerometer; autoplay; clipboard-write; encrypted-media; gyroscope; picture-in-picture; web-share\" referrerpolicy=\"strict-origin-when-cross-origin\" allowfullscreen><\/iframe>\n<\/div><\/figure>\n\n\n\n<p id=\"h-el-hijo-del-legendario-julio-cesar-chavez-fue-detenido-el-fin-de-semana-pasado-cuando-autoridades-ingresaron-a-su-domicilio-tras-una-denuncia-anonima-y-encontraron-un-rifle-de-asalto-catalogado-como-fantasma\">El hijo del legendario Julio C\u00e9sar Ch\u00e1vez fue&nbsp;<strong>detenido<\/strong>&nbsp;el fin de semana pasado cuando autoridades ingresaron a su domicilio tras una denuncia an\u00f3nima y encontraron un rifle de asalto catalogado como \u201c<strong>fantasma<\/strong>\u201c.<\/p>\n\n\n\n<p id=\"h-los-abogados-de-chavez-jr-consiguieron-su-libertad-bajo-fianza-luego-de-varios-dias-en-la-carcel-de-valley-en-van-nuys-donde-fue-fichado\">Los&nbsp;<strong>abogados<\/strong>&nbsp;de \u200bCh\u00e1vez Jr. consiguieron su&nbsp;<strong>libertad bajo fianza<\/strong>&nbsp;luego de varios d\u00edas en la c\u00e1rcel de Valley en Van Nuys, donde lo ficharon.<\/p>\n\n\n\n<p id=\"h-cada-quien-tiene-lo-que-se-merece-pero-estoy-bien-gracias-a-dios-estoy-bien-y-listo-para-lo-que-viene-dijo-chavez-jr-en-declaraciones-a-tudn\">\u201c<strong>Cada quien tiene lo que se merece<\/strong>, pero estoy bien, gracias a Dios, estoy bien y listo para lo que viene\u201d, dijo Ch\u00e1vez Jr. en\u00a0declaraciones\u00a0a\u00a0<em>TUDN<\/em>\u00a0justo al salir de la prisi\u00f3n.<\/p>\n\n\n\n<h2 class=\"wp-block-heading\" id=\"h-positivo\">POSITIVO<\/h2>\n\n\n\n<p id=\"h-agrego-que-tuvo-un-buen-trato-por-parte-de-las-autoridades-y-que-la-gente-aca-adentro-muy-bueno\">Agreg\u00f3 que tuvo un&nbsp;<strong>buen trato<\/strong>&nbsp;por parte de las autoridades y que la \u201cgente ac\u00e1 adentro, muy bueno\u201d.<\/p>\n\n\n\n<p id=\"h-el-pugilista-tendra-que-enfrentar-su-proceso-legal-en-libertad-aunque-no-se-dieron-mas-detalles-de-su-situacion-con-las-autoridades-de-estados-unidos\">Ch\u00e1vez Jr.\u00a0<strong>enfrentar\u00e1 su proceso legal en libertad<\/strong>, aunque no se dieron m\u00e1s detalles de su situaci\u00f3n con las autoridades de Estados Unidos.<\/p>\n\n\n\n<p id=\"h-el-pugilista-tendra-que-enfrentar-su-proceso-legal-en-libertad-aunque-no-se-dieron-mas-detalles-de-su-situacion-con-las-autoridades-de-estados-unidos\">\u00a0\u201c<strong>Todo en la vida viene para algo positivo. Puro para adelante<\/strong>\u201d, agreg\u00f3 Ch\u00e1vez Jr., que adem\u00e1s descart\u00f3 que la experiencia de estar en prisi\u00f3n fuera dura y se\u00f1al\u00f3 que \u201ctodo est\u00e1 bien\u201d sobre la supuesta demanda de divorcio que recibi\u00f3 mientras estaba en la c\u00e1rcel.<\/p>\n","protected":false},"excerpt":{"rendered":"<p>Por Redacci\u00f3n QP En sus primeras declaraciones tras salir de prisi\u00f3n, Ch\u00e1vez J\u00fanior dijo sentirse&#8230;<\/p>\n","protected":false},"author":2,"featured_media":107563,"comment_status":"open","ping_status":"open","sticky":false,"template":"","format":"standard","meta":{"_monsterinsights_skip_tracking":false,"_monsterinsights_sitenote_active":false,"_monsterinsights_sitenote_note":"","_monsterinsights_sitenote_category":0,"footnotes":""},"categories":[54],"tags":[],"class_list":["post-107562","post","type-post","status-publish","format-standard","has-post-thumbnail","hentry","category-deportes"],"yoast_head":"<!-- This site is optimized with the Yoast SEO plugin v27.3 - https:\/\/yoast.com\/product\/yoast-seo-wordpress\/ -->\n<title>Julio C\u00e9sar Ch\u00e1vez Jr. se sincera tras pagar fianza y salir de prisi\u00f3n: \u201cCada quien tiene lo que se merece\u201d -<\/title>\n<meta name=\"robots\" content=\"index, follow, max-snippet:-1, max-image-preview:large, max-video-preview:-1\" \/>\n<link rel=\"canonical\" href=\"https:\/\/quehacerpolitico.mx\/?p=107562\" \/>\n<meta property=\"og:locale\" content=\"es_MX\" \/>\n<meta property=\"og:type\" content=\"article\" \/>\n<meta property=\"og:title\" content=\"Julio C\u00e9sar Ch\u00e1vez Jr. se sincera tras pagar fianza y salir de prisi\u00f3n: \u201cCada quien tiene lo que se merece\u201d -\" \/>\n<meta property=\"og:description\" content=\"Por Redacci\u00f3n QP En sus primeras declaraciones tras salir de prisi\u00f3n, Ch\u00e1vez J\u00fanior dijo sentirse...\" \/>\n<meta property=\"og:url\" content=\"https:\/\/quehacerpolitico.mx\/?p=107562\" \/>\n<meta property=\"article:published_time\" content=\"2024-01-12T19:53:32+00:00\" \/>\n<meta property=\"article:modified_time\" content=\"2024-01-12T19:53:36+00:00\" \/>\n<meta property=\"og:image\" content=\"https:\/\/quehacerpolitico.mx\/wp-content\/uploads\/2024\/01\/IMG_3115.jpeg\" \/>\n\t<meta property=\"og:image:width\" content=\"1536\" \/>\n\t<meta property=\"og:image:height\" content=\"864\" \/>\n\t<meta property=\"og:image:type\" content=\"image\/jpeg\" \/>\n<meta name=\"author\" content=\"Redacci\u00f3n QP\" \/>\n<meta name=\"twitter:card\" content=\"summary_large_image\" \/>\n<meta name=\"twitter:label1\" content=\"Escrito por\" \/>\n\t<meta name=\"twitter:data1\" content=\"Redacci\u00f3n QP\" \/>\n\t<meta name=\"twitter:label2\" content=\"Tiempo de lectura\" \/>\n\t<meta name=\"twitter:data2\" content=\"2 minutos\" \/>\n<script type=\"application\/ld+json\" class=\"yoast-schema-graph\">{\"@context\":\"https:\\\/\\\/schema.org\",\"@graph\":[{\"@type\":\"Article\",\"@id\":\"https:\\\/\\\/quehacerpolitico.mx\\\/?p=107562#article\",\"isPartOf\":{\"@id\":\"https:\\\/\\\/quehacerpolitico.mx\\\/?p=107562\"},\"author\":{\"name\":\"Redacci\u00f3n QP\",\"@id\":\"https:\\\/\\\/quehacerpolitico.mx\\\/#\\\/schema\\\/person\\\/496d8ad2d1d3f8036101dca7ee39e585\"},\"headline\":\"Julio C\u00e9sar Ch\u00e1vez Jr. se sincera tras pagar fianza y salir de prisi\u00f3n: \u201cCada quien tiene lo que se merece\u201d\",\"datePublished\":\"2024-01-12T19:53:32+00:00\",\"dateModified\":\"2024-01-12T19:53:36+00:00\",\"mainEntityOfPage\":{\"@id\":\"https:\\\/\\\/quehacerpolitico.mx\\\/?p=107562\"},\"wordCount\":323,\"commentCount\":0,\"image\":{\"@id\":\"https:\\\/\\\/quehacerpolitico.mx\\\/?p=107562#primaryimage\"},\"thumbnailUrl\":\"https:\\\/\\\/quehacerpolitico.mx\\\/wp-content\\\/uploads\\\/2024\\\/01\\\/IMG_3115.jpeg\",\"articleSection\":[\"Deportes\"],\"inLanguage\":\"es\",\"potentialAction\":[{\"@type\":\"CommentAction\",\"name\":\"Comment\",\"target\":[\"https:\\\/\\\/quehacerpolitico.mx\\\/?p=107562#respond\"]}]},{\"@type\":\"WebPage\",\"@id\":\"https:\\\/\\\/quehacerpolitico.mx\\\/?p=107562\",\"url\":\"https:\\\/\\\/quehacerpolitico.mx\\\/?p=107562\",\"name\":\"Julio C\u00e9sar Ch\u00e1vez Jr. se sincera tras pagar fianza y salir de prisi\u00f3n: \u201cCada quien tiene lo que se merece\u201d -\",\"isPartOf\":{\"@id\":\"https:\\\/\\\/quehacerpolitico.mx\\\/#website\"},\"primaryImageOfPage\":{\"@id\":\"https:\\\/\\\/quehacerpolitico.mx\\\/?p=107562#primaryimage\"},\"image\":{\"@id\":\"https:\\\/\\\/quehacerpolitico.mx\\\/?p=107562#primaryimage\"},\"thumbnailUrl\":\"https:\\\/\\\/quehacerpolitico.mx\\\/wp-content\\\/uploads\\\/2024\\\/01\\\/IMG_3115.jpeg\",\"datePublished\":\"2024-01-12T19:53:32+00:00\",\"dateModified\":\"2024-01-12T19:53:36+00:00\",\"author\":{\"@id\":\"https:\\\/\\\/quehacerpolitico.mx\\\/#\\\/schema\\\/person\\\/496d8ad2d1d3f8036101dca7ee39e585\"},\"breadcrumb\":{\"@id\":\"https:\\\/\\\/quehacerpolitico.mx\\\/?p=107562#breadcrumb\"},\"inLanguage\":\"es\",\"potentialAction\":[{\"@type\":\"ReadAction\",\"target\":[\"https:\\\/\\\/quehacerpolitico.mx\\\/?p=107562\"]}]},{\"@type\":\"ImageObject\",\"inLanguage\":\"es\",\"@id\":\"https:\\\/\\\/quehacerpolitico.mx\\\/?p=107562#primaryimage\",\"url\":\"https:\\\/\\\/quehacerpolitico.mx\\\/wp-content\\\/uploads\\\/2024\\\/01\\\/IMG_3115.jpeg\",\"contentUrl\":\"https:\\\/\\\/quehacerpolitico.mx\\\/wp-content\\\/uploads\\\/2024\\\/01\\\/IMG_3115.jpeg\",\"width\":1536,\"height\":864},{\"@type\":\"BreadcrumbList\",\"@id\":\"https:\\\/\\\/quehacerpolitico.mx\\\/?p=107562#breadcrumb\",\"itemListElement\":[{\"@type\":\"ListItem\",\"position\":1,\"name\":\"Inicio\",\"item\":\"https:\\\/\\\/quehacerpolitico.mx\\\/\"},{\"@type\":\"ListItem\",\"position\":2,\"name\":\"Julio C\u00e9sar Ch\u00e1vez Jr. se sincera tras pagar fianza y salir de prisi\u00f3n: \u201cCada quien tiene lo que se merece\u201d\"}]},{\"@type\":\"WebSite\",\"@id\":\"https:\\\/\\\/quehacerpolitico.mx\\\/#website\",\"url\":\"https:\\\/\\\/quehacerpolitico.mx\\\/\",\"name\":\"\",\"description\":\"\",\"potentialAction\":[{\"@type\":\"SearchAction\",\"target\":{\"@type\":\"EntryPoint\",\"urlTemplate\":\"https:\\\/\\\/quehacerpolitico.mx\\\/?s={search_term_string}\"},\"query-input\":{\"@type\":\"PropertyValueSpecification\",\"valueRequired\":true,\"valueName\":\"search_term_string\"}}],\"inLanguage\":\"es\"},{\"@type\":\"Person\",\"@id\":\"https:\\\/\\\/quehacerpolitico.mx\\\/#\\\/schema\\\/person\\\/496d8ad2d1d3f8036101dca7ee39e585\",\"name\":\"Redacci\u00f3n QP\",\"image\":{\"@type\":\"ImageObject\",\"inLanguage\":\"es\",\"@id\":\"https:\\\/\\\/secure.gravatar.com\\\/avatar\\\/c7164ed6fdec453195284ad24a5ae5b6e1eed2b848477fa2a4787ba9adf39a41?s=96&d=mm&r=g\",\"url\":\"https:\\\/\\\/secure.gravatar.com\\\/avatar\\\/c7164ed6fdec453195284ad24a5ae5b6e1eed2b848477fa2a4787ba9adf39a41?s=96&d=mm&r=g\",\"contentUrl\":\"https:\\\/\\\/secure.gravatar.com\\\/avatar\\\/c7164ed6fdec453195284ad24a5ae5b6e1eed2b848477fa2a4787ba9adf39a41?s=96&d=mm&r=g\",\"caption\":\"Redacci\u00f3n QP\"},\"url\":\"https:\\\/\\\/quehacerpolitico.mx\\\/?author=2\"}]}<\/script>\n<!-- \/ Yoast SEO plugin. -->","yoast_head_json":{"title":"Julio C\u00e9sar Ch\u00e1vez Jr. se sincera tras pagar fianza y salir de prisi\u00f3n: \u201cCada quien tiene lo que se merece\u201d -","robots":{"index":"index","follow":"follow","max-snippet":"max-snippet:-1","max-image-preview":"max-image-preview:large","max-video-preview":"max-video-preview:-1"},"canonical":"https:\/\/quehacerpolitico.mx\/?p=107562","og_locale":"es_MX","og_type":"article","og_title":"Julio C\u00e9sar Ch\u00e1vez Jr. se sincera tras pagar fianza y salir de prisi\u00f3n: \u201cCada quien tiene lo que se merece\u201d -","og_description":"Por Redacci\u00f3n QP En sus primeras declaraciones tras salir de prisi\u00f3n, Ch\u00e1vez J\u00fanior dijo sentirse...","og_url":"https:\/\/quehacerpolitico.mx\/?p=107562","article_published_time":"2024-01-12T19:53:32+00:00","article_modified_time":"2024-01-12T19:53:36+00:00","og_image":[{"width":1536,"height":864,"url":"https:\/\/quehacerpolitico.mx\/wp-content\/uploads\/2024\/01\/IMG_3115.jpeg","type":"image\/jpeg"}],"author":"Redacci\u00f3n QP","twitter_card":"summary_large_image","twitter_misc":{"Escrito por":"Redacci\u00f3n QP","Tiempo de lectura":"2 minutos"},"schema":{"@context":"https:\/\/schema.org","@graph":[{"@type":"Article","@id":"https:\/\/quehacerpolitico.mx\/?p=107562#article","isPartOf":{"@id":"https:\/\/quehacerpolitico.mx\/?p=107562"},"author":{"name":"Redacci\u00f3n QP","@id":"https:\/\/quehacerpolitico.mx\/#\/schema\/person\/496d8ad2d1d3f8036101dca7ee39e585"},"headline":"Julio C\u00e9sar Ch\u00e1vez Jr. se sincera tras pagar fianza y salir de prisi\u00f3n: \u201cCada quien tiene lo que se merece\u201d","datePublished":"2024-01-12T19:53:32+00:00","dateModified":"2024-01-12T19:53:36+00:00","mainEntityOfPage":{"@id":"https:\/\/quehacerpolitico.mx\/?p=107562"},"wordCount":323,"commentCount":0,"image":{"@id":"https:\/\/quehacerpolitico.mx\/?p=107562#primaryimage"},"thumbnailUrl":"https:\/\/quehacerpolitico.mx\/wp-content\/uploads\/2024\/01\/IMG_3115.jpeg","articleSection":["Deportes"],"inLanguage":"es","potentialAction":[{"@type":"CommentAction","name":"Comment","target":["https:\/\/quehacerpolitico.mx\/?p=107562#respond"]}]},{"@type":"WebPage","@id":"https:\/\/quehacerpolitico.mx\/?p=107562","url":"https:\/\/quehacerpolitico.mx\/?p=107562","name":"Julio C\u00e9sar Ch\u00e1vez Jr. se sincera tras pagar fianza y salir de prisi\u00f3n: \u201cCada quien tiene lo que se merece\u201d -","isPartOf":{"@id":"https:\/\/quehacerpolitico.mx\/#website"},"primaryImageOfPage":{"@id":"https:\/\/quehacerpolitico.mx\/?p=107562#primaryimage"},"image":{"@id":"https:\/\/quehacerpolitico.mx\/?p=107562#primaryimage"},"thumbnailUrl":"https:\/\/quehacerpolitico.mx\/wp-content\/uploads\/2024\/01\/IMG_3115.jpeg","datePublished":"2024-01-12T19:53:32+00:00","dateModified":"2024-01-12T19:53:36+00:00","author":{"@id":"https:\/\/quehacerpolitico.mx\/#\/schema\/person\/496d8ad2d1d3f8036101dca7ee39e585"},"breadcrumb":{"@id":"https:\/\/quehacerpolitico.mx\/?p=107562#breadcrumb"},"inLanguage":"es","potentialAction":[{"@type":"ReadAction","target":["https:\/\/quehacerpolitico.mx\/?p=107562"]}]},{"@type":"ImageObject","inLanguage":"es","@id":"https:\/\/quehacerpolitico.mx\/?p=107562#primaryimage","url":"https:\/\/quehacerpolitico.mx\/wp-content\/uploads\/2024\/01\/IMG_3115.jpeg","contentUrl":"https:\/\/quehacerpolitico.mx\/wp-content\/uploads\/2024\/01\/IMG_3115.jpeg","width":1536,"height":864},{"@type":"BreadcrumbList","@id":"https:\/\/quehacerpolitico.mx\/?p=107562#breadcrumb","itemListElement":[{"@type":"ListItem","position":1,"name":"Inicio","item":"https:\/\/quehacerpolitico.mx\/"},{"@type":"ListItem","position":2,"name":"Julio C\u00e9sar Ch\u00e1vez Jr. se sincera tras pagar fianza y salir de prisi\u00f3n: \u201cCada quien tiene lo que se merece\u201d"}]},{"@type":"WebSite","@id":"https:\/\/quehacerpolitico.mx\/#website","url":"https:\/\/quehacerpolitico.mx\/","name":"","description":"","potentialAction":[{"@type":"SearchAction","target":{"@type":"EntryPoint","urlTemplate":"https:\/\/quehacerpolitico.mx\/?s={search_term_string}"},"query-input":{"@type":"PropertyValueSpecification","valueRequired":true,"valueName":"search_term_string"}}],"inLanguage":"es"},{"@type":"Person","@id":"https:\/\/quehacerpolitico.mx\/#\/schema\/person\/496d8ad2d1d3f8036101dca7ee39e585","name":"Redacci\u00f3n QP","image":{"@type":"ImageObject","inLanguage":"es","@id":"https:\/\/secure.gravatar.com\/avatar\/c7164ed6fdec453195284ad24a5ae5b6e1eed2b848477fa2a4787ba9adf39a41?s=96&d=mm&r=g","url":"https:\/\/secure.gravatar.com\/avatar\/c7164ed6fdec453195284ad24a5ae5b6e1eed2b848477fa2a4787ba9adf39a41?s=96&d=mm&r=g","contentUrl":"https:\/\/secure.gravatar.com\/avatar\/c7164ed6fdec453195284ad24a5ae5b6e1eed2b848477fa2a4787ba9adf39a41?s=96&d=mm&r=g","caption":"Redacci\u00f3n QP"},"url":"https:\/\/quehacerpolitico.mx\/?author=2"}]}},"featured_image_urls":{"full":["https:\/\/quehacerpolitico.mx\/wp-content\/uploads\/2024\/01\/IMG_3115.jpeg",1536,864,false],"thumbnail":["https:\/\/quehacerpolitico.mx\/wp-content\/uploads\/2024\/01\/IMG_3115-150x150.jpeg",150,150,true],"medium":["https:\/\/quehacerpolitico.mx\/wp-content\/uploads\/2024\/01\/IMG_3115-300x169.jpeg",300,169,true],"medium_large":["https:\/\/quehacerpolitico.mx\/wp-content\/uploads\/2024\/01\/IMG_3115-768x432.jpeg",640,360,true],"large":["https:\/\/quehacerpolitico.mx\/wp-content\/uploads\/2024\/01\/IMG_3115-1024x576.jpeg",640,360,true],"1536x1536":["https:\/\/quehacerpolitico.mx\/wp-content\/uploads\/2024\/01\/IMG_3115.jpeg",1536,864,false],"2048x2048":["https:\/\/quehacerpolitico.mx\/wp-content\/uploads\/2024\/01\/IMG_3115.jpeg",1536,864,false],"covernews-featured":["https:\/\/quehacerpolitico.mx\/wp-content\/uploads\/2024\/01\/IMG_3115.jpeg",1024,576,false],"covernews-medium":["https:\/\/quehacerpolitico.mx\/wp-content\/uploads\/2024\/01\/IMG_3115.jpeg",540,304,false]},"author_info":{"display_name":"Redacci\u00f3n QP","author_link":"https:\/\/quehacerpolitico.mx\/?author=2"},"category_info":"<a href=\"https:\/\/quehacerpolitico.mx\/?cat=54\" rel=\"category\">Deportes<\/a>","tag_info":"Deportes","comment_count":"0","_links":{"self":[{"href":"https:\/\/quehacerpolitico.mx\/index.php?rest_route=\/wp\/v2\/posts\/107562","targetHints":{"allow":["GET"]}}],"collection":[{"href":"https:\/\/quehacerpolitico.mx\/index.php?rest_route=\/wp\/v2\/posts"}],"about":[{"href":"https:\/\/quehacerpolitico.mx\/index.php?rest_route=\/wp\/v2\/types\/post"}],"author":[{"embeddable":true,"href":"https:\/\/quehacerpolitico.mx\/index.php?rest_route=\/wp\/v2\/users\/2"}],"replies":[{"embeddable":true,"href":"https:\/\/quehacerpolitico.mx\/index.php?rest_route=%2Fwp%2Fv2%2Fcomments&post=107562"}],"version-history":[{"count":1,"href":"https:\/\/quehacerpolitico.mx\/index.php?rest_route=\/wp\/v2\/posts\/107562\/revisions"}],"predecessor-version":[{"id":107564,"href":"https:\/\/quehacerpolitico.mx\/index.php?rest_route=\/wp\/v2\/posts\/107562\/revisions\/107564"}],"wp:featuredmedia":[{"embeddable":true,"href":"https:\/\/quehacerpolitico.mx\/index.php?rest_route=\/wp\/v2\/media\/107563"}],"wp:attachment":[{"href":"https:\/\/quehacerpolitico.mx\/index.php?rest_route=%2Fwp%2Fv2%2Fmedia&parent=107562"}],"wp:term":[{"taxonomy":"category","embeddable":true,"href":"https:\/\/quehacerpolitico.mx\/index.php?rest_route=%2Fwp%2Fv2%2Fcategories&post=107562"},{"taxonomy":"post_tag","embeddable":true,"href":"https:\/\/quehacerpolitico.mx\/index.php?rest_route=%2Fwp%2Fv2%2Ftags&post=107562"}],"curies":[{"name":"wp","href":"https:\/\/api.w.org\/{rel}","templated":true}]}}