{"id":107556,"date":"2024-01-12T18:35:13","date_gmt":"2024-01-12T18:35:13","guid":{"rendered":"https:\/\/quehacerpolitico.mx\/?p=107556"},"modified":"2024-01-12T18:35:17","modified_gmt":"2024-01-12T18:35:17","slug":"patriots-revelan-a-su-nuevo-coach-quien-es","status":"publish","type":"post","link":"https:\/\/quehacerpolitico.mx\/?p=107556","title":{"rendered":"Patriots revelan a su nuevo coach, \u00bfqui\u00e9n es?"},"content":{"rendered":"\n<p>Por Redacci\u00f3n QP<\/p>\n\n\n\n<p>La decisi\u00f3n del contrato ocurri\u00f3 un d\u00eda despu\u00e9s de que Bill Belichick acord\u00f3 rescindir con los Patriots tras 24 a\u00f1os y seis t\u00edtulos<\/p>\n\n\n\n<p>Los\u00a0Patriots de Nueva Inglaterra acordaron este viernes 12 de enero contratar a Jerod Mayo para suceder a Bill Belichick como su pr\u00f3ximo entrenador, inform\u00f3 una persona que tiene conocimiento de la situaci\u00f3n. M\u00e1s tarde, el propio equipo ya confirm\u00f3 la noticia.<\/p>\n\n\n\n<p><strong>Jerod Mayo<\/strong>\u00a0disput\u00f3 ocho temporadas en la\u00a0NFL como jugador y gan\u00f3 el Super Bowl con los Patriots en la campa\u00f1a 2014.<\/p>\n\n\n\n<p>La decisi\u00f3n de contratar a Mayo ocurri\u00f3 un d\u00eda despu\u00e9s de que Belichick acord\u00f3 rescindir su contrato con los Patriots tras 24 a\u00f1os en los que ganaron seis campeonatos de Super Bowl.<\/p>\n\n\n\n<p>Mayo inmediatamente subi\u00f3 a la cima de la lista de posibles sucesores de Belichick desde que los Patriots tomaron la decisi\u00f3n de anunciar que le dar\u00edan una inusual extensi\u00f3n de contrato a largo plazo al asistente. Mayo, junto al hijo de Belichick y entrenador de linebackers Steve Belichick,&nbsp;<strong>se encarg\u00f3 de decidir las jugadas defensivas de los Patriots las \u00faltimas dos temporadas.<\/strong><\/p>\n\n\n\n<figure class=\"wp-block-image\"><img decoding=\"async\" src=\"https:\/\/www.informador.mx\/export\/sites\/elinformador\/img\/2024\/01\/12\/image_2.png_589976825.png\" alt=\"\"\/><\/figure>\n\n\n\n<p>A pesar de la marca de 4-13 esta campa\u00f1a, la defensiva del equipo se ha mantenido entre las mejores en varios rubros, aunque perdieron al linebacker Matt Judon y al cornerback novato Christian Gonzalez por lesiones casi al inicio de temporada.<\/p>\n\n\n\n<p>Aunque no se dieron a conocer los t\u00e9rminos del contrato de Mayo antes de la temporada anterior, lo firm\u00f3 cuando el&nbsp;<strong>exjugador de 37 a\u00f1os<\/strong>&nbsp;tuvo entrevistas para entrenador en jefe en Filadelfia y Carolina en las \u00faltimas dos temporadas.<\/p>\n\n\n\n<p>Kraft dijo que el cometido para el pr\u00f3ximo entrenador ser\u00eda&nbsp;<strong>volver a los playoffs<\/strong>&nbsp;despu\u00e9s de que el equipo qued\u00f3 fuera en tres de los \u00faltimos cuatro a\u00f1os y no ha ganado ning\u00fan encuentro de postemporada desde la campa\u00f1a 2018.<\/p>\n\n\n\n<p>&#8220;Buscamos a alguien que nos pueda ayudar a volver a los playoffs y ganar&#8221;, indic\u00f3 Kraft. &#8220;Cr\u00e9anme, despu\u00e9s de mi familia, este es uno de los activos m\u00e1s importantes de mi familia. Me molesta cuando no ganamos, lo mantengo toda la semana. Entonces les prometo que me enfocar\u00e9 en hacer lo mejor para asegurar que estemos en la mejor posici\u00f3n a largo plazo para ganar muchos a\u00f1os&#8221;.<\/p>\n\n\n\n<p>No se espera que Mayo tenga el mismo control en asuntos de personal como Belichick. Adem\u00e1s de ser entrenador,&nbsp;<strong>Belichick fungi\u00f3 como gerente general de facto de Nueva Inglaterra.<\/strong><\/p>\n\n\n\n<p>Pero Kraft record\u00f3 ayer jueves que Belichick recibi\u00f3 ese poder hasta despu\u00e9s de que gan\u00f3 su tercer Super Bowl tras la temporada 2004 y que Belichick &#8220;se lo gan\u00f3 y trabaj\u00f3 muy bien casi todo el tiempo&#8221;.<\/p>\n\n\n\n<p>Esto quiere decir que&nbsp;<strong>un nuevo gerente general, o una reconstrucci\u00f3n en la directiva, ser\u00e1 el siguiente paso para Kraft.<\/strong><\/p>\n\n\n\n<p>&#8220;Creo que es bueno tener pesos y contrapesos&#8221;, advirti\u00f3 Kraft.<\/p>\n\n\n\n<p>Con informaci\u00f3n de AP<\/p>\n","protected":false},"excerpt":{"rendered":"<p>Por Redacci\u00f3n QP La decisi\u00f3n del contrato ocurri\u00f3 un d\u00eda despu\u00e9s de que Bill Belichick&#8230;<\/p>\n","protected":false},"author":2,"featured_media":107557,"comment_status":"open","ping_status":"open","sticky":false,"template":"","format":"standard","meta":{"_monsterinsights_skip_tracking":false,"_monsterinsights_sitenote_active":false,"_monsterinsights_sitenote_note":"","_monsterinsights_sitenote_category":0,"footnotes":""},"categories":[54],"tags":[],"class_list":["post-107556","post","type-post","status-publish","format-standard","has-post-thumbnail","hentry","category-deportes"],"yoast_head":"<!-- This site is optimized with the Yoast SEO plugin v27.3 - https:\/\/yoast.com\/product\/yoast-seo-wordpress\/ -->\n<title>Patriots revelan a su nuevo coach, \u00bfqui\u00e9n es? -<\/title>\n<meta name=\"robots\" content=\"index, follow, max-snippet:-1, max-image-preview:large, max-video-preview:-1\" \/>\n<link rel=\"canonical\" href=\"https:\/\/quehacerpolitico.mx\/?p=107556\" \/>\n<meta property=\"og:locale\" content=\"es_MX\" \/>\n<meta property=\"og:type\" content=\"article\" \/>\n<meta property=\"og:title\" content=\"Patriots revelan a su nuevo coach, \u00bfqui\u00e9n es? -\" \/>\n<meta property=\"og:description\" content=\"Por Redacci\u00f3n QP La decisi\u00f3n del contrato ocurri\u00f3 un d\u00eda despu\u00e9s de que Bill Belichick...\" \/>\n<meta property=\"og:url\" content=\"https:\/\/quehacerpolitico.mx\/?p=107556\" \/>\n<meta property=\"article:published_time\" content=\"2024-01-12T18:35:13+00:00\" \/>\n<meta property=\"article:modified_time\" content=\"2024-01-12T18:35:17+00:00\" \/>\n<meta property=\"og:image\" content=\"https:\/\/quehacerpolitico.mx\/wp-content\/uploads\/2024\/01\/IMG_3112.jpeg\" \/>\n\t<meta property=\"og:image:width\" content=\"1284\" \/>\n\t<meta property=\"og:image:height\" content=\"706\" \/>\n\t<meta property=\"og:image:type\" content=\"image\/jpeg\" \/>\n<meta name=\"author\" content=\"Redacci\u00f3n QP\" \/>\n<meta name=\"twitter:card\" content=\"summary_large_image\" \/>\n<meta name=\"twitter:label1\" content=\"Escrito por\" \/>\n\t<meta name=\"twitter:data1\" content=\"Redacci\u00f3n QP\" \/>\n\t<meta name=\"twitter:label2\" content=\"Tiempo de lectura\" \/>\n\t<meta name=\"twitter:data2\" content=\"3 minutos\" \/>\n<script type=\"application\/ld+json\" class=\"yoast-schema-graph\">{\"@context\":\"https:\\\/\\\/schema.org\",\"@graph\":[{\"@type\":\"Article\",\"@id\":\"https:\\\/\\\/quehacerpolitico.mx\\\/?p=107556#article\",\"isPartOf\":{\"@id\":\"https:\\\/\\\/quehacerpolitico.mx\\\/?p=107556\"},\"author\":{\"name\":\"Redacci\u00f3n QP\",\"@id\":\"https:\\\/\\\/quehacerpolitico.mx\\\/#\\\/schema\\\/person\\\/496d8ad2d1d3f8036101dca7ee39e585\"},\"headline\":\"Patriots revelan a su nuevo coach, \u00bfqui\u00e9n es?\",\"datePublished\":\"2024-01-12T18:35:13+00:00\",\"dateModified\":\"2024-01-12T18:35:17+00:00\",\"mainEntityOfPage\":{\"@id\":\"https:\\\/\\\/quehacerpolitico.mx\\\/?p=107556\"},\"wordCount\":516,\"commentCount\":0,\"image\":{\"@id\":\"https:\\\/\\\/quehacerpolitico.mx\\\/?p=107556#primaryimage\"},\"thumbnailUrl\":\"https:\\\/\\\/quehacerpolitico.mx\\\/wp-content\\\/uploads\\\/2024\\\/01\\\/IMG_3112.jpeg\",\"articleSection\":[\"Deportes\"],\"inLanguage\":\"es\",\"potentialAction\":[{\"@type\":\"CommentAction\",\"name\":\"Comment\",\"target\":[\"https:\\\/\\\/quehacerpolitico.mx\\\/?p=107556#respond\"]}]},{\"@type\":\"WebPage\",\"@id\":\"https:\\\/\\\/quehacerpolitico.mx\\\/?p=107556\",\"url\":\"https:\\\/\\\/quehacerpolitico.mx\\\/?p=107556\",\"name\":\"Patriots revelan a su nuevo coach, \u00bfqui\u00e9n es? -\",\"isPartOf\":{\"@id\":\"https:\\\/\\\/quehacerpolitico.mx\\\/#website\"},\"primaryImageOfPage\":{\"@id\":\"https:\\\/\\\/quehacerpolitico.mx\\\/?p=107556#primaryimage\"},\"image\":{\"@id\":\"https:\\\/\\\/quehacerpolitico.mx\\\/?p=107556#primaryimage\"},\"thumbnailUrl\":\"https:\\\/\\\/quehacerpolitico.mx\\\/wp-content\\\/uploads\\\/2024\\\/01\\\/IMG_3112.jpeg\",\"datePublished\":\"2024-01-12T18:35:13+00:00\",\"dateModified\":\"2024-01-12T18:35:17+00:00\",\"author\":{\"@id\":\"https:\\\/\\\/quehacerpolitico.mx\\\/#\\\/schema\\\/person\\\/496d8ad2d1d3f8036101dca7ee39e585\"},\"breadcrumb\":{\"@id\":\"https:\\\/\\\/quehacerpolitico.mx\\\/?p=107556#breadcrumb\"},\"inLanguage\":\"es\",\"potentialAction\":[{\"@type\":\"ReadAction\",\"target\":[\"https:\\\/\\\/quehacerpolitico.mx\\\/?p=107556\"]}]},{\"@type\":\"ImageObject\",\"inLanguage\":\"es\",\"@id\":\"https:\\\/\\\/quehacerpolitico.mx\\\/?p=107556#primaryimage\",\"url\":\"https:\\\/\\\/quehacerpolitico.mx\\\/wp-content\\\/uploads\\\/2024\\\/01\\\/IMG_3112.jpeg\",\"contentUrl\":\"https:\\\/\\\/quehacerpolitico.mx\\\/wp-content\\\/uploads\\\/2024\\\/01\\\/IMG_3112.jpeg\",\"width\":1284,\"height\":706},{\"@type\":\"BreadcrumbList\",\"@id\":\"https:\\\/\\\/quehacerpolitico.mx\\\/?p=107556#breadcrumb\",\"itemListElement\":[{\"@type\":\"ListItem\",\"position\":1,\"name\":\"Inicio\",\"item\":\"https:\\\/\\\/quehacerpolitico.mx\\\/\"},{\"@type\":\"ListItem\",\"position\":2,\"name\":\"Patriots revelan a su nuevo coach, \u00bfqui\u00e9n es?\"}]},{\"@type\":\"WebSite\",\"@id\":\"https:\\\/\\\/quehacerpolitico.mx\\\/#website\",\"url\":\"https:\\\/\\\/quehacerpolitico.mx\\\/\",\"name\":\"\",\"description\":\"\",\"potentialAction\":[{\"@type\":\"SearchAction\",\"target\":{\"@type\":\"EntryPoint\",\"urlTemplate\":\"https:\\\/\\\/quehacerpolitico.mx\\\/?s={search_term_string}\"},\"query-input\":{\"@type\":\"PropertyValueSpecification\",\"valueRequired\":true,\"valueName\":\"search_term_string\"}}],\"inLanguage\":\"es\"},{\"@type\":\"Person\",\"@id\":\"https:\\\/\\\/quehacerpolitico.mx\\\/#\\\/schema\\\/person\\\/496d8ad2d1d3f8036101dca7ee39e585\",\"name\":\"Redacci\u00f3n QP\",\"image\":{\"@type\":\"ImageObject\",\"inLanguage\":\"es\",\"@id\":\"https:\\\/\\\/secure.gravatar.com\\\/avatar\\\/c7164ed6fdec453195284ad24a5ae5b6e1eed2b848477fa2a4787ba9adf39a41?s=96&d=mm&r=g\",\"url\":\"https:\\\/\\\/secure.gravatar.com\\\/avatar\\\/c7164ed6fdec453195284ad24a5ae5b6e1eed2b848477fa2a4787ba9adf39a41?s=96&d=mm&r=g\",\"contentUrl\":\"https:\\\/\\\/secure.gravatar.com\\\/avatar\\\/c7164ed6fdec453195284ad24a5ae5b6e1eed2b848477fa2a4787ba9adf39a41?s=96&d=mm&r=g\",\"caption\":\"Redacci\u00f3n QP\"},\"url\":\"https:\\\/\\\/quehacerpolitico.mx\\\/?author=2\"}]}<\/script>\n<!-- \/ Yoast SEO plugin. -->","yoast_head_json":{"title":"Patriots revelan a su nuevo coach, \u00bfqui\u00e9n es? -","robots":{"index":"index","follow":"follow","max-snippet":"max-snippet:-1","max-image-preview":"max-image-preview:large","max-video-preview":"max-video-preview:-1"},"canonical":"https:\/\/quehacerpolitico.mx\/?p=107556","og_locale":"es_MX","og_type":"article","og_title":"Patriots revelan a su nuevo coach, \u00bfqui\u00e9n es? -","og_description":"Por Redacci\u00f3n QP La decisi\u00f3n del contrato ocurri\u00f3 un d\u00eda despu\u00e9s de que Bill Belichick...","og_url":"https:\/\/quehacerpolitico.mx\/?p=107556","article_published_time":"2024-01-12T18:35:13+00:00","article_modified_time":"2024-01-12T18:35:17+00:00","og_image":[{"width":1284,"height":706,"url":"https:\/\/quehacerpolitico.mx\/wp-content\/uploads\/2024\/01\/IMG_3112.jpeg","type":"image\/jpeg"}],"author":"Redacci\u00f3n QP","twitter_card":"summary_large_image","twitter_misc":{"Escrito por":"Redacci\u00f3n QP","Tiempo de lectura":"3 minutos"},"schema":{"@context":"https:\/\/schema.org","@graph":[{"@type":"Article","@id":"https:\/\/quehacerpolitico.mx\/?p=107556#article","isPartOf":{"@id":"https:\/\/quehacerpolitico.mx\/?p=107556"},"author":{"name":"Redacci\u00f3n QP","@id":"https:\/\/quehacerpolitico.mx\/#\/schema\/person\/496d8ad2d1d3f8036101dca7ee39e585"},"headline":"Patriots revelan a su nuevo coach, \u00bfqui\u00e9n es?","datePublished":"2024-01-12T18:35:13+00:00","dateModified":"2024-01-12T18:35:17+00:00","mainEntityOfPage":{"@id":"https:\/\/quehacerpolitico.mx\/?p=107556"},"wordCount":516,"commentCount":0,"image":{"@id":"https:\/\/quehacerpolitico.mx\/?p=107556#primaryimage"},"thumbnailUrl":"https:\/\/quehacerpolitico.mx\/wp-content\/uploads\/2024\/01\/IMG_3112.jpeg","articleSection":["Deportes"],"inLanguage":"es","potentialAction":[{"@type":"CommentAction","name":"Comment","target":["https:\/\/quehacerpolitico.mx\/?p=107556#respond"]}]},{"@type":"WebPage","@id":"https:\/\/quehacerpolitico.mx\/?p=107556","url":"https:\/\/quehacerpolitico.mx\/?p=107556","name":"Patriots revelan a su nuevo coach, \u00bfqui\u00e9n es? -","isPartOf":{"@id":"https:\/\/quehacerpolitico.mx\/#website"},"primaryImageOfPage":{"@id":"https:\/\/quehacerpolitico.mx\/?p=107556#primaryimage"},"image":{"@id":"https:\/\/quehacerpolitico.mx\/?p=107556#primaryimage"},"thumbnailUrl":"https:\/\/quehacerpolitico.mx\/wp-content\/uploads\/2024\/01\/IMG_3112.jpeg","datePublished":"2024-01-12T18:35:13+00:00","dateModified":"2024-01-12T18:35:17+00:00","author":{"@id":"https:\/\/quehacerpolitico.mx\/#\/schema\/person\/496d8ad2d1d3f8036101dca7ee39e585"},"breadcrumb":{"@id":"https:\/\/quehacerpolitico.mx\/?p=107556#breadcrumb"},"inLanguage":"es","potentialAction":[{"@type":"ReadAction","target":["https:\/\/quehacerpolitico.mx\/?p=107556"]}]},{"@type":"ImageObject","inLanguage":"es","@id":"https:\/\/quehacerpolitico.mx\/?p=107556#primaryimage","url":"https:\/\/quehacerpolitico.mx\/wp-content\/uploads\/2024\/01\/IMG_3112.jpeg","contentUrl":"https:\/\/quehacerpolitico.mx\/wp-content\/uploads\/2024\/01\/IMG_3112.jpeg","width":1284,"height":706},{"@type":"BreadcrumbList","@id":"https:\/\/quehacerpolitico.mx\/?p=107556#breadcrumb","itemListElement":[{"@type":"ListItem","position":1,"name":"Inicio","item":"https:\/\/quehacerpolitico.mx\/"},{"@type":"ListItem","position":2,"name":"Patriots revelan a su nuevo coach, \u00bfqui\u00e9n es?"}]},{"@type":"WebSite","@id":"https:\/\/quehacerpolitico.mx\/#website","url":"https:\/\/quehacerpolitico.mx\/","name":"","description":"","potentialAction":[{"@type":"SearchAction","target":{"@type":"EntryPoint","urlTemplate":"https:\/\/quehacerpolitico.mx\/?s={search_term_string}"},"query-input":{"@type":"PropertyValueSpecification","valueRequired":true,"valueName":"search_term_string"}}],"inLanguage":"es"},{"@type":"Person","@id":"https:\/\/quehacerpolitico.mx\/#\/schema\/person\/496d8ad2d1d3f8036101dca7ee39e585","name":"Redacci\u00f3n QP","image":{"@type":"ImageObject","inLanguage":"es","@id":"https:\/\/secure.gravatar.com\/avatar\/c7164ed6fdec453195284ad24a5ae5b6e1eed2b848477fa2a4787ba9adf39a41?s=96&d=mm&r=g","url":"https:\/\/secure.gravatar.com\/avatar\/c7164ed6fdec453195284ad24a5ae5b6e1eed2b848477fa2a4787ba9adf39a41?s=96&d=mm&r=g","contentUrl":"https:\/\/secure.gravatar.com\/avatar\/c7164ed6fdec453195284ad24a5ae5b6e1eed2b848477fa2a4787ba9adf39a41?s=96&d=mm&r=g","caption":"Redacci\u00f3n QP"},"url":"https:\/\/quehacerpolitico.mx\/?author=2"}]}},"featured_image_urls":{"full":["https:\/\/quehacerpolitico.mx\/wp-content\/uploads\/2024\/01\/IMG_3112.jpeg",1284,706,false],"thumbnail":["https:\/\/quehacerpolitico.mx\/wp-content\/uploads\/2024\/01\/IMG_3112-150x150.jpeg",150,150,true],"medium":["https:\/\/quehacerpolitico.mx\/wp-content\/uploads\/2024\/01\/IMG_3112-300x165.jpeg",300,165,true],"medium_large":["https:\/\/quehacerpolitico.mx\/wp-content\/uploads\/2024\/01\/IMG_3112-768x422.jpeg",640,352,true],"large":["https:\/\/quehacerpolitico.mx\/wp-content\/uploads\/2024\/01\/IMG_3112-1024x563.jpeg",640,352,true],"1536x1536":["https:\/\/quehacerpolitico.mx\/wp-content\/uploads\/2024\/01\/IMG_3112.jpeg",1284,706,false],"2048x2048":["https:\/\/quehacerpolitico.mx\/wp-content\/uploads\/2024\/01\/IMG_3112.jpeg",1284,706,false],"covernews-featured":["https:\/\/quehacerpolitico.mx\/wp-content\/uploads\/2024\/01\/IMG_3112.jpeg",1024,563,false],"covernews-medium":["https:\/\/quehacerpolitico.mx\/wp-content\/uploads\/2024\/01\/IMG_3112.jpeg",540,297,false]},"author_info":{"display_name":"Redacci\u00f3n QP","author_link":"https:\/\/quehacerpolitico.mx\/?author=2"},"category_info":"<a href=\"https:\/\/quehacerpolitico.mx\/?cat=54\" rel=\"category\">Deportes<\/a>","tag_info":"Deportes","comment_count":"0","_links":{"self":[{"href":"https:\/\/quehacerpolitico.mx\/index.php?rest_route=\/wp\/v2\/posts\/107556","targetHints":{"allow":["GET"]}}],"collection":[{"href":"https:\/\/quehacerpolitico.mx\/index.php?rest_route=\/wp\/v2\/posts"}],"about":[{"href":"https:\/\/quehacerpolitico.mx\/index.php?rest_route=\/wp\/v2\/types\/post"}],"author":[{"embeddable":true,"href":"https:\/\/quehacerpolitico.mx\/index.php?rest_route=\/wp\/v2\/users\/2"}],"replies":[{"embeddable":true,"href":"https:\/\/quehacerpolitico.mx\/index.php?rest_route=%2Fwp%2Fv2%2Fcomments&post=107556"}],"version-history":[{"count":1,"href":"https:\/\/quehacerpolitico.mx\/index.php?rest_route=\/wp\/v2\/posts\/107556\/revisions"}],"predecessor-version":[{"id":107558,"href":"https:\/\/quehacerpolitico.mx\/index.php?rest_route=\/wp\/v2\/posts\/107556\/revisions\/107558"}],"wp:featuredmedia":[{"embeddable":true,"href":"https:\/\/quehacerpolitico.mx\/index.php?rest_route=\/wp\/v2\/media\/107557"}],"wp:attachment":[{"href":"https:\/\/quehacerpolitico.mx\/index.php?rest_route=%2Fwp%2Fv2%2Fmedia&parent=107556"}],"wp:term":[{"taxonomy":"category","embeddable":true,"href":"https:\/\/quehacerpolitico.mx\/index.php?rest_route=%2Fwp%2Fv2%2Fcategories&post=107556"},{"taxonomy":"post_tag","embeddable":true,"href":"https:\/\/quehacerpolitico.mx\/index.php?rest_route=%2Fwp%2Fv2%2Ftags&post=107556"}],"curies":[{"name":"wp","href":"https:\/\/api.w.org\/{rel}","templated":true}]}}