{"id":107547,"date":"2024-01-12T17:20:13","date_gmt":"2024-01-12T17:20:13","guid":{"rendered":"https:\/\/quehacerpolitico.mx\/?p=107547"},"modified":"2024-01-12T17:20:16","modified_gmt":"2024-01-12T17:20:16","slug":"internacionales-carolina-alonso-romei-la-fiscalia-de-peru-solicito-34-anos-de-carcel-para-el-expresidente-pedro-castillo-por-el-fallido-autogolpe-de-estado","status":"publish","type":"post","link":"https:\/\/quehacerpolitico.mx\/?p=107547","title":{"rendered":"Internacionales\/\/\/Carolina Alonso Romei\/\/\/La\u00a0Fiscal\u00eda de Per\u00fa\u00a0solicit\u00f3\u00a034 a\u00f1os\u00a0de\u00a0c\u00e1rcel\u00a0para el expresidente\u00a0Pedro Castillo\u00a0por el fallido autogolpe de Estado"},"content":{"rendered":"\n<p>Por Carolina Alonso Romei<\/p>\n\n\n\n<p>Internacionalista <\/p>\n\n\n\n<p>El Ministerio P\u00fablico solicit\u00f3 34 a\u00f1os de c\u00e1rcel contra Pedro Castillo por rebeli\u00f3n, abuso de autoridad y grave perturbaci\u00f3n a la tranquilidad p\u00fablica<\/p>\n\n\n\n<p>La&nbsp;<strong>Fiscal\u00eda de Per\u00fa<\/strong>&nbsp;solicit\u00f3<strong>&nbsp;34 a\u00f1os<\/strong>&nbsp;de&nbsp;<strong>c\u00e1rcel<\/strong>&nbsp;para el expresidente&nbsp;<strong>Pedro Castillo<\/strong>&nbsp;por el fallido autogolpe de Estado del 7 de diciembre de 2022, inform\u00f3 el Ministerio P\u00fablico.<\/p>\n\n\n\n<p>\u201cEl Ministerio P\u00fablico solicita 34 a\u00f1os de prisi\u00f3n contra Pedro Castillo Terrones por los delitos de\u00a0<strong>rebeli\u00f3n<\/strong>,\u00a0<strong>abuso de autoridad<\/strong>y\u00a0<strong>grave perturbaci\u00f3n a la tranquilidad p\u00fablica<\/strong>. El expresidente es acusado de perpetrar el golpe de Estado el pasado 7 de diciembre de 2022\u2033, public\u00f3 la Fiscal\u00eda en su cuenta en la red social X<\/p>\n\n\n\n<figure class=\"wp-block-embed is-type-rich is-provider-twitter wp-block-embed-twitter\"><div class=\"wp-block-embed__wrapper\">\n<blockquote class=\"twitter-tweet\" data-width=\"550\" data-dnt=\"true\"><p lang=\"es\" dir=\"ltr\">Ministerio P\u00fablico solicita 34 a\u00f1os de prisi\u00f3n contra Pedro Castillo Terrones por los delitos de rebeli\u00f3n, abuso de autoridad y grave perturbaci\u00f3n a la tranquilidad p\u00fablica.<br><br>El expresidente es acusado de perpetrar el golpe de estado el pasado 7 de diciembre de 2022. <a href=\"https:\/\/t.co\/hX19oLktNQ\">pic.twitter.com\/hX19oLktNQ<\/a><\/p>&mdash; Ministerio P\u00fablico (@FiscaliaPeru) <a href=\"https:\/\/twitter.com\/FiscaliaPeru\/status\/1745802882106958311?ref_src=twsrc%5Etfw\">January 12, 2024<\/a><\/blockquote><script async src=\"https:\/\/platform.twitter.com\/widgets.js\" charset=\"utf-8\"><\/script>\n<\/div><\/figure>\n\n\n\n<p>El exmandatario se encuentra recluido desde ese d\u00eda en cumplimiento de una orden de prisi\u00f3n preventiva de 18 meses y pesa sobre \u00e9l otra orden de 36 meses de prisi\u00f3n preventiva mientras es investigado por presuntamente haber liderado una red corrupta en el Ejecutivo.<\/p>\n\n\n\n<p>Ese 7 de diciembre, Castillo anunci\u00f3 en un mensaje a la naci\u00f3n el cierre del Parlamento, la reorganizaci\u00f3n del sistema de justicia y la instalaci\u00f3n de un&nbsp;<strong>Ejecutivo de emergencia<\/strong>&nbsp;que deb\u00eda gobernar por decreto.<\/p>\n\n\n\n<p>Por esa decisi\u00f3n, fue&nbsp;<strong>destituido<\/strong>&nbsp;por el&nbsp;<strong>Congreso<\/strong>&nbsp;y, posteriormente,&nbsp;<strong>arrestado<\/strong>&nbsp;por su propia escolta.<\/p>\n\n\n\n<p>La Fiscal\u00eda tambi\u00e9n pidi\u00f3 25 a\u00f1os de prisi\u00f3n contra la entonces primera ministra, Betssy Ch\u00e1vez, por el delito de rebeli\u00f3n.<\/p>\n\n\n\n<p>Ch\u00e1vez se encuentra desde junio del 2022 bajo prisi\u00f3n preventiva por 18 meses de prisi\u00f3n como parte de la investigaci\u00f3n por fallido autogolpe de Estado.<\/p>\n\n\n\n<p>Igualmente, el Ministerio P\u00fablico solicit\u00f3 25 a\u00f1os de prisi\u00f3n para los exministros de Comercio Exterior Roberto S\u00e1nchez Palomino y del Interior Willy Huerta Olivas, as\u00ed como para los oficiales de la Polic\u00eda Nacional del Per\u00fa (PNP) Manuel Lozada Morales, Jes\u00fas Venero Mellado y Eder Infanz\u00f3n G\u00f3mez.<\/p>\n\n\n\n<p>Para el tambi\u00e9n ex primer ministro An\u00edbal Torres solicit\u00f3 15 a\u00f1os de pena privativa de la libertad por el delito de rebeli\u00f3n.<\/p>\n\n\n\n<p>Con informaci\u00f3n de EFE<\/p>\n","protected":false},"excerpt":{"rendered":"<p>Por Carolina Alonso Romei Internacionalista El Ministerio P\u00fablico solicit\u00f3 34 a\u00f1os de c\u00e1rcel contra Pedro&#8230;<\/p>\n","protected":false},"author":2,"featured_media":107548,"comment_status":"open","ping_status":"open","sticky":false,"template":"","format":"standard","meta":{"_monsterinsights_skip_tracking":false,"_monsterinsights_sitenote_active":false,"_monsterinsights_sitenote_note":"","_monsterinsights_sitenote_category":0,"footnotes":""},"categories":[1],"tags":[],"class_list":["post-107547","post","type-post","status-publish","format-standard","has-post-thumbnail","hentry","category-sin-categoria"],"yoast_head":"<!-- This site is optimized with the Yoast SEO plugin v27.3 - https:\/\/yoast.com\/product\/yoast-seo-wordpress\/ -->\n<title>Internacionales\/\/\/Carolina Alonso Romei\/\/\/La\u00a0Fiscal\u00eda de Per\u00fa\u00a0solicit\u00f3\u00a034 a\u00f1os\u00a0de\u00a0c\u00e1rcel\u00a0para el expresidente\u00a0Pedro Castillo\u00a0por el fallido autogolpe de Estado -<\/title>\n<meta name=\"robots\" content=\"index, follow, max-snippet:-1, max-image-preview:large, max-video-preview:-1\" \/>\n<link rel=\"canonical\" href=\"https:\/\/quehacerpolitico.mx\/?p=107547\" \/>\n<meta property=\"og:locale\" content=\"es_MX\" \/>\n<meta property=\"og:type\" content=\"article\" \/>\n<meta property=\"og:title\" content=\"Internacionales\/\/\/Carolina Alonso Romei\/\/\/La\u00a0Fiscal\u00eda de Per\u00fa\u00a0solicit\u00f3\u00a034 a\u00f1os\u00a0de\u00a0c\u00e1rcel\u00a0para el expresidente\u00a0Pedro Castillo\u00a0por el fallido autogolpe de Estado -\" \/>\n<meta property=\"og:description\" content=\"Por Carolina Alonso Romei Internacionalista El Ministerio P\u00fablico solicit\u00f3 34 a\u00f1os de c\u00e1rcel contra Pedro...\" \/>\n<meta property=\"og:url\" content=\"https:\/\/quehacerpolitico.mx\/?p=107547\" \/>\n<meta property=\"article:published_time\" content=\"2024-01-12T17:20:13+00:00\" \/>\n<meta property=\"article:modified_time\" content=\"2024-01-12T17:20:16+00:00\" \/>\n<meta property=\"og:image\" content=\"https:\/\/quehacerpolitico.mx\/wp-content\/uploads\/2024\/01\/IMG_3108.jpeg\" \/>\n\t<meta property=\"og:image:width\" content=\"739\" \/>\n\t<meta property=\"og:image:height\" content=\"415\" \/>\n\t<meta property=\"og:image:type\" content=\"image\/jpeg\" \/>\n<meta name=\"author\" content=\"Redacci\u00f3n QP\" \/>\n<meta name=\"twitter:card\" content=\"summary_large_image\" \/>\n<meta name=\"twitter:label1\" content=\"Escrito por\" \/>\n\t<meta name=\"twitter:data1\" content=\"Redacci\u00f3n QP\" \/>\n\t<meta name=\"twitter:label2\" content=\"Tiempo de lectura\" \/>\n\t<meta name=\"twitter:data2\" content=\"2 minutos\" \/>\n<script type=\"application\/ld+json\" class=\"yoast-schema-graph\">{\"@context\":\"https:\\\/\\\/schema.org\",\"@graph\":[{\"@type\":\"Article\",\"@id\":\"https:\\\/\\\/quehacerpolitico.mx\\\/?p=107547#article\",\"isPartOf\":{\"@id\":\"https:\\\/\\\/quehacerpolitico.mx\\\/?p=107547\"},\"author\":{\"name\":\"Redacci\u00f3n QP\",\"@id\":\"https:\\\/\\\/quehacerpolitico.mx\\\/#\\\/schema\\\/person\\\/496d8ad2d1d3f8036101dca7ee39e585\"},\"headline\":\"Internacionales\\\/\\\/\\\/Carolina Alonso Romei\\\/\\\/\\\/La\u00a0Fiscal\u00eda de Per\u00fa\u00a0solicit\u00f3\u00a034 a\u00f1os\u00a0de\u00a0c\u00e1rcel\u00a0para el expresidente\u00a0Pedro Castillo\u00a0por el fallido autogolpe de Estado\",\"datePublished\":\"2024-01-12T17:20:13+00:00\",\"dateModified\":\"2024-01-12T17:20:16+00:00\",\"mainEntityOfPage\":{\"@id\":\"https:\\\/\\\/quehacerpolitico.mx\\\/?p=107547\"},\"wordCount\":409,\"commentCount\":0,\"image\":{\"@id\":\"https:\\\/\\\/quehacerpolitico.mx\\\/?p=107547#primaryimage\"},\"thumbnailUrl\":\"https:\\\/\\\/quehacerpolitico.mx\\\/wp-content\\\/uploads\\\/2024\\\/01\\\/IMG_3108.jpeg\",\"articleSection\":[\"Internacionales\"],\"inLanguage\":\"es\",\"potentialAction\":[{\"@type\":\"CommentAction\",\"name\":\"Comment\",\"target\":[\"https:\\\/\\\/quehacerpolitico.mx\\\/?p=107547#respond\"]}]},{\"@type\":\"WebPage\",\"@id\":\"https:\\\/\\\/quehacerpolitico.mx\\\/?p=107547\",\"url\":\"https:\\\/\\\/quehacerpolitico.mx\\\/?p=107547\",\"name\":\"Internacionales\\\/\\\/\\\/Carolina Alonso Romei\\\/\\\/\\\/La\u00a0Fiscal\u00eda de Per\u00fa\u00a0solicit\u00f3\u00a034 a\u00f1os\u00a0de\u00a0c\u00e1rcel\u00a0para el expresidente\u00a0Pedro Castillo\u00a0por el fallido autogolpe de Estado -\",\"isPartOf\":{\"@id\":\"https:\\\/\\\/quehacerpolitico.mx\\\/#website\"},\"primaryImageOfPage\":{\"@id\":\"https:\\\/\\\/quehacerpolitico.mx\\\/?p=107547#primaryimage\"},\"image\":{\"@id\":\"https:\\\/\\\/quehacerpolitico.mx\\\/?p=107547#primaryimage\"},\"thumbnailUrl\":\"https:\\\/\\\/quehacerpolitico.mx\\\/wp-content\\\/uploads\\\/2024\\\/01\\\/IMG_3108.jpeg\",\"datePublished\":\"2024-01-12T17:20:13+00:00\",\"dateModified\":\"2024-01-12T17:20:16+00:00\",\"author\":{\"@id\":\"https:\\\/\\\/quehacerpolitico.mx\\\/#\\\/schema\\\/person\\\/496d8ad2d1d3f8036101dca7ee39e585\"},\"breadcrumb\":{\"@id\":\"https:\\\/\\\/quehacerpolitico.mx\\\/?p=107547#breadcrumb\"},\"inLanguage\":\"es\",\"potentialAction\":[{\"@type\":\"ReadAction\",\"target\":[\"https:\\\/\\\/quehacerpolitico.mx\\\/?p=107547\"]}]},{\"@type\":\"ImageObject\",\"inLanguage\":\"es\",\"@id\":\"https:\\\/\\\/quehacerpolitico.mx\\\/?p=107547#primaryimage\",\"url\":\"https:\\\/\\\/quehacerpolitico.mx\\\/wp-content\\\/uploads\\\/2024\\\/01\\\/IMG_3108.jpeg\",\"contentUrl\":\"https:\\\/\\\/quehacerpolitico.mx\\\/wp-content\\\/uploads\\\/2024\\\/01\\\/IMG_3108.jpeg\",\"width\":739,\"height\":415},{\"@type\":\"BreadcrumbList\",\"@id\":\"https:\\\/\\\/quehacerpolitico.mx\\\/?p=107547#breadcrumb\",\"itemListElement\":[{\"@type\":\"ListItem\",\"position\":1,\"name\":\"Inicio\",\"item\":\"https:\\\/\\\/quehacerpolitico.mx\\\/\"},{\"@type\":\"ListItem\",\"position\":2,\"name\":\"Internacionales\\\/\\\/\\\/Carolina Alonso Romei\\\/\\\/\\\/La\u00a0Fiscal\u00eda de Per\u00fa\u00a0solicit\u00f3\u00a034 a\u00f1os\u00a0de\u00a0c\u00e1rcel\u00a0para el expresidente\u00a0Pedro Castillo\u00a0por el fallido autogolpe de Estado\"}]},{\"@type\":\"WebSite\",\"@id\":\"https:\\\/\\\/quehacerpolitico.mx\\\/#website\",\"url\":\"https:\\\/\\\/quehacerpolitico.mx\\\/\",\"name\":\"\",\"description\":\"\",\"potentialAction\":[{\"@type\":\"SearchAction\",\"target\":{\"@type\":\"EntryPoint\",\"urlTemplate\":\"https:\\\/\\\/quehacerpolitico.mx\\\/?s={search_term_string}\"},\"query-input\":{\"@type\":\"PropertyValueSpecification\",\"valueRequired\":true,\"valueName\":\"search_term_string\"}}],\"inLanguage\":\"es\"},{\"@type\":\"Person\",\"@id\":\"https:\\\/\\\/quehacerpolitico.mx\\\/#\\\/schema\\\/person\\\/496d8ad2d1d3f8036101dca7ee39e585\",\"name\":\"Redacci\u00f3n QP\",\"image\":{\"@type\":\"ImageObject\",\"inLanguage\":\"es\",\"@id\":\"https:\\\/\\\/secure.gravatar.com\\\/avatar\\\/c7164ed6fdec453195284ad24a5ae5b6e1eed2b848477fa2a4787ba9adf39a41?s=96&d=mm&r=g\",\"url\":\"https:\\\/\\\/secure.gravatar.com\\\/avatar\\\/c7164ed6fdec453195284ad24a5ae5b6e1eed2b848477fa2a4787ba9adf39a41?s=96&d=mm&r=g\",\"contentUrl\":\"https:\\\/\\\/secure.gravatar.com\\\/avatar\\\/c7164ed6fdec453195284ad24a5ae5b6e1eed2b848477fa2a4787ba9adf39a41?s=96&d=mm&r=g\",\"caption\":\"Redacci\u00f3n QP\"},\"url\":\"https:\\\/\\\/quehacerpolitico.mx\\\/?author=2\"}]}<\/script>\n<!-- \/ Yoast SEO plugin. -->","yoast_head_json":{"title":"Internacionales\/\/\/Carolina Alonso Romei\/\/\/La\u00a0Fiscal\u00eda de Per\u00fa\u00a0solicit\u00f3\u00a034 a\u00f1os\u00a0de\u00a0c\u00e1rcel\u00a0para el expresidente\u00a0Pedro Castillo\u00a0por el fallido autogolpe de Estado -","robots":{"index":"index","follow":"follow","max-snippet":"max-snippet:-1","max-image-preview":"max-image-preview:large","max-video-preview":"max-video-preview:-1"},"canonical":"https:\/\/quehacerpolitico.mx\/?p=107547","og_locale":"es_MX","og_type":"article","og_title":"Internacionales\/\/\/Carolina Alonso Romei\/\/\/La\u00a0Fiscal\u00eda de Per\u00fa\u00a0solicit\u00f3\u00a034 a\u00f1os\u00a0de\u00a0c\u00e1rcel\u00a0para el expresidente\u00a0Pedro Castillo\u00a0por el fallido autogolpe de Estado -","og_description":"Por Carolina Alonso Romei Internacionalista El Ministerio P\u00fablico solicit\u00f3 34 a\u00f1os de c\u00e1rcel contra Pedro...","og_url":"https:\/\/quehacerpolitico.mx\/?p=107547","article_published_time":"2024-01-12T17:20:13+00:00","article_modified_time":"2024-01-12T17:20:16+00:00","og_image":[{"width":739,"height":415,"url":"https:\/\/quehacerpolitico.mx\/wp-content\/uploads\/2024\/01\/IMG_3108.jpeg","type":"image\/jpeg"}],"author":"Redacci\u00f3n QP","twitter_card":"summary_large_image","twitter_misc":{"Escrito por":"Redacci\u00f3n QP","Tiempo de lectura":"2 minutos"},"schema":{"@context":"https:\/\/schema.org","@graph":[{"@type":"Article","@id":"https:\/\/quehacerpolitico.mx\/?p=107547#article","isPartOf":{"@id":"https:\/\/quehacerpolitico.mx\/?p=107547"},"author":{"name":"Redacci\u00f3n QP","@id":"https:\/\/quehacerpolitico.mx\/#\/schema\/person\/496d8ad2d1d3f8036101dca7ee39e585"},"headline":"Internacionales\/\/\/Carolina Alonso Romei\/\/\/La\u00a0Fiscal\u00eda de Per\u00fa\u00a0solicit\u00f3\u00a034 a\u00f1os\u00a0de\u00a0c\u00e1rcel\u00a0para el expresidente\u00a0Pedro Castillo\u00a0por el fallido autogolpe de Estado","datePublished":"2024-01-12T17:20:13+00:00","dateModified":"2024-01-12T17:20:16+00:00","mainEntityOfPage":{"@id":"https:\/\/quehacerpolitico.mx\/?p=107547"},"wordCount":409,"commentCount":0,"image":{"@id":"https:\/\/quehacerpolitico.mx\/?p=107547#primaryimage"},"thumbnailUrl":"https:\/\/quehacerpolitico.mx\/wp-content\/uploads\/2024\/01\/IMG_3108.jpeg","articleSection":["Internacionales"],"inLanguage":"es","potentialAction":[{"@type":"CommentAction","name":"Comment","target":["https:\/\/quehacerpolitico.mx\/?p=107547#respond"]}]},{"@type":"WebPage","@id":"https:\/\/quehacerpolitico.mx\/?p=107547","url":"https:\/\/quehacerpolitico.mx\/?p=107547","name":"Internacionales\/\/\/Carolina Alonso Romei\/\/\/La\u00a0Fiscal\u00eda de Per\u00fa\u00a0solicit\u00f3\u00a034 a\u00f1os\u00a0de\u00a0c\u00e1rcel\u00a0para el expresidente\u00a0Pedro Castillo\u00a0por el fallido autogolpe de Estado -","isPartOf":{"@id":"https:\/\/quehacerpolitico.mx\/#website"},"primaryImageOfPage":{"@id":"https:\/\/quehacerpolitico.mx\/?p=107547#primaryimage"},"image":{"@id":"https:\/\/quehacerpolitico.mx\/?p=107547#primaryimage"},"thumbnailUrl":"https:\/\/quehacerpolitico.mx\/wp-content\/uploads\/2024\/01\/IMG_3108.jpeg","datePublished":"2024-01-12T17:20:13+00:00","dateModified":"2024-01-12T17:20:16+00:00","author":{"@id":"https:\/\/quehacerpolitico.mx\/#\/schema\/person\/496d8ad2d1d3f8036101dca7ee39e585"},"breadcrumb":{"@id":"https:\/\/quehacerpolitico.mx\/?p=107547#breadcrumb"},"inLanguage":"es","potentialAction":[{"@type":"ReadAction","target":["https:\/\/quehacerpolitico.mx\/?p=107547"]}]},{"@type":"ImageObject","inLanguage":"es","@id":"https:\/\/quehacerpolitico.mx\/?p=107547#primaryimage","url":"https:\/\/quehacerpolitico.mx\/wp-content\/uploads\/2024\/01\/IMG_3108.jpeg","contentUrl":"https:\/\/quehacerpolitico.mx\/wp-content\/uploads\/2024\/01\/IMG_3108.jpeg","width":739,"height":415},{"@type":"BreadcrumbList","@id":"https:\/\/quehacerpolitico.mx\/?p=107547#breadcrumb","itemListElement":[{"@type":"ListItem","position":1,"name":"Inicio","item":"https:\/\/quehacerpolitico.mx\/"},{"@type":"ListItem","position":2,"name":"Internacionales\/\/\/Carolina Alonso Romei\/\/\/La\u00a0Fiscal\u00eda de Per\u00fa\u00a0solicit\u00f3\u00a034 a\u00f1os\u00a0de\u00a0c\u00e1rcel\u00a0para el expresidente\u00a0Pedro Castillo\u00a0por el fallido autogolpe de Estado"}]},{"@type":"WebSite","@id":"https:\/\/quehacerpolitico.mx\/#website","url":"https:\/\/quehacerpolitico.mx\/","name":"","description":"","potentialAction":[{"@type":"SearchAction","target":{"@type":"EntryPoint","urlTemplate":"https:\/\/quehacerpolitico.mx\/?s={search_term_string}"},"query-input":{"@type":"PropertyValueSpecification","valueRequired":true,"valueName":"search_term_string"}}],"inLanguage":"es"},{"@type":"Person","@id":"https:\/\/quehacerpolitico.mx\/#\/schema\/person\/496d8ad2d1d3f8036101dca7ee39e585","name":"Redacci\u00f3n QP","image":{"@type":"ImageObject","inLanguage":"es","@id":"https:\/\/secure.gravatar.com\/avatar\/c7164ed6fdec453195284ad24a5ae5b6e1eed2b848477fa2a4787ba9adf39a41?s=96&d=mm&r=g","url":"https:\/\/secure.gravatar.com\/avatar\/c7164ed6fdec453195284ad24a5ae5b6e1eed2b848477fa2a4787ba9adf39a41?s=96&d=mm&r=g","contentUrl":"https:\/\/secure.gravatar.com\/avatar\/c7164ed6fdec453195284ad24a5ae5b6e1eed2b848477fa2a4787ba9adf39a41?s=96&d=mm&r=g","caption":"Redacci\u00f3n QP"},"url":"https:\/\/quehacerpolitico.mx\/?author=2"}]}},"featured_image_urls":{"full":["https:\/\/quehacerpolitico.mx\/wp-content\/uploads\/2024\/01\/IMG_3108.jpeg",739,415,false],"thumbnail":["https:\/\/quehacerpolitico.mx\/wp-content\/uploads\/2024\/01\/IMG_3108-150x150.jpeg",150,150,true],"medium":["https:\/\/quehacerpolitico.mx\/wp-content\/uploads\/2024\/01\/IMG_3108-300x168.jpeg",300,168,true],"medium_large":["https:\/\/quehacerpolitico.mx\/wp-content\/uploads\/2024\/01\/IMG_3108.jpeg",640,359,false],"large":["https:\/\/quehacerpolitico.mx\/wp-content\/uploads\/2024\/01\/IMG_3108.jpeg",640,359,false],"1536x1536":["https:\/\/quehacerpolitico.mx\/wp-content\/uploads\/2024\/01\/IMG_3108.jpeg",739,415,false],"2048x2048":["https:\/\/quehacerpolitico.mx\/wp-content\/uploads\/2024\/01\/IMG_3108.jpeg",739,415,false],"covernews-featured":["https:\/\/quehacerpolitico.mx\/wp-content\/uploads\/2024\/01\/IMG_3108.jpeg",739,415,false],"covernews-medium":["https:\/\/quehacerpolitico.mx\/wp-content\/uploads\/2024\/01\/IMG_3108.jpeg",540,303,false]},"author_info":{"display_name":"Redacci\u00f3n QP","author_link":"https:\/\/quehacerpolitico.mx\/?author=2"},"category_info":"<a href=\"https:\/\/quehacerpolitico.mx\/?cat=1\" rel=\"category\">Internacionales<\/a>","tag_info":"Internacionales","comment_count":"0","_links":{"self":[{"href":"https:\/\/quehacerpolitico.mx\/index.php?rest_route=\/wp\/v2\/posts\/107547","targetHints":{"allow":["GET"]}}],"collection":[{"href":"https:\/\/quehacerpolitico.mx\/index.php?rest_route=\/wp\/v2\/posts"}],"about":[{"href":"https:\/\/quehacerpolitico.mx\/index.php?rest_route=\/wp\/v2\/types\/post"}],"author":[{"embeddable":true,"href":"https:\/\/quehacerpolitico.mx\/index.php?rest_route=\/wp\/v2\/users\/2"}],"replies":[{"embeddable":true,"href":"https:\/\/quehacerpolitico.mx\/index.php?rest_route=%2Fwp%2Fv2%2Fcomments&post=107547"}],"version-history":[{"count":1,"href":"https:\/\/quehacerpolitico.mx\/index.php?rest_route=\/wp\/v2\/posts\/107547\/revisions"}],"predecessor-version":[{"id":107549,"href":"https:\/\/quehacerpolitico.mx\/index.php?rest_route=\/wp\/v2\/posts\/107547\/revisions\/107549"}],"wp:featuredmedia":[{"embeddable":true,"href":"https:\/\/quehacerpolitico.mx\/index.php?rest_route=\/wp\/v2\/media\/107548"}],"wp:attachment":[{"href":"https:\/\/quehacerpolitico.mx\/index.php?rest_route=%2Fwp%2Fv2%2Fmedia&parent=107547"}],"wp:term":[{"taxonomy":"category","embeddable":true,"href":"https:\/\/quehacerpolitico.mx\/index.php?rest_route=%2Fwp%2Fv2%2Fcategories&post=107547"},{"taxonomy":"post_tag","embeddable":true,"href":"https:\/\/quehacerpolitico.mx\/index.php?rest_route=%2Fwp%2Fv2%2Ftags&post=107547"}],"curies":[{"name":"wp","href":"https:\/\/api.w.org\/{rel}","templated":true}]}}