{"id":107544,"date":"2024-01-12T17:08:05","date_gmt":"2024-01-12T17:08:05","guid":{"rendered":"https:\/\/quehacerpolitico.mx\/?p=107544"},"modified":"2024-01-12T17:08:08","modified_gmt":"2024-01-12T17:08:08","slug":"proyecta-amlo-crecimiento-anual-en-el-sexenio-de-1-3-y-3-5-este-2024-va-a-ser-una-hazana","status":"publish","type":"post","link":"https:\/\/quehacerpolitico.mx\/?p=107544","title":{"rendered":"Proyecta AMLO crecimiento anual en el sexenio de 1.3% y 3.5% este 2024 &#8220;Va a ser una haza\u00f1a&#8221;"},"content":{"rendered":"\n<p>Por Redacci\u00f3n QP<\/p>\n\n\n\n<p>El presidente L\u00f3pez Obrador dijo que su Gobierno \u201clograr\u00e1 la haza\u00f1a\u201d de cerrar el sexenio, pese a la crisis y la pandemia, con un crecimiento anual de 1.3%<\/p>\n\n\n\n<p>El presidente\u00a0<strong>Andr\u00e9s Manuel L\u00f3pez Obrador<\/strong>\u00a0proyect\u00f3 un\u00a0<strong>crecimiento anual<\/strong>\u00a0de\u00a0<strong>1.3 por ciento<\/strong>\u00a0en su sexenio.<\/p>\n\n\n\n<p>Atribuy\u00f3 su expectativa al modelo de \u201capoyar abajo para fortalecer el ingreso\u201d y con ello reactivar la econom\u00eda.<\/p>\n\n\n\n<p>Va a ser una haza\u00f1a, no solo porque vamos a crecer aunque sea poco, 1.3 anual, sino porque hay una variable important\u00edsima que muchas veces ellos no toman en cuenta, esa variable es la distribuci\u00f3n del ingreso. No solo es crecer sino distribuir y ahora es much\u00edsimo mejor la distribuci\u00f3n del ingreso que antes\u201d, sostuvo.<\/p>\n\n\n\n<figure class=\"wp-block-embed is-type-video is-provider-youtube wp-block-embed-youtube wp-embed-aspect-16-9 wp-has-aspect-ratio\"><div class=\"wp-block-embed__wrapper\">\n<iframe loading=\"lazy\" title=\"AMLO pronostica un crecimiento econ\u00f3mico del 3.5% para este a\u00f1o\" width=\"640\" height=\"360\" src=\"https:\/\/www.youtube.com\/embed\/XysOIoXnBro?feature=oembed\" frameborder=\"0\" allow=\"accelerometer; autoplay; clipboard-write; encrypted-media; gyroscope; picture-in-picture; web-share\" referrerpolicy=\"strict-origin-when-cross-origin\" allowfullscreen><\/iframe>\n<\/div><\/figure>\n\n\n\n<p>El producto interior bruto (PIB) creci\u00f3 2.1 por ciento en 2018, pero se contrajo 0.3 por ciento en 2019, el primer a\u00f1o de la presidencia de L\u00f3pez Obrador, seg\u00fan las cifras actualizadas del Instituto Nacional de Estad\u00edstica y Geograf\u00eda (Inegi).<\/p>\n\n\n\n<p>M\u00e9xico fue uno de los pa\u00edses de Latinoam\u00e9rica que tard\u00f3 m\u00e1s en recuperar su PIB tras la pandemia de COVID-19, pero en 2021 su econom\u00eda repunt\u00f3 6.1 por ciento y en 2022 un 3.9 por ciento.<\/p>\n\n\n\n<p>La econom\u00eda se elev\u00f3 3.4 por ciento hasta el tercer trimestre de 2023, pero L\u00f3pez Obrador confi\u00f3 en un incremento de 3.5 por ciento cuando el Inegi reporte su primera estimaci\u00f3n oportuna el 30 de enero.<\/p>\n\n\n\n<p>Yo no veo nada que nos pueda afectar, nada, nada, la econom\u00eda est\u00e1 bien, vamos a seguir creciendo, mi pron\u00f3stico es que vamos a crecer este a\u00f1o 3.5 por ciento, eso fue lo que dije del a\u00f1o pasado\u201d, indic\u00f3.<\/p>\n\n\n\n<p>Aunque analistas han advertido de riesgos para la econom\u00eda mexicana porque este a\u00f1o coinciden las\u00a0<strong>elecciones<\/strong>\u00a0de\u00a0<strong>M\u00e9xico<\/strong>\u00a0y\u00a0<strong>Estados Unidos<\/strong>, donde el expresidente Donald Trump (2017-2021) podr\u00eda volver al poder, el gobernante mexicano rechaz\u00f3 peligros.<\/p>\n\n\n\n<p>Veo bien la econom\u00eda del pa\u00eds, afortunadamente, no vemos ning\u00fan riesgo en lo interno, tampoco ning\u00fan factor externo que pueda llevarnos a una crisis en lo econ\u00f3mico, pero, desde luego, no sabemos, qui\u00e9n iba a imaginar lo de la pandemia\u201d, coment\u00f3.<\/p>\n\n\n\n<p>El presidente critic\u00f3 a los analistas, bancos y organismos internacionales por pronosticar que M\u00e9xico crecer\u00e1 entre 2 y 2.5 por ciento este 2024, al argumentar que \u201csiempre\u201d comienzan el a\u00f1o con proyecciones bajas y las suben conforme avanza el tiempo.<\/p>\n\n\n\n<p>Los economistas, los t\u00e9cnicos, todav\u00eda con influencia del modelo neoliberal, son muy pesimistas. No s\u00e9 si dan cuenta c\u00f3mo se manejan los pron\u00f3sticos de crecimiento, c\u00f3mo empiezan\u201d, apunt\u00f3.<\/p>\n","protected":false},"excerpt":{"rendered":"<p>Por Redacci\u00f3n QP El presidente L\u00f3pez Obrador dijo que su Gobierno \u201clograr\u00e1 la haza\u00f1a\u201d de&#8230;<\/p>\n","protected":false},"author":2,"featured_media":107545,"comment_status":"open","ping_status":"open","sticky":false,"template":"","format":"standard","meta":{"_monsterinsights_skip_tracking":false,"_monsterinsights_sitenote_active":false,"_monsterinsights_sitenote_note":"","_monsterinsights_sitenote_category":0,"footnotes":""},"categories":[56],"tags":[],"class_list":["post-107544","post","type-post","status-publish","format-standard","has-post-thumbnail","hentry","category-economia"],"yoast_head":"<!-- This site is optimized with the Yoast SEO plugin v27.3 - https:\/\/yoast.com\/product\/yoast-seo-wordpress\/ -->\n<title>Proyecta AMLO crecimiento anual en el sexenio de 1.3% y 3.5% este 2024 &quot;Va a ser una haza\u00f1a&quot; -<\/title>\n<meta name=\"robots\" content=\"index, follow, max-snippet:-1, max-image-preview:large, max-video-preview:-1\" \/>\n<link rel=\"canonical\" href=\"https:\/\/quehacerpolitico.mx\/?p=107544\" \/>\n<meta property=\"og:locale\" content=\"es_MX\" \/>\n<meta property=\"og:type\" content=\"article\" \/>\n<meta property=\"og:title\" content=\"Proyecta AMLO crecimiento anual en el sexenio de 1.3% y 3.5% este 2024 &quot;Va a ser una haza\u00f1a&quot; -\" \/>\n<meta property=\"og:description\" content=\"Por Redacci\u00f3n QP El presidente L\u00f3pez Obrador dijo que su Gobierno \u201clograr\u00e1 la haza\u00f1a\u201d de...\" \/>\n<meta property=\"og:url\" content=\"https:\/\/quehacerpolitico.mx\/?p=107544\" \/>\n<meta property=\"article:published_time\" content=\"2024-01-12T17:08:05+00:00\" \/>\n<meta property=\"article:modified_time\" content=\"2024-01-12T17:08:08+00:00\" \/>\n<meta property=\"og:image\" content=\"https:\/\/quehacerpolitico.mx\/wp-content\/uploads\/2024\/01\/IMG_3107.jpeg\" \/>\n\t<meta property=\"og:image:width\" content=\"1284\" \/>\n\t<meta property=\"og:image:height\" content=\"702\" \/>\n\t<meta property=\"og:image:type\" content=\"image\/jpeg\" \/>\n<meta name=\"author\" content=\"Redacci\u00f3n QP\" \/>\n<meta name=\"twitter:card\" content=\"summary_large_image\" \/>\n<meta name=\"twitter:label1\" content=\"Escrito por\" \/>\n\t<meta name=\"twitter:data1\" content=\"Redacci\u00f3n QP\" \/>\n\t<meta name=\"twitter:label2\" content=\"Tiempo de lectura\" \/>\n\t<meta name=\"twitter:data2\" content=\"2 minutos\" \/>\n<script type=\"application\/ld+json\" class=\"yoast-schema-graph\">{\"@context\":\"https:\\\/\\\/schema.org\",\"@graph\":[{\"@type\":\"Article\",\"@id\":\"https:\\\/\\\/quehacerpolitico.mx\\\/?p=107544#article\",\"isPartOf\":{\"@id\":\"https:\\\/\\\/quehacerpolitico.mx\\\/?p=107544\"},\"author\":{\"name\":\"Redacci\u00f3n QP\",\"@id\":\"https:\\\/\\\/quehacerpolitico.mx\\\/#\\\/schema\\\/person\\\/496d8ad2d1d3f8036101dca7ee39e585\"},\"headline\":\"Proyecta AMLO crecimiento anual en el sexenio de 1.3% y 3.5% este 2024 &#8220;Va a ser una haza\u00f1a&#8221;\",\"datePublished\":\"2024-01-12T17:08:05+00:00\",\"dateModified\":\"2024-01-12T17:08:08+00:00\",\"mainEntityOfPage\":{\"@id\":\"https:\\\/\\\/quehacerpolitico.mx\\\/?p=107544\"},\"wordCount\":469,\"commentCount\":0,\"image\":{\"@id\":\"https:\\\/\\\/quehacerpolitico.mx\\\/?p=107544#primaryimage\"},\"thumbnailUrl\":\"https:\\\/\\\/quehacerpolitico.mx\\\/wp-content\\\/uploads\\\/2024\\\/01\\\/IMG_3107.jpeg\",\"articleSection\":[\"Econom\u00eda\"],\"inLanguage\":\"es\",\"potentialAction\":[{\"@type\":\"CommentAction\",\"name\":\"Comment\",\"target\":[\"https:\\\/\\\/quehacerpolitico.mx\\\/?p=107544#respond\"]}]},{\"@type\":\"WebPage\",\"@id\":\"https:\\\/\\\/quehacerpolitico.mx\\\/?p=107544\",\"url\":\"https:\\\/\\\/quehacerpolitico.mx\\\/?p=107544\",\"name\":\"Proyecta AMLO crecimiento anual en el sexenio de 1.3% y 3.5% este 2024 \\\"Va a ser una haza\u00f1a\\\" -\",\"isPartOf\":{\"@id\":\"https:\\\/\\\/quehacerpolitico.mx\\\/#website\"},\"primaryImageOfPage\":{\"@id\":\"https:\\\/\\\/quehacerpolitico.mx\\\/?p=107544#primaryimage\"},\"image\":{\"@id\":\"https:\\\/\\\/quehacerpolitico.mx\\\/?p=107544#primaryimage\"},\"thumbnailUrl\":\"https:\\\/\\\/quehacerpolitico.mx\\\/wp-content\\\/uploads\\\/2024\\\/01\\\/IMG_3107.jpeg\",\"datePublished\":\"2024-01-12T17:08:05+00:00\",\"dateModified\":\"2024-01-12T17:08:08+00:00\",\"author\":{\"@id\":\"https:\\\/\\\/quehacerpolitico.mx\\\/#\\\/schema\\\/person\\\/496d8ad2d1d3f8036101dca7ee39e585\"},\"breadcrumb\":{\"@id\":\"https:\\\/\\\/quehacerpolitico.mx\\\/?p=107544#breadcrumb\"},\"inLanguage\":\"es\",\"potentialAction\":[{\"@type\":\"ReadAction\",\"target\":[\"https:\\\/\\\/quehacerpolitico.mx\\\/?p=107544\"]}]},{\"@type\":\"ImageObject\",\"inLanguage\":\"es\",\"@id\":\"https:\\\/\\\/quehacerpolitico.mx\\\/?p=107544#primaryimage\",\"url\":\"https:\\\/\\\/quehacerpolitico.mx\\\/wp-content\\\/uploads\\\/2024\\\/01\\\/IMG_3107.jpeg\",\"contentUrl\":\"https:\\\/\\\/quehacerpolitico.mx\\\/wp-content\\\/uploads\\\/2024\\\/01\\\/IMG_3107.jpeg\",\"width\":1284,\"height\":702},{\"@type\":\"BreadcrumbList\",\"@id\":\"https:\\\/\\\/quehacerpolitico.mx\\\/?p=107544#breadcrumb\",\"itemListElement\":[{\"@type\":\"ListItem\",\"position\":1,\"name\":\"Inicio\",\"item\":\"https:\\\/\\\/quehacerpolitico.mx\\\/\"},{\"@type\":\"ListItem\",\"position\":2,\"name\":\"Proyecta AMLO crecimiento anual en el sexenio de 1.3% y 3.5% este 2024 &#8220;Va a ser una haza\u00f1a&#8221;\"}]},{\"@type\":\"WebSite\",\"@id\":\"https:\\\/\\\/quehacerpolitico.mx\\\/#website\",\"url\":\"https:\\\/\\\/quehacerpolitico.mx\\\/\",\"name\":\"\",\"description\":\"\",\"potentialAction\":[{\"@type\":\"SearchAction\",\"target\":{\"@type\":\"EntryPoint\",\"urlTemplate\":\"https:\\\/\\\/quehacerpolitico.mx\\\/?s={search_term_string}\"},\"query-input\":{\"@type\":\"PropertyValueSpecification\",\"valueRequired\":true,\"valueName\":\"search_term_string\"}}],\"inLanguage\":\"es\"},{\"@type\":\"Person\",\"@id\":\"https:\\\/\\\/quehacerpolitico.mx\\\/#\\\/schema\\\/person\\\/496d8ad2d1d3f8036101dca7ee39e585\",\"name\":\"Redacci\u00f3n QP\",\"image\":{\"@type\":\"ImageObject\",\"inLanguage\":\"es\",\"@id\":\"https:\\\/\\\/secure.gravatar.com\\\/avatar\\\/c7164ed6fdec453195284ad24a5ae5b6e1eed2b848477fa2a4787ba9adf39a41?s=96&d=mm&r=g\",\"url\":\"https:\\\/\\\/secure.gravatar.com\\\/avatar\\\/c7164ed6fdec453195284ad24a5ae5b6e1eed2b848477fa2a4787ba9adf39a41?s=96&d=mm&r=g\",\"contentUrl\":\"https:\\\/\\\/secure.gravatar.com\\\/avatar\\\/c7164ed6fdec453195284ad24a5ae5b6e1eed2b848477fa2a4787ba9adf39a41?s=96&d=mm&r=g\",\"caption\":\"Redacci\u00f3n QP\"},\"url\":\"https:\\\/\\\/quehacerpolitico.mx\\\/?author=2\"}]}<\/script>\n<!-- \/ Yoast SEO plugin. -->","yoast_head_json":{"title":"Proyecta AMLO crecimiento anual en el sexenio de 1.3% y 3.5% este 2024 \"Va a ser una haza\u00f1a\" -","robots":{"index":"index","follow":"follow","max-snippet":"max-snippet:-1","max-image-preview":"max-image-preview:large","max-video-preview":"max-video-preview:-1"},"canonical":"https:\/\/quehacerpolitico.mx\/?p=107544","og_locale":"es_MX","og_type":"article","og_title":"Proyecta AMLO crecimiento anual en el sexenio de 1.3% y 3.5% este 2024 \"Va a ser una haza\u00f1a\" -","og_description":"Por Redacci\u00f3n QP El presidente L\u00f3pez Obrador dijo que su Gobierno \u201clograr\u00e1 la haza\u00f1a\u201d de...","og_url":"https:\/\/quehacerpolitico.mx\/?p=107544","article_published_time":"2024-01-12T17:08:05+00:00","article_modified_time":"2024-01-12T17:08:08+00:00","og_image":[{"width":1284,"height":702,"url":"https:\/\/quehacerpolitico.mx\/wp-content\/uploads\/2024\/01\/IMG_3107.jpeg","type":"image\/jpeg"}],"author":"Redacci\u00f3n QP","twitter_card":"summary_large_image","twitter_misc":{"Escrito por":"Redacci\u00f3n QP","Tiempo de lectura":"2 minutos"},"schema":{"@context":"https:\/\/schema.org","@graph":[{"@type":"Article","@id":"https:\/\/quehacerpolitico.mx\/?p=107544#article","isPartOf":{"@id":"https:\/\/quehacerpolitico.mx\/?p=107544"},"author":{"name":"Redacci\u00f3n QP","@id":"https:\/\/quehacerpolitico.mx\/#\/schema\/person\/496d8ad2d1d3f8036101dca7ee39e585"},"headline":"Proyecta AMLO crecimiento anual en el sexenio de 1.3% y 3.5% este 2024 &#8220;Va a ser una haza\u00f1a&#8221;","datePublished":"2024-01-12T17:08:05+00:00","dateModified":"2024-01-12T17:08:08+00:00","mainEntityOfPage":{"@id":"https:\/\/quehacerpolitico.mx\/?p=107544"},"wordCount":469,"commentCount":0,"image":{"@id":"https:\/\/quehacerpolitico.mx\/?p=107544#primaryimage"},"thumbnailUrl":"https:\/\/quehacerpolitico.mx\/wp-content\/uploads\/2024\/01\/IMG_3107.jpeg","articleSection":["Econom\u00eda"],"inLanguage":"es","potentialAction":[{"@type":"CommentAction","name":"Comment","target":["https:\/\/quehacerpolitico.mx\/?p=107544#respond"]}]},{"@type":"WebPage","@id":"https:\/\/quehacerpolitico.mx\/?p=107544","url":"https:\/\/quehacerpolitico.mx\/?p=107544","name":"Proyecta AMLO crecimiento anual en el sexenio de 1.3% y 3.5% este 2024 \"Va a ser una haza\u00f1a\" -","isPartOf":{"@id":"https:\/\/quehacerpolitico.mx\/#website"},"primaryImageOfPage":{"@id":"https:\/\/quehacerpolitico.mx\/?p=107544#primaryimage"},"image":{"@id":"https:\/\/quehacerpolitico.mx\/?p=107544#primaryimage"},"thumbnailUrl":"https:\/\/quehacerpolitico.mx\/wp-content\/uploads\/2024\/01\/IMG_3107.jpeg","datePublished":"2024-01-12T17:08:05+00:00","dateModified":"2024-01-12T17:08:08+00:00","author":{"@id":"https:\/\/quehacerpolitico.mx\/#\/schema\/person\/496d8ad2d1d3f8036101dca7ee39e585"},"breadcrumb":{"@id":"https:\/\/quehacerpolitico.mx\/?p=107544#breadcrumb"},"inLanguage":"es","potentialAction":[{"@type":"ReadAction","target":["https:\/\/quehacerpolitico.mx\/?p=107544"]}]},{"@type":"ImageObject","inLanguage":"es","@id":"https:\/\/quehacerpolitico.mx\/?p=107544#primaryimage","url":"https:\/\/quehacerpolitico.mx\/wp-content\/uploads\/2024\/01\/IMG_3107.jpeg","contentUrl":"https:\/\/quehacerpolitico.mx\/wp-content\/uploads\/2024\/01\/IMG_3107.jpeg","width":1284,"height":702},{"@type":"BreadcrumbList","@id":"https:\/\/quehacerpolitico.mx\/?p=107544#breadcrumb","itemListElement":[{"@type":"ListItem","position":1,"name":"Inicio","item":"https:\/\/quehacerpolitico.mx\/"},{"@type":"ListItem","position":2,"name":"Proyecta AMLO crecimiento anual en el sexenio de 1.3% y 3.5% este 2024 &#8220;Va a ser una haza\u00f1a&#8221;"}]},{"@type":"WebSite","@id":"https:\/\/quehacerpolitico.mx\/#website","url":"https:\/\/quehacerpolitico.mx\/","name":"","description":"","potentialAction":[{"@type":"SearchAction","target":{"@type":"EntryPoint","urlTemplate":"https:\/\/quehacerpolitico.mx\/?s={search_term_string}"},"query-input":{"@type":"PropertyValueSpecification","valueRequired":true,"valueName":"search_term_string"}}],"inLanguage":"es"},{"@type":"Person","@id":"https:\/\/quehacerpolitico.mx\/#\/schema\/person\/496d8ad2d1d3f8036101dca7ee39e585","name":"Redacci\u00f3n QP","image":{"@type":"ImageObject","inLanguage":"es","@id":"https:\/\/secure.gravatar.com\/avatar\/c7164ed6fdec453195284ad24a5ae5b6e1eed2b848477fa2a4787ba9adf39a41?s=96&d=mm&r=g","url":"https:\/\/secure.gravatar.com\/avatar\/c7164ed6fdec453195284ad24a5ae5b6e1eed2b848477fa2a4787ba9adf39a41?s=96&d=mm&r=g","contentUrl":"https:\/\/secure.gravatar.com\/avatar\/c7164ed6fdec453195284ad24a5ae5b6e1eed2b848477fa2a4787ba9adf39a41?s=96&d=mm&r=g","caption":"Redacci\u00f3n QP"},"url":"https:\/\/quehacerpolitico.mx\/?author=2"}]}},"featured_image_urls":{"full":["https:\/\/quehacerpolitico.mx\/wp-content\/uploads\/2024\/01\/IMG_3107.jpeg",1284,702,false],"thumbnail":["https:\/\/quehacerpolitico.mx\/wp-content\/uploads\/2024\/01\/IMG_3107-150x150.jpeg",150,150,true],"medium":["https:\/\/quehacerpolitico.mx\/wp-content\/uploads\/2024\/01\/IMG_3107-300x164.jpeg",300,164,true],"medium_large":["https:\/\/quehacerpolitico.mx\/wp-content\/uploads\/2024\/01\/IMG_3107-768x420.jpeg",640,350,true],"large":["https:\/\/quehacerpolitico.mx\/wp-content\/uploads\/2024\/01\/IMG_3107-1024x560.jpeg",640,350,true],"1536x1536":["https:\/\/quehacerpolitico.mx\/wp-content\/uploads\/2024\/01\/IMG_3107.jpeg",1284,702,false],"2048x2048":["https:\/\/quehacerpolitico.mx\/wp-content\/uploads\/2024\/01\/IMG_3107.jpeg",1284,702,false],"covernews-featured":["https:\/\/quehacerpolitico.mx\/wp-content\/uploads\/2024\/01\/IMG_3107.jpeg",1024,560,false],"covernews-medium":["https:\/\/quehacerpolitico.mx\/wp-content\/uploads\/2024\/01\/IMG_3107.jpeg",540,295,false]},"author_info":{"display_name":"Redacci\u00f3n QP","author_link":"https:\/\/quehacerpolitico.mx\/?author=2"},"category_info":"<a href=\"https:\/\/quehacerpolitico.mx\/?cat=56\" rel=\"category\">Econom\u00eda<\/a>","tag_info":"Econom\u00eda","comment_count":"0","_links":{"self":[{"href":"https:\/\/quehacerpolitico.mx\/index.php?rest_route=\/wp\/v2\/posts\/107544","targetHints":{"allow":["GET"]}}],"collection":[{"href":"https:\/\/quehacerpolitico.mx\/index.php?rest_route=\/wp\/v2\/posts"}],"about":[{"href":"https:\/\/quehacerpolitico.mx\/index.php?rest_route=\/wp\/v2\/types\/post"}],"author":[{"embeddable":true,"href":"https:\/\/quehacerpolitico.mx\/index.php?rest_route=\/wp\/v2\/users\/2"}],"replies":[{"embeddable":true,"href":"https:\/\/quehacerpolitico.mx\/index.php?rest_route=%2Fwp%2Fv2%2Fcomments&post=107544"}],"version-history":[{"count":1,"href":"https:\/\/quehacerpolitico.mx\/index.php?rest_route=\/wp\/v2\/posts\/107544\/revisions"}],"predecessor-version":[{"id":107546,"href":"https:\/\/quehacerpolitico.mx\/index.php?rest_route=\/wp\/v2\/posts\/107544\/revisions\/107546"}],"wp:featuredmedia":[{"embeddable":true,"href":"https:\/\/quehacerpolitico.mx\/index.php?rest_route=\/wp\/v2\/media\/107545"}],"wp:attachment":[{"href":"https:\/\/quehacerpolitico.mx\/index.php?rest_route=%2Fwp%2Fv2%2Fmedia&parent=107544"}],"wp:term":[{"taxonomy":"category","embeddable":true,"href":"https:\/\/quehacerpolitico.mx\/index.php?rest_route=%2Fwp%2Fv2%2Fcategories&post=107544"},{"taxonomy":"post_tag","embeddable":true,"href":"https:\/\/quehacerpolitico.mx\/index.php?rest_route=%2Fwp%2Fv2%2Ftags&post=107544"}],"curies":[{"name":"wp","href":"https:\/\/api.w.org\/{rel}","templated":true}]}}