{"id":107528,"date":"2024-01-11T23:13:47","date_gmt":"2024-01-11T23:13:47","guid":{"rendered":"https:\/\/quehacerpolitico.mx\/?p=107528"},"modified":"2024-01-11T23:13:50","modified_gmt":"2024-01-11T23:13:50","slug":"exhiben-a-lenia-batres-tras-evidenciar-falta-de-conocimiento-sobre-figuras-legales-en-su-primera-intervencion-en-la-corte","status":"publish","type":"post","link":"https:\/\/quehacerpolitico.mx\/?p=107528","title":{"rendered":"Exhiben a Lenia Batres tras evidenciar falta de conocimiento sobre figuras legales en su primera intervenci\u00f3n en la Corte"},"content":{"rendered":"\n<p>Por Redacci\u00f3n QP<\/p>\n\n\n\n<p>En su primera intervenci\u00f3n en el pleno de la\u00a0<strong>Suprema Corte de Justicia de la Naci\u00f3n<\/strong>(SCJN), la ministra\u00a0<strong>Lenia Batres<\/strong>\u00a0evidenci\u00f3 su falta de claridad sobre la vigencia que poseen las suspensiones provisionales y las definitivas, esto durante la discusi\u00f3n por una contradicci\u00f3n entre criterios de tribunales, lo que le vali\u00f3 cr\u00edticas de expertos en redes sociales.<\/p>\n\n\n\n<p>El proyecto del ministro\u00a0<strong>Luis Mar\u00eda Aguilar<\/strong>, en torno a la contradicci\u00f3n de criterios 523\/2019, propuso considerar v\u00e1lido que se inicie una queja cuando la autoridad responsable incumple con una\u00a0<strong>suspensi\u00f3n provisional<\/strong>\u00a0en un juicio de amparo, aunque se dicte una suspensi\u00f3n que ya sea definitiva.<\/p>\n\n\n\n<p>La ministra Batres expres\u00f3 su oposici\u00f3n al proyecto. El argumento que expuso fue contra el criterio que ponder\u00f3 el ministro&nbsp;<strong>Aguilar Morales<\/strong>.<\/p>\n\n\n\n<p>\u201cSe est\u00e1 proponiendo que se contin\u00fae con la&nbsp;<strong>queja<\/strong>&nbsp;de un acto que no es vigente, que incluso puede ser contradictorio a otro acto, que puede ser ya la suspensi\u00f3n definitiva. Es decir, \u00bfpuede est\u00e1rsele dando efecto a una queja, a una&nbsp;<strong>suspensi\u00f3n provisional<\/strong>contradictoria, de una suspensi\u00f3n definitiva que se niegue?\u201d, coment\u00f3 la ministra.<\/p>\n\n\n\n<p>Tambi\u00e9n calific\u00f3 de \u201c<strong>absurdo<\/strong>\u201d que un juez aplique una sanci\u00f3n a las autoridades que no dan cumplimiento a una\u00a0<strong>suspensi\u00f3n provisional\u00a0<\/strong>cuando una suspensi\u00f3n definitiva se dicta en sentido contrario a la provisional.<\/p>\n\n\n\n<p>\u201cQuedando el juez en realidad en una c<strong>ondici\u00f3n absurda<\/strong>, porque puede estar sancionando a una autoridad que no cumple un acto que \u00e9l mismo considera que no es v\u00e1lido\u201d, dijo.<\/p>\n\n\n\n<p>En redes sociales, abogados criticaron a la nueva ministra por desconocer que en las reglas del juicio de amparo, el juez concede primero una&nbsp;<strong>suspensi\u00f3n provisional<\/strong>&nbsp;para evitar que el acto de autoridad tenga efectos irreparables y, si considera que la demanda tiene m\u00e9ritos, concede la&nbsp;<strong>suspensi\u00f3n definitiva<\/strong>; cada una rige por el periodo que se encuentre vigente.<\/p>\n\n\n\n<p>Luego de la intervenci\u00f3n de la reci\u00e9n nombrada ministra por el presidente&nbsp;<strong>Andr\u00e9s Manuel L\u00f3pez Obrador<\/strong>, tom\u00f3 la palabra la ministra presidenta&nbsp;<strong>Norma Pi\u00f1a Hern\u00e1ndez<\/strong>, quien se posicion\u00f3 en contra del proyecto del ministro ponente con base en sus votos emitidos en casos anteriores.<\/p>\n\n\n\n<p>\u201c\u00bfCu\u00e1l ser\u00eda el prop\u00f3sito de impulsar el cumplimiento de la (<strong>suspensi\u00f3n<\/strong>) provisional si esta ya no resulta jur\u00eddica ni materialmente posible (de cumplir)?\u201d, se\u00f1al\u00f3 la\u00a0<strong>ministra presidenta<\/strong>.<\/p>\n\n\n\n<figure class=\"wp-block-embed is-type-rich is-provider-twitter wp-block-embed-twitter\"><div class=\"wp-block-embed__wrapper\">\n<blockquote class=\"twitter-tweet\" data-width=\"550\" data-dnt=\"true\"><p lang=\"es\" dir=\"ltr\">No se nada, pero quiero opinar <a href=\"https:\/\/twitter.com\/LeniaBatres?ref_src=twsrc%5Etfw\">@LeniaBatres<\/a> <br><br>Total desconocimiento de la ministra de <a href=\"https:\/\/twitter.com\/lopezobrador_?ref_src=twsrc%5Etfw\">@lopezobrador_<\/a> de como funcionan las suspensiones en un juicio de amparo. <br><br>Vergonzoso que se pronuncie sin conocer la sustancia y efectos  de una provisional que se debe hacer cumplir\u2026 <a href=\"https:\/\/t.co\/GmOTE7dNQq\">pic.twitter.com\/GmOTE7dNQq<\/a><\/p>&mdash; Jos\u00e9 D\u00edaz (@JJDiazMachuca) <a href=\"https:\/\/twitter.com\/JJDiazMachuca\/status\/1745546272273056126?ref_src=twsrc%5Etfw\">January 11, 2024<\/a><\/blockquote><script async src=\"https:\/\/platform.twitter.com\/widgets.js\" charset=\"utf-8\"><\/script>\n<\/div><\/figure>\n\n\n\n<p>El ministro&nbsp;<strong>Luis Mar\u00eda Aguilar<\/strong>&nbsp;defendi\u00f3 su proyecto y asegur\u00f3 que se puede sancionar el desacato de una suspensi\u00f3n provisional, aunque ya no se pueda exigir que la autoridad d\u00e9 cumplimento, pues ya existe una orden con la suspensi\u00f3n definitiva.<\/p>\n\n\n\n<p>\u201cNo porque se haya sustituido por la definitiva, quiere decir que se invalid\u00f3 la provisional. La provisional estuvo vigente, era una\u00a0<strong>orden judicial<\/strong>\u00a0que ten\u00eda que cumplirse y su desacato puede revisarse\u201d, coment\u00f3 el ministro ponente.<\/p>\n\n\n\n<p>Al momento de emitir su voto, la ministra\u00a0<strong>Batres Guadarrama\u00a0<\/strong>se mantuvo en contra del proyecto del ministro Aguilar Morales, el cual fue aprobado por mayor\u00eda de nueve votos<a href=\"https:\/\/twitter.com\/LeniaBatres\" target=\"_blank\" rel=\"noreferrer noopener\">.<\/a><\/p>\n","protected":false},"excerpt":{"rendered":"<p>Por Redacci\u00f3n QP En su primera intervenci\u00f3n en el pleno de la\u00a0Suprema Corte de Justicia&#8230;<\/p>\n","protected":false},"author":2,"featured_media":107529,"comment_status":"open","ping_status":"open","sticky":false,"template":"","format":"standard","meta":{"_monsterinsights_skip_tracking":false,"_monsterinsights_sitenote_active":false,"_monsterinsights_sitenote_note":"","_monsterinsights_sitenote_category":0,"footnotes":""},"categories":[2],"tags":[],"class_list":["post-107528","post","type-post","status-publish","format-standard","has-post-thumbnail","hentry","category-noticias"],"yoast_head":"<!-- This site is optimized with the Yoast SEO plugin v27.3 - https:\/\/yoast.com\/product\/yoast-seo-wordpress\/ -->\n<title>Exhiben a Lenia Batres tras evidenciar falta de conocimiento sobre figuras legales en su primera intervenci\u00f3n en la Corte -<\/title>\n<meta name=\"robots\" content=\"index, follow, max-snippet:-1, max-image-preview:large, max-video-preview:-1\" \/>\n<link rel=\"canonical\" href=\"https:\/\/quehacerpolitico.mx\/?p=107528\" \/>\n<meta property=\"og:locale\" content=\"es_MX\" \/>\n<meta property=\"og:type\" content=\"article\" \/>\n<meta property=\"og:title\" content=\"Exhiben a Lenia Batres tras evidenciar falta de conocimiento sobre figuras legales en su primera intervenci\u00f3n en la Corte -\" \/>\n<meta property=\"og:description\" content=\"Por Redacci\u00f3n QP En su primera intervenci\u00f3n en el pleno de la\u00a0Suprema Corte de Justicia...\" \/>\n<meta property=\"og:url\" content=\"https:\/\/quehacerpolitico.mx\/?p=107528\" \/>\n<meta property=\"article:published_time\" content=\"2024-01-11T23:13:47+00:00\" \/>\n<meta property=\"article:modified_time\" content=\"2024-01-11T23:13:50+00:00\" \/>\n<meta property=\"og:image\" content=\"https:\/\/quehacerpolitico.mx\/wp-content\/uploads\/2024\/01\/IMG_3097.jpeg\" \/>\n\t<meta property=\"og:image:width\" content=\"1284\" \/>\n\t<meta property=\"og:image:height\" content=\"716\" \/>\n\t<meta property=\"og:image:type\" content=\"image\/jpeg\" \/>\n<meta name=\"author\" content=\"Redacci\u00f3n QP\" \/>\n<meta name=\"twitter:card\" content=\"summary_large_image\" \/>\n<meta name=\"twitter:label1\" content=\"Escrito por\" \/>\n\t<meta name=\"twitter:data1\" content=\"Redacci\u00f3n QP\" \/>\n\t<meta name=\"twitter:label2\" content=\"Tiempo de lectura\" \/>\n\t<meta name=\"twitter:data2\" content=\"3 minutos\" \/>\n<script type=\"application\/ld+json\" class=\"yoast-schema-graph\">{\"@context\":\"https:\\\/\\\/schema.org\",\"@graph\":[{\"@type\":\"Article\",\"@id\":\"https:\\\/\\\/quehacerpolitico.mx\\\/?p=107528#article\",\"isPartOf\":{\"@id\":\"https:\\\/\\\/quehacerpolitico.mx\\\/?p=107528\"},\"author\":{\"name\":\"Redacci\u00f3n QP\",\"@id\":\"https:\\\/\\\/quehacerpolitico.mx\\\/#\\\/schema\\\/person\\\/496d8ad2d1d3f8036101dca7ee39e585\"},\"headline\":\"Exhiben a Lenia Batres tras evidenciar falta de conocimiento sobre figuras legales en su primera intervenci\u00f3n en la Corte\",\"datePublished\":\"2024-01-11T23:13:47+00:00\",\"dateModified\":\"2024-01-11T23:13:50+00:00\",\"mainEntityOfPage\":{\"@id\":\"https:\\\/\\\/quehacerpolitico.mx\\\/?p=107528\"},\"wordCount\":564,\"commentCount\":0,\"image\":{\"@id\":\"https:\\\/\\\/quehacerpolitico.mx\\\/?p=107528#primaryimage\"},\"thumbnailUrl\":\"https:\\\/\\\/quehacerpolitico.mx\\\/wp-content\\\/uploads\\\/2024\\\/01\\\/IMG_3097.jpeg\",\"articleSection\":[\"Noticias\"],\"inLanguage\":\"es\",\"potentialAction\":[{\"@type\":\"CommentAction\",\"name\":\"Comment\",\"target\":[\"https:\\\/\\\/quehacerpolitico.mx\\\/?p=107528#respond\"]}]},{\"@type\":\"WebPage\",\"@id\":\"https:\\\/\\\/quehacerpolitico.mx\\\/?p=107528\",\"url\":\"https:\\\/\\\/quehacerpolitico.mx\\\/?p=107528\",\"name\":\"Exhiben a Lenia Batres tras evidenciar falta de conocimiento sobre figuras legales en su primera intervenci\u00f3n en la Corte -\",\"isPartOf\":{\"@id\":\"https:\\\/\\\/quehacerpolitico.mx\\\/#website\"},\"primaryImageOfPage\":{\"@id\":\"https:\\\/\\\/quehacerpolitico.mx\\\/?p=107528#primaryimage\"},\"image\":{\"@id\":\"https:\\\/\\\/quehacerpolitico.mx\\\/?p=107528#primaryimage\"},\"thumbnailUrl\":\"https:\\\/\\\/quehacerpolitico.mx\\\/wp-content\\\/uploads\\\/2024\\\/01\\\/IMG_3097.jpeg\",\"datePublished\":\"2024-01-11T23:13:47+00:00\",\"dateModified\":\"2024-01-11T23:13:50+00:00\",\"author\":{\"@id\":\"https:\\\/\\\/quehacerpolitico.mx\\\/#\\\/schema\\\/person\\\/496d8ad2d1d3f8036101dca7ee39e585\"},\"breadcrumb\":{\"@id\":\"https:\\\/\\\/quehacerpolitico.mx\\\/?p=107528#breadcrumb\"},\"inLanguage\":\"es\",\"potentialAction\":[{\"@type\":\"ReadAction\",\"target\":[\"https:\\\/\\\/quehacerpolitico.mx\\\/?p=107528\"]}]},{\"@type\":\"ImageObject\",\"inLanguage\":\"es\",\"@id\":\"https:\\\/\\\/quehacerpolitico.mx\\\/?p=107528#primaryimage\",\"url\":\"https:\\\/\\\/quehacerpolitico.mx\\\/wp-content\\\/uploads\\\/2024\\\/01\\\/IMG_3097.jpeg\",\"contentUrl\":\"https:\\\/\\\/quehacerpolitico.mx\\\/wp-content\\\/uploads\\\/2024\\\/01\\\/IMG_3097.jpeg\",\"width\":1284,\"height\":716},{\"@type\":\"BreadcrumbList\",\"@id\":\"https:\\\/\\\/quehacerpolitico.mx\\\/?p=107528#breadcrumb\",\"itemListElement\":[{\"@type\":\"ListItem\",\"position\":1,\"name\":\"Inicio\",\"item\":\"https:\\\/\\\/quehacerpolitico.mx\\\/\"},{\"@type\":\"ListItem\",\"position\":2,\"name\":\"Exhiben a Lenia Batres tras evidenciar falta de conocimiento sobre figuras legales en su primera intervenci\u00f3n en la Corte\"}]},{\"@type\":\"WebSite\",\"@id\":\"https:\\\/\\\/quehacerpolitico.mx\\\/#website\",\"url\":\"https:\\\/\\\/quehacerpolitico.mx\\\/\",\"name\":\"\",\"description\":\"\",\"potentialAction\":[{\"@type\":\"SearchAction\",\"target\":{\"@type\":\"EntryPoint\",\"urlTemplate\":\"https:\\\/\\\/quehacerpolitico.mx\\\/?s={search_term_string}\"},\"query-input\":{\"@type\":\"PropertyValueSpecification\",\"valueRequired\":true,\"valueName\":\"search_term_string\"}}],\"inLanguage\":\"es\"},{\"@type\":\"Person\",\"@id\":\"https:\\\/\\\/quehacerpolitico.mx\\\/#\\\/schema\\\/person\\\/496d8ad2d1d3f8036101dca7ee39e585\",\"name\":\"Redacci\u00f3n QP\",\"image\":{\"@type\":\"ImageObject\",\"inLanguage\":\"es\",\"@id\":\"https:\\\/\\\/secure.gravatar.com\\\/avatar\\\/c7164ed6fdec453195284ad24a5ae5b6e1eed2b848477fa2a4787ba9adf39a41?s=96&d=mm&r=g\",\"url\":\"https:\\\/\\\/secure.gravatar.com\\\/avatar\\\/c7164ed6fdec453195284ad24a5ae5b6e1eed2b848477fa2a4787ba9adf39a41?s=96&d=mm&r=g\",\"contentUrl\":\"https:\\\/\\\/secure.gravatar.com\\\/avatar\\\/c7164ed6fdec453195284ad24a5ae5b6e1eed2b848477fa2a4787ba9adf39a41?s=96&d=mm&r=g\",\"caption\":\"Redacci\u00f3n QP\"},\"url\":\"https:\\\/\\\/quehacerpolitico.mx\\\/?author=2\"}]}<\/script>\n<!-- \/ Yoast SEO plugin. -->","yoast_head_json":{"title":"Exhiben a Lenia Batres tras evidenciar falta de conocimiento sobre figuras legales en su primera intervenci\u00f3n en la Corte -","robots":{"index":"index","follow":"follow","max-snippet":"max-snippet:-1","max-image-preview":"max-image-preview:large","max-video-preview":"max-video-preview:-1"},"canonical":"https:\/\/quehacerpolitico.mx\/?p=107528","og_locale":"es_MX","og_type":"article","og_title":"Exhiben a Lenia Batres tras evidenciar falta de conocimiento sobre figuras legales en su primera intervenci\u00f3n en la Corte -","og_description":"Por Redacci\u00f3n QP En su primera intervenci\u00f3n en el pleno de la\u00a0Suprema Corte de Justicia...","og_url":"https:\/\/quehacerpolitico.mx\/?p=107528","article_published_time":"2024-01-11T23:13:47+00:00","article_modified_time":"2024-01-11T23:13:50+00:00","og_image":[{"width":1284,"height":716,"url":"https:\/\/quehacerpolitico.mx\/wp-content\/uploads\/2024\/01\/IMG_3097.jpeg","type":"image\/jpeg"}],"author":"Redacci\u00f3n QP","twitter_card":"summary_large_image","twitter_misc":{"Escrito por":"Redacci\u00f3n QP","Tiempo de lectura":"3 minutos"},"schema":{"@context":"https:\/\/schema.org","@graph":[{"@type":"Article","@id":"https:\/\/quehacerpolitico.mx\/?p=107528#article","isPartOf":{"@id":"https:\/\/quehacerpolitico.mx\/?p=107528"},"author":{"name":"Redacci\u00f3n QP","@id":"https:\/\/quehacerpolitico.mx\/#\/schema\/person\/496d8ad2d1d3f8036101dca7ee39e585"},"headline":"Exhiben a Lenia Batres tras evidenciar falta de conocimiento sobre figuras legales en su primera intervenci\u00f3n en la Corte","datePublished":"2024-01-11T23:13:47+00:00","dateModified":"2024-01-11T23:13:50+00:00","mainEntityOfPage":{"@id":"https:\/\/quehacerpolitico.mx\/?p=107528"},"wordCount":564,"commentCount":0,"image":{"@id":"https:\/\/quehacerpolitico.mx\/?p=107528#primaryimage"},"thumbnailUrl":"https:\/\/quehacerpolitico.mx\/wp-content\/uploads\/2024\/01\/IMG_3097.jpeg","articleSection":["Noticias"],"inLanguage":"es","potentialAction":[{"@type":"CommentAction","name":"Comment","target":["https:\/\/quehacerpolitico.mx\/?p=107528#respond"]}]},{"@type":"WebPage","@id":"https:\/\/quehacerpolitico.mx\/?p=107528","url":"https:\/\/quehacerpolitico.mx\/?p=107528","name":"Exhiben a Lenia Batres tras evidenciar falta de conocimiento sobre figuras legales en su primera intervenci\u00f3n en la Corte -","isPartOf":{"@id":"https:\/\/quehacerpolitico.mx\/#website"},"primaryImageOfPage":{"@id":"https:\/\/quehacerpolitico.mx\/?p=107528#primaryimage"},"image":{"@id":"https:\/\/quehacerpolitico.mx\/?p=107528#primaryimage"},"thumbnailUrl":"https:\/\/quehacerpolitico.mx\/wp-content\/uploads\/2024\/01\/IMG_3097.jpeg","datePublished":"2024-01-11T23:13:47+00:00","dateModified":"2024-01-11T23:13:50+00:00","author":{"@id":"https:\/\/quehacerpolitico.mx\/#\/schema\/person\/496d8ad2d1d3f8036101dca7ee39e585"},"breadcrumb":{"@id":"https:\/\/quehacerpolitico.mx\/?p=107528#breadcrumb"},"inLanguage":"es","potentialAction":[{"@type":"ReadAction","target":["https:\/\/quehacerpolitico.mx\/?p=107528"]}]},{"@type":"ImageObject","inLanguage":"es","@id":"https:\/\/quehacerpolitico.mx\/?p=107528#primaryimage","url":"https:\/\/quehacerpolitico.mx\/wp-content\/uploads\/2024\/01\/IMG_3097.jpeg","contentUrl":"https:\/\/quehacerpolitico.mx\/wp-content\/uploads\/2024\/01\/IMG_3097.jpeg","width":1284,"height":716},{"@type":"BreadcrumbList","@id":"https:\/\/quehacerpolitico.mx\/?p=107528#breadcrumb","itemListElement":[{"@type":"ListItem","position":1,"name":"Inicio","item":"https:\/\/quehacerpolitico.mx\/"},{"@type":"ListItem","position":2,"name":"Exhiben a Lenia Batres tras evidenciar falta de conocimiento sobre figuras legales en su primera intervenci\u00f3n en la Corte"}]},{"@type":"WebSite","@id":"https:\/\/quehacerpolitico.mx\/#website","url":"https:\/\/quehacerpolitico.mx\/","name":"","description":"","potentialAction":[{"@type":"SearchAction","target":{"@type":"EntryPoint","urlTemplate":"https:\/\/quehacerpolitico.mx\/?s={search_term_string}"},"query-input":{"@type":"PropertyValueSpecification","valueRequired":true,"valueName":"search_term_string"}}],"inLanguage":"es"},{"@type":"Person","@id":"https:\/\/quehacerpolitico.mx\/#\/schema\/person\/496d8ad2d1d3f8036101dca7ee39e585","name":"Redacci\u00f3n QP","image":{"@type":"ImageObject","inLanguage":"es","@id":"https:\/\/secure.gravatar.com\/avatar\/c7164ed6fdec453195284ad24a5ae5b6e1eed2b848477fa2a4787ba9adf39a41?s=96&d=mm&r=g","url":"https:\/\/secure.gravatar.com\/avatar\/c7164ed6fdec453195284ad24a5ae5b6e1eed2b848477fa2a4787ba9adf39a41?s=96&d=mm&r=g","contentUrl":"https:\/\/secure.gravatar.com\/avatar\/c7164ed6fdec453195284ad24a5ae5b6e1eed2b848477fa2a4787ba9adf39a41?s=96&d=mm&r=g","caption":"Redacci\u00f3n QP"},"url":"https:\/\/quehacerpolitico.mx\/?author=2"}]}},"featured_image_urls":{"full":["https:\/\/quehacerpolitico.mx\/wp-content\/uploads\/2024\/01\/IMG_3097.jpeg",1284,716,false],"thumbnail":["https:\/\/quehacerpolitico.mx\/wp-content\/uploads\/2024\/01\/IMG_3097-150x150.jpeg",150,150,true],"medium":["https:\/\/quehacerpolitico.mx\/wp-content\/uploads\/2024\/01\/IMG_3097-300x167.jpeg",300,167,true],"medium_large":["https:\/\/quehacerpolitico.mx\/wp-content\/uploads\/2024\/01\/IMG_3097-768x428.jpeg",640,357,true],"large":["https:\/\/quehacerpolitico.mx\/wp-content\/uploads\/2024\/01\/IMG_3097-1024x571.jpeg",640,357,true],"1536x1536":["https:\/\/quehacerpolitico.mx\/wp-content\/uploads\/2024\/01\/IMG_3097.jpeg",1284,716,false],"2048x2048":["https:\/\/quehacerpolitico.mx\/wp-content\/uploads\/2024\/01\/IMG_3097.jpeg",1284,716,false],"covernews-featured":["https:\/\/quehacerpolitico.mx\/wp-content\/uploads\/2024\/01\/IMG_3097.jpeg",1024,571,false],"covernews-medium":["https:\/\/quehacerpolitico.mx\/wp-content\/uploads\/2024\/01\/IMG_3097.jpeg",540,301,false]},"author_info":{"display_name":"Redacci\u00f3n QP","author_link":"https:\/\/quehacerpolitico.mx\/?author=2"},"category_info":"<a href=\"https:\/\/quehacerpolitico.mx\/?cat=2\" rel=\"category\">Noticias<\/a>","tag_info":"Noticias","comment_count":"0","_links":{"self":[{"href":"https:\/\/quehacerpolitico.mx\/index.php?rest_route=\/wp\/v2\/posts\/107528","targetHints":{"allow":["GET"]}}],"collection":[{"href":"https:\/\/quehacerpolitico.mx\/index.php?rest_route=\/wp\/v2\/posts"}],"about":[{"href":"https:\/\/quehacerpolitico.mx\/index.php?rest_route=\/wp\/v2\/types\/post"}],"author":[{"embeddable":true,"href":"https:\/\/quehacerpolitico.mx\/index.php?rest_route=\/wp\/v2\/users\/2"}],"replies":[{"embeddable":true,"href":"https:\/\/quehacerpolitico.mx\/index.php?rest_route=%2Fwp%2Fv2%2Fcomments&post=107528"}],"version-history":[{"count":1,"href":"https:\/\/quehacerpolitico.mx\/index.php?rest_route=\/wp\/v2\/posts\/107528\/revisions"}],"predecessor-version":[{"id":107530,"href":"https:\/\/quehacerpolitico.mx\/index.php?rest_route=\/wp\/v2\/posts\/107528\/revisions\/107530"}],"wp:featuredmedia":[{"embeddable":true,"href":"https:\/\/quehacerpolitico.mx\/index.php?rest_route=\/wp\/v2\/media\/107529"}],"wp:attachment":[{"href":"https:\/\/quehacerpolitico.mx\/index.php?rest_route=%2Fwp%2Fv2%2Fmedia&parent=107528"}],"wp:term":[{"taxonomy":"category","embeddable":true,"href":"https:\/\/quehacerpolitico.mx\/index.php?rest_route=%2Fwp%2Fv2%2Fcategories&post=107528"},{"taxonomy":"post_tag","embeddable":true,"href":"https:\/\/quehacerpolitico.mx\/index.php?rest_route=%2Fwp%2Fv2%2Ftags&post=107528"}],"curies":[{"name":"wp","href":"https:\/\/api.w.org\/{rel}","templated":true}]}}