{"id":107524,"date":"2024-01-11T20:57:32","date_gmt":"2024-01-11T20:57:32","guid":{"rendered":"https:\/\/quehacerpolitico.mx\/?p=107524"},"modified":"2024-01-11T20:57:36","modified_gmt":"2024-01-11T20:57:36","slug":"dile-adios-al-frio-con-mejoravit-repara-o-mejoravit-renueva","status":"publish","type":"post","link":"https:\/\/quehacerpolitico.mx\/?p=107524","title":{"rendered":"DILE ADI\u00d3S AL FR\u00cdO CON MEJORAVIT REPARA O MEJORAVIT RENUEVA"},"content":{"rendered":"\n<p>Por Redacci\u00f3n de NotiExpress | La Revista del Sector Inmobiliario <\/p>\n\n\n\n<ul class=\"wp-block-list\">\n<li><strong>Obt\u00e9n desde 9 mil 461 pesos y hasta 149 mil 485 pesos en cr\u00e9dito, dependiendo de la alternativa que elijas, con pagos fijos y una tasa de inter\u00e9s por lo menos tres veces m\u00e1s baja que la de una tarjeta de cr\u00e9dito o un pr\u00e9stamo personal en el banco.<\/strong><\/li>\n\n\n\n<li><strong>\u00dasalo para instalar sistemas de aire acondicionado con calefacci\u00f3n, persianas t\u00e9rmicas, instalaci\u00f3n de l\u00e1mparas o incluso para reparar alguna secci\u00f3n de tu hogar que se encuentre en mal estado y que no afecte su estructura.<\/strong><\/li>\n<\/ul>\n\n\n\n<p>Con los cr\u00e9ditos Mejoravit Repara y Mejoravit Renueva, tienes toda una lista de opciones para hacerle frente a esta temporada de fr\u00edo, ya que con cualquiera de estos dos financiamientos puedes reparar, mejorar, ampliar o acondicionar tu vivienda con el equipo que tanto necesitas para olvidarte de una vez por todas de las bajas temperaturas.<\/p>\n\n\n\n<p>Adem\u00e1s, si as\u00ed lo prefieres, tambi\u00e9n puedes utilizar los recursos para impermeabilizar tu casa o adquirir unas persianas t\u00e9rmicas; recuerda que el impermeabilizante act\u00faa como un abrigo para mantener el calor en las habitaciones del hogar, mientras que las persianas te permiten mantener una temperatura agradable en tu vivienda.<\/p>\n\n\n\n<p>Al obtener alguno de estos productos de cr\u00e9dito se te entregar\u00e1n dos tarjetas, una con el 80% del monto total del financiamiento para comprar lo que necesites en comercios afiliados y otra con el 20% para pagar mano de obra.<\/p>\n\n\n\n<figure class=\"wp-block-embed is-type-video is-provider-youtube wp-block-embed-youtube wp-embed-aspect-16-9 wp-has-aspect-ratio\"><div class=\"wp-block-embed__wrapper\">\n<iframe loading=\"lazy\" title=\"Detalles y Requisitos Para Ejercer el Cr\u00e9dito Mejoravit \ud83d\ude31 Como funciona este 2024\" width=\"640\" height=\"360\" src=\"https:\/\/www.youtube.com\/embed\/361XovWPTIM?feature=oembed\" frameborder=\"0\" allow=\"accelerometer; autoplay; clipboard-write; encrypted-media; gyroscope; picture-in-picture; web-share\" referrerpolicy=\"strict-origin-when-cross-origin\" allowfullscreen><\/iframe>\n<\/div><\/figure>\n\n\n\n<p><strong>Para conocer qu\u00e9 puedes comprar y en d\u00f3nde puedes hacer uso de esta tarjeta:<\/strong><\/p>\n\n\n\n<ol class=\"wp-block-list\" start=\"1\">\n<li>Ingresa a&nbsp;portalmx.infonavit.org.mx.<\/li>\n\n\n\n<li>En la secci\u00f3n Quiero un Cr\u00e9dito, elige Quiero remodelar.<\/li>\n\n\n\n<li>Selecciona Mejoravit Repara o Mejoravit Renueva y se desplegar\u00e1n tanto las caracter\u00edsticas de cada uno de estos financiamientos como el listado de comercios afiliados y los requisitos de los productos de mejora.<\/li>\n<\/ol>\n\n\n\n<p>Considera que, los materiales de construcci\u00f3n, productos, herramientas, aparatos, y utensilios que puedes comprar con ambos cr\u00e9ditos, deben ser destinados para:<\/p>\n\n\n\n<ul class=\"wp-block-list\">\n<li><strong>Reparar o remodelar alguna secci\u00f3n de tu casa en mal estado:<\/strong>&nbsp;techos, pisos, puertas, ventanas, entre otros.<\/li>\n\n\n\n<li><strong>Mejorar tu vivienda:<\/strong>&nbsp;pintar rec\u00e1maras, renovar cocina, ba\u00f1os, jardines, etc.<\/li>\n\n\n\n<li><strong>Acondicionar espacios:<\/strong>&nbsp;instalaci\u00f3n de l\u00e1mparas, gabinetes de ba\u00f1o, aire acondicionado, entre otros.<\/li>\n<\/ul>\n\n\n\n<ul class=\"wp-block-list\">\n<li><strong>Instalar, reparar o mejorar conexiones de servicios:<\/strong>&nbsp;drenaje, agua potable y electricidad.<\/li>\n\n\n\n<li><strong>Colocar elementos arquitect\u00f3nicos que apoyen la reducci\u00f3n del gasto de la vivienda:<\/strong>&nbsp;domos, ventanales, mecanismos de captaci\u00f3n de agua de lluvia, etc.<\/li>\n\n\n\n<li><strong>Acondicionar equipo en tu vivienda:&nbsp;<\/strong>para mejorar la habitabilidad de personas que tengan alguna discapacidad o limitaci\u00f3n f\u00edsica.<\/li>\n<\/ul>\n\n\n\n<p>Para iniciar tu tr\u00e1mite de cr\u00e9dito y conocer el monto del financiamiento al que puedes acceder debes ingresar a Mi Cuenta Infonavit (micuenta.infonavit.org.mx).<\/p>\n\n\n\n<p><strong>Con Mejoravit Repara:&nbsp;<\/strong><\/p>\n\n\n\n<ul class=\"wp-block-list\">\n<li>El cr\u00e9dito que podr\u00edas obtener va de 9 mil 461 pesos hasta 37 mil 844 pesos (sin rebasar el 90% del importe en tu Subcuenta de Vivienda).<\/li>\n\n\n\n<li>La tasa de inter\u00e9s anual fija es del 10%.<\/li>\n\n\n\n<li>El plazo para pagar el cr\u00e9dito lo podr\u00e1s elegir desde 1 hasta 5 a\u00f1os.<\/li>\n<\/ul>\n\n\n\n<p><strong>Con Mejoravit Renueva:&nbsp;<\/strong><\/p>\n\n\n\n<ul class=\"wp-block-list\">\n<li>El monto del cr\u00e9dito es de 37 mil 844 pesos hasta 149 mil 485 pesos (sin rebasar el 90% del importe en tu Subcuenta de Vivienda).<\/li>\n\n\n\n<li>La tasa de inter\u00e9s anual fija es del 11%.<\/li>\n\n\n\n<li>El plazo para pagar el cr\u00e9dito es a elegir desde 1 hasta 10 a\u00f1os.<\/li>\n<\/ul>\n\n\n\n<p><strong>Requisitos para acceder a Mejoravit Repara o Mejoravit Renueva:<\/strong><\/p>\n\n\n\n<ul class=\"wp-block-list\">\n<li>Ser derechohabiente con relaci\u00f3n laboral vigente.<\/li>\n\n\n\n<li>Estar registrado en una Afore y contar con registros de datos biom\u00e9tricos actualizados.<\/li>\n\n\n\n<li>Autorizar la consulta a bur\u00f3 de cr\u00e9dito.<\/li>\n\n\n\n<li>No tener un cr\u00e9dito vigente con el Infonavit.<\/li>\n<\/ul>\n\n\n\n<p><strong>\u00danete a la comunidad de Socio Infonavit y disfruta descuentos y beneficios exclusivos. S\u00f3lo necesitas tu N\u00famero de Seguridad Social (NSS) y tu contrase\u00f1a de Mi Cuenta Infonavit. Descarga la aplicaci\u00f3n o reg\u00edstrate hoy mismo en&nbsp;app.socioinfonavit.com.<\/strong><\/p>\n\n\n\n<p><strong>Conoce todo lo que necesitas saber sobre cr\u00e9ditos, tr\u00e1mites y servicios del Infonavit, de manera sencilla y clara en\u00a0infonavitfacil.mx<\/strong><\/p>\n\n\n\n<p>No se te olvide que?<\/p>\n\n\n\n<p>En\u00a0NotiExpress | La Revista del Sector Inmobiliario nos ocupamos en la difusi\u00f3n de la industria inmobiliaria generamos contenidos que te ayudar\u00e1n a mantenerte a la vanguardia en tecnolog\u00eda y en tendencias del sector inmobiliario para que puedas ofrecer el mejor servicio y generar m\u00e1s clientes.<\/p>\n\n\n\n<p>\u00c9chale una miradita a nuestra revista mensual donde encontrar\u00e1s la informaci\u00f3n precisa y oportuna con todo lo relacionado al sector inmobiliario aqu\u00ed ?\u00a0<a href=\"https:\/\/issuu.com\/notiexpressmx\/docs\/notiexpress_07\">https:\/\/issuu.com\/notiexpressmx\/docs\/notiexpress_07\u00a0<\/a>\u00a0NotiExpress | La Revista del Sector Inmobiliario<\/p>\n\n\n\n<figure class=\"wp-block-image size-large\"><img loading=\"lazy\" decoding=\"async\" width=\"1024\" height=\"378\" src=\"https:\/\/quehacerpolitico.mx\/wp-content\/uploads\/2024\/01\/image-12-1024x378.jpeg\" alt=\"\" class=\"wp-image-107525\" srcset=\"https:\/\/quehacerpolitico.mx\/wp-content\/uploads\/2024\/01\/image-12-1024x378.jpeg 1024w, https:\/\/quehacerpolitico.mx\/wp-content\/uploads\/2024\/01\/image-12-300x111.jpeg 300w, https:\/\/quehacerpolitico.mx\/wp-content\/uploads\/2024\/01\/image-12-768x284.jpeg 768w, https:\/\/quehacerpolitico.mx\/wp-content\/uploads\/2024\/01\/image-12-260x96.jpeg 260w, https:\/\/quehacerpolitico.mx\/wp-content\/uploads\/2024\/01\/image-12-50x18.jpeg 50w, https:\/\/quehacerpolitico.mx\/wp-content\/uploads\/2024\/01\/image-12-150x55.jpeg 150w, https:\/\/quehacerpolitico.mx\/wp-content\/uploads\/2024\/01\/image-12.jpeg 1280w\" sizes=\"auto, (max-width: 1024px) 100vw, 1024px\" \/><\/figure>\n","protected":false},"excerpt":{"rendered":"<p>Por Redacci\u00f3n de NotiExpress | La Revista del Sector Inmobiliario Con los cr\u00e9ditos Mejoravit Repara&#8230;<\/p>\n","protected":false},"author":2,"featured_media":107526,"comment_status":"open","ping_status":"open","sticky":false,"template":"","format":"standard","meta":{"_monsterinsights_skip_tracking":false,"_monsterinsights_sitenote_active":false,"_monsterinsights_sitenote_note":"","_monsterinsights_sitenote_category":0,"footnotes":""},"categories":[56],"tags":[],"class_list":["post-107524","post","type-post","status-publish","format-standard","has-post-thumbnail","hentry","category-economia"],"yoast_head":"<!-- This site is optimized with the Yoast SEO plugin v27.3 - https:\/\/yoast.com\/product\/yoast-seo-wordpress\/ -->\n<title>DILE ADI\u00d3S AL FR\u00cdO CON MEJORAVIT REPARA O MEJORAVIT RENUEVA -<\/title>\n<meta name=\"robots\" content=\"index, follow, max-snippet:-1, max-image-preview:large, max-video-preview:-1\" \/>\n<link rel=\"canonical\" href=\"https:\/\/quehacerpolitico.mx\/?p=107524\" \/>\n<meta property=\"og:locale\" content=\"es_MX\" \/>\n<meta property=\"og:type\" content=\"article\" \/>\n<meta property=\"og:title\" content=\"DILE ADI\u00d3S AL FR\u00cdO CON MEJORAVIT REPARA O MEJORAVIT RENUEVA -\" \/>\n<meta property=\"og:description\" content=\"Por Redacci\u00f3n de NotiExpress | La Revista del Sector Inmobiliario Con los cr\u00e9ditos Mejoravit Repara...\" \/>\n<meta property=\"og:url\" content=\"https:\/\/quehacerpolitico.mx\/?p=107524\" \/>\n<meta property=\"article:published_time\" content=\"2024-01-11T20:57:32+00:00\" \/>\n<meta property=\"article:modified_time\" content=\"2024-01-11T20:57:36+00:00\" \/>\n<meta property=\"og:image\" content=\"https:\/\/quehacerpolitico.mx\/wp-content\/uploads\/2024\/01\/photo-output-1.jpeg\" \/>\n\t<meta property=\"og:image:width\" content=\"2046\" \/>\n\t<meta property=\"og:image:height\" content=\"1114\" \/>\n\t<meta property=\"og:image:type\" content=\"image\/jpeg\" \/>\n<meta name=\"author\" content=\"Redacci\u00f3n QP\" \/>\n<meta name=\"twitter:card\" content=\"summary_large_image\" \/>\n<meta name=\"twitter:label1\" content=\"Escrito por\" \/>\n\t<meta name=\"twitter:data1\" content=\"Redacci\u00f3n QP\" \/>\n\t<meta name=\"twitter:label2\" content=\"Tiempo de lectura\" \/>\n\t<meta name=\"twitter:data2\" content=\"4 minutos\" \/>\n<script type=\"application\/ld+json\" class=\"yoast-schema-graph\">{\"@context\":\"https:\\\/\\\/schema.org\",\"@graph\":[{\"@type\":\"Article\",\"@id\":\"https:\\\/\\\/quehacerpolitico.mx\\\/?p=107524#article\",\"isPartOf\":{\"@id\":\"https:\\\/\\\/quehacerpolitico.mx\\\/?p=107524\"},\"author\":{\"name\":\"Redacci\u00f3n QP\",\"@id\":\"https:\\\/\\\/quehacerpolitico.mx\\\/#\\\/schema\\\/person\\\/496d8ad2d1d3f8036101dca7ee39e585\"},\"headline\":\"DILE ADI\u00d3S AL FR\u00cdO CON MEJORAVIT REPARA O MEJORAVIT RENUEVA\",\"datePublished\":\"2024-01-11T20:57:32+00:00\",\"dateModified\":\"2024-01-11T20:57:36+00:00\",\"mainEntityOfPage\":{\"@id\":\"https:\\\/\\\/quehacerpolitico.mx\\\/?p=107524\"},\"wordCount\":804,\"commentCount\":0,\"image\":{\"@id\":\"https:\\\/\\\/quehacerpolitico.mx\\\/?p=107524#primaryimage\"},\"thumbnailUrl\":\"https:\\\/\\\/quehacerpolitico.mx\\\/wp-content\\\/uploads\\\/2024\\\/01\\\/photo-output-1.jpeg\",\"articleSection\":[\"Econom\u00eda\"],\"inLanguage\":\"es\",\"potentialAction\":[{\"@type\":\"CommentAction\",\"name\":\"Comment\",\"target\":[\"https:\\\/\\\/quehacerpolitico.mx\\\/?p=107524#respond\"]}]},{\"@type\":\"WebPage\",\"@id\":\"https:\\\/\\\/quehacerpolitico.mx\\\/?p=107524\",\"url\":\"https:\\\/\\\/quehacerpolitico.mx\\\/?p=107524\",\"name\":\"DILE ADI\u00d3S AL FR\u00cdO CON MEJORAVIT REPARA O MEJORAVIT RENUEVA -\",\"isPartOf\":{\"@id\":\"https:\\\/\\\/quehacerpolitico.mx\\\/#website\"},\"primaryImageOfPage\":{\"@id\":\"https:\\\/\\\/quehacerpolitico.mx\\\/?p=107524#primaryimage\"},\"image\":{\"@id\":\"https:\\\/\\\/quehacerpolitico.mx\\\/?p=107524#primaryimage\"},\"thumbnailUrl\":\"https:\\\/\\\/quehacerpolitico.mx\\\/wp-content\\\/uploads\\\/2024\\\/01\\\/photo-output-1.jpeg\",\"datePublished\":\"2024-01-11T20:57:32+00:00\",\"dateModified\":\"2024-01-11T20:57:36+00:00\",\"author\":{\"@id\":\"https:\\\/\\\/quehacerpolitico.mx\\\/#\\\/schema\\\/person\\\/496d8ad2d1d3f8036101dca7ee39e585\"},\"breadcrumb\":{\"@id\":\"https:\\\/\\\/quehacerpolitico.mx\\\/?p=107524#breadcrumb\"},\"inLanguage\":\"es\",\"potentialAction\":[{\"@type\":\"ReadAction\",\"target\":[\"https:\\\/\\\/quehacerpolitico.mx\\\/?p=107524\"]}]},{\"@type\":\"ImageObject\",\"inLanguage\":\"es\",\"@id\":\"https:\\\/\\\/quehacerpolitico.mx\\\/?p=107524#primaryimage\",\"url\":\"https:\\\/\\\/quehacerpolitico.mx\\\/wp-content\\\/uploads\\\/2024\\\/01\\\/photo-output-1.jpeg\",\"contentUrl\":\"https:\\\/\\\/quehacerpolitico.mx\\\/wp-content\\\/uploads\\\/2024\\\/01\\\/photo-output-1.jpeg\",\"width\":2046,\"height\":1114},{\"@type\":\"BreadcrumbList\",\"@id\":\"https:\\\/\\\/quehacerpolitico.mx\\\/?p=107524#breadcrumb\",\"itemListElement\":[{\"@type\":\"ListItem\",\"position\":1,\"name\":\"Inicio\",\"item\":\"https:\\\/\\\/quehacerpolitico.mx\\\/\"},{\"@type\":\"ListItem\",\"position\":2,\"name\":\"DILE ADI\u00d3S AL FR\u00cdO CON MEJORAVIT REPARA O MEJORAVIT RENUEVA\"}]},{\"@type\":\"WebSite\",\"@id\":\"https:\\\/\\\/quehacerpolitico.mx\\\/#website\",\"url\":\"https:\\\/\\\/quehacerpolitico.mx\\\/\",\"name\":\"\",\"description\":\"\",\"potentialAction\":[{\"@type\":\"SearchAction\",\"target\":{\"@type\":\"EntryPoint\",\"urlTemplate\":\"https:\\\/\\\/quehacerpolitico.mx\\\/?s={search_term_string}\"},\"query-input\":{\"@type\":\"PropertyValueSpecification\",\"valueRequired\":true,\"valueName\":\"search_term_string\"}}],\"inLanguage\":\"es\"},{\"@type\":\"Person\",\"@id\":\"https:\\\/\\\/quehacerpolitico.mx\\\/#\\\/schema\\\/person\\\/496d8ad2d1d3f8036101dca7ee39e585\",\"name\":\"Redacci\u00f3n QP\",\"image\":{\"@type\":\"ImageObject\",\"inLanguage\":\"es\",\"@id\":\"https:\\\/\\\/secure.gravatar.com\\\/avatar\\\/c7164ed6fdec453195284ad24a5ae5b6e1eed2b848477fa2a4787ba9adf39a41?s=96&d=mm&r=g\",\"url\":\"https:\\\/\\\/secure.gravatar.com\\\/avatar\\\/c7164ed6fdec453195284ad24a5ae5b6e1eed2b848477fa2a4787ba9adf39a41?s=96&d=mm&r=g\",\"contentUrl\":\"https:\\\/\\\/secure.gravatar.com\\\/avatar\\\/c7164ed6fdec453195284ad24a5ae5b6e1eed2b848477fa2a4787ba9adf39a41?s=96&d=mm&r=g\",\"caption\":\"Redacci\u00f3n QP\"},\"url\":\"https:\\\/\\\/quehacerpolitico.mx\\\/?author=2\"}]}<\/script>\n<!-- \/ Yoast SEO plugin. -->","yoast_head_json":{"title":"DILE ADI\u00d3S AL FR\u00cdO CON MEJORAVIT REPARA O MEJORAVIT RENUEVA -","robots":{"index":"index","follow":"follow","max-snippet":"max-snippet:-1","max-image-preview":"max-image-preview:large","max-video-preview":"max-video-preview:-1"},"canonical":"https:\/\/quehacerpolitico.mx\/?p=107524","og_locale":"es_MX","og_type":"article","og_title":"DILE ADI\u00d3S AL FR\u00cdO CON MEJORAVIT REPARA O MEJORAVIT RENUEVA -","og_description":"Por Redacci\u00f3n de NotiExpress | La Revista del Sector Inmobiliario Con los cr\u00e9ditos Mejoravit Repara...","og_url":"https:\/\/quehacerpolitico.mx\/?p=107524","article_published_time":"2024-01-11T20:57:32+00:00","article_modified_time":"2024-01-11T20:57:36+00:00","og_image":[{"width":2046,"height":1114,"url":"https:\/\/quehacerpolitico.mx\/wp-content\/uploads\/2024\/01\/photo-output-1.jpeg","type":"image\/jpeg"}],"author":"Redacci\u00f3n QP","twitter_card":"summary_large_image","twitter_misc":{"Escrito por":"Redacci\u00f3n QP","Tiempo de lectura":"4 minutos"},"schema":{"@context":"https:\/\/schema.org","@graph":[{"@type":"Article","@id":"https:\/\/quehacerpolitico.mx\/?p=107524#article","isPartOf":{"@id":"https:\/\/quehacerpolitico.mx\/?p=107524"},"author":{"name":"Redacci\u00f3n QP","@id":"https:\/\/quehacerpolitico.mx\/#\/schema\/person\/496d8ad2d1d3f8036101dca7ee39e585"},"headline":"DILE ADI\u00d3S AL FR\u00cdO CON MEJORAVIT REPARA O MEJORAVIT RENUEVA","datePublished":"2024-01-11T20:57:32+00:00","dateModified":"2024-01-11T20:57:36+00:00","mainEntityOfPage":{"@id":"https:\/\/quehacerpolitico.mx\/?p=107524"},"wordCount":804,"commentCount":0,"image":{"@id":"https:\/\/quehacerpolitico.mx\/?p=107524#primaryimage"},"thumbnailUrl":"https:\/\/quehacerpolitico.mx\/wp-content\/uploads\/2024\/01\/photo-output-1.jpeg","articleSection":["Econom\u00eda"],"inLanguage":"es","potentialAction":[{"@type":"CommentAction","name":"Comment","target":["https:\/\/quehacerpolitico.mx\/?p=107524#respond"]}]},{"@type":"WebPage","@id":"https:\/\/quehacerpolitico.mx\/?p=107524","url":"https:\/\/quehacerpolitico.mx\/?p=107524","name":"DILE ADI\u00d3S AL FR\u00cdO CON MEJORAVIT REPARA O MEJORAVIT RENUEVA -","isPartOf":{"@id":"https:\/\/quehacerpolitico.mx\/#website"},"primaryImageOfPage":{"@id":"https:\/\/quehacerpolitico.mx\/?p=107524#primaryimage"},"image":{"@id":"https:\/\/quehacerpolitico.mx\/?p=107524#primaryimage"},"thumbnailUrl":"https:\/\/quehacerpolitico.mx\/wp-content\/uploads\/2024\/01\/photo-output-1.jpeg","datePublished":"2024-01-11T20:57:32+00:00","dateModified":"2024-01-11T20:57:36+00:00","author":{"@id":"https:\/\/quehacerpolitico.mx\/#\/schema\/person\/496d8ad2d1d3f8036101dca7ee39e585"},"breadcrumb":{"@id":"https:\/\/quehacerpolitico.mx\/?p=107524#breadcrumb"},"inLanguage":"es","potentialAction":[{"@type":"ReadAction","target":["https:\/\/quehacerpolitico.mx\/?p=107524"]}]},{"@type":"ImageObject","inLanguage":"es","@id":"https:\/\/quehacerpolitico.mx\/?p=107524#primaryimage","url":"https:\/\/quehacerpolitico.mx\/wp-content\/uploads\/2024\/01\/photo-output-1.jpeg","contentUrl":"https:\/\/quehacerpolitico.mx\/wp-content\/uploads\/2024\/01\/photo-output-1.jpeg","width":2046,"height":1114},{"@type":"BreadcrumbList","@id":"https:\/\/quehacerpolitico.mx\/?p=107524#breadcrumb","itemListElement":[{"@type":"ListItem","position":1,"name":"Inicio","item":"https:\/\/quehacerpolitico.mx\/"},{"@type":"ListItem","position":2,"name":"DILE ADI\u00d3S AL FR\u00cdO CON MEJORAVIT REPARA O MEJORAVIT RENUEVA"}]},{"@type":"WebSite","@id":"https:\/\/quehacerpolitico.mx\/#website","url":"https:\/\/quehacerpolitico.mx\/","name":"","description":"","potentialAction":[{"@type":"SearchAction","target":{"@type":"EntryPoint","urlTemplate":"https:\/\/quehacerpolitico.mx\/?s={search_term_string}"},"query-input":{"@type":"PropertyValueSpecification","valueRequired":true,"valueName":"search_term_string"}}],"inLanguage":"es"},{"@type":"Person","@id":"https:\/\/quehacerpolitico.mx\/#\/schema\/person\/496d8ad2d1d3f8036101dca7ee39e585","name":"Redacci\u00f3n QP","image":{"@type":"ImageObject","inLanguage":"es","@id":"https:\/\/secure.gravatar.com\/avatar\/c7164ed6fdec453195284ad24a5ae5b6e1eed2b848477fa2a4787ba9adf39a41?s=96&d=mm&r=g","url":"https:\/\/secure.gravatar.com\/avatar\/c7164ed6fdec453195284ad24a5ae5b6e1eed2b848477fa2a4787ba9adf39a41?s=96&d=mm&r=g","contentUrl":"https:\/\/secure.gravatar.com\/avatar\/c7164ed6fdec453195284ad24a5ae5b6e1eed2b848477fa2a4787ba9adf39a41?s=96&d=mm&r=g","caption":"Redacci\u00f3n QP"},"url":"https:\/\/quehacerpolitico.mx\/?author=2"}]}},"featured_image_urls":{"full":["https:\/\/quehacerpolitico.mx\/wp-content\/uploads\/2024\/01\/photo-output-1.jpeg",2046,1114,false],"thumbnail":["https:\/\/quehacerpolitico.mx\/wp-content\/uploads\/2024\/01\/photo-output-1-150x150.jpeg",150,150,true],"medium":["https:\/\/quehacerpolitico.mx\/wp-content\/uploads\/2024\/01\/photo-output-1-300x163.jpeg",300,163,true],"medium_large":["https:\/\/quehacerpolitico.mx\/wp-content\/uploads\/2024\/01\/photo-output-1-768x418.jpeg",640,348,true],"large":["https:\/\/quehacerpolitico.mx\/wp-content\/uploads\/2024\/01\/photo-output-1-1024x558.jpeg",640,349,true],"1536x1536":["https:\/\/quehacerpolitico.mx\/wp-content\/uploads\/2024\/01\/photo-output-1-1536x836.jpeg",1536,836,true],"2048x2048":["https:\/\/quehacerpolitico.mx\/wp-content\/uploads\/2024\/01\/photo-output-1.jpeg",2046,1114,false],"covernews-featured":["https:\/\/quehacerpolitico.mx\/wp-content\/uploads\/2024\/01\/photo-output-1.jpeg",1024,558,false],"covernews-medium":["https:\/\/quehacerpolitico.mx\/wp-content\/uploads\/2024\/01\/photo-output-1.jpeg",540,294,false]},"author_info":{"display_name":"Redacci\u00f3n QP","author_link":"https:\/\/quehacerpolitico.mx\/?author=2"},"category_info":"<a href=\"https:\/\/quehacerpolitico.mx\/?cat=56\" rel=\"category\">Econom\u00eda<\/a>","tag_info":"Econom\u00eda","comment_count":"0","_links":{"self":[{"href":"https:\/\/quehacerpolitico.mx\/index.php?rest_route=\/wp\/v2\/posts\/107524","targetHints":{"allow":["GET"]}}],"collection":[{"href":"https:\/\/quehacerpolitico.mx\/index.php?rest_route=\/wp\/v2\/posts"}],"about":[{"href":"https:\/\/quehacerpolitico.mx\/index.php?rest_route=\/wp\/v2\/types\/post"}],"author":[{"embeddable":true,"href":"https:\/\/quehacerpolitico.mx\/index.php?rest_route=\/wp\/v2\/users\/2"}],"replies":[{"embeddable":true,"href":"https:\/\/quehacerpolitico.mx\/index.php?rest_route=%2Fwp%2Fv2%2Fcomments&post=107524"}],"version-history":[{"count":1,"href":"https:\/\/quehacerpolitico.mx\/index.php?rest_route=\/wp\/v2\/posts\/107524\/revisions"}],"predecessor-version":[{"id":107527,"href":"https:\/\/quehacerpolitico.mx\/index.php?rest_route=\/wp\/v2\/posts\/107524\/revisions\/107527"}],"wp:featuredmedia":[{"embeddable":true,"href":"https:\/\/quehacerpolitico.mx\/index.php?rest_route=\/wp\/v2\/media\/107526"}],"wp:attachment":[{"href":"https:\/\/quehacerpolitico.mx\/index.php?rest_route=%2Fwp%2Fv2%2Fmedia&parent=107524"}],"wp:term":[{"taxonomy":"category","embeddable":true,"href":"https:\/\/quehacerpolitico.mx\/index.php?rest_route=%2Fwp%2Fv2%2Fcategories&post=107524"},{"taxonomy":"post_tag","embeddable":true,"href":"https:\/\/quehacerpolitico.mx\/index.php?rest_route=%2Fwp%2Fv2%2Ftags&post=107524"}],"curies":[{"name":"wp","href":"https:\/\/api.w.org\/{rel}","templated":true}]}}