{"id":107517,"date":"2024-01-11T20:06:26","date_gmt":"2024-01-11T20:06:26","guid":{"rendered":"https:\/\/quehacerpolitico.mx\/?p=107517"},"modified":"2024-01-11T20:06:30","modified_gmt":"2024-01-11T20:06:30","slug":"rendiran-homenaje-postumo-en-bellas-artes-a-ignacio-solares","status":"publish","type":"post","link":"https:\/\/quehacerpolitico.mx\/?p=107517","title":{"rendered":"Rendir\u00e1n homenaje p\u00f3stumo en Bellas Artes a Ignacio Solares"},"content":{"rendered":"\n<p>Por Redacci\u00f3n QP<\/p>\n\n\n\n<p>El reconocido autor falleci\u00f3 en agosto del a\u00f1o pasado<\/p>\n\n\n\n<p><strong>Ignacio Solares<\/strong>, el&nbsp;<strong>narrador, editor, dramaturgo, periodista cultural y qui\u00e9n durante casi siete a\u00f1os fuera colaborador de EL UNIVERSAL,<\/strong>&nbsp;recibir\u00e1 un&nbsp;<strong>homenaje p\u00f3stumo<\/strong>, el pr\u00f3ximo&nbsp;domingo 14 de enero, a las 12:00 horas, en la Sala Manuel M. Ponce del Palacio de Bellas Artes en la CDMX.<\/p>\n\n\n\n<p>Los escritores&nbsp;<strong>Jos\u00e9 Gordon, Sandra Lorenzano, Georgina Garc\u00eda Guti\u00e9rrez, Javier Contreras, Francisco Prieto y Antonio Crestani<\/strong>&nbsp;participar\u00e1n en el evento organizado por la&nbsp;<strong>Secretar\u00eda de Cultura del Gobierno de M\u00e9xico y el Instituto Nacional de Bellas Artes y Literatura (Inbal)<\/strong>, a trav\u00e9s de la Coordinaci\u00f3n Nacional de Literatura.<\/p>\n\n\n\n<p>Ignacio Solares naci\u00f3 el 15 de enero de 1945 en Ciudad Ju\u00e1rez, Chihuahua y falleci\u00f3 el 24 de agosto de 2023, a los 78 a\u00f1os de edad,\u00a0dejando una extensa obra literaria que incluye diversos libros, ensayos y art\u00edculos period\u00edsticos, as\u00ed como una larga trayectoria en la gestor\u00eda y promoci\u00f3n cultural, especialmente en la\u00a0<strong>UNAM<\/strong>, instituci\u00f3n a la que estuvo ligado desde que estudi\u00f3 en la Facultad de Filosof\u00eda y Letras, luego como docente de la misma, y de la Facultad de Ciencias Pol\u00edticas y Sociales de la misma casa de estudios a la que estuvo relacionado hasta su fallecimiento.<\/p>\n\n\n\n<p>El tambi\u00e9n ensayista, fue ganador de distinciones como la<strong>&nbsp;beca de John S. Guggenheim Foundation; el Premio Xavier Villaurrutia en 1998 por la novela &#8220;El sitio&#8221;; el Premio Nacional de Literatura Jos\u00e9 Fuentes Mares en 1996 por &#8220;Nen, la in\u00fatil&#8221;; y el Premio Nacional de Ciencias y Artes en Ling\u00fc\u00edstica y Literatura en 2010.<\/strong>&nbsp;Tambi\u00e9n fue reconocido con el Homenaje Nacional de Periodismo Cultural Fernando Ben\u00edtez en 2008, otorgado por la Feria Internacional del Libro de Guadalajara.<\/p>\n\n\n\n<p>Fue gran colaborador de EL UNIVERSAL durante casi siete a\u00f1os, d\u00f3nde public\u00f3 la columna &#8220;Minucias&#8221;.<\/p>\n\n\n\n<p>El tambi\u00e9n ensayista, fue ganador de distinciones como la<strong>&nbsp;beca de John S. Guggenheim Foundation; el Premio Xavier Villaurrutia en 1998 por la novela &#8220;El sitio&#8221;; el Premio Nacional de Literatura Jos\u00e9 Fuentes Mares en 1996 por &#8220;Nen, la in\u00fatil&#8221;; y el Premio Nacional de Ciencias y Artes en Ling\u00fc\u00edstica y Literatura en 2010.<\/strong>&nbsp;Tambi\u00e9n fue reconocido con el Homenaje Nacional de Periodismo Cultural Fernando Ben\u00edtez en 2008, otorgado por la Feria Internacional del Libro de Guadalajara.<\/p>\n\n\n\n<p>Fue gran colaborador de EL UNIVERSAL durante casi siete a\u00f1os, d\u00f3nde public\u00f3 la columna &#8220;Minucias&#8221;.<\/p>\n\n\n\n<p>Con informaci\u00f3n de SUN<\/p>\n","protected":false},"excerpt":{"rendered":"<p>Por Redacci\u00f3n QP El reconocido autor falleci\u00f3 en agosto del a\u00f1o pasado Ignacio Solares, el&nbsp;narrador,&#8230;<\/p>\n","protected":false},"author":2,"featured_media":107518,"comment_status":"open","ping_status":"open","sticky":false,"template":"","format":"standard","meta":{"_monsterinsights_skip_tracking":false,"_monsterinsights_sitenote_active":false,"_monsterinsights_sitenote_note":"","_monsterinsights_sitenote_category":0,"footnotes":""},"categories":[58],"tags":[],"class_list":["post-107517","post","type-post","status-publish","format-standard","has-post-thumbnail","hentry","category-cultura"],"yoast_head":"<!-- This site is optimized with the Yoast SEO plugin v27.3 - https:\/\/yoast.com\/product\/yoast-seo-wordpress\/ -->\n<title>Rendir\u00e1n homenaje p\u00f3stumo en Bellas Artes a Ignacio Solares -<\/title>\n<meta name=\"robots\" content=\"index, follow, max-snippet:-1, max-image-preview:large, max-video-preview:-1\" \/>\n<link rel=\"canonical\" href=\"https:\/\/quehacerpolitico.mx\/?p=107517\" \/>\n<meta property=\"og:locale\" content=\"es_MX\" \/>\n<meta property=\"og:type\" content=\"article\" \/>\n<meta property=\"og:title\" content=\"Rendir\u00e1n homenaje p\u00f3stumo en Bellas Artes a Ignacio Solares -\" \/>\n<meta property=\"og:description\" content=\"Por Redacci\u00f3n QP El reconocido autor falleci\u00f3 en agosto del a\u00f1o pasado Ignacio Solares, el&nbsp;narrador,...\" \/>\n<meta property=\"og:url\" content=\"https:\/\/quehacerpolitico.mx\/?p=107517\" \/>\n<meta property=\"article:published_time\" content=\"2024-01-11T20:06:26+00:00\" \/>\n<meta property=\"article:modified_time\" content=\"2024-01-11T20:06:30+00:00\" \/>\n<meta property=\"og:image\" content=\"https:\/\/quehacerpolitico.mx\/wp-content\/uploads\/2024\/01\/IMG_3087.jpeg\" \/>\n\t<meta property=\"og:image:width\" content=\"678\" \/>\n\t<meta property=\"og:image:height\" content=\"452\" \/>\n\t<meta property=\"og:image:type\" content=\"image\/jpeg\" \/>\n<meta name=\"author\" content=\"Redacci\u00f3n QP\" \/>\n<meta name=\"twitter:card\" content=\"summary_large_image\" \/>\n<meta name=\"twitter:label1\" content=\"Escrito por\" \/>\n\t<meta name=\"twitter:data1\" content=\"Redacci\u00f3n QP\" \/>\n\t<meta name=\"twitter:label2\" content=\"Tiempo de lectura\" \/>\n\t<meta name=\"twitter:data2\" content=\"2 minutos\" \/>\n<script type=\"application\/ld+json\" class=\"yoast-schema-graph\">{\"@context\":\"https:\\\/\\\/schema.org\",\"@graph\":[{\"@type\":\"Article\",\"@id\":\"https:\\\/\\\/quehacerpolitico.mx\\\/?p=107517#article\",\"isPartOf\":{\"@id\":\"https:\\\/\\\/quehacerpolitico.mx\\\/?p=107517\"},\"author\":{\"name\":\"Redacci\u00f3n QP\",\"@id\":\"https:\\\/\\\/quehacerpolitico.mx\\\/#\\\/schema\\\/person\\\/496d8ad2d1d3f8036101dca7ee39e585\"},\"headline\":\"Rendir\u00e1n homenaje p\u00f3stumo en Bellas Artes a Ignacio Solares\",\"datePublished\":\"2024-01-11T20:06:26+00:00\",\"dateModified\":\"2024-01-11T20:06:30+00:00\",\"mainEntityOfPage\":{\"@id\":\"https:\\\/\\\/quehacerpolitico.mx\\\/?p=107517\"},\"wordCount\":439,\"commentCount\":0,\"image\":{\"@id\":\"https:\\\/\\\/quehacerpolitico.mx\\\/?p=107517#primaryimage\"},\"thumbnailUrl\":\"https:\\\/\\\/quehacerpolitico.mx\\\/wp-content\\\/uploads\\\/2024\\\/01\\\/IMG_3087.jpeg\",\"articleSection\":[\"Cultura y Entretenimiento\"],\"inLanguage\":\"es\",\"potentialAction\":[{\"@type\":\"CommentAction\",\"name\":\"Comment\",\"target\":[\"https:\\\/\\\/quehacerpolitico.mx\\\/?p=107517#respond\"]}]},{\"@type\":\"WebPage\",\"@id\":\"https:\\\/\\\/quehacerpolitico.mx\\\/?p=107517\",\"url\":\"https:\\\/\\\/quehacerpolitico.mx\\\/?p=107517\",\"name\":\"Rendir\u00e1n homenaje p\u00f3stumo en Bellas Artes a Ignacio Solares -\",\"isPartOf\":{\"@id\":\"https:\\\/\\\/quehacerpolitico.mx\\\/#website\"},\"primaryImageOfPage\":{\"@id\":\"https:\\\/\\\/quehacerpolitico.mx\\\/?p=107517#primaryimage\"},\"image\":{\"@id\":\"https:\\\/\\\/quehacerpolitico.mx\\\/?p=107517#primaryimage\"},\"thumbnailUrl\":\"https:\\\/\\\/quehacerpolitico.mx\\\/wp-content\\\/uploads\\\/2024\\\/01\\\/IMG_3087.jpeg\",\"datePublished\":\"2024-01-11T20:06:26+00:00\",\"dateModified\":\"2024-01-11T20:06:30+00:00\",\"author\":{\"@id\":\"https:\\\/\\\/quehacerpolitico.mx\\\/#\\\/schema\\\/person\\\/496d8ad2d1d3f8036101dca7ee39e585\"},\"breadcrumb\":{\"@id\":\"https:\\\/\\\/quehacerpolitico.mx\\\/?p=107517#breadcrumb\"},\"inLanguage\":\"es\",\"potentialAction\":[{\"@type\":\"ReadAction\",\"target\":[\"https:\\\/\\\/quehacerpolitico.mx\\\/?p=107517\"]}]},{\"@type\":\"ImageObject\",\"inLanguage\":\"es\",\"@id\":\"https:\\\/\\\/quehacerpolitico.mx\\\/?p=107517#primaryimage\",\"url\":\"https:\\\/\\\/quehacerpolitico.mx\\\/wp-content\\\/uploads\\\/2024\\\/01\\\/IMG_3087.jpeg\",\"contentUrl\":\"https:\\\/\\\/quehacerpolitico.mx\\\/wp-content\\\/uploads\\\/2024\\\/01\\\/IMG_3087.jpeg\",\"width\":678,\"height\":452},{\"@type\":\"BreadcrumbList\",\"@id\":\"https:\\\/\\\/quehacerpolitico.mx\\\/?p=107517#breadcrumb\",\"itemListElement\":[{\"@type\":\"ListItem\",\"position\":1,\"name\":\"Inicio\",\"item\":\"https:\\\/\\\/quehacerpolitico.mx\\\/\"},{\"@type\":\"ListItem\",\"position\":2,\"name\":\"Rendir\u00e1n homenaje p\u00f3stumo en Bellas Artes a Ignacio Solares\"}]},{\"@type\":\"WebSite\",\"@id\":\"https:\\\/\\\/quehacerpolitico.mx\\\/#website\",\"url\":\"https:\\\/\\\/quehacerpolitico.mx\\\/\",\"name\":\"\",\"description\":\"\",\"potentialAction\":[{\"@type\":\"SearchAction\",\"target\":{\"@type\":\"EntryPoint\",\"urlTemplate\":\"https:\\\/\\\/quehacerpolitico.mx\\\/?s={search_term_string}\"},\"query-input\":{\"@type\":\"PropertyValueSpecification\",\"valueRequired\":true,\"valueName\":\"search_term_string\"}}],\"inLanguage\":\"es\"},{\"@type\":\"Person\",\"@id\":\"https:\\\/\\\/quehacerpolitico.mx\\\/#\\\/schema\\\/person\\\/496d8ad2d1d3f8036101dca7ee39e585\",\"name\":\"Redacci\u00f3n QP\",\"image\":{\"@type\":\"ImageObject\",\"inLanguage\":\"es\",\"@id\":\"https:\\\/\\\/secure.gravatar.com\\\/avatar\\\/c7164ed6fdec453195284ad24a5ae5b6e1eed2b848477fa2a4787ba9adf39a41?s=96&d=mm&r=g\",\"url\":\"https:\\\/\\\/secure.gravatar.com\\\/avatar\\\/c7164ed6fdec453195284ad24a5ae5b6e1eed2b848477fa2a4787ba9adf39a41?s=96&d=mm&r=g\",\"contentUrl\":\"https:\\\/\\\/secure.gravatar.com\\\/avatar\\\/c7164ed6fdec453195284ad24a5ae5b6e1eed2b848477fa2a4787ba9adf39a41?s=96&d=mm&r=g\",\"caption\":\"Redacci\u00f3n QP\"},\"url\":\"https:\\\/\\\/quehacerpolitico.mx\\\/?author=2\"}]}<\/script>\n<!-- \/ Yoast SEO plugin. -->","yoast_head_json":{"title":"Rendir\u00e1n homenaje p\u00f3stumo en Bellas Artes a Ignacio Solares -","robots":{"index":"index","follow":"follow","max-snippet":"max-snippet:-1","max-image-preview":"max-image-preview:large","max-video-preview":"max-video-preview:-1"},"canonical":"https:\/\/quehacerpolitico.mx\/?p=107517","og_locale":"es_MX","og_type":"article","og_title":"Rendir\u00e1n homenaje p\u00f3stumo en Bellas Artes a Ignacio Solares -","og_description":"Por Redacci\u00f3n QP El reconocido autor falleci\u00f3 en agosto del a\u00f1o pasado Ignacio Solares, el&nbsp;narrador,...","og_url":"https:\/\/quehacerpolitico.mx\/?p=107517","article_published_time":"2024-01-11T20:06:26+00:00","article_modified_time":"2024-01-11T20:06:30+00:00","og_image":[{"width":678,"height":452,"url":"https:\/\/quehacerpolitico.mx\/wp-content\/uploads\/2024\/01\/IMG_3087.jpeg","type":"image\/jpeg"}],"author":"Redacci\u00f3n QP","twitter_card":"summary_large_image","twitter_misc":{"Escrito por":"Redacci\u00f3n QP","Tiempo de lectura":"2 minutos"},"schema":{"@context":"https:\/\/schema.org","@graph":[{"@type":"Article","@id":"https:\/\/quehacerpolitico.mx\/?p=107517#article","isPartOf":{"@id":"https:\/\/quehacerpolitico.mx\/?p=107517"},"author":{"name":"Redacci\u00f3n QP","@id":"https:\/\/quehacerpolitico.mx\/#\/schema\/person\/496d8ad2d1d3f8036101dca7ee39e585"},"headline":"Rendir\u00e1n homenaje p\u00f3stumo en Bellas Artes a Ignacio Solares","datePublished":"2024-01-11T20:06:26+00:00","dateModified":"2024-01-11T20:06:30+00:00","mainEntityOfPage":{"@id":"https:\/\/quehacerpolitico.mx\/?p=107517"},"wordCount":439,"commentCount":0,"image":{"@id":"https:\/\/quehacerpolitico.mx\/?p=107517#primaryimage"},"thumbnailUrl":"https:\/\/quehacerpolitico.mx\/wp-content\/uploads\/2024\/01\/IMG_3087.jpeg","articleSection":["Cultura y Entretenimiento"],"inLanguage":"es","potentialAction":[{"@type":"CommentAction","name":"Comment","target":["https:\/\/quehacerpolitico.mx\/?p=107517#respond"]}]},{"@type":"WebPage","@id":"https:\/\/quehacerpolitico.mx\/?p=107517","url":"https:\/\/quehacerpolitico.mx\/?p=107517","name":"Rendir\u00e1n homenaje p\u00f3stumo en Bellas Artes a Ignacio Solares -","isPartOf":{"@id":"https:\/\/quehacerpolitico.mx\/#website"},"primaryImageOfPage":{"@id":"https:\/\/quehacerpolitico.mx\/?p=107517#primaryimage"},"image":{"@id":"https:\/\/quehacerpolitico.mx\/?p=107517#primaryimage"},"thumbnailUrl":"https:\/\/quehacerpolitico.mx\/wp-content\/uploads\/2024\/01\/IMG_3087.jpeg","datePublished":"2024-01-11T20:06:26+00:00","dateModified":"2024-01-11T20:06:30+00:00","author":{"@id":"https:\/\/quehacerpolitico.mx\/#\/schema\/person\/496d8ad2d1d3f8036101dca7ee39e585"},"breadcrumb":{"@id":"https:\/\/quehacerpolitico.mx\/?p=107517#breadcrumb"},"inLanguage":"es","potentialAction":[{"@type":"ReadAction","target":["https:\/\/quehacerpolitico.mx\/?p=107517"]}]},{"@type":"ImageObject","inLanguage":"es","@id":"https:\/\/quehacerpolitico.mx\/?p=107517#primaryimage","url":"https:\/\/quehacerpolitico.mx\/wp-content\/uploads\/2024\/01\/IMG_3087.jpeg","contentUrl":"https:\/\/quehacerpolitico.mx\/wp-content\/uploads\/2024\/01\/IMG_3087.jpeg","width":678,"height":452},{"@type":"BreadcrumbList","@id":"https:\/\/quehacerpolitico.mx\/?p=107517#breadcrumb","itemListElement":[{"@type":"ListItem","position":1,"name":"Inicio","item":"https:\/\/quehacerpolitico.mx\/"},{"@type":"ListItem","position":2,"name":"Rendir\u00e1n homenaje p\u00f3stumo en Bellas Artes a Ignacio Solares"}]},{"@type":"WebSite","@id":"https:\/\/quehacerpolitico.mx\/#website","url":"https:\/\/quehacerpolitico.mx\/","name":"","description":"","potentialAction":[{"@type":"SearchAction","target":{"@type":"EntryPoint","urlTemplate":"https:\/\/quehacerpolitico.mx\/?s={search_term_string}"},"query-input":{"@type":"PropertyValueSpecification","valueRequired":true,"valueName":"search_term_string"}}],"inLanguage":"es"},{"@type":"Person","@id":"https:\/\/quehacerpolitico.mx\/#\/schema\/person\/496d8ad2d1d3f8036101dca7ee39e585","name":"Redacci\u00f3n QP","image":{"@type":"ImageObject","inLanguage":"es","@id":"https:\/\/secure.gravatar.com\/avatar\/c7164ed6fdec453195284ad24a5ae5b6e1eed2b848477fa2a4787ba9adf39a41?s=96&d=mm&r=g","url":"https:\/\/secure.gravatar.com\/avatar\/c7164ed6fdec453195284ad24a5ae5b6e1eed2b848477fa2a4787ba9adf39a41?s=96&d=mm&r=g","contentUrl":"https:\/\/secure.gravatar.com\/avatar\/c7164ed6fdec453195284ad24a5ae5b6e1eed2b848477fa2a4787ba9adf39a41?s=96&d=mm&r=g","caption":"Redacci\u00f3n QP"},"url":"https:\/\/quehacerpolitico.mx\/?author=2"}]}},"featured_image_urls":{"full":["https:\/\/quehacerpolitico.mx\/wp-content\/uploads\/2024\/01\/IMG_3087.jpeg",678,452,false],"thumbnail":["https:\/\/quehacerpolitico.mx\/wp-content\/uploads\/2024\/01\/IMG_3087-150x150.jpeg",150,150,true],"medium":["https:\/\/quehacerpolitico.mx\/wp-content\/uploads\/2024\/01\/IMG_3087-300x200.jpeg",300,200,true],"medium_large":["https:\/\/quehacerpolitico.mx\/wp-content\/uploads\/2024\/01\/IMG_3087.jpeg",640,427,false],"large":["https:\/\/quehacerpolitico.mx\/wp-content\/uploads\/2024\/01\/IMG_3087.jpeg",640,427,false],"1536x1536":["https:\/\/quehacerpolitico.mx\/wp-content\/uploads\/2024\/01\/IMG_3087.jpeg",678,452,false],"2048x2048":["https:\/\/quehacerpolitico.mx\/wp-content\/uploads\/2024\/01\/IMG_3087.jpeg",678,452,false],"covernews-featured":["https:\/\/quehacerpolitico.mx\/wp-content\/uploads\/2024\/01\/IMG_3087.jpeg",678,452,false],"covernews-medium":["https:\/\/quehacerpolitico.mx\/wp-content\/uploads\/2024\/01\/IMG_3087.jpeg",510,340,false]},"author_info":{"display_name":"Redacci\u00f3n QP","author_link":"https:\/\/quehacerpolitico.mx\/?author=2"},"category_info":"<a href=\"https:\/\/quehacerpolitico.mx\/?cat=58\" rel=\"category\">Cultura y Entretenimiento<\/a>","tag_info":"Cultura y Entretenimiento","comment_count":"0","_links":{"self":[{"href":"https:\/\/quehacerpolitico.mx\/index.php?rest_route=\/wp\/v2\/posts\/107517","targetHints":{"allow":["GET"]}}],"collection":[{"href":"https:\/\/quehacerpolitico.mx\/index.php?rest_route=\/wp\/v2\/posts"}],"about":[{"href":"https:\/\/quehacerpolitico.mx\/index.php?rest_route=\/wp\/v2\/types\/post"}],"author":[{"embeddable":true,"href":"https:\/\/quehacerpolitico.mx\/index.php?rest_route=\/wp\/v2\/users\/2"}],"replies":[{"embeddable":true,"href":"https:\/\/quehacerpolitico.mx\/index.php?rest_route=%2Fwp%2Fv2%2Fcomments&post=107517"}],"version-history":[{"count":1,"href":"https:\/\/quehacerpolitico.mx\/index.php?rest_route=\/wp\/v2\/posts\/107517\/revisions"}],"predecessor-version":[{"id":107519,"href":"https:\/\/quehacerpolitico.mx\/index.php?rest_route=\/wp\/v2\/posts\/107517\/revisions\/107519"}],"wp:featuredmedia":[{"embeddable":true,"href":"https:\/\/quehacerpolitico.mx\/index.php?rest_route=\/wp\/v2\/media\/107518"}],"wp:attachment":[{"href":"https:\/\/quehacerpolitico.mx\/index.php?rest_route=%2Fwp%2Fv2%2Fmedia&parent=107517"}],"wp:term":[{"taxonomy":"category","embeddable":true,"href":"https:\/\/quehacerpolitico.mx\/index.php?rest_route=%2Fwp%2Fv2%2Fcategories&post=107517"},{"taxonomy":"post_tag","embeddable":true,"href":"https:\/\/quehacerpolitico.mx\/index.php?rest_route=%2Fwp%2Fv2%2Ftags&post=107517"}],"curies":[{"name":"wp","href":"https:\/\/api.w.org\/{rel}","templated":true}]}}