{"id":107508,"date":"2024-01-11T18:56:41","date_gmt":"2024-01-11T18:56:41","guid":{"rendered":"https:\/\/quehacerpolitico.mx\/?p=107508"},"modified":"2024-01-11T18:56:45","modified_gmt":"2024-01-11T18:56:45","slug":"el-pri-expulsa-a-las-dos-diputadas-de-la-cdmx-que-votaron-a-favor-de-la-ratificacion-de-godoy-como-fiscal","status":"publish","type":"post","link":"https:\/\/quehacerpolitico.mx\/?p=107508","title":{"rendered":"El PRI expulsa a las dos diputadas de la CDMX que votaron a favor de la ratificaci\u00f3n de Godoy como fiscal"},"content":{"rendered":"\n<p>Por Redacci\u00f3n QP<\/p>\n\n\n\n<p>El&nbsp;<strong>Consejo Pol\u00edtico Nacional del PRI<\/strong>&nbsp;notific\u00f3 la expulsi\u00f3n del partido de las diputadas locales&nbsp;<strong>M\u00f3nica Fern\u00e1ndez y Wesley Jim\u00e9nez<\/strong>, quienes el pasado 8 de enero votaron a favor de la ratificaci\u00f3n de Ernestina Godoy como titular de la Fiscal\u00eda General de Justicia de la Ciudad de M\u00e9xico.&nbsp;<\/p>\n\n\n\n<p>A trav\u00e9s de sus redes sociales, la diputada Shirley Ponce dio a conocer que el mi\u00e9rcoles en la LXVIII Sesi\u00f3n Extraordinaria, el presidente del Consejo Pol\u00edtico Nacional, Alejandro Moreno, hizo oficial la<strong>\u00a0expulsi\u00f3n de ambas legisladoras.<\/strong><\/p>\n\n\n\n<p>Luego de que las dos diputadas locales del&nbsp;<strong>PRI<\/strong>&nbsp;votaron a favor de la ratificaci\u00f3n de&nbsp;<strong>Ernestina Godoy<\/strong>&nbsp;como fiscal,&nbsp;<strong>Alejandro Moreno<\/strong>&nbsp;anunci\u00f3 que ser\u00edan&nbsp;<strong>expulsadas<\/strong>.<\/p>\n\n\n\n<p>\u201cEn el\u00a0<strong>PRI<\/strong>\u00a0no hay espacio para quienes\u00a0<strong>traicionen<\/strong>\u00a0a la ciudadan\u00eda, son tiempos de definiciones y todos debemos estar a la altura de los retos que enfrenta M\u00e9xico\u201d, dijo Moreno a trav\u00e9s de un mensaje en su cuenta de X (antes Twitter).<\/p>\n\n\n\n<figure class=\"wp-block-embed is-type-rich is-provider-twitter wp-block-embed-twitter\"><div class=\"wp-block-embed__wrapper\">\n<blockquote class=\"twitter-tweet\" data-width=\"550\" data-dnt=\"true\"><p lang=\"es\" dir=\"ltr\">\u00a1M\u00e9xico demanda de la propuesta, de la responsabilidad y de los buenos gobiernos que hacemos los priistas! <a href=\"https:\/\/t.co\/s9212m7PCV\">pic.twitter.com\/s9212m7PCV<\/a><\/p>&mdash; Alejandro Moreno (@alitomorenoc) <a href=\"https:\/\/twitter.com\/alitomorenoc\/status\/1745282109940376015?ref_src=twsrc%5Etfw\">January 11, 2024<\/a><\/blockquote><script async src=\"https:\/\/platform.twitter.com\/widgets.js\" charset=\"utf-8\"><\/script>\n<\/div><\/figure>\n\n\n\n<p>En las otras bancadas, las reacciones fueron diversas: en el&nbsp;<strong>PAN<\/strong>, el coordinador Federico D\u00f6ring lament\u00f3 que vendieran su voto; mientras que&nbsp;<strong>Morena<\/strong>&nbsp;celebr\u00f3 que hayan apoyado a la fiscal Ernestina Godoy, aun cuando no reunieron los votos necesarios.<\/p>\n\n\n\n<p>En total, se necesitaban 44 votos, de los cuales Morena y aliados s\u00f3lo consiguieron 41, mientras que la\u00a0<strong>oposici\u00f3n<\/strong>\u00a0junt\u00f3 25.<\/p>\n\n\n\n<p>Tras no ser ratificada para otro periodo en el cargo,<strong>\u00a0Godoy\u00a0<\/strong>inform\u00f3 el martes durante su \u00faltimo informe de labores que\u00a0<strong>Ulises Lara L\u00f3pez<\/strong>\u00a0asumir\u00e1 la titularidad de la Fiscal\u00eda General de Justicia de la Ciudad de M\u00e9xico (FGJ-CDMX) debido a que \u201cest\u00e1 comprometido con la\u00a0<strong>justicia<\/strong>\u201d y mientras el\u00a0<strong>Congreso<\/strong>\u00a0<strong>capitalino<\/strong>\u00a0decide sobre el nombramiento correspondiente.<\/p>\n","protected":false},"excerpt":{"rendered":"<p>Por Redacci\u00f3n QP El&nbsp;Consejo Pol\u00edtico Nacional del PRI&nbsp;notific\u00f3 la expulsi\u00f3n del partido de las diputadas&#8230;<\/p>\n","protected":false},"author":2,"featured_media":107509,"comment_status":"open","ping_status":"open","sticky":false,"template":"","format":"standard","meta":{"_monsterinsights_skip_tracking":false,"_monsterinsights_sitenote_active":false,"_monsterinsights_sitenote_note":"","_monsterinsights_sitenote_category":0,"footnotes":""},"categories":[55],"tags":[],"class_list":["post-107508","post","type-post","status-publish","format-standard","has-post-thumbnail","hentry","category-cdmx"],"yoast_head":"<!-- This site is optimized with the Yoast SEO plugin v27.3 - https:\/\/yoast.com\/product\/yoast-seo-wordpress\/ -->\n<title>El PRI expulsa a las dos diputadas de la CDMX que votaron a favor de la ratificaci\u00f3n de Godoy como fiscal -<\/title>\n<meta name=\"robots\" content=\"index, follow, max-snippet:-1, max-image-preview:large, max-video-preview:-1\" \/>\n<link rel=\"canonical\" href=\"https:\/\/quehacerpolitico.mx\/?p=107508\" \/>\n<meta property=\"og:locale\" content=\"es_MX\" \/>\n<meta property=\"og:type\" content=\"article\" \/>\n<meta property=\"og:title\" content=\"El PRI expulsa a las dos diputadas de la CDMX que votaron a favor de la ratificaci\u00f3n de Godoy como fiscal -\" \/>\n<meta property=\"og:description\" content=\"Por Redacci\u00f3n QP El&nbsp;Consejo Pol\u00edtico Nacional del PRI&nbsp;notific\u00f3 la expulsi\u00f3n del partido de las diputadas...\" \/>\n<meta property=\"og:url\" content=\"https:\/\/quehacerpolitico.mx\/?p=107508\" \/>\n<meta property=\"article:published_time\" content=\"2024-01-11T18:56:41+00:00\" \/>\n<meta property=\"article:modified_time\" content=\"2024-01-11T18:56:45+00:00\" \/>\n<meta property=\"og:image\" content=\"https:\/\/quehacerpolitico.mx\/wp-content\/uploads\/2024\/01\/IMG_3082.jpeg\" \/>\n\t<meta property=\"og:image:width\" content=\"2048\" \/>\n\t<meta property=\"og:image:height\" content=\"1366\" \/>\n\t<meta property=\"og:image:type\" content=\"image\/jpeg\" \/>\n<meta name=\"author\" content=\"Redacci\u00f3n QP\" \/>\n<meta name=\"twitter:card\" content=\"summary_large_image\" \/>\n<meta name=\"twitter:label1\" content=\"Escrito por\" \/>\n\t<meta name=\"twitter:data1\" content=\"Redacci\u00f3n QP\" \/>\n\t<meta name=\"twitter:label2\" content=\"Tiempo de lectura\" \/>\n\t<meta name=\"twitter:data2\" content=\"2 minutos\" \/>\n<script type=\"application\/ld+json\" class=\"yoast-schema-graph\">{\"@context\":\"https:\\\/\\\/schema.org\",\"@graph\":[{\"@type\":\"Article\",\"@id\":\"https:\\\/\\\/quehacerpolitico.mx\\\/?p=107508#article\",\"isPartOf\":{\"@id\":\"https:\\\/\\\/quehacerpolitico.mx\\\/?p=107508\"},\"author\":{\"name\":\"Redacci\u00f3n QP\",\"@id\":\"https:\\\/\\\/quehacerpolitico.mx\\\/#\\\/schema\\\/person\\\/496d8ad2d1d3f8036101dca7ee39e585\"},\"headline\":\"El PRI expulsa a las dos diputadas de la CDMX que votaron a favor de la ratificaci\u00f3n de Godoy como fiscal\",\"datePublished\":\"2024-01-11T18:56:41+00:00\",\"dateModified\":\"2024-01-11T18:56:45+00:00\",\"mainEntityOfPage\":{\"@id\":\"https:\\\/\\\/quehacerpolitico.mx\\\/?p=107508\"},\"wordCount\":341,\"commentCount\":0,\"image\":{\"@id\":\"https:\\\/\\\/quehacerpolitico.mx\\\/?p=107508#primaryimage\"},\"thumbnailUrl\":\"https:\\\/\\\/quehacerpolitico.mx\\\/wp-content\\\/uploads\\\/2024\\\/01\\\/IMG_3082.jpeg\",\"articleSection\":[\"CDMX\"],\"inLanguage\":\"es\",\"potentialAction\":[{\"@type\":\"CommentAction\",\"name\":\"Comment\",\"target\":[\"https:\\\/\\\/quehacerpolitico.mx\\\/?p=107508#respond\"]}]},{\"@type\":\"WebPage\",\"@id\":\"https:\\\/\\\/quehacerpolitico.mx\\\/?p=107508\",\"url\":\"https:\\\/\\\/quehacerpolitico.mx\\\/?p=107508\",\"name\":\"El PRI expulsa a las dos diputadas de la CDMX que votaron a favor de la ratificaci\u00f3n de Godoy como fiscal -\",\"isPartOf\":{\"@id\":\"https:\\\/\\\/quehacerpolitico.mx\\\/#website\"},\"primaryImageOfPage\":{\"@id\":\"https:\\\/\\\/quehacerpolitico.mx\\\/?p=107508#primaryimage\"},\"image\":{\"@id\":\"https:\\\/\\\/quehacerpolitico.mx\\\/?p=107508#primaryimage\"},\"thumbnailUrl\":\"https:\\\/\\\/quehacerpolitico.mx\\\/wp-content\\\/uploads\\\/2024\\\/01\\\/IMG_3082.jpeg\",\"datePublished\":\"2024-01-11T18:56:41+00:00\",\"dateModified\":\"2024-01-11T18:56:45+00:00\",\"author\":{\"@id\":\"https:\\\/\\\/quehacerpolitico.mx\\\/#\\\/schema\\\/person\\\/496d8ad2d1d3f8036101dca7ee39e585\"},\"breadcrumb\":{\"@id\":\"https:\\\/\\\/quehacerpolitico.mx\\\/?p=107508#breadcrumb\"},\"inLanguage\":\"es\",\"potentialAction\":[{\"@type\":\"ReadAction\",\"target\":[\"https:\\\/\\\/quehacerpolitico.mx\\\/?p=107508\"]}]},{\"@type\":\"ImageObject\",\"inLanguage\":\"es\",\"@id\":\"https:\\\/\\\/quehacerpolitico.mx\\\/?p=107508#primaryimage\",\"url\":\"https:\\\/\\\/quehacerpolitico.mx\\\/wp-content\\\/uploads\\\/2024\\\/01\\\/IMG_3082.jpeg\",\"contentUrl\":\"https:\\\/\\\/quehacerpolitico.mx\\\/wp-content\\\/uploads\\\/2024\\\/01\\\/IMG_3082.jpeg\",\"width\":2048,\"height\":1366},{\"@type\":\"BreadcrumbList\",\"@id\":\"https:\\\/\\\/quehacerpolitico.mx\\\/?p=107508#breadcrumb\",\"itemListElement\":[{\"@type\":\"ListItem\",\"position\":1,\"name\":\"Inicio\",\"item\":\"https:\\\/\\\/quehacerpolitico.mx\\\/\"},{\"@type\":\"ListItem\",\"position\":2,\"name\":\"El PRI expulsa a las dos diputadas de la CDMX que votaron a favor de la ratificaci\u00f3n de Godoy como fiscal\"}]},{\"@type\":\"WebSite\",\"@id\":\"https:\\\/\\\/quehacerpolitico.mx\\\/#website\",\"url\":\"https:\\\/\\\/quehacerpolitico.mx\\\/\",\"name\":\"\",\"description\":\"\",\"potentialAction\":[{\"@type\":\"SearchAction\",\"target\":{\"@type\":\"EntryPoint\",\"urlTemplate\":\"https:\\\/\\\/quehacerpolitico.mx\\\/?s={search_term_string}\"},\"query-input\":{\"@type\":\"PropertyValueSpecification\",\"valueRequired\":true,\"valueName\":\"search_term_string\"}}],\"inLanguage\":\"es\"},{\"@type\":\"Person\",\"@id\":\"https:\\\/\\\/quehacerpolitico.mx\\\/#\\\/schema\\\/person\\\/496d8ad2d1d3f8036101dca7ee39e585\",\"name\":\"Redacci\u00f3n QP\",\"image\":{\"@type\":\"ImageObject\",\"inLanguage\":\"es\",\"@id\":\"https:\\\/\\\/secure.gravatar.com\\\/avatar\\\/c7164ed6fdec453195284ad24a5ae5b6e1eed2b848477fa2a4787ba9adf39a41?s=96&d=mm&r=g\",\"url\":\"https:\\\/\\\/secure.gravatar.com\\\/avatar\\\/c7164ed6fdec453195284ad24a5ae5b6e1eed2b848477fa2a4787ba9adf39a41?s=96&d=mm&r=g\",\"contentUrl\":\"https:\\\/\\\/secure.gravatar.com\\\/avatar\\\/c7164ed6fdec453195284ad24a5ae5b6e1eed2b848477fa2a4787ba9adf39a41?s=96&d=mm&r=g\",\"caption\":\"Redacci\u00f3n QP\"},\"url\":\"https:\\\/\\\/quehacerpolitico.mx\\\/?author=2\"}]}<\/script>\n<!-- \/ Yoast SEO plugin. -->","yoast_head_json":{"title":"El PRI expulsa a las dos diputadas de la CDMX que votaron a favor de la ratificaci\u00f3n de Godoy como fiscal -","robots":{"index":"index","follow":"follow","max-snippet":"max-snippet:-1","max-image-preview":"max-image-preview:large","max-video-preview":"max-video-preview:-1"},"canonical":"https:\/\/quehacerpolitico.mx\/?p=107508","og_locale":"es_MX","og_type":"article","og_title":"El PRI expulsa a las dos diputadas de la CDMX que votaron a favor de la ratificaci\u00f3n de Godoy como fiscal -","og_description":"Por Redacci\u00f3n QP El&nbsp;Consejo Pol\u00edtico Nacional del PRI&nbsp;notific\u00f3 la expulsi\u00f3n del partido de las diputadas...","og_url":"https:\/\/quehacerpolitico.mx\/?p=107508","article_published_time":"2024-01-11T18:56:41+00:00","article_modified_time":"2024-01-11T18:56:45+00:00","og_image":[{"width":2048,"height":1366,"url":"https:\/\/quehacerpolitico.mx\/wp-content\/uploads\/2024\/01\/IMG_3082.jpeg","type":"image\/jpeg"}],"author":"Redacci\u00f3n QP","twitter_card":"summary_large_image","twitter_misc":{"Escrito por":"Redacci\u00f3n QP","Tiempo de lectura":"2 minutos"},"schema":{"@context":"https:\/\/schema.org","@graph":[{"@type":"Article","@id":"https:\/\/quehacerpolitico.mx\/?p=107508#article","isPartOf":{"@id":"https:\/\/quehacerpolitico.mx\/?p=107508"},"author":{"name":"Redacci\u00f3n QP","@id":"https:\/\/quehacerpolitico.mx\/#\/schema\/person\/496d8ad2d1d3f8036101dca7ee39e585"},"headline":"El PRI expulsa a las dos diputadas de la CDMX que votaron a favor de la ratificaci\u00f3n de Godoy como fiscal","datePublished":"2024-01-11T18:56:41+00:00","dateModified":"2024-01-11T18:56:45+00:00","mainEntityOfPage":{"@id":"https:\/\/quehacerpolitico.mx\/?p=107508"},"wordCount":341,"commentCount":0,"image":{"@id":"https:\/\/quehacerpolitico.mx\/?p=107508#primaryimage"},"thumbnailUrl":"https:\/\/quehacerpolitico.mx\/wp-content\/uploads\/2024\/01\/IMG_3082.jpeg","articleSection":["CDMX"],"inLanguage":"es","potentialAction":[{"@type":"CommentAction","name":"Comment","target":["https:\/\/quehacerpolitico.mx\/?p=107508#respond"]}]},{"@type":"WebPage","@id":"https:\/\/quehacerpolitico.mx\/?p=107508","url":"https:\/\/quehacerpolitico.mx\/?p=107508","name":"El PRI expulsa a las dos diputadas de la CDMX que votaron a favor de la ratificaci\u00f3n de Godoy como fiscal -","isPartOf":{"@id":"https:\/\/quehacerpolitico.mx\/#website"},"primaryImageOfPage":{"@id":"https:\/\/quehacerpolitico.mx\/?p=107508#primaryimage"},"image":{"@id":"https:\/\/quehacerpolitico.mx\/?p=107508#primaryimage"},"thumbnailUrl":"https:\/\/quehacerpolitico.mx\/wp-content\/uploads\/2024\/01\/IMG_3082.jpeg","datePublished":"2024-01-11T18:56:41+00:00","dateModified":"2024-01-11T18:56:45+00:00","author":{"@id":"https:\/\/quehacerpolitico.mx\/#\/schema\/person\/496d8ad2d1d3f8036101dca7ee39e585"},"breadcrumb":{"@id":"https:\/\/quehacerpolitico.mx\/?p=107508#breadcrumb"},"inLanguage":"es","potentialAction":[{"@type":"ReadAction","target":["https:\/\/quehacerpolitico.mx\/?p=107508"]}]},{"@type":"ImageObject","inLanguage":"es","@id":"https:\/\/quehacerpolitico.mx\/?p=107508#primaryimage","url":"https:\/\/quehacerpolitico.mx\/wp-content\/uploads\/2024\/01\/IMG_3082.jpeg","contentUrl":"https:\/\/quehacerpolitico.mx\/wp-content\/uploads\/2024\/01\/IMG_3082.jpeg","width":2048,"height":1366},{"@type":"BreadcrumbList","@id":"https:\/\/quehacerpolitico.mx\/?p=107508#breadcrumb","itemListElement":[{"@type":"ListItem","position":1,"name":"Inicio","item":"https:\/\/quehacerpolitico.mx\/"},{"@type":"ListItem","position":2,"name":"El PRI expulsa a las dos diputadas de la CDMX que votaron a favor de la ratificaci\u00f3n de Godoy como fiscal"}]},{"@type":"WebSite","@id":"https:\/\/quehacerpolitico.mx\/#website","url":"https:\/\/quehacerpolitico.mx\/","name":"","description":"","potentialAction":[{"@type":"SearchAction","target":{"@type":"EntryPoint","urlTemplate":"https:\/\/quehacerpolitico.mx\/?s={search_term_string}"},"query-input":{"@type":"PropertyValueSpecification","valueRequired":true,"valueName":"search_term_string"}}],"inLanguage":"es"},{"@type":"Person","@id":"https:\/\/quehacerpolitico.mx\/#\/schema\/person\/496d8ad2d1d3f8036101dca7ee39e585","name":"Redacci\u00f3n QP","image":{"@type":"ImageObject","inLanguage":"es","@id":"https:\/\/secure.gravatar.com\/avatar\/c7164ed6fdec453195284ad24a5ae5b6e1eed2b848477fa2a4787ba9adf39a41?s=96&d=mm&r=g","url":"https:\/\/secure.gravatar.com\/avatar\/c7164ed6fdec453195284ad24a5ae5b6e1eed2b848477fa2a4787ba9adf39a41?s=96&d=mm&r=g","contentUrl":"https:\/\/secure.gravatar.com\/avatar\/c7164ed6fdec453195284ad24a5ae5b6e1eed2b848477fa2a4787ba9adf39a41?s=96&d=mm&r=g","caption":"Redacci\u00f3n QP"},"url":"https:\/\/quehacerpolitico.mx\/?author=2"}]}},"featured_image_urls":{"full":["https:\/\/quehacerpolitico.mx\/wp-content\/uploads\/2024\/01\/IMG_3082.jpeg",2048,1366,false],"thumbnail":["https:\/\/quehacerpolitico.mx\/wp-content\/uploads\/2024\/01\/IMG_3082-150x150.jpeg",150,150,true],"medium":["https:\/\/quehacerpolitico.mx\/wp-content\/uploads\/2024\/01\/IMG_3082-300x200.jpeg",300,200,true],"medium_large":["https:\/\/quehacerpolitico.mx\/wp-content\/uploads\/2024\/01\/IMG_3082-768x512.jpeg",640,427,true],"large":["https:\/\/quehacerpolitico.mx\/wp-content\/uploads\/2024\/01\/IMG_3082-1024x683.jpeg",640,427,true],"1536x1536":["https:\/\/quehacerpolitico.mx\/wp-content\/uploads\/2024\/01\/IMG_3082-1536x1025.jpeg",1536,1025,true],"2048x2048":["https:\/\/quehacerpolitico.mx\/wp-content\/uploads\/2024\/01\/IMG_3082.jpeg",2048,1366,false],"covernews-featured":["https:\/\/quehacerpolitico.mx\/wp-content\/uploads\/2024\/01\/IMG_3082.jpeg",1024,683,false],"covernews-medium":["https:\/\/quehacerpolitico.mx\/wp-content\/uploads\/2024\/01\/IMG_3082.jpeg",510,340,false]},"author_info":{"display_name":"Redacci\u00f3n QP","author_link":"https:\/\/quehacerpolitico.mx\/?author=2"},"category_info":"<a href=\"https:\/\/quehacerpolitico.mx\/?cat=55\" rel=\"category\">CDMX<\/a>","tag_info":"CDMX","comment_count":"0","_links":{"self":[{"href":"https:\/\/quehacerpolitico.mx\/index.php?rest_route=\/wp\/v2\/posts\/107508","targetHints":{"allow":["GET"]}}],"collection":[{"href":"https:\/\/quehacerpolitico.mx\/index.php?rest_route=\/wp\/v2\/posts"}],"about":[{"href":"https:\/\/quehacerpolitico.mx\/index.php?rest_route=\/wp\/v2\/types\/post"}],"author":[{"embeddable":true,"href":"https:\/\/quehacerpolitico.mx\/index.php?rest_route=\/wp\/v2\/users\/2"}],"replies":[{"embeddable":true,"href":"https:\/\/quehacerpolitico.mx\/index.php?rest_route=%2Fwp%2Fv2%2Fcomments&post=107508"}],"version-history":[{"count":1,"href":"https:\/\/quehacerpolitico.mx\/index.php?rest_route=\/wp\/v2\/posts\/107508\/revisions"}],"predecessor-version":[{"id":107510,"href":"https:\/\/quehacerpolitico.mx\/index.php?rest_route=\/wp\/v2\/posts\/107508\/revisions\/107510"}],"wp:featuredmedia":[{"embeddable":true,"href":"https:\/\/quehacerpolitico.mx\/index.php?rest_route=\/wp\/v2\/media\/107509"}],"wp:attachment":[{"href":"https:\/\/quehacerpolitico.mx\/index.php?rest_route=%2Fwp%2Fv2%2Fmedia&parent=107508"}],"wp:term":[{"taxonomy":"category","embeddable":true,"href":"https:\/\/quehacerpolitico.mx\/index.php?rest_route=%2Fwp%2Fv2%2Fcategories&post=107508"},{"taxonomy":"post_tag","embeddable":true,"href":"https:\/\/quehacerpolitico.mx\/index.php?rest_route=%2Fwp%2Fv2%2Ftags&post=107508"}],"curies":[{"name":"wp","href":"https:\/\/api.w.org\/{rel}","templated":true}]}}