{"id":107504,"date":"2024-01-11T18:33:50","date_gmt":"2024-01-11T18:33:50","guid":{"rendered":"https:\/\/quehacerpolitico.mx\/?p=107504"},"modified":"2024-01-11T18:33:52","modified_gmt":"2024-01-11T18:33:52","slug":"xochitl-galvez-denuncio-ante-el-ine-el-presunto-desvio-de-recursos-de-notimex-para-la-campana-de-claudia-sheinbaum","status":"publish","type":"post","link":"https:\/\/quehacerpolitico.mx\/?p=107504","title":{"rendered":"X\u00f3chitl G\u00e1lvez\u00a0denunci\u00f3 ante el INE el presunto\u00a0desv\u00edo de recursos\u00a0de\u00a0Notimex\u00a0para la campa\u00f1a de\u00a0Claudia Sheinbaum"},"content":{"rendered":"\n<p>Por Redacci\u00f3n QP<\/p>\n\n\n\n<p>X\u00f3chitl G\u00e1lvez sentenci\u00f3 que es hora de que el INE ponga piso parejo en la carrera presidencial e investigue casos de corrupci\u00f3n<\/p>\n\n\n\n<p><strong>X\u00f3chitl G\u00e1lvez<\/strong>\u00a0denunci\u00f3 ante el\u00a0<strong>Instituto Nacional Electoral<\/strong>(INE) el presunto\u00a0<strong>desv\u00edo de recursos<\/strong>\u00a0de\u00a0<strong>Notimex<\/strong>\u00a0para la campa\u00f1a de\u00a0<strong>Claudia Sheinbaum<\/strong>.<\/p>\n\n\n\n<p>Es obvio que no es una campa\u00f1a austera, no ha podido explicar qui\u00e9n pag\u00f3 los miles de espectaculares que vimos por todo el pa\u00eds, las miles de bardas\u2026 Y todo eso se financi\u00f3 con recurso il\u00edcito, con dinero p\u00fablico\u201d, refiri\u00f3.<\/p>\n\n\n\n<figure class=\"wp-block-embed is-type-rich is-provider-twitter wp-block-embed-twitter\"><div class=\"wp-block-embed__wrapper\">\n<blockquote class=\"twitter-tweet\" data-width=\"550\" data-dnt=\"true\"><p lang=\"es\" dir=\"ltr\"><a href=\"https:\/\/twitter.com\/hashtag\/QPMX?src=hash&amp;ref_src=twsrc%5Etfw\">#QPMX<\/a> <a href=\"https:\/\/twitter.com\/hashtag\/QuehacerPolitico?src=hash&amp;ref_src=twsrc%5Etfw\">#QuehacerPolitico<\/a> <a href=\"https:\/\/twitter.com\/hashtag\/InquiriendoLaNoticia?src=hash&amp;ref_src=twsrc%5Etfw\">#InquiriendoLaNoticia<\/a> <a href=\"https:\/\/twitter.com\/XochitlGalvez?ref_src=twsrc%5Etfw\">@XochitlGalvez<\/a> pide al <a href=\"https:\/\/twitter.com\/INEMexico?ref_src=twsrc%5Etfw\">@INEMexico<\/a> investigar presuntos &#39;moches&#39; en <a href=\"https:\/\/twitter.com\/hashtag\/Notimex?src=hash&amp;ref_src=twsrc%5Etfw\">#Notimex<\/a> para precampa\u00f1a de <a href=\"https:\/\/twitter.com\/Claudiashein?ref_src=twsrc%5Etfw\">@Claudiashein<\/a> <a href=\"https:\/\/t.co\/4U8fpoWBVW\">pic.twitter.com\/4U8fpoWBVW<\/a><\/p>&mdash; Quehacer Pol\u00edtico (@QueHacerPolitic) <a href=\"https:\/\/twitter.com\/QueHacerPolitic\/status\/1745484669716471887?ref_src=twsrc%5Etfw\">January 11, 2024<\/a><\/blockquote><script async src=\"https:\/\/platform.twitter.com\/widgets.js\" charset=\"utf-8\"><\/script>\n<\/div><\/figure>\n\n\n\n<p>Record\u00f3 que\u00a0<strong>Marcelo Ebrard<\/strong>\u00a0acus\u00f3 en su momento una \u201cintervenci\u00f3n rapaz\u201d por parte de la Secretar\u00eda de Bienestar, lo que se comprobar\u00eda con los\u00a0se\u00f1alamientos\u00a0de Sanjuana Mart\u00ednez de que la Secretar\u00eda del Trabajo y Previsi\u00f3n Social le solicit\u00f3 el 20 por ciento del dinero de las indemnizaciones de Notimex para la campa\u00f1a de Sheinbaum Pardo.<\/p>\n\n\n\n<p>Respecto a las declaraciones de\u00a0<strong>Sanjuana Mart\u00ednez<\/strong>, la precandidata presidencial de la oposici\u00f3n asegur\u00f3 que \u201c<strong>yo s\u00ed le creo<\/strong>\u201d y manifest\u00f3 confiar en las pruebas que la exdirectora de Notimex dijo tener sobre el intento de extorsi\u00f3n.<\/p>\n\n\n\n<figure class=\"wp-block-image size-large\"><img loading=\"lazy\" decoding=\"async\" width=\"1024\" height=\"669\" src=\"https:\/\/quehacerpolitico.mx\/wp-content\/uploads\/2024\/01\/image-10-1024x669.jpeg\" alt=\"\" class=\"wp-image-107506\" srcset=\"https:\/\/quehacerpolitico.mx\/wp-content\/uploads\/2024\/01\/image-10-1024x669.jpeg 1024w, https:\/\/quehacerpolitico.mx\/wp-content\/uploads\/2024\/01\/image-10-300x196.jpeg 300w, https:\/\/quehacerpolitico.mx\/wp-content\/uploads\/2024\/01\/image-10-768x502.jpeg 768w, https:\/\/quehacerpolitico.mx\/wp-content\/uploads\/2024\/01\/image-10-1536x1004.jpeg 1536w, https:\/\/quehacerpolitico.mx\/wp-content\/uploads\/2024\/01\/image-10-223x146.jpeg 223w, https:\/\/quehacerpolitico.mx\/wp-content\/uploads\/2024\/01\/image-10-50x33.jpeg 50w, https:\/\/quehacerpolitico.mx\/wp-content\/uploads\/2024\/01\/image-10-115x75.jpeg 115w, https:\/\/quehacerpolitico.mx\/wp-content\/uploads\/2024\/01\/image-10.jpeg 2048w\" sizes=\"auto, (max-width: 1024px) 100vw, 1024px\" \/><\/figure>\n\n\n\n<p>Adem\u00e1s, describi\u00f3 a\u00a0<strong>Sheinbaum<\/strong>\u00a0<strong>Pardo<\/strong>\u00a0como \u201c<strong>la candidata de la oligarqu\u00eda<\/strong>\u201d al tener millones de pesos a su disposici\u00f3n para impulsar encuestas falsas a su favor.<\/p>\n\n\n\n<figure class=\"wp-block-embed is-type-rich is-provider-twitter wp-block-embed-twitter\"><div class=\"wp-block-embed__wrapper\">\n<blockquote class=\"twitter-tweet\" data-width=\"550\" data-dnt=\"true\"><p lang=\"es\" dir=\"ltr\">Vine al INE a solicitar que se investiguen los presuntos delitos electorales por el desv\u00edo de recursos p\u00fablicos de Notimex a la precampa\u00f1a de Claudia Sheinbaum. <a href=\"https:\/\/t.co\/UqMaSh2jMM\">pic.twitter.com\/UqMaSh2jMM<\/a><\/p>&mdash; X\u00f3chitl G\u00e1lvez Ruiz (@XochitlGalvez) <a href=\"https:\/\/twitter.com\/XochitlGalvez\/status\/1745468995107512830?ref_src=twsrc%5Etfw\">January 11, 2024<\/a><\/blockquote><script async src=\"https:\/\/platform.twitter.com\/widgets.js\" charset=\"utf-8\"><\/script>\n<\/div><\/figure>\n\n\n\n<p>X\u00f3chitl G\u00e1lvez pidi\u00f3 al\u00a0<strong>INE<\/strong>\u00a0que deje de ser omiso y dicte\u00a0<strong>medidas cautelares<\/strong>\u00a0para el presidente\u00a0<strong>Andr\u00e9s Manuel<\/strong>\u00a0<strong>L\u00f3pez Obrador<\/strong>\u00a0por\u00a0pronunciarse\u00a0a favor de Claudia Sheinbaum en su conferencia de prensa matutina.<\/p>\n\n\n\n<p>Hoy los delitos electorales merecen prisi\u00f3n preventiva oficiosa, alguien tendr\u00eda que ir a la c\u00e1rcel ya por estar desviando recursos p\u00fablicos. Y esta es la punta del iceberg, porque hay contratos donde las obras han sido encarecidas de manera inmoral, como Dos Bocas, y seguramente tambi\u00e9n hay dinerito para la campa\u00f1a de la se\u00f1ora\u201d, denunci\u00f3.<\/p>\n","protected":false},"excerpt":{"rendered":"<p>Por Redacci\u00f3n QP X\u00f3chitl G\u00e1lvez sentenci\u00f3 que es hora de que el INE ponga piso&#8230;<\/p>\n","protected":false},"author":2,"featured_media":107505,"comment_status":"open","ping_status":"open","sticky":false,"template":"","format":"standard","meta":{"_monsterinsights_skip_tracking":false,"_monsterinsights_sitenote_active":false,"_monsterinsights_sitenote_note":"","_monsterinsights_sitenote_category":0,"footnotes":""},"categories":[2],"tags":[],"class_list":["post-107504","post","type-post","status-publish","format-standard","has-post-thumbnail","hentry","category-noticias"],"yoast_head":"<!-- This site is optimized with the Yoast SEO plugin v27.3 - https:\/\/yoast.com\/product\/yoast-seo-wordpress\/ -->\n<title>X\u00f3chitl G\u00e1lvez\u00a0denunci\u00f3 ante el INE el presunto\u00a0desv\u00edo de recursos\u00a0de\u00a0Notimex\u00a0para la campa\u00f1a de\u00a0Claudia Sheinbaum -<\/title>\n<meta name=\"robots\" content=\"index, follow, max-snippet:-1, max-image-preview:large, max-video-preview:-1\" \/>\n<link rel=\"canonical\" href=\"https:\/\/quehacerpolitico.mx\/?p=107504\" \/>\n<meta property=\"og:locale\" content=\"es_MX\" \/>\n<meta property=\"og:type\" content=\"article\" \/>\n<meta property=\"og:title\" content=\"X\u00f3chitl G\u00e1lvez\u00a0denunci\u00f3 ante el INE el presunto\u00a0desv\u00edo de recursos\u00a0de\u00a0Notimex\u00a0para la campa\u00f1a de\u00a0Claudia Sheinbaum -\" \/>\n<meta property=\"og:description\" content=\"Por Redacci\u00f3n QP X\u00f3chitl G\u00e1lvez sentenci\u00f3 que es hora de que el INE ponga piso...\" \/>\n<meta property=\"og:url\" content=\"https:\/\/quehacerpolitico.mx\/?p=107504\" \/>\n<meta property=\"article:published_time\" content=\"2024-01-11T18:33:50+00:00\" \/>\n<meta property=\"article:modified_time\" content=\"2024-01-11T18:33:52+00:00\" \/>\n<meta property=\"og:image\" content=\"https:\/\/quehacerpolitico.mx\/wp-content\/uploads\/2024\/01\/IMG_3079.jpeg\" \/>\n\t<meta property=\"og:image:width\" content=\"2048\" \/>\n\t<meta property=\"og:image:height\" content=\"1242\" \/>\n\t<meta property=\"og:image:type\" content=\"image\/jpeg\" \/>\n<meta name=\"author\" content=\"Redacci\u00f3n QP\" \/>\n<meta name=\"twitter:card\" content=\"summary_large_image\" \/>\n<meta name=\"twitter:label1\" content=\"Escrito por\" \/>\n\t<meta name=\"twitter:data1\" content=\"Redacci\u00f3n QP\" \/>\n\t<meta name=\"twitter:label2\" content=\"Tiempo de lectura\" \/>\n\t<meta name=\"twitter:data2\" content=\"2 minutos\" \/>\n<script type=\"application\/ld+json\" class=\"yoast-schema-graph\">{\"@context\":\"https:\\\/\\\/schema.org\",\"@graph\":[{\"@type\":\"Article\",\"@id\":\"https:\\\/\\\/quehacerpolitico.mx\\\/?p=107504#article\",\"isPartOf\":{\"@id\":\"https:\\\/\\\/quehacerpolitico.mx\\\/?p=107504\"},\"author\":{\"name\":\"Redacci\u00f3n QP\",\"@id\":\"https:\\\/\\\/quehacerpolitico.mx\\\/#\\\/schema\\\/person\\\/496d8ad2d1d3f8036101dca7ee39e585\"},\"headline\":\"X\u00f3chitl G\u00e1lvez\u00a0denunci\u00f3 ante el INE el presunto\u00a0desv\u00edo de recursos\u00a0de\u00a0Notimex\u00a0para la campa\u00f1a de\u00a0Claudia Sheinbaum\",\"datePublished\":\"2024-01-11T18:33:50+00:00\",\"dateModified\":\"2024-01-11T18:33:52+00:00\",\"mainEntityOfPage\":{\"@id\":\"https:\\\/\\\/quehacerpolitico.mx\\\/?p=107504\"},\"wordCount\":377,\"commentCount\":0,\"image\":{\"@id\":\"https:\\\/\\\/quehacerpolitico.mx\\\/?p=107504#primaryimage\"},\"thumbnailUrl\":\"https:\\\/\\\/quehacerpolitico.mx\\\/wp-content\\\/uploads\\\/2024\\\/01\\\/IMG_3079.jpeg\",\"articleSection\":[\"Noticias\"],\"inLanguage\":\"es\",\"potentialAction\":[{\"@type\":\"CommentAction\",\"name\":\"Comment\",\"target\":[\"https:\\\/\\\/quehacerpolitico.mx\\\/?p=107504#respond\"]}]},{\"@type\":\"WebPage\",\"@id\":\"https:\\\/\\\/quehacerpolitico.mx\\\/?p=107504\",\"url\":\"https:\\\/\\\/quehacerpolitico.mx\\\/?p=107504\",\"name\":\"X\u00f3chitl G\u00e1lvez\u00a0denunci\u00f3 ante el INE el presunto\u00a0desv\u00edo de recursos\u00a0de\u00a0Notimex\u00a0para la campa\u00f1a de\u00a0Claudia Sheinbaum -\",\"isPartOf\":{\"@id\":\"https:\\\/\\\/quehacerpolitico.mx\\\/#website\"},\"primaryImageOfPage\":{\"@id\":\"https:\\\/\\\/quehacerpolitico.mx\\\/?p=107504#primaryimage\"},\"image\":{\"@id\":\"https:\\\/\\\/quehacerpolitico.mx\\\/?p=107504#primaryimage\"},\"thumbnailUrl\":\"https:\\\/\\\/quehacerpolitico.mx\\\/wp-content\\\/uploads\\\/2024\\\/01\\\/IMG_3079.jpeg\",\"datePublished\":\"2024-01-11T18:33:50+00:00\",\"dateModified\":\"2024-01-11T18:33:52+00:00\",\"author\":{\"@id\":\"https:\\\/\\\/quehacerpolitico.mx\\\/#\\\/schema\\\/person\\\/496d8ad2d1d3f8036101dca7ee39e585\"},\"breadcrumb\":{\"@id\":\"https:\\\/\\\/quehacerpolitico.mx\\\/?p=107504#breadcrumb\"},\"inLanguage\":\"es\",\"potentialAction\":[{\"@type\":\"ReadAction\",\"target\":[\"https:\\\/\\\/quehacerpolitico.mx\\\/?p=107504\"]}]},{\"@type\":\"ImageObject\",\"inLanguage\":\"es\",\"@id\":\"https:\\\/\\\/quehacerpolitico.mx\\\/?p=107504#primaryimage\",\"url\":\"https:\\\/\\\/quehacerpolitico.mx\\\/wp-content\\\/uploads\\\/2024\\\/01\\\/IMG_3079.jpeg\",\"contentUrl\":\"https:\\\/\\\/quehacerpolitico.mx\\\/wp-content\\\/uploads\\\/2024\\\/01\\\/IMG_3079.jpeg\",\"width\":2048,\"height\":1242},{\"@type\":\"BreadcrumbList\",\"@id\":\"https:\\\/\\\/quehacerpolitico.mx\\\/?p=107504#breadcrumb\",\"itemListElement\":[{\"@type\":\"ListItem\",\"position\":1,\"name\":\"Inicio\",\"item\":\"https:\\\/\\\/quehacerpolitico.mx\\\/\"},{\"@type\":\"ListItem\",\"position\":2,\"name\":\"X\u00f3chitl G\u00e1lvez\u00a0denunci\u00f3 ante el INE el presunto\u00a0desv\u00edo de recursos\u00a0de\u00a0Notimex\u00a0para la campa\u00f1a de\u00a0Claudia Sheinbaum\"}]},{\"@type\":\"WebSite\",\"@id\":\"https:\\\/\\\/quehacerpolitico.mx\\\/#website\",\"url\":\"https:\\\/\\\/quehacerpolitico.mx\\\/\",\"name\":\"\",\"description\":\"\",\"potentialAction\":[{\"@type\":\"SearchAction\",\"target\":{\"@type\":\"EntryPoint\",\"urlTemplate\":\"https:\\\/\\\/quehacerpolitico.mx\\\/?s={search_term_string}\"},\"query-input\":{\"@type\":\"PropertyValueSpecification\",\"valueRequired\":true,\"valueName\":\"search_term_string\"}}],\"inLanguage\":\"es\"},{\"@type\":\"Person\",\"@id\":\"https:\\\/\\\/quehacerpolitico.mx\\\/#\\\/schema\\\/person\\\/496d8ad2d1d3f8036101dca7ee39e585\",\"name\":\"Redacci\u00f3n QP\",\"image\":{\"@type\":\"ImageObject\",\"inLanguage\":\"es\",\"@id\":\"https:\\\/\\\/secure.gravatar.com\\\/avatar\\\/c7164ed6fdec453195284ad24a5ae5b6e1eed2b848477fa2a4787ba9adf39a41?s=96&d=mm&r=g\",\"url\":\"https:\\\/\\\/secure.gravatar.com\\\/avatar\\\/c7164ed6fdec453195284ad24a5ae5b6e1eed2b848477fa2a4787ba9adf39a41?s=96&d=mm&r=g\",\"contentUrl\":\"https:\\\/\\\/secure.gravatar.com\\\/avatar\\\/c7164ed6fdec453195284ad24a5ae5b6e1eed2b848477fa2a4787ba9adf39a41?s=96&d=mm&r=g\",\"caption\":\"Redacci\u00f3n QP\"},\"url\":\"https:\\\/\\\/quehacerpolitico.mx\\\/?author=2\"}]}<\/script>\n<!-- \/ Yoast SEO plugin. -->","yoast_head_json":{"title":"X\u00f3chitl G\u00e1lvez\u00a0denunci\u00f3 ante el INE el presunto\u00a0desv\u00edo de recursos\u00a0de\u00a0Notimex\u00a0para la campa\u00f1a de\u00a0Claudia Sheinbaum -","robots":{"index":"index","follow":"follow","max-snippet":"max-snippet:-1","max-image-preview":"max-image-preview:large","max-video-preview":"max-video-preview:-1"},"canonical":"https:\/\/quehacerpolitico.mx\/?p=107504","og_locale":"es_MX","og_type":"article","og_title":"X\u00f3chitl G\u00e1lvez\u00a0denunci\u00f3 ante el INE el presunto\u00a0desv\u00edo de recursos\u00a0de\u00a0Notimex\u00a0para la campa\u00f1a de\u00a0Claudia Sheinbaum -","og_description":"Por Redacci\u00f3n QP X\u00f3chitl G\u00e1lvez sentenci\u00f3 que es hora de que el INE ponga piso...","og_url":"https:\/\/quehacerpolitico.mx\/?p=107504","article_published_time":"2024-01-11T18:33:50+00:00","article_modified_time":"2024-01-11T18:33:52+00:00","og_image":[{"width":2048,"height":1242,"url":"https:\/\/quehacerpolitico.mx\/wp-content\/uploads\/2024\/01\/IMG_3079.jpeg","type":"image\/jpeg"}],"author":"Redacci\u00f3n QP","twitter_card":"summary_large_image","twitter_misc":{"Escrito por":"Redacci\u00f3n QP","Tiempo de lectura":"2 minutos"},"schema":{"@context":"https:\/\/schema.org","@graph":[{"@type":"Article","@id":"https:\/\/quehacerpolitico.mx\/?p=107504#article","isPartOf":{"@id":"https:\/\/quehacerpolitico.mx\/?p=107504"},"author":{"name":"Redacci\u00f3n QP","@id":"https:\/\/quehacerpolitico.mx\/#\/schema\/person\/496d8ad2d1d3f8036101dca7ee39e585"},"headline":"X\u00f3chitl G\u00e1lvez\u00a0denunci\u00f3 ante el INE el presunto\u00a0desv\u00edo de recursos\u00a0de\u00a0Notimex\u00a0para la campa\u00f1a de\u00a0Claudia Sheinbaum","datePublished":"2024-01-11T18:33:50+00:00","dateModified":"2024-01-11T18:33:52+00:00","mainEntityOfPage":{"@id":"https:\/\/quehacerpolitico.mx\/?p=107504"},"wordCount":377,"commentCount":0,"image":{"@id":"https:\/\/quehacerpolitico.mx\/?p=107504#primaryimage"},"thumbnailUrl":"https:\/\/quehacerpolitico.mx\/wp-content\/uploads\/2024\/01\/IMG_3079.jpeg","articleSection":["Noticias"],"inLanguage":"es","potentialAction":[{"@type":"CommentAction","name":"Comment","target":["https:\/\/quehacerpolitico.mx\/?p=107504#respond"]}]},{"@type":"WebPage","@id":"https:\/\/quehacerpolitico.mx\/?p=107504","url":"https:\/\/quehacerpolitico.mx\/?p=107504","name":"X\u00f3chitl G\u00e1lvez\u00a0denunci\u00f3 ante el INE el presunto\u00a0desv\u00edo de recursos\u00a0de\u00a0Notimex\u00a0para la campa\u00f1a de\u00a0Claudia Sheinbaum -","isPartOf":{"@id":"https:\/\/quehacerpolitico.mx\/#website"},"primaryImageOfPage":{"@id":"https:\/\/quehacerpolitico.mx\/?p=107504#primaryimage"},"image":{"@id":"https:\/\/quehacerpolitico.mx\/?p=107504#primaryimage"},"thumbnailUrl":"https:\/\/quehacerpolitico.mx\/wp-content\/uploads\/2024\/01\/IMG_3079.jpeg","datePublished":"2024-01-11T18:33:50+00:00","dateModified":"2024-01-11T18:33:52+00:00","author":{"@id":"https:\/\/quehacerpolitico.mx\/#\/schema\/person\/496d8ad2d1d3f8036101dca7ee39e585"},"breadcrumb":{"@id":"https:\/\/quehacerpolitico.mx\/?p=107504#breadcrumb"},"inLanguage":"es","potentialAction":[{"@type":"ReadAction","target":["https:\/\/quehacerpolitico.mx\/?p=107504"]}]},{"@type":"ImageObject","inLanguage":"es","@id":"https:\/\/quehacerpolitico.mx\/?p=107504#primaryimage","url":"https:\/\/quehacerpolitico.mx\/wp-content\/uploads\/2024\/01\/IMG_3079.jpeg","contentUrl":"https:\/\/quehacerpolitico.mx\/wp-content\/uploads\/2024\/01\/IMG_3079.jpeg","width":2048,"height":1242},{"@type":"BreadcrumbList","@id":"https:\/\/quehacerpolitico.mx\/?p=107504#breadcrumb","itemListElement":[{"@type":"ListItem","position":1,"name":"Inicio","item":"https:\/\/quehacerpolitico.mx\/"},{"@type":"ListItem","position":2,"name":"X\u00f3chitl G\u00e1lvez\u00a0denunci\u00f3 ante el INE el presunto\u00a0desv\u00edo de recursos\u00a0de\u00a0Notimex\u00a0para la campa\u00f1a de\u00a0Claudia Sheinbaum"}]},{"@type":"WebSite","@id":"https:\/\/quehacerpolitico.mx\/#website","url":"https:\/\/quehacerpolitico.mx\/","name":"","description":"","potentialAction":[{"@type":"SearchAction","target":{"@type":"EntryPoint","urlTemplate":"https:\/\/quehacerpolitico.mx\/?s={search_term_string}"},"query-input":{"@type":"PropertyValueSpecification","valueRequired":true,"valueName":"search_term_string"}}],"inLanguage":"es"},{"@type":"Person","@id":"https:\/\/quehacerpolitico.mx\/#\/schema\/person\/496d8ad2d1d3f8036101dca7ee39e585","name":"Redacci\u00f3n QP","image":{"@type":"ImageObject","inLanguage":"es","@id":"https:\/\/secure.gravatar.com\/avatar\/c7164ed6fdec453195284ad24a5ae5b6e1eed2b848477fa2a4787ba9adf39a41?s=96&d=mm&r=g","url":"https:\/\/secure.gravatar.com\/avatar\/c7164ed6fdec453195284ad24a5ae5b6e1eed2b848477fa2a4787ba9adf39a41?s=96&d=mm&r=g","contentUrl":"https:\/\/secure.gravatar.com\/avatar\/c7164ed6fdec453195284ad24a5ae5b6e1eed2b848477fa2a4787ba9adf39a41?s=96&d=mm&r=g","caption":"Redacci\u00f3n QP"},"url":"https:\/\/quehacerpolitico.mx\/?author=2"}]}},"featured_image_urls":{"full":["https:\/\/quehacerpolitico.mx\/wp-content\/uploads\/2024\/01\/IMG_3079.jpeg",2048,1242,false],"thumbnail":["https:\/\/quehacerpolitico.mx\/wp-content\/uploads\/2024\/01\/IMG_3079-150x150.jpeg",150,150,true],"medium":["https:\/\/quehacerpolitico.mx\/wp-content\/uploads\/2024\/01\/IMG_3079-300x182.jpeg",300,182,true],"medium_large":["https:\/\/quehacerpolitico.mx\/wp-content\/uploads\/2024\/01\/IMG_3079-768x466.jpeg",640,388,true],"large":["https:\/\/quehacerpolitico.mx\/wp-content\/uploads\/2024\/01\/IMG_3079-1024x621.jpeg",640,388,true],"1536x1536":["https:\/\/quehacerpolitico.mx\/wp-content\/uploads\/2024\/01\/IMG_3079-1536x932.jpeg",1536,932,true],"2048x2048":["https:\/\/quehacerpolitico.mx\/wp-content\/uploads\/2024\/01\/IMG_3079.jpeg",2048,1242,false],"covernews-featured":["https:\/\/quehacerpolitico.mx\/wp-content\/uploads\/2024\/01\/IMG_3079.jpeg",1024,621,false],"covernews-medium":["https:\/\/quehacerpolitico.mx\/wp-content\/uploads\/2024\/01\/IMG_3079.jpeg",540,327,false]},"author_info":{"display_name":"Redacci\u00f3n QP","author_link":"https:\/\/quehacerpolitico.mx\/?author=2"},"category_info":"<a href=\"https:\/\/quehacerpolitico.mx\/?cat=2\" rel=\"category\">Noticias<\/a>","tag_info":"Noticias","comment_count":"0","_links":{"self":[{"href":"https:\/\/quehacerpolitico.mx\/index.php?rest_route=\/wp\/v2\/posts\/107504","targetHints":{"allow":["GET"]}}],"collection":[{"href":"https:\/\/quehacerpolitico.mx\/index.php?rest_route=\/wp\/v2\/posts"}],"about":[{"href":"https:\/\/quehacerpolitico.mx\/index.php?rest_route=\/wp\/v2\/types\/post"}],"author":[{"embeddable":true,"href":"https:\/\/quehacerpolitico.mx\/index.php?rest_route=\/wp\/v2\/users\/2"}],"replies":[{"embeddable":true,"href":"https:\/\/quehacerpolitico.mx\/index.php?rest_route=%2Fwp%2Fv2%2Fcomments&post=107504"}],"version-history":[{"count":1,"href":"https:\/\/quehacerpolitico.mx\/index.php?rest_route=\/wp\/v2\/posts\/107504\/revisions"}],"predecessor-version":[{"id":107507,"href":"https:\/\/quehacerpolitico.mx\/index.php?rest_route=\/wp\/v2\/posts\/107504\/revisions\/107507"}],"wp:featuredmedia":[{"embeddable":true,"href":"https:\/\/quehacerpolitico.mx\/index.php?rest_route=\/wp\/v2\/media\/107505"}],"wp:attachment":[{"href":"https:\/\/quehacerpolitico.mx\/index.php?rest_route=%2Fwp%2Fv2%2Fmedia&parent=107504"}],"wp:term":[{"taxonomy":"category","embeddable":true,"href":"https:\/\/quehacerpolitico.mx\/index.php?rest_route=%2Fwp%2Fv2%2Fcategories&post=107504"},{"taxonomy":"post_tag","embeddable":true,"href":"https:\/\/quehacerpolitico.mx\/index.php?rest_route=%2Fwp%2Fv2%2Ftags&post=107504"}],"curies":[{"name":"wp","href":"https:\/\/api.w.org\/{rel}","templated":true}]}}