{"id":107486,"date":"2024-01-11T15:37:30","date_gmt":"2024-01-11T15:37:30","guid":{"rendered":"https:\/\/quehacerpolitico.mx\/?p=107486"},"modified":"2024-01-11T15:37:33","modified_gmt":"2024-01-11T15:37:33","slug":"internacionales-carolina-alonso-romei-ecuador-detiene-a-329-terroristas-en-un-dia","status":"publish","type":"post","link":"https:\/\/quehacerpolitico.mx\/?p=107486","title":{"rendered":"Internacionales\/\/\/Carolina Alonso Romei\/\/\/Ecuador detiene a 329 \u201cterroristas\u201d en un d\u00eda"},"content":{"rendered":"\n<p>Por Carolina Alonso Romei<\/p>\n\n\n\n<p>Internacionalista <\/p>\n\n\n\n<p>Se mantiene\u00a0la b\u00fasqueda de los\u00a0dos l\u00edderes del narcotr\u00e1fico que escaparon de prisi\u00f3n el lunes<\/p>\n\n\n\n<p>Las fuerzas armadas de Ecuador anunciaron que&nbsp;<strong>329 personas fueron detenidas y otras cinco fueron abatidas por la fuerza p\u00fablica en el marco de la vigencia de la declaratoria de \u201cconflicto armado interno\u201d<\/strong>, suscrito por el presidente Daniel Noboa para hacer frente a una imparable espiral de violencia criminal.<\/p>\n\n\n\n<p>El jefe del comando conjunto, almirante Jaime Vela, en rueda de prensa, dijo que en operaciones conjuntas de fuerzas armadas y polic\u00eda&nbsp;en todo el territorio nacional tambi\u00e9n fueron rescatadas 41 personas que permanec\u00edan como rehenes, que se han recapturado&nbsp;a 28 presos fugados, para lo cual los uniformados se han enfrentado a tres grupos que las autoridades califican de terroristas.<\/p>\n\n\n\n<p>\u201cLas operaciones militares que hemos realizado en las que hemos logrado capturar y neutralizar a terroristas, lo hemos hecho con nuestro personal de inteligencia\u201d, asever\u00f3.\u00a0Los detenidos pertenecen a los grupos \u201cTiguerones\u201d, \u201cLobos\u201d y \u201cChoneros\u201d, dijo.<\/p>\n\n\n\n<figure class=\"wp-block-embed is-type-video is-provider-youtube wp-block-embed-youtube wp-embed-aspect-16-9 wp-has-aspect-ratio\"><div class=\"wp-block-embed__wrapper\">\n<iframe loading=\"lazy\" title=\"Guerra interna: Ya hay 329 detenidos en el pa\u00eds | Televistazo | Ecuavisa\" width=\"640\" height=\"360\" src=\"https:\/\/www.youtube.com\/embed\/KwEqGdngbDo?feature=oembed\" frameborder=\"0\" allow=\"accelerometer; autoplay; clipboard-write; encrypted-media; gyroscope; picture-in-picture; web-share\" referrerpolicy=\"strict-origin-when-cross-origin\" allowfullscreen><\/iframe>\n<\/div><\/figure>\n\n\n\n<p>Aclar\u00f3 que&nbsp;<strong>un militar est\u00e1 herido por una acci\u00f3n no vinculada con los enfrentamientos a delincuentes, pero que en la Polic\u00eda hay dos muertos y un herido en estado cr\u00edtico por heridas de bala<\/strong>.<\/p>\n\n\n\n<p>Este primer informe se produce mientras equipos de militares y polic\u00edas manten\u00edan custodia de infraestructura estrat\u00e9gica y algunos medios de comunicaci\u00f3n en Quito y Guayaquil cuando Ecuador intentaba recobrar la normalidad un d\u00eda despu\u00e9s que el Gobierno del presidente Daniel Noboa declar\u00f3 el inicio de un \u201cconflicto armado interno\u201d contra grupos criminales.<\/p>\n\n\n\n<p>En tanto, el paradero de \u201cFito\u201d segu\u00eda siendo un misterio.&nbsp;Noboa&nbsp;asegur\u00f3 que \u201cestamos en una cacer\u00eda activa\u201d, as\u00ed como tambi\u00e9n de&nbsp;FabricioCol\u00f3n Pico, otro l\u00edder regional de otra banda, \u201cLos Lobos\u201d, quienes \u201cser\u00e1n procesados por terrorismo\u201d.<\/p>\n\n\n\n<h4 class=\"wp-block-heading\"><strong>Preocupaci\u00f3n de la ONU<\/strong><\/h4>\n\n\n\n<p>El secretario general de la ONU, Antonio Guterres, habl\u00f3 con el embajador de Ecuador ante la ONU, Jos\u00e9 De La Gasca, manifestando que \u201cest\u00e1 alarmado por el deterioro de la situaci\u00f3n en el pa\u00eds, as\u00ed como por el disruptivo impacto que ha tenido en las vidas de los ecuatorianos\u201d, dijo el portavoz St\u00e9phane Dujarric. \u201cEl secretario general condena en\u00e9rgicamente estos actos criminales de violencia que hemos visto y env\u00eda un mensaje de solidaridad al pueblo ecuatoriano\u201d, agreg\u00f3 Dujarric.<\/p>\n\n\n\n<p>AP<\/p>\n\n\n\n<h4 class=\"wp-block-heading\"><strong>El Consenso de Brasilia se solidariza con el Gobierno de Noboa<\/strong><\/h4>\n\n\n\n<p>Los once pa\u00edses sudamericanos que integran, junto con Ecuador, el Consenso de Brasilia&nbsp;<strong>mostraron \u201csu m\u00e1s en\u00e9rgico rechazo a la violencia cometida por grupos relacionados con el crimen organizado\u201d en territorio ecuatoriano<\/strong>.<\/p>\n\n\n\n<p>En un comunicado difundido en Lima por la Canciller\u00eda de Per\u00fa tambi\u00e9n transmitieron \u201csu expl\u00edcito e inequ\u00edvoco respaldo y solidaridad al pueblo y a las autoridades del Ecuador, pa\u00eds miembro del consenso, en su lucha contra el accionar de la delincuencia organizada\u201d.<\/p>\n\n\n\n<figure class=\"wp-block-embed is-type-video is-provider-youtube wp-block-embed-youtube wp-embed-aspect-16-9 wp-has-aspect-ratio\"><div class=\"wp-block-embed__wrapper\">\n<iframe loading=\"lazy\" title=\"Naciones ofrecen apoyo a Ecuador para luchar contra el terrorismo generado por pandillas\" width=\"640\" height=\"360\" src=\"https:\/\/www.youtube.com\/embed\/I3f8hM377lk?feature=oembed\" frameborder=\"0\" allow=\"accelerometer; autoplay; clipboard-write; encrypted-media; gyroscope; picture-in-picture; web-share\" referrerpolicy=\"strict-origin-when-cross-origin\" allowfullscreen><\/iframe>\n<\/div><\/figure>\n\n\n\n<p>El grupo, compuesto por Argentina, Brasil, Bolivia, Chile, Colombia, Ecuador, Guyana, Surinam, Paraguay, Per\u00fa, Uruguay y Venezuela, explic\u00f3 que \u201cunir\u00e1 esfuerzos para combatir de manera coordinada este flagelo que afecta a toda la regi\u00f3n, bajo los principios del derecho internacional y las leyes internas de cada pa\u00eds sudamericano\u201d.<\/p>\n\n\n\n<p>\u201cHacemos votos para un pronto restablecimiento de la seguridad y el orden p\u00fablico en el marco del Estado de derecho y de la institucionalidad vigente en Ecuador, con apego y respeto a la democracia y a los derechos humanos\u201d, agreg\u00f3 el mensaje.<\/p>\n\n\n\n<p>Finalmente, los pa\u00edses miembros del Consenso de Brasilia reiteraron \u201csu solidaridad a las autoridades y al pueblo ecuatoriano en este dif\u00edcil momento y muy particularmente a las v\u00edctimas de dichos actos de violencia\u201d.<\/p>\n\n\n\n<p>EFE<\/p>\n\n\n\n<h4 class=\"wp-block-heading\"><strong>Perfil<br>\u201cFito\u201d, el l\u00edder criminal que puso de cabeza a un pa\u00eds<\/strong><\/h4>\n\n\n\n<p>La jornada de terror vivida el martes en Ecuador con la toma de un canal de televisi\u00f3n y motines con rehenes en c\u00e1rceles vino precedida de&nbsp;la presunta fuga de Jos\u00e9 Adolfo&nbsp;Mac\u00edas&nbsp;&#8216;\u201dFito\u201d, el capo de \u201cLos&nbsp;Choneros\u201d, la banda criminal m\u00e1s numerosa del pa\u00eds y una de las m\u00e1s violentas.<\/p>\n\n\n\n<p>La \u00faltima imagen p\u00fablica que se tiene de \u00e9l es con una abundante melena y una barba copiosa y desali\u00f1ada con la que busca asemejarse a un le\u00f3n, con el que se identifica \u00e9l y, por ende, el resto de\u00a0<strong>\u201cLos Choneros\u201d, una banda dedicada seg\u00fan las autoridades a transportar coca\u00edna producida en Colombia hasta c\u00e1rteles mexicanos<\/strong>.<\/p>\n\n\n\n<figure class=\"wp-block-embed is-type-video is-provider-youtube wp-block-embed-youtube wp-embed-aspect-16-9 wp-has-aspect-ratio\"><div class=\"wp-block-embed__wrapper\">\n<iframe loading=\"lazy\" title=\"Violencia en Ecuador: el discurso de Noboa tras al asalto de TC Televisi\u00f3n\" width=\"640\" height=\"360\" src=\"https:\/\/www.youtube.com\/embed\/_A-jev703mY?feature=oembed\" frameborder=\"0\" allow=\"accelerometer; autoplay; clipboard-write; encrypted-media; gyroscope; picture-in-picture; web-share\" referrerpolicy=\"strict-origin-when-cross-origin\" allowfullscreen><\/iframe>\n<\/div><\/figure>\n\n\n\n<p>Seg\u00fan las mismas autoridades, \u201cLos Choneros\u201d, que nacieron en la ciudad costera de Manta en los a\u00f1os noventa, est\u00e1n dedicados actualmente al narcotr\u00e1fico, la extorsi\u00f3n, el sicariato y el tr\u00e1fico de armas, entre otros delitos, si bien ellos niegan estar detr\u00e1s de los episodios violentos acontecidos en los \u00faltimos dos d\u00edas.<\/p>\n\n\n\n<p>De confirmarse la evasi\u00f3n -no reconocida oficialmente por las autoridades a pesar de que la polic\u00eda ha difundido anuncios de \u201cSe busca\u201d- esta ser\u00eda la segunda vez que \u201cFito\u201d burla el sistema penitenciario de Ecuador, pues ya lo hizo tambi\u00e9n en 2013 cuando se fug\u00f3 de la c\u00e1rcel de la Roca, en Guayaquil, despu\u00e9s de haber sido condenado en 2011 a 34 a\u00f1os de prisi\u00f3n por delitos como narcotr\u00e1fico, asesinato y crimen organizado.<\/p>\n\n\n\n<p>En esa primera aventura fugitiva acompa\u00f1aba a Jos\u00e9 Luis Zambrano \u201cRasqui\u00f1a\u201d, el entonces capo de \u201cLos Choneros\u201d, pero ambos fueron recapturados dos meses despu\u00e9s, y desde entonces el poder de \u201cFito\u201d dentro de la banda ha ido aumentando a medida que otros cabecillas eran asesinados, entre ellos el propio \u201cRasqui\u00f1a\u201d en 2020. Un pulso a Noboa.<\/p>\n\n\n\n<p><strong>Esta aparente nueva fuga es un desaf\u00edo a la mano dura que el nuevo presidente Daniel Noboa, quer\u00eda imponer en las c\u00e1rceles para aislar a los l\u00edderes de las bandas criminales que se disputan el control del narcotr\u00e1fico y de otras actividades il\u00edcitas<\/strong>&nbsp;en prisiones de m\u00e1xima seguridad o incluso en c\u00e1rceles barcaza en alta mar, como promet\u00eda durante la campa\u00f1a electoral.<\/p>\n\n\n\n<p>Hasta ahora \u201cFito\u201d estaba recluido en la C\u00e1rcel Regional de&nbsp;Guayaquil, una prisi\u00f3n donde era el amo y se\u00f1or de lo que ocurr\u00eda en su interior, al estar bajo aparente control de \u201cLos&nbsp;Choneros\u201d.<\/p>\n\n\n\n<p>EFE<\/p>\n\n\n\n<figure class=\"wp-block-image\"><img decoding=\"async\" src=\"https:\/\/www.informador.mx\/__export\/1704966242852\/sites\/elinformador\/img\/2024\/01\/11\/imagen_imagen_xfitox_el_lxder_crim_x12348056x.jpg_524400468.jpg\" alt=\"\"\/><figcaption class=\"wp-element-caption\">ESPECIAL&nbsp;<\/figcaption><\/figure>\n\n\n\n<p>CT&nbsp;<\/p>\n","protected":false},"excerpt":{"rendered":"<p>Por Carolina Alonso Romei Internacionalista Se mantiene\u00a0la b\u00fasqueda de los\u00a0dos l\u00edderes del narcotr\u00e1fico que escaparon&#8230;<\/p>\n","protected":false},"author":2,"featured_media":107487,"comment_status":"open","ping_status":"open","sticky":false,"template":"","format":"standard","meta":{"_monsterinsights_skip_tracking":false,"_monsterinsights_sitenote_active":false,"_monsterinsights_sitenote_note":"","_monsterinsights_sitenote_category":0,"footnotes":""},"categories":[1],"tags":[],"class_list":["post-107486","post","type-post","status-publish","format-standard","has-post-thumbnail","hentry","category-sin-categoria"],"yoast_head":"<!-- This site is optimized with the Yoast SEO plugin v27.3 - https:\/\/yoast.com\/product\/yoast-seo-wordpress\/ -->\n<title>Internacionales\/\/\/Carolina Alonso Romei\/\/\/Ecuador detiene a 329 \u201cterroristas\u201d en un d\u00eda -<\/title>\n<meta name=\"robots\" content=\"index, follow, max-snippet:-1, max-image-preview:large, max-video-preview:-1\" \/>\n<link rel=\"canonical\" href=\"https:\/\/quehacerpolitico.mx\/?p=107486\" \/>\n<meta property=\"og:locale\" content=\"es_MX\" \/>\n<meta property=\"og:type\" content=\"article\" \/>\n<meta property=\"og:title\" content=\"Internacionales\/\/\/Carolina Alonso Romei\/\/\/Ecuador detiene a 329 \u201cterroristas\u201d en un d\u00eda -\" \/>\n<meta property=\"og:description\" content=\"Por Carolina Alonso Romei Internacionalista Se mantiene\u00a0la b\u00fasqueda de los\u00a0dos l\u00edderes del narcotr\u00e1fico que escaparon...\" \/>\n<meta property=\"og:url\" content=\"https:\/\/quehacerpolitico.mx\/?p=107486\" \/>\n<meta property=\"article:published_time\" content=\"2024-01-11T15:37:30+00:00\" \/>\n<meta property=\"article:modified_time\" content=\"2024-01-11T15:37:33+00:00\" \/>\n<meta property=\"og:image\" content=\"https:\/\/quehacerpolitico.mx\/wp-content\/uploads\/2024\/01\/IMG_3069.jpeg\" \/>\n\t<meta property=\"og:image:width\" content=\"739\" \/>\n\t<meta property=\"og:image:height\" content=\"415\" \/>\n\t<meta property=\"og:image:type\" content=\"image\/jpeg\" \/>\n<meta name=\"author\" content=\"Redacci\u00f3n QP\" \/>\n<meta name=\"twitter:card\" content=\"summary_large_image\" \/>\n<meta name=\"twitter:label1\" content=\"Escrito por\" \/>\n\t<meta name=\"twitter:data1\" content=\"Redacci\u00f3n QP\" \/>\n\t<meta name=\"twitter:label2\" content=\"Tiempo de lectura\" \/>\n\t<meta name=\"twitter:data2\" content=\"6 minutos\" \/>\n<script type=\"application\/ld+json\" class=\"yoast-schema-graph\">{\"@context\":\"https:\\\/\\\/schema.org\",\"@graph\":[{\"@type\":\"Article\",\"@id\":\"https:\\\/\\\/quehacerpolitico.mx\\\/?p=107486#article\",\"isPartOf\":{\"@id\":\"https:\\\/\\\/quehacerpolitico.mx\\\/?p=107486\"},\"author\":{\"name\":\"Redacci\u00f3n QP\",\"@id\":\"https:\\\/\\\/quehacerpolitico.mx\\\/#\\\/schema\\\/person\\\/496d8ad2d1d3f8036101dca7ee39e585\"},\"headline\":\"Internacionales\\\/\\\/\\\/Carolina Alonso Romei\\\/\\\/\\\/Ecuador detiene a 329 \u201cterroristas\u201d en un d\u00eda\",\"datePublished\":\"2024-01-11T15:37:30+00:00\",\"dateModified\":\"2024-01-11T15:37:33+00:00\",\"mainEntityOfPage\":{\"@id\":\"https:\\\/\\\/quehacerpolitico.mx\\\/?p=107486\"},\"wordCount\":1126,\"commentCount\":0,\"image\":{\"@id\":\"https:\\\/\\\/quehacerpolitico.mx\\\/?p=107486#primaryimage\"},\"thumbnailUrl\":\"https:\\\/\\\/quehacerpolitico.mx\\\/wp-content\\\/uploads\\\/2024\\\/01\\\/IMG_3069.jpeg\",\"articleSection\":[\"Internacionales\"],\"inLanguage\":\"es\",\"potentialAction\":[{\"@type\":\"CommentAction\",\"name\":\"Comment\",\"target\":[\"https:\\\/\\\/quehacerpolitico.mx\\\/?p=107486#respond\"]}]},{\"@type\":\"WebPage\",\"@id\":\"https:\\\/\\\/quehacerpolitico.mx\\\/?p=107486\",\"url\":\"https:\\\/\\\/quehacerpolitico.mx\\\/?p=107486\",\"name\":\"Internacionales\\\/\\\/\\\/Carolina Alonso Romei\\\/\\\/\\\/Ecuador detiene a 329 \u201cterroristas\u201d en un d\u00eda -\",\"isPartOf\":{\"@id\":\"https:\\\/\\\/quehacerpolitico.mx\\\/#website\"},\"primaryImageOfPage\":{\"@id\":\"https:\\\/\\\/quehacerpolitico.mx\\\/?p=107486#primaryimage\"},\"image\":{\"@id\":\"https:\\\/\\\/quehacerpolitico.mx\\\/?p=107486#primaryimage\"},\"thumbnailUrl\":\"https:\\\/\\\/quehacerpolitico.mx\\\/wp-content\\\/uploads\\\/2024\\\/01\\\/IMG_3069.jpeg\",\"datePublished\":\"2024-01-11T15:37:30+00:00\",\"dateModified\":\"2024-01-11T15:37:33+00:00\",\"author\":{\"@id\":\"https:\\\/\\\/quehacerpolitico.mx\\\/#\\\/schema\\\/person\\\/496d8ad2d1d3f8036101dca7ee39e585\"},\"breadcrumb\":{\"@id\":\"https:\\\/\\\/quehacerpolitico.mx\\\/?p=107486#breadcrumb\"},\"inLanguage\":\"es\",\"potentialAction\":[{\"@type\":\"ReadAction\",\"target\":[\"https:\\\/\\\/quehacerpolitico.mx\\\/?p=107486\"]}]},{\"@type\":\"ImageObject\",\"inLanguage\":\"es\",\"@id\":\"https:\\\/\\\/quehacerpolitico.mx\\\/?p=107486#primaryimage\",\"url\":\"https:\\\/\\\/quehacerpolitico.mx\\\/wp-content\\\/uploads\\\/2024\\\/01\\\/IMG_3069.jpeg\",\"contentUrl\":\"https:\\\/\\\/quehacerpolitico.mx\\\/wp-content\\\/uploads\\\/2024\\\/01\\\/IMG_3069.jpeg\",\"width\":739,\"height\":415},{\"@type\":\"BreadcrumbList\",\"@id\":\"https:\\\/\\\/quehacerpolitico.mx\\\/?p=107486#breadcrumb\",\"itemListElement\":[{\"@type\":\"ListItem\",\"position\":1,\"name\":\"Inicio\",\"item\":\"https:\\\/\\\/quehacerpolitico.mx\\\/\"},{\"@type\":\"ListItem\",\"position\":2,\"name\":\"Internacionales\\\/\\\/\\\/Carolina Alonso Romei\\\/\\\/\\\/Ecuador detiene a 329 \u201cterroristas\u201d en un d\u00eda\"}]},{\"@type\":\"WebSite\",\"@id\":\"https:\\\/\\\/quehacerpolitico.mx\\\/#website\",\"url\":\"https:\\\/\\\/quehacerpolitico.mx\\\/\",\"name\":\"\",\"description\":\"\",\"potentialAction\":[{\"@type\":\"SearchAction\",\"target\":{\"@type\":\"EntryPoint\",\"urlTemplate\":\"https:\\\/\\\/quehacerpolitico.mx\\\/?s={search_term_string}\"},\"query-input\":{\"@type\":\"PropertyValueSpecification\",\"valueRequired\":true,\"valueName\":\"search_term_string\"}}],\"inLanguage\":\"es\"},{\"@type\":\"Person\",\"@id\":\"https:\\\/\\\/quehacerpolitico.mx\\\/#\\\/schema\\\/person\\\/496d8ad2d1d3f8036101dca7ee39e585\",\"name\":\"Redacci\u00f3n QP\",\"image\":{\"@type\":\"ImageObject\",\"inLanguage\":\"es\",\"@id\":\"https:\\\/\\\/secure.gravatar.com\\\/avatar\\\/c7164ed6fdec453195284ad24a5ae5b6e1eed2b848477fa2a4787ba9adf39a41?s=96&d=mm&r=g\",\"url\":\"https:\\\/\\\/secure.gravatar.com\\\/avatar\\\/c7164ed6fdec453195284ad24a5ae5b6e1eed2b848477fa2a4787ba9adf39a41?s=96&d=mm&r=g\",\"contentUrl\":\"https:\\\/\\\/secure.gravatar.com\\\/avatar\\\/c7164ed6fdec453195284ad24a5ae5b6e1eed2b848477fa2a4787ba9adf39a41?s=96&d=mm&r=g\",\"caption\":\"Redacci\u00f3n QP\"},\"url\":\"https:\\\/\\\/quehacerpolitico.mx\\\/?author=2\"}]}<\/script>\n<!-- \/ Yoast SEO plugin. -->","yoast_head_json":{"title":"Internacionales\/\/\/Carolina Alonso Romei\/\/\/Ecuador detiene a 329 \u201cterroristas\u201d en un d\u00eda -","robots":{"index":"index","follow":"follow","max-snippet":"max-snippet:-1","max-image-preview":"max-image-preview:large","max-video-preview":"max-video-preview:-1"},"canonical":"https:\/\/quehacerpolitico.mx\/?p=107486","og_locale":"es_MX","og_type":"article","og_title":"Internacionales\/\/\/Carolina Alonso Romei\/\/\/Ecuador detiene a 329 \u201cterroristas\u201d en un d\u00eda -","og_description":"Por Carolina Alonso Romei Internacionalista Se mantiene\u00a0la b\u00fasqueda de los\u00a0dos l\u00edderes del narcotr\u00e1fico que escaparon...","og_url":"https:\/\/quehacerpolitico.mx\/?p=107486","article_published_time":"2024-01-11T15:37:30+00:00","article_modified_time":"2024-01-11T15:37:33+00:00","og_image":[{"width":739,"height":415,"url":"https:\/\/quehacerpolitico.mx\/wp-content\/uploads\/2024\/01\/IMG_3069.jpeg","type":"image\/jpeg"}],"author":"Redacci\u00f3n QP","twitter_card":"summary_large_image","twitter_misc":{"Escrito por":"Redacci\u00f3n QP","Tiempo de lectura":"6 minutos"},"schema":{"@context":"https:\/\/schema.org","@graph":[{"@type":"Article","@id":"https:\/\/quehacerpolitico.mx\/?p=107486#article","isPartOf":{"@id":"https:\/\/quehacerpolitico.mx\/?p=107486"},"author":{"name":"Redacci\u00f3n QP","@id":"https:\/\/quehacerpolitico.mx\/#\/schema\/person\/496d8ad2d1d3f8036101dca7ee39e585"},"headline":"Internacionales\/\/\/Carolina Alonso Romei\/\/\/Ecuador detiene a 329 \u201cterroristas\u201d en un d\u00eda","datePublished":"2024-01-11T15:37:30+00:00","dateModified":"2024-01-11T15:37:33+00:00","mainEntityOfPage":{"@id":"https:\/\/quehacerpolitico.mx\/?p=107486"},"wordCount":1126,"commentCount":0,"image":{"@id":"https:\/\/quehacerpolitico.mx\/?p=107486#primaryimage"},"thumbnailUrl":"https:\/\/quehacerpolitico.mx\/wp-content\/uploads\/2024\/01\/IMG_3069.jpeg","articleSection":["Internacionales"],"inLanguage":"es","potentialAction":[{"@type":"CommentAction","name":"Comment","target":["https:\/\/quehacerpolitico.mx\/?p=107486#respond"]}]},{"@type":"WebPage","@id":"https:\/\/quehacerpolitico.mx\/?p=107486","url":"https:\/\/quehacerpolitico.mx\/?p=107486","name":"Internacionales\/\/\/Carolina Alonso Romei\/\/\/Ecuador detiene a 329 \u201cterroristas\u201d en un d\u00eda -","isPartOf":{"@id":"https:\/\/quehacerpolitico.mx\/#website"},"primaryImageOfPage":{"@id":"https:\/\/quehacerpolitico.mx\/?p=107486#primaryimage"},"image":{"@id":"https:\/\/quehacerpolitico.mx\/?p=107486#primaryimage"},"thumbnailUrl":"https:\/\/quehacerpolitico.mx\/wp-content\/uploads\/2024\/01\/IMG_3069.jpeg","datePublished":"2024-01-11T15:37:30+00:00","dateModified":"2024-01-11T15:37:33+00:00","author":{"@id":"https:\/\/quehacerpolitico.mx\/#\/schema\/person\/496d8ad2d1d3f8036101dca7ee39e585"},"breadcrumb":{"@id":"https:\/\/quehacerpolitico.mx\/?p=107486#breadcrumb"},"inLanguage":"es","potentialAction":[{"@type":"ReadAction","target":["https:\/\/quehacerpolitico.mx\/?p=107486"]}]},{"@type":"ImageObject","inLanguage":"es","@id":"https:\/\/quehacerpolitico.mx\/?p=107486#primaryimage","url":"https:\/\/quehacerpolitico.mx\/wp-content\/uploads\/2024\/01\/IMG_3069.jpeg","contentUrl":"https:\/\/quehacerpolitico.mx\/wp-content\/uploads\/2024\/01\/IMG_3069.jpeg","width":739,"height":415},{"@type":"BreadcrumbList","@id":"https:\/\/quehacerpolitico.mx\/?p=107486#breadcrumb","itemListElement":[{"@type":"ListItem","position":1,"name":"Inicio","item":"https:\/\/quehacerpolitico.mx\/"},{"@type":"ListItem","position":2,"name":"Internacionales\/\/\/Carolina Alonso Romei\/\/\/Ecuador detiene a 329 \u201cterroristas\u201d en un d\u00eda"}]},{"@type":"WebSite","@id":"https:\/\/quehacerpolitico.mx\/#website","url":"https:\/\/quehacerpolitico.mx\/","name":"","description":"","potentialAction":[{"@type":"SearchAction","target":{"@type":"EntryPoint","urlTemplate":"https:\/\/quehacerpolitico.mx\/?s={search_term_string}"},"query-input":{"@type":"PropertyValueSpecification","valueRequired":true,"valueName":"search_term_string"}}],"inLanguage":"es"},{"@type":"Person","@id":"https:\/\/quehacerpolitico.mx\/#\/schema\/person\/496d8ad2d1d3f8036101dca7ee39e585","name":"Redacci\u00f3n QP","image":{"@type":"ImageObject","inLanguage":"es","@id":"https:\/\/secure.gravatar.com\/avatar\/c7164ed6fdec453195284ad24a5ae5b6e1eed2b848477fa2a4787ba9adf39a41?s=96&d=mm&r=g","url":"https:\/\/secure.gravatar.com\/avatar\/c7164ed6fdec453195284ad24a5ae5b6e1eed2b848477fa2a4787ba9adf39a41?s=96&d=mm&r=g","contentUrl":"https:\/\/secure.gravatar.com\/avatar\/c7164ed6fdec453195284ad24a5ae5b6e1eed2b848477fa2a4787ba9adf39a41?s=96&d=mm&r=g","caption":"Redacci\u00f3n QP"},"url":"https:\/\/quehacerpolitico.mx\/?author=2"}]}},"featured_image_urls":{"full":["https:\/\/quehacerpolitico.mx\/wp-content\/uploads\/2024\/01\/IMG_3069.jpeg",739,415,false],"thumbnail":["https:\/\/quehacerpolitico.mx\/wp-content\/uploads\/2024\/01\/IMG_3069-150x150.jpeg",150,150,true],"medium":["https:\/\/quehacerpolitico.mx\/wp-content\/uploads\/2024\/01\/IMG_3069-300x168.jpeg",300,168,true],"medium_large":["https:\/\/quehacerpolitico.mx\/wp-content\/uploads\/2024\/01\/IMG_3069.jpeg",640,359,false],"large":["https:\/\/quehacerpolitico.mx\/wp-content\/uploads\/2024\/01\/IMG_3069.jpeg",640,359,false],"1536x1536":["https:\/\/quehacerpolitico.mx\/wp-content\/uploads\/2024\/01\/IMG_3069.jpeg",739,415,false],"2048x2048":["https:\/\/quehacerpolitico.mx\/wp-content\/uploads\/2024\/01\/IMG_3069.jpeg",739,415,false],"covernews-featured":["https:\/\/quehacerpolitico.mx\/wp-content\/uploads\/2024\/01\/IMG_3069.jpeg",739,415,false],"covernews-medium":["https:\/\/quehacerpolitico.mx\/wp-content\/uploads\/2024\/01\/IMG_3069.jpeg",540,303,false]},"author_info":{"display_name":"Redacci\u00f3n QP","author_link":"https:\/\/quehacerpolitico.mx\/?author=2"},"category_info":"<a href=\"https:\/\/quehacerpolitico.mx\/?cat=1\" rel=\"category\">Internacionales<\/a>","tag_info":"Internacionales","comment_count":"0","_links":{"self":[{"href":"https:\/\/quehacerpolitico.mx\/index.php?rest_route=\/wp\/v2\/posts\/107486","targetHints":{"allow":["GET"]}}],"collection":[{"href":"https:\/\/quehacerpolitico.mx\/index.php?rest_route=\/wp\/v2\/posts"}],"about":[{"href":"https:\/\/quehacerpolitico.mx\/index.php?rest_route=\/wp\/v2\/types\/post"}],"author":[{"embeddable":true,"href":"https:\/\/quehacerpolitico.mx\/index.php?rest_route=\/wp\/v2\/users\/2"}],"replies":[{"embeddable":true,"href":"https:\/\/quehacerpolitico.mx\/index.php?rest_route=%2Fwp%2Fv2%2Fcomments&post=107486"}],"version-history":[{"count":1,"href":"https:\/\/quehacerpolitico.mx\/index.php?rest_route=\/wp\/v2\/posts\/107486\/revisions"}],"predecessor-version":[{"id":107488,"href":"https:\/\/quehacerpolitico.mx\/index.php?rest_route=\/wp\/v2\/posts\/107486\/revisions\/107488"}],"wp:featuredmedia":[{"embeddable":true,"href":"https:\/\/quehacerpolitico.mx\/index.php?rest_route=\/wp\/v2\/media\/107487"}],"wp:attachment":[{"href":"https:\/\/quehacerpolitico.mx\/index.php?rest_route=%2Fwp%2Fv2%2Fmedia&parent=107486"}],"wp:term":[{"taxonomy":"category","embeddable":true,"href":"https:\/\/quehacerpolitico.mx\/index.php?rest_route=%2Fwp%2Fv2%2Fcategories&post=107486"},{"taxonomy":"post_tag","embeddable":true,"href":"https:\/\/quehacerpolitico.mx\/index.php?rest_route=%2Fwp%2Fv2%2Ftags&post=107486"}],"curies":[{"name":"wp","href":"https:\/\/api.w.org\/{rel}","templated":true}]}}