{"id":107480,"date":"2024-01-10T18:33:52","date_gmt":"2024-01-10T18:33:52","guid":{"rendered":"https:\/\/quehacerpolitico.mx\/?p=107480"},"modified":"2024-01-10T18:33:54","modified_gmt":"2024-01-10T18:33:54","slug":"fifa-dicta-sanciones-contra-selecciones-de-conmebol","status":"publish","type":"post","link":"https:\/\/quehacerpolitico.mx\/?p=107480","title":{"rendered":"FIFA dicta sanciones contra selecciones de Conmebol"},"content":{"rendered":"\n<p>Por Redacci\u00f3n QP<\/p>\n\n\n\n<p>El Comit\u00e9 Disciplinario dict\u00f3 las sentencias por los incidentes durante los pasados partidos de clasificaci\u00f3n al mundial<\/p>\n\n\n\n<p>El Comit\u00e9 Disciplinario de la\u00a0FIFA sancion\u00f3 con el\u00a0<strong>cierre parcial de campo en su siguiente partido a las selecciones de Argentina, Uruguay, Chile y Colombia<\/strong>, por incidentes en los partidos de clasificaci\u00f3n para el Mundial 2026 jugados desde septiembre del 2023.<\/p>\n\n\n\n<p>La&nbsp;<strong>FIFA confirm\u00f3 este mi\u00e9rcoles la decisi\u00f3n de su \u00f3rgano disciplinario, que incluye tambi\u00e9n multas econ\u00f3micas para estos cuatro equipos, as\u00ed como para las selecciones de Brasil, Bolivia, Ecuador y Per\u00fa.<\/strong><\/p>\n\n\n\n<p><strong>Argentina\u00a0<\/strong>deber\u00e1 cerrar al menos el 50% de las localidades de su estadio en su pr\u00f3ximo partido y\u00a0pagar una multa de 50 mil francos suizos, que invertir\u00e1 en un plan contra la discriminaci\u00f3n, y otra de 20 mil. Tambi\u00e9n tendr\u00e1 condicionada otra sanci\u00f3n de 50 mil francos durante seis meses al cumplimiento del citado plan.<\/p>\n\n\n\n<p>La FIFA impuso estas sanciones por el<strong>&nbsp;retraso en el encuentro ante Ecuador en septiembre y el comportamiento discriminatorio de sus aficionados<\/strong>, adem\u00e1s de&nbsp;<strong>la invasi\u00f3n del campo ante Uruguay<\/strong>&nbsp;y la falta de orden dentro del estadio y\/o alrededores contra Brasil en el pasado noviembre.<\/p>\n\n\n\n<p><strong>Chile\u00a0<\/strong>tambi\u00e9n tendr\u00e1 que\u00a0<strong>cerrar su cancha al 50%<\/strong>en su pr\u00f3ximo encuentro por el comportamiento discriminatorio de su afici\u00f3n y el retraso contra la Selecci\u00f3n Colombiana en septiembre y contra Per\u00fa en octubre; adem\u00e1s de abonar una multa de 80 mil francos suizos para invertir en un plan contra la discriminaci\u00f3n.<\/p>\n\n\n\n<p>El incumplimiento de este plan en un plazo de seis meses supondr\u00e1 otra multa&nbsp;(50 mil&nbsp;francos suizos) para Chile, que tendr\u00e1 que pagar 5 mil&nbsp;francos m\u00e1s por mala conducta de su equipo (5 sanciones individuales) en el enfrentamiento disputado contra Uruguay en septiembre.<\/p>\n\n\n\n<p><strong>La selecci\u00f3n de Colombia<\/strong>&nbsp;jugar\u00e1 su pr\u00f3ximo partido con su estadio parcialmente cerrado, al menos el&nbsp;<strong>25% de sus localidades<\/strong>, y recibi\u00f3 una multa de 30 mil francos suizos, para invertir en plan contra discriminaci\u00f3n, por retraso en el choque contra Chile y la actitud discriminatoria de su afici\u00f3n el pasado septiembre, junto a una multa m\u00e1s de 500 francos por lanzamiento de objetos y retraso tambi\u00e9n en el duelo con Uruguay en octubre del 2023.<\/p>\n\n\n\n<p>La Comisi\u00f3n de Disciplina impuso a su vez otra multa de 50 mil francos suizos al combinado colombiano, condicionado a cumplir el citado plan en un plazo de seis meses.<\/p>\n\n\n\n<p><strong>Uruguay ser\u00e1 la otra selecci\u00f3n que deber\u00e1 clausurar el campo en su siguiente encuentro (al menos un 25%) y pagar una multa de 30 mil francos suizos,<\/strong>&nbsp;dirigida a un plan contra discriminaci\u00f3n, por el retraso frente a Colombia y Brasil y comportamiento discriminatorio de sus seguidores contra Argentina. El incumplimiento del plan en seis meses acarrear\u00eda otra sanci\u00f3n de 50 mil francos m\u00e1s.<\/p>\n\n\n\n<p>Las otras sanciones de la FIFA afectar\u00e1n a&nbsp;<strong>Brasil<\/strong>, con multas de 5 mil francos suizos por retraso e invasi\u00f3n de campo en el partido contra Bolivia en septiembre; de 15 mil por mala conducta del equipo (5 sanciones individuales) contra Uruguay en octubre y de 50 mil por no asegurar el orden en el estadio y alrededores en el duelo ante Argentina en noviembre.<\/p>\n\n\n\n<p><strong>Bolivia<\/strong>&nbsp;tambi\u00e9n fue multada con 5 mil francos suizos por mala conducta del equipo (5 sanciones individuales) en el partido contra Paraguay en octubre; Ecuador con 5 mil por invasi\u00f3n de campo contra Uruguay en septiembre; Paraguay con 4 mil por lanzamiento de objetos contra Colombia en noviembre y Per\u00fa con 7 mil 500 por invasi\u00f3n de campo frente a Argentina en octubre y 10 mil por retraso contra Bolivia en noviembre.<\/p>\n\n\n\n<p>En el apartado de los jugadores, la\u00a0Comisi\u00f3n de Disciplina sancion\u00f3 con dos partidos al chileno V\u00edctor M\u00e9ndez y al paraguayo Robert Rojas, ambos expulsados en el encuentro entre sus selecciones en noviembre; as\u00ed como al boliviano Roberto Carlos Fern\u00e1ndez, expulsado frente a Argentina en septiembre, y al brasile\u00f1o Joelinton C\u00e1ssio, que tambi\u00e9n vio la roja ante la escuadra albiceleste el pasado noviembre.<\/p>\n\n\n\n<p>Con informaci\u00f3n de EFE<\/p>\n","protected":false},"excerpt":{"rendered":"<p>Por Redacci\u00f3n QP El Comit\u00e9 Disciplinario dict\u00f3 las sentencias por los incidentes durante los pasados&#8230;<\/p>\n","protected":false},"author":2,"featured_media":107481,"comment_status":"open","ping_status":"open","sticky":false,"template":"","format":"standard","meta":{"_monsterinsights_skip_tracking":false,"_monsterinsights_sitenote_active":false,"_monsterinsights_sitenote_note":"","_monsterinsights_sitenote_category":0,"footnotes":""},"categories":[54],"tags":[],"class_list":["post-107480","post","type-post","status-publish","format-standard","has-post-thumbnail","hentry","category-deportes"],"yoast_head":"<!-- This site is optimized with the Yoast SEO plugin v27.3 - https:\/\/yoast.com\/product\/yoast-seo-wordpress\/ -->\n<title>FIFA dicta sanciones contra selecciones de Conmebol -<\/title>\n<meta name=\"robots\" content=\"index, follow, max-snippet:-1, max-image-preview:large, max-video-preview:-1\" \/>\n<link rel=\"canonical\" href=\"https:\/\/quehacerpolitico.mx\/?p=107480\" \/>\n<meta property=\"og:locale\" content=\"es_MX\" \/>\n<meta property=\"og:type\" content=\"article\" \/>\n<meta property=\"og:title\" content=\"FIFA dicta sanciones contra selecciones de Conmebol -\" \/>\n<meta property=\"og:description\" content=\"Por Redacci\u00f3n QP El Comit\u00e9 Disciplinario dict\u00f3 las sentencias por los incidentes durante los pasados...\" \/>\n<meta property=\"og:url\" content=\"https:\/\/quehacerpolitico.mx\/?p=107480\" \/>\n<meta property=\"article:published_time\" content=\"2024-01-10T18:33:52+00:00\" \/>\n<meta property=\"article:modified_time\" content=\"2024-01-10T18:33:54+00:00\" \/>\n<meta property=\"og:image\" content=\"https:\/\/quehacerpolitico.mx\/wp-content\/uploads\/2024\/01\/IMG_3064.jpeg\" \/>\n\t<meta property=\"og:image:width\" content=\"696\" \/>\n\t<meta property=\"og:image:height\" content=\"418\" \/>\n\t<meta property=\"og:image:type\" content=\"image\/jpeg\" \/>\n<meta name=\"author\" content=\"Redacci\u00f3n QP\" \/>\n<meta name=\"twitter:card\" content=\"summary_large_image\" \/>\n<meta name=\"twitter:label1\" content=\"Escrito por\" \/>\n\t<meta name=\"twitter:data1\" content=\"Redacci\u00f3n QP\" \/>\n\t<meta name=\"twitter:label2\" content=\"Tiempo de lectura\" \/>\n\t<meta name=\"twitter:data2\" content=\"3 minutos\" \/>\n<script type=\"application\/ld+json\" class=\"yoast-schema-graph\">{\"@context\":\"https:\\\/\\\/schema.org\",\"@graph\":[{\"@type\":\"Article\",\"@id\":\"https:\\\/\\\/quehacerpolitico.mx\\\/?p=107480#article\",\"isPartOf\":{\"@id\":\"https:\\\/\\\/quehacerpolitico.mx\\\/?p=107480\"},\"author\":{\"name\":\"Redacci\u00f3n QP\",\"@id\":\"https:\\\/\\\/quehacerpolitico.mx\\\/#\\\/schema\\\/person\\\/496d8ad2d1d3f8036101dca7ee39e585\"},\"headline\":\"FIFA dicta sanciones contra selecciones de Conmebol\",\"datePublished\":\"2024-01-10T18:33:52+00:00\",\"dateModified\":\"2024-01-10T18:33:54+00:00\",\"mainEntityOfPage\":{\"@id\":\"https:\\\/\\\/quehacerpolitico.mx\\\/?p=107480\"},\"wordCount\":701,\"commentCount\":0,\"image\":{\"@id\":\"https:\\\/\\\/quehacerpolitico.mx\\\/?p=107480#primaryimage\"},\"thumbnailUrl\":\"https:\\\/\\\/quehacerpolitico.mx\\\/wp-content\\\/uploads\\\/2024\\\/01\\\/IMG_3064.jpeg\",\"articleSection\":[\"Deportes\"],\"inLanguage\":\"es\",\"potentialAction\":[{\"@type\":\"CommentAction\",\"name\":\"Comment\",\"target\":[\"https:\\\/\\\/quehacerpolitico.mx\\\/?p=107480#respond\"]}]},{\"@type\":\"WebPage\",\"@id\":\"https:\\\/\\\/quehacerpolitico.mx\\\/?p=107480\",\"url\":\"https:\\\/\\\/quehacerpolitico.mx\\\/?p=107480\",\"name\":\"FIFA dicta sanciones contra selecciones de Conmebol -\",\"isPartOf\":{\"@id\":\"https:\\\/\\\/quehacerpolitico.mx\\\/#website\"},\"primaryImageOfPage\":{\"@id\":\"https:\\\/\\\/quehacerpolitico.mx\\\/?p=107480#primaryimage\"},\"image\":{\"@id\":\"https:\\\/\\\/quehacerpolitico.mx\\\/?p=107480#primaryimage\"},\"thumbnailUrl\":\"https:\\\/\\\/quehacerpolitico.mx\\\/wp-content\\\/uploads\\\/2024\\\/01\\\/IMG_3064.jpeg\",\"datePublished\":\"2024-01-10T18:33:52+00:00\",\"dateModified\":\"2024-01-10T18:33:54+00:00\",\"author\":{\"@id\":\"https:\\\/\\\/quehacerpolitico.mx\\\/#\\\/schema\\\/person\\\/496d8ad2d1d3f8036101dca7ee39e585\"},\"breadcrumb\":{\"@id\":\"https:\\\/\\\/quehacerpolitico.mx\\\/?p=107480#breadcrumb\"},\"inLanguage\":\"es\",\"potentialAction\":[{\"@type\":\"ReadAction\",\"target\":[\"https:\\\/\\\/quehacerpolitico.mx\\\/?p=107480\"]}]},{\"@type\":\"ImageObject\",\"inLanguage\":\"es\",\"@id\":\"https:\\\/\\\/quehacerpolitico.mx\\\/?p=107480#primaryimage\",\"url\":\"https:\\\/\\\/quehacerpolitico.mx\\\/wp-content\\\/uploads\\\/2024\\\/01\\\/IMG_3064.jpeg\",\"contentUrl\":\"https:\\\/\\\/quehacerpolitico.mx\\\/wp-content\\\/uploads\\\/2024\\\/01\\\/IMG_3064.jpeg\",\"width\":696,\"height\":418},{\"@type\":\"BreadcrumbList\",\"@id\":\"https:\\\/\\\/quehacerpolitico.mx\\\/?p=107480#breadcrumb\",\"itemListElement\":[{\"@type\":\"ListItem\",\"position\":1,\"name\":\"Inicio\",\"item\":\"https:\\\/\\\/quehacerpolitico.mx\\\/\"},{\"@type\":\"ListItem\",\"position\":2,\"name\":\"FIFA dicta sanciones contra selecciones de Conmebol\"}]},{\"@type\":\"WebSite\",\"@id\":\"https:\\\/\\\/quehacerpolitico.mx\\\/#website\",\"url\":\"https:\\\/\\\/quehacerpolitico.mx\\\/\",\"name\":\"\",\"description\":\"\",\"potentialAction\":[{\"@type\":\"SearchAction\",\"target\":{\"@type\":\"EntryPoint\",\"urlTemplate\":\"https:\\\/\\\/quehacerpolitico.mx\\\/?s={search_term_string}\"},\"query-input\":{\"@type\":\"PropertyValueSpecification\",\"valueRequired\":true,\"valueName\":\"search_term_string\"}}],\"inLanguage\":\"es\"},{\"@type\":\"Person\",\"@id\":\"https:\\\/\\\/quehacerpolitico.mx\\\/#\\\/schema\\\/person\\\/496d8ad2d1d3f8036101dca7ee39e585\",\"name\":\"Redacci\u00f3n QP\",\"image\":{\"@type\":\"ImageObject\",\"inLanguage\":\"es\",\"@id\":\"https:\\\/\\\/secure.gravatar.com\\\/avatar\\\/c7164ed6fdec453195284ad24a5ae5b6e1eed2b848477fa2a4787ba9adf39a41?s=96&d=mm&r=g\",\"url\":\"https:\\\/\\\/secure.gravatar.com\\\/avatar\\\/c7164ed6fdec453195284ad24a5ae5b6e1eed2b848477fa2a4787ba9adf39a41?s=96&d=mm&r=g\",\"contentUrl\":\"https:\\\/\\\/secure.gravatar.com\\\/avatar\\\/c7164ed6fdec453195284ad24a5ae5b6e1eed2b848477fa2a4787ba9adf39a41?s=96&d=mm&r=g\",\"caption\":\"Redacci\u00f3n QP\"},\"url\":\"https:\\\/\\\/quehacerpolitico.mx\\\/?author=2\"}]}<\/script>\n<!-- \/ Yoast SEO plugin. -->","yoast_head_json":{"title":"FIFA dicta sanciones contra selecciones de Conmebol -","robots":{"index":"index","follow":"follow","max-snippet":"max-snippet:-1","max-image-preview":"max-image-preview:large","max-video-preview":"max-video-preview:-1"},"canonical":"https:\/\/quehacerpolitico.mx\/?p=107480","og_locale":"es_MX","og_type":"article","og_title":"FIFA dicta sanciones contra selecciones de Conmebol -","og_description":"Por Redacci\u00f3n QP El Comit\u00e9 Disciplinario dict\u00f3 las sentencias por los incidentes durante los pasados...","og_url":"https:\/\/quehacerpolitico.mx\/?p=107480","article_published_time":"2024-01-10T18:33:52+00:00","article_modified_time":"2024-01-10T18:33:54+00:00","og_image":[{"width":696,"height":418,"url":"https:\/\/quehacerpolitico.mx\/wp-content\/uploads\/2024\/01\/IMG_3064.jpeg","type":"image\/jpeg"}],"author":"Redacci\u00f3n QP","twitter_card":"summary_large_image","twitter_misc":{"Escrito por":"Redacci\u00f3n QP","Tiempo de lectura":"3 minutos"},"schema":{"@context":"https:\/\/schema.org","@graph":[{"@type":"Article","@id":"https:\/\/quehacerpolitico.mx\/?p=107480#article","isPartOf":{"@id":"https:\/\/quehacerpolitico.mx\/?p=107480"},"author":{"name":"Redacci\u00f3n QP","@id":"https:\/\/quehacerpolitico.mx\/#\/schema\/person\/496d8ad2d1d3f8036101dca7ee39e585"},"headline":"FIFA dicta sanciones contra selecciones de Conmebol","datePublished":"2024-01-10T18:33:52+00:00","dateModified":"2024-01-10T18:33:54+00:00","mainEntityOfPage":{"@id":"https:\/\/quehacerpolitico.mx\/?p=107480"},"wordCount":701,"commentCount":0,"image":{"@id":"https:\/\/quehacerpolitico.mx\/?p=107480#primaryimage"},"thumbnailUrl":"https:\/\/quehacerpolitico.mx\/wp-content\/uploads\/2024\/01\/IMG_3064.jpeg","articleSection":["Deportes"],"inLanguage":"es","potentialAction":[{"@type":"CommentAction","name":"Comment","target":["https:\/\/quehacerpolitico.mx\/?p=107480#respond"]}]},{"@type":"WebPage","@id":"https:\/\/quehacerpolitico.mx\/?p=107480","url":"https:\/\/quehacerpolitico.mx\/?p=107480","name":"FIFA dicta sanciones contra selecciones de Conmebol -","isPartOf":{"@id":"https:\/\/quehacerpolitico.mx\/#website"},"primaryImageOfPage":{"@id":"https:\/\/quehacerpolitico.mx\/?p=107480#primaryimage"},"image":{"@id":"https:\/\/quehacerpolitico.mx\/?p=107480#primaryimage"},"thumbnailUrl":"https:\/\/quehacerpolitico.mx\/wp-content\/uploads\/2024\/01\/IMG_3064.jpeg","datePublished":"2024-01-10T18:33:52+00:00","dateModified":"2024-01-10T18:33:54+00:00","author":{"@id":"https:\/\/quehacerpolitico.mx\/#\/schema\/person\/496d8ad2d1d3f8036101dca7ee39e585"},"breadcrumb":{"@id":"https:\/\/quehacerpolitico.mx\/?p=107480#breadcrumb"},"inLanguage":"es","potentialAction":[{"@type":"ReadAction","target":["https:\/\/quehacerpolitico.mx\/?p=107480"]}]},{"@type":"ImageObject","inLanguage":"es","@id":"https:\/\/quehacerpolitico.mx\/?p=107480#primaryimage","url":"https:\/\/quehacerpolitico.mx\/wp-content\/uploads\/2024\/01\/IMG_3064.jpeg","contentUrl":"https:\/\/quehacerpolitico.mx\/wp-content\/uploads\/2024\/01\/IMG_3064.jpeg","width":696,"height":418},{"@type":"BreadcrumbList","@id":"https:\/\/quehacerpolitico.mx\/?p=107480#breadcrumb","itemListElement":[{"@type":"ListItem","position":1,"name":"Inicio","item":"https:\/\/quehacerpolitico.mx\/"},{"@type":"ListItem","position":2,"name":"FIFA dicta sanciones contra selecciones de Conmebol"}]},{"@type":"WebSite","@id":"https:\/\/quehacerpolitico.mx\/#website","url":"https:\/\/quehacerpolitico.mx\/","name":"","description":"","potentialAction":[{"@type":"SearchAction","target":{"@type":"EntryPoint","urlTemplate":"https:\/\/quehacerpolitico.mx\/?s={search_term_string}"},"query-input":{"@type":"PropertyValueSpecification","valueRequired":true,"valueName":"search_term_string"}}],"inLanguage":"es"},{"@type":"Person","@id":"https:\/\/quehacerpolitico.mx\/#\/schema\/person\/496d8ad2d1d3f8036101dca7ee39e585","name":"Redacci\u00f3n QP","image":{"@type":"ImageObject","inLanguage":"es","@id":"https:\/\/secure.gravatar.com\/avatar\/c7164ed6fdec453195284ad24a5ae5b6e1eed2b848477fa2a4787ba9adf39a41?s=96&d=mm&r=g","url":"https:\/\/secure.gravatar.com\/avatar\/c7164ed6fdec453195284ad24a5ae5b6e1eed2b848477fa2a4787ba9adf39a41?s=96&d=mm&r=g","contentUrl":"https:\/\/secure.gravatar.com\/avatar\/c7164ed6fdec453195284ad24a5ae5b6e1eed2b848477fa2a4787ba9adf39a41?s=96&d=mm&r=g","caption":"Redacci\u00f3n QP"},"url":"https:\/\/quehacerpolitico.mx\/?author=2"}]}},"featured_image_urls":{"full":["https:\/\/quehacerpolitico.mx\/wp-content\/uploads\/2024\/01\/IMG_3064.jpeg",696,418,false],"thumbnail":["https:\/\/quehacerpolitico.mx\/wp-content\/uploads\/2024\/01\/IMG_3064-150x150.jpeg",150,150,true],"medium":["https:\/\/quehacerpolitico.mx\/wp-content\/uploads\/2024\/01\/IMG_3064-300x180.jpeg",300,180,true],"medium_large":["https:\/\/quehacerpolitico.mx\/wp-content\/uploads\/2024\/01\/IMG_3064.jpeg",640,384,false],"large":["https:\/\/quehacerpolitico.mx\/wp-content\/uploads\/2024\/01\/IMG_3064.jpeg",640,384,false],"1536x1536":["https:\/\/quehacerpolitico.mx\/wp-content\/uploads\/2024\/01\/IMG_3064.jpeg",696,418,false],"2048x2048":["https:\/\/quehacerpolitico.mx\/wp-content\/uploads\/2024\/01\/IMG_3064.jpeg",696,418,false],"covernews-featured":["https:\/\/quehacerpolitico.mx\/wp-content\/uploads\/2024\/01\/IMG_3064.jpeg",696,418,false],"covernews-medium":["https:\/\/quehacerpolitico.mx\/wp-content\/uploads\/2024\/01\/IMG_3064.jpeg",540,324,false]},"author_info":{"display_name":"Redacci\u00f3n QP","author_link":"https:\/\/quehacerpolitico.mx\/?author=2"},"category_info":"<a href=\"https:\/\/quehacerpolitico.mx\/?cat=54\" rel=\"category\">Deportes<\/a>","tag_info":"Deportes","comment_count":"0","_links":{"self":[{"href":"https:\/\/quehacerpolitico.mx\/index.php?rest_route=\/wp\/v2\/posts\/107480","targetHints":{"allow":["GET"]}}],"collection":[{"href":"https:\/\/quehacerpolitico.mx\/index.php?rest_route=\/wp\/v2\/posts"}],"about":[{"href":"https:\/\/quehacerpolitico.mx\/index.php?rest_route=\/wp\/v2\/types\/post"}],"author":[{"embeddable":true,"href":"https:\/\/quehacerpolitico.mx\/index.php?rest_route=\/wp\/v2\/users\/2"}],"replies":[{"embeddable":true,"href":"https:\/\/quehacerpolitico.mx\/index.php?rest_route=%2Fwp%2Fv2%2Fcomments&post=107480"}],"version-history":[{"count":1,"href":"https:\/\/quehacerpolitico.mx\/index.php?rest_route=\/wp\/v2\/posts\/107480\/revisions"}],"predecessor-version":[{"id":107482,"href":"https:\/\/quehacerpolitico.mx\/index.php?rest_route=\/wp\/v2\/posts\/107480\/revisions\/107482"}],"wp:featuredmedia":[{"embeddable":true,"href":"https:\/\/quehacerpolitico.mx\/index.php?rest_route=\/wp\/v2\/media\/107481"}],"wp:attachment":[{"href":"https:\/\/quehacerpolitico.mx\/index.php?rest_route=%2Fwp%2Fv2%2Fmedia&parent=107480"}],"wp:term":[{"taxonomy":"category","embeddable":true,"href":"https:\/\/quehacerpolitico.mx\/index.php?rest_route=%2Fwp%2Fv2%2Fcategories&post=107480"},{"taxonomy":"post_tag","embeddable":true,"href":"https:\/\/quehacerpolitico.mx\/index.php?rest_route=%2Fwp%2Fv2%2Ftags&post=107480"}],"curies":[{"name":"wp","href":"https:\/\/api.w.org\/{rel}","templated":true}]}}